{"id":5875,"date":"2023-03-22T18:52:16","date_gmt":"2023-03-22T17:52:16","guid":{"rendered":"https:\/\/cepronda.com\/blog\/?p=5875"},"modified":"2025-04-28T11:55:16","modified_gmt":"2025-04-28T09:55:16","slug":"construir-una-escuela-inclusiva-dua","status":"publish","type":"post","link":"https:\/\/cepronda.com\/blog\/construir-una-escuela-inclusiva-dua\/","title":{"rendered":"CONSTRUIR UNA ESCUELA INCLUSIVA (DUA)"},"content":{"rendered":"<p>Buenos d\u00edas,&nbsp;<\/p>\n<p>Os Informamos de que se encuentra abierta la inscripci\u00f3n del CURSO PROVINCIAL con videoconferencias en directo, organizado por el CEP de V\u00e9lez-M\u00e1laga:<\/p>\n<p>CONSTRUIR UNA ESCUELA INCLUSIVA (DUA). C\u00f3digo: 232926GE406<\/p>\n<ul class=\"list-group\">\n<li class=\"list-group-item\"><b>Fecha actividad:<\/b>&nbsp;12\/04\/2023 hasta 24\/05\/2023<\/li>\n<li class=\"list-group-item\"><b>Fecha inscripci\u00f3n:<\/b>&nbsp;13\/03\/2023 hasta 28\/03\/2023<\/li>\n<li class=\"list-group-item\"><b>Horas totales:<\/b> 20h.<\/li>\n<\/ul>\n<p>Lugar de realizaci\u00f3n: <strong>Aula Virtual de Formaci\u00f3n del Profesorado<\/strong><br \/>\nDetalle e inscripci\u00f3n: <a href=\"https:\/\/www.juntadeandalucia.es\/educacion\/secretariavirtual\/consultaCEP\/actividad\/232926GE406\/\">https:\/\/www.juntadeandalucia.es\/educacion\/secretariavirtual\/consultaCEP\/actividad\/232926GE406\/<\/a><\/p>\n<p>Gracias y esperamos que sea de vuestro inter\u00e9s.<\/p>\n<p><a style=\"color: #1a8d43; text-decoration-line: underline;\" href=\"https:\/\/www.juntadeandalucia.es\/educacion\/secretariavirtual\/consultaCEP\/actividad\/232926GE406\/\"><img data-recalc-dims=\"1\" loading=\"lazy\" decoding=\"async\" class=\"wp-image-5876 aligncenter\" src=\"https:\/\/i0.wp.com\/cepronda.com\/blog\/wp-content\/uploads\/2023\/03\/WhatsApp-Image-2023-03-22-at-13.23.04.jpeg?resize=407%2C601&#038;ssl=1\" alt=\"\" width=\"407\" height=\"601\" srcset=\"https:\/\/i0.wp.com\/cepronda.com\/blog\/wp-content\/uploads\/2023\/03\/WhatsApp-Image-2023-03-22-at-13.23.04.jpeg?resize=203%2C300&amp;ssl=1 203w, https:\/\/i0.wp.com\/cepronda.com\/blog\/wp-content\/uploads\/2023\/03\/WhatsApp-Image-2023-03-22-at-13.23.04.jpeg?resize=694%2C1024&amp;ssl=1 694w, https:\/\/i0.wp.com\/cepronda.com\/blog\/wp-content\/uploads\/2023\/03\/WhatsApp-Image-2023-03-22-at-13.23.04.jpeg?resize=768%2C1134&amp;ssl=1 768w, https:\/\/i0.wp.com\/cepronda.com\/blog\/wp-content\/uploads\/2023\/03\/WhatsApp-Image-2023-03-22-at-13.23.04.jpeg?resize=1041%2C1536&amp;ssl=1 1041w, https:\/\/i0.wp.com\/cepronda.com\/blog\/wp-content\/uploads\/2023\/03\/WhatsApp-Image-2023-03-22-at-13.23.04.jpeg?w=1084&amp;ssl=1 1084w\" sizes=\"auto, (max-width: 407px) 100vw, 407px\" \/><\/a><\/p>\n<p><span style=\"color: #1a8d43;\"><u>&nbsp;<\/u><\/span><\/p>\n","protected":false},"excerpt":{"rendered":"<p>Buenos d\u00edas,&nbsp; Os Informamos de que se encuentra abierta la inscripci\u00f3n del CURSO PROVINCIAL con videoconferencias en directo, organizado por el CEP de V\u00e9lez-M\u00e1laga: CONSTRUIR UNA ESCUELA INCLUSIVA (DUA). C\u00f3digo: 232926GE406 Fecha actividad:&nbsp;12\/04\/2023 hasta 24\/05\/2023 Fecha inscripci\u00f3n:&nbsp;13\/03\/2023 hasta 28\/03\/2023 Horas totales: 20h. Lugar de realizaci\u00f3n: Aula Virtual de Formaci\u00f3n del Profesorado Detalle e inscripci\u00f3n: https:\/\/www.juntadeandalucia.es\/educacion\/secretariavirtual\/consultaCEP\/actividad\/232926GE406\/ [&hellip;]<\/p>\n","protected":false},"author":9,"featured_media":5876,"comment_status":"closed","ping_status":"open","sticky":false,"template":"","format":"standard","meta":{"_crdt_document":"","advanced_seo_description":"","jetpack_seo_html_title":"","jetpack_seo_noindex":false,"jetpack_post_was_ever_published":false,"_jetpack_newsletter_access":"","_jetpack_dont_email_post_to_subs":false,"_jetpack_newsletter_tier_id":0,"_jetpack_memberships_contains_paywalled_content":false,"_jetpack_memberships_contains_paid_content":false,"footnotes":"","jetpack_publicize_message":"","jetpack_publicize_feature_enabled":true,"jetpack_social_post_already_shared":false,"jetpack_social_options":{"image_generator_settings":{"template":"highway","default_image_id":0,"font":"","enabled":false},"version":2}},"categories":[3,5],"tags":[],"class_list":{"0":"post-5875","1":"post","2":"type-post","3":"status-publish","4":"format-standard","5":"has-post-thumbnail","7":"category-formaciones","8":"category-noticias","9":"czr-hentry"},"jetpack_publicize_connections":[],"jetpack_featured_media_url":"https:\/\/i0.wp.com\/cepronda.com\/blog\/wp-content\/uploads\/2023\/03\/WhatsApp-Image-2023-03-22-at-13.23.04.jpeg?fit=1084%2C1600&ssl=1","jetpack_shortlink":"https:\/\/wp.me\/p8M4X7-1wL","jetpack-related-posts":[{"id":6109,"url":"https:\/\/cepronda.com\/blog\/la-educacion-afectivo-sexual-en-la-escuela-del-siglo-xxi\/","url_meta":{"origin":5875,"position":0},"title":"LA EDUCACI\u00d3N AFECTIVO-SEXUAL EN LA ESCUELA DEL SIGLO XXI","author":"Mamen Moreno","date":"24 octubre, 2023","format":false,"excerpt":"Os informamos que se encuentra\u00a0abierto el plazo de inscripci\u00f3n para la formaci\u00f3n LA EDUCACI\u00d3N AFECTIVO-SEXUAL EN LA ESCUELA DEL SIGLO XXI\u00a0 (c\u00f3digo 242924GE024) que est\u00e1 compuesta por los siguientes talleres: Taller 1. Estela Moreno Berm\u00fadez.\u00a0 16 de noviembre\u00a0 Taller 2. Mercedes M\u00e1rquez Flores.\u00a0 16\u00a0 y\u00a0 30 de enero Taller 3.\u2026","rel":"","context":"En \u00abFormaciones\u00bb","block_context":{"text":"Formaciones","link":"https:\/\/cepronda.com\/blog\/category\/formaciones\/"},"img":{"alt_text":"","src":"https:\/\/i0.wp.com\/cepronda.com\/blog\/wp-content\/uploads\/2023\/10\/Itinerario-Igualdad.png?fit=848%2C1200&ssl=1&resize=350%2C200","width":350,"height":200,"srcset":"https:\/\/i0.wp.com\/cepronda.com\/blog\/wp-content\/uploads\/2023\/10\/Itinerario-Igualdad.png?fit=848%2C1200&ssl=1&resize=350%2C200 1x, https:\/\/i0.wp.com\/cepronda.com\/blog\/wp-content\/uploads\/2023\/10\/Itinerario-Igualdad.png?fit=848%2C1200&ssl=1&resize=525%2C300 1.5x, https:\/\/i0.wp.com\/cepronda.com\/blog\/wp-content\/uploads\/2023\/10\/Itinerario-Igualdad.png?fit=848%2C1200&ssl=1&resize=700%2C400 2x"},"classes":[]},{"id":5807,"url":"https:\/\/cepronda.com\/blog\/competencia-digital-docente-nivel-a1-2\/","url_meta":{"origin":5875,"position":1},"title":"COMPETENCIA DIGITAL DOCENTE NIVEL A1 (232924QPF420)","author":"Inmaculada Garc\u00eda","date":"24 febrero, 2023","format":false,"excerpt":"Buenos d\u00edas. Os recordamos que est\u00e1 abierto el plazo de inscripci\u00f3n en el CURSO A DISTANCIA: COMPETENCIA DIGITAL DOCENTE NIVEL A1 M\u00e1s informaci\u00f3n e inscripci\u00f3n: https:\/\/www.juntadeandalucia.es\/educacion\/secretariavirtual\/consultaCEP\/actividad\/232924QPF420\/ Fechas de inscripci\u00f3n: 21\/02\/2023 hasta 13\/03\/2023 Fecha actividad: 20\/03\/2023 hasta 19\/05\/2023","rel":"","context":"En \u00abFormaciones\u00bb","block_context":{"text":"Formaciones","link":"https:\/\/cepronda.com\/blog\/category\/formaciones\/"},"img":{"alt_text":"","src":"https:\/\/i0.wp.com\/cepronda.com\/blog\/wp-content\/uploads\/2023\/02\/DEFINITIVO-CDD-A1.jpg?fit=1000%2C1000&ssl=1&resize=350%2C200","width":350,"height":200,"srcset":"https:\/\/i0.wp.com\/cepronda.com\/blog\/wp-content\/uploads\/2023\/02\/DEFINITIVO-CDD-A1.jpg?fit=1000%2C1000&ssl=1&resize=350%2C200 1x, https:\/\/i0.wp.com\/cepronda.com\/blog\/wp-content\/uploads\/2023\/02\/DEFINITIVO-CDD-A1.jpg?fit=1000%2C1000&ssl=1&resize=525%2C300 1.5x, https:\/\/i0.wp.com\/cepronda.com\/blog\/wp-content\/uploads\/2023\/02\/DEFINITIVO-CDD-A1.jpg?fit=1000%2C1000&ssl=1&resize=700%2C400 2x"},"classes":[]},{"id":6078,"url":"https:\/\/cepronda.com\/blog\/formaciones-en-competancia-digital-docente-niveles-a1-a2-y-b1\/","url_meta":{"origin":5875,"position":2},"title":"FORMACIONES EN COMPETENCIA DIGITAL DOCENTE. NIVELES A1, A2 Y B1","author":"Inmaculada Garc\u00eda","date":"29 septiembre, 2023","format":false,"excerpt":"Est\u00e1 abierto el plazo de inscripci\u00f3n en los siguientes cursos de Competencia Digital Docente: Nivel A1 de Competencia Digital Docente.\u00a0 Fecha actividad: 10\/10\/2023 hasta 01\/12\/2023. Nivel A1 de Competencia Digital Docente para Educaci\u00f3n infantil de 0 a 3 a\u00f1os.\u00a0 Fecha actividad: 10\/10\/2023 hasta 01\/12\/2023. Nivel A2 de Competencia Digital Docente.\u00a0\u2026","rel":"","context":"En \u00abFormaciones\u00bb","block_context":{"text":"Formaciones","link":"https:\/\/cepronda.com\/blog\/category\/formaciones\/"},"img":{"alt_text":"","src":"https:\/\/i0.wp.com\/cepronda.com\/blog\/wp-content\/uploads\/2023\/09\/Purple-and-Pink-Abstract-SEO-Marketing-Infographic-Instagram-Post-5.png?fit=1080%2C1080&ssl=1&resize=350%2C200","width":350,"height":200,"srcset":"https:\/\/i0.wp.com\/cepronda.com\/blog\/wp-content\/uploads\/2023\/09\/Purple-and-Pink-Abstract-SEO-Marketing-Infographic-Instagram-Post-5.png?fit=1080%2C1080&ssl=1&resize=350%2C200 1x, https:\/\/i0.wp.com\/cepronda.com\/blog\/wp-content\/uploads\/2023\/09\/Purple-and-Pink-Abstract-SEO-Marketing-Infographic-Instagram-Post-5.png?fit=1080%2C1080&ssl=1&resize=525%2C300 1.5x, https:\/\/i0.wp.com\/cepronda.com\/blog\/wp-content\/uploads\/2023\/09\/Purple-and-Pink-Abstract-SEO-Marketing-Infographic-Instagram-Post-5.png?fit=1080%2C1080&ssl=1&resize=700%2C400 2x, https:\/\/i0.wp.com\/cepronda.com\/blog\/wp-content\/uploads\/2023\/09\/Purple-and-Pink-Abstract-SEO-Marketing-Infographic-Instagram-Post-5.png?fit=1080%2C1080&ssl=1&resize=1050%2C600 3x"},"classes":[]},{"id":7878,"url":"https:\/\/cepronda.com\/blog\/curso-provincial-semipresencial-la-escuela-inclusiva-atencion-al-alumnado-tea-y-al-alumnado-con-problemas-de-conducta-en-infantil-codigo-252922ge056\/","url_meta":{"origin":5875,"position":3},"title":"CURSO PROVINCIAL SEMIPRESENCIAL: LA ESCUELA INCLUSIVA: ATENCI\u00d3N AL ALUMNADO TEA Y AL ALUMNADO CON PROBLEMAS DE CONDUCTA EN INFANTIL. C\u00f3digo: 252922GE056.","author":"Inmaculada Garc\u00eda","date":"28 noviembre, 2024","format":false,"excerpt":"Abierto el plazo de solicitudes para el curso provincial semipresencial: LA ESCUELA INCLUSIVA: ATENCI\u00d3N AL ALUMNADO TEA Y AL ALUMNADO CON PROBLEMAS DE CONDUCTA EN INFANTIL. C\u00f3digo: 252922GE056. Curso Semipresencial de 20 horas (12H por Webex y 8h tareas en el AVFP), dirigido preferentemente a profesorado de educaci\u00f3n infantil. Inscripci\u00f3n:\u2026","rel":"","context":"En \u00abFormaciones\u00bb","block_context":{"text":"Formaciones","link":"https:\/\/cepronda.com\/blog\/category\/formaciones\/"},"img":{"alt_text":"","src":"https:\/\/i0.wp.com\/cepronda.com\/blog\/wp-content\/uploads\/2024\/11\/WhatsApp-Image-2024-11-28-at-10.45.31.jpeg?fit=1080%2C1080&ssl=1&resize=350%2C200","width":350,"height":200,"srcset":"https:\/\/i0.wp.com\/cepronda.com\/blog\/wp-content\/uploads\/2024\/11\/WhatsApp-Image-2024-11-28-at-10.45.31.jpeg?fit=1080%2C1080&ssl=1&resize=350%2C200 1x, https:\/\/i0.wp.com\/cepronda.com\/blog\/wp-content\/uploads\/2024\/11\/WhatsApp-Image-2024-11-28-at-10.45.31.jpeg?fit=1080%2C1080&ssl=1&resize=525%2C300 1.5x, https:\/\/i0.wp.com\/cepronda.com\/blog\/wp-content\/uploads\/2024\/11\/WhatsApp-Image-2024-11-28-at-10.45.31.jpeg?fit=1080%2C1080&ssl=1&resize=700%2C400 2x, https:\/\/i0.wp.com\/cepronda.com\/blog\/wp-content\/uploads\/2024\/11\/WhatsApp-Image-2024-11-28-at-10.45.31.jpeg?fit=1080%2C1080&ssl=1&resize=1050%2C600 3x"},"classes":[]},{"id":7255,"url":"https:\/\/cepronda.com\/blog\/formacion-avanzada-para-orientadores-as-codigo-242922ge045\/","url_meta":{"origin":5875,"position":4},"title":"FORMACI\u00d3N AVANZADA PARA ORIENTADORES\/AS: C\u00f3digo: 242922GE045","author":"Inmaculada Garc\u00eda","date":"4 diciembre, 2023","format":false,"excerpt":"Se encuentra abierto el plazo de inscripci\u00f3n en la actividad provincial a Distancia (AVFP), de 30 horas, \"FORMACI\u00d3N AVANZADA PARA ORIENTADORES\/AS\"(C\u00f3digo: 242922GE045) M\u00e1s informaci\u00f3n e inscripci\u00f3n en: https:\/\/bit.ly\/46uz2G0 Fecha actividad:\u00a015\/01\/2024 hasta 15\/03\/2024 Fecha inscripci\u00f3n:\u00a004\/12\/2023 hasta 15\/12\/2023 Horas totales:\u00a030","rel":"","context":"En \u00abFormaciones\u00bb","block_context":{"text":"Formaciones","link":"https:\/\/cepronda.com\/blog\/category\/formaciones\/"},"img":{"alt_text":"","src":"https:\/\/i0.wp.com\/cepronda.com\/blog\/wp-content\/uploads\/2023\/12\/FORMACION-AVANZADA-PARA-ORIENTADORES242922GE045.jpg?fit=1080%2C1080&ssl=1&resize=350%2C200","width":350,"height":200,"srcset":"https:\/\/i0.wp.com\/cepronda.com\/blog\/wp-content\/uploads\/2023\/12\/FORMACION-AVANZADA-PARA-ORIENTADORES242922GE045.jpg?fit=1080%2C1080&ssl=1&resize=350%2C200 1x, https:\/\/i0.wp.com\/cepronda.com\/blog\/wp-content\/uploads\/2023\/12\/FORMACION-AVANZADA-PARA-ORIENTADORES242922GE045.jpg?fit=1080%2C1080&ssl=1&resize=525%2C300 1.5x, https:\/\/i0.wp.com\/cepronda.com\/blog\/wp-content\/uploads\/2023\/12\/FORMACION-AVANZADA-PARA-ORIENTADORES242922GE045.jpg?fit=1080%2C1080&ssl=1&resize=700%2C400 2x, https:\/\/i0.wp.com\/cepronda.com\/blog\/wp-content\/uploads\/2023\/12\/FORMACION-AVANZADA-PARA-ORIENTADORES242922GE045.jpg?fit=1080%2C1080&ssl=1&resize=1050%2C600 3x"},"classes":[]},{"id":5802,"url":"https:\/\/cepronda.com\/blog\/kit-de-herramientas-digitales-para-el-profesorado-i\/","url_meta":{"origin":5875,"position":5},"title":"KIT DE HERRAMIENTAS DIGITALES PARA EL PROFESORADO I","author":"Inmaculada Garc\u00eda","date":"24 febrero, 2023","format":false,"excerpt":"Abierto el plazo de inscripci\u00f3n del CURSO A DISTANCIA: KIT DE HERRAMIENTAS DIGITALES PARA EL PROFESORADO I (232924GE022) M\u00e1s informaci\u00f3n e inscripci\u00f3n: https:\/\/www.juntadeandalucia.es\/educacion\/secretariavirtual\/consultaCEP\/actividad\/232924GE022\/ Fechas de inscripci\u00f3n: 21\/02\/2023 hasta 06\/03\/2023 Fecha actividad: 13\/03\/2023 hasta 21\/04\/2023 \u00a0","rel":"","context":"En \u00abFormaciones\u00bb","block_context":{"text":"Formaciones","link":"https:\/\/cepronda.com\/blog\/category\/formaciones\/"},"img":{"alt_text":"","src":"https:\/\/i0.wp.com\/cepronda.com\/blog\/wp-content\/uploads\/2023\/02\/Colorful-Illustration-Technology-Assists-in-Learning-Poster.png?fit=848%2C1200&ssl=1&resize=350%2C200","width":350,"height":200,"srcset":"https:\/\/i0.wp.com\/cepronda.com\/blog\/wp-content\/uploads\/2023\/02\/Colorful-Illustration-Technology-Assists-in-Learning-Poster.png?fit=848%2C1200&ssl=1&resize=350%2C200 1x, https:\/\/i0.wp.com\/cepronda.com\/blog\/wp-content\/uploads\/2023\/02\/Colorful-Illustration-Technology-Assists-in-Learning-Poster.png?fit=848%2C1200&ssl=1&resize=525%2C300 1.5x, https:\/\/i0.wp.com\/cepronda.com\/blog\/wp-content\/uploads\/2023\/02\/Colorful-Illustration-Technology-Assists-in-Learning-Poster.png?fit=848%2C1200&ssl=1&resize=700%2C400 2x"},"classes":[]}],"jetpack_sharing_enabled":true,"_links":{"self":[{"href":"https:\/\/cepronda.com\/blog\/wp-json\/wp\/v2\/posts\/5875","targetHints":{"allow":["GET"]}}],"collection":[{"href":"https:\/\/cepronda.com\/blog\/wp-json\/wp\/v2\/posts"}],"about":[{"href":"https:\/\/cepronda.com\/blog\/wp-json\/wp\/v2\/types\/post"}],"author":[{"embeddable":true,"href":"https:\/\/cepronda.com\/blog\/wp-json\/wp\/v2\/users\/9"}],"replies":[{"embeddable":true,"href":"https:\/\/cepronda.com\/blog\/wp-json\/wp\/v2\/comments?post=5875"}],"version-history":[{"count":1,"href":"https:\/\/cepronda.com\/blog\/wp-json\/wp\/v2\/posts\/5875\/revisions"}],"predecessor-version":[{"id":5877,"href":"https:\/\/cepronda.com\/blog\/wp-json\/wp\/v2\/posts\/5875\/revisions\/5877"}],"wp:featuredmedia":[{"embeddable":true,"href":"https:\/\/cepronda.com\/blog\/wp-json\/wp\/v2\/media\/5876"}],"wp:attachment":[{"href":"https:\/\/cepronda.com\/blog\/wp-json\/wp\/v2\/media?parent=5875"}],"wp:term":[{"taxonomy":"category","embeddable":true,"href":"https:\/\/cepronda.com\/blog\/wp-json\/wp\/v2\/categories?post=5875"},{"taxonomy":"post_tag","embeddable":true,"href":"https:\/\/cepronda.com\/blog\/wp-json\/wp\/v2\/tags?post=5875"}],"curies":[{"name":"wp","href":"https:\/\/api.w.org\/{rel}","templated":true}]}}