{"id":5854,"date":"2023-03-21T17:02:26","date_gmt":"2023-03-21T16:02:26","guid":{"rendered":"https:\/\/cepronda.com\/blog\/?p=5854"},"modified":"2025-04-28T11:48:43","modified_gmt":"2025-04-28T09:48:43","slug":"exposicion-fotografica-con-ojos-de-mujer-en-el-cep-de-ronda","status":"publish","type":"post","link":"https:\/\/cepronda.com\/blog\/exposicion-fotografica-con-ojos-de-mujer-en-el-cep-de-ronda\/","title":{"rendered":"EXPOSICI\u00d3N FOTOGR\u00c1FICA \u00abCON OJOS DE MUJER\u00bb EN EL CEP DE RONDA"},"content":{"rendered":"<div class=\"x11i5rnm xat24cr x1mh8g0r x1vvkbs xdj266r x126k92a\">\n<div dir=\"auto\">Os invitamos a la exposici\u00f3n de fotograf\u00eda itinerante de <strong>USTEA<\/strong>, en el CEP de Ronda, con la finalidad de continuar con su apuesta de impulsar una educaci\u00f3n en igualdad, as\u00ed como promocionar la creaci\u00f3n art\u00edstica y la participaci\u00f3n de las mujeres a trav\u00e9s de la fotograf\u00eda.<\/div>\n<\/div>\n<div class=\"x11i5rnm xat24cr x1mh8g0r x1vvkbs xtlvy1s x126k92a\">\n<div dir=\"auto\">Se pone a disposici\u00f3n de todos los centros educativos de nuestra zona, <strong>la exposici\u00f3n fotogr\u00e1fica \u2018Con Ojos de Mujer\u2019<\/strong>, en la que se muestra las 35 mejores instant\u00e1neas del Concurso Fotogr\u00e1fico que organiza este sindicato cada dos a\u00f1os.<\/div>\n<\/div>\n<div class=\"x11i5rnm xat24cr x1mh8g0r x1vvkbs xtlvy1s x126k92a\">\n<div dir=\"auto\">Esta propuesta va dirigida al alumnado <strong>de Educaci\u00f3n Infantil, Primaria, Secundaria y FP.<\/strong><\/div>\n<div dir=\"auto\">La exposici\u00f3n estar\u00e1 disponible desde el<strong> jueves 23 al 31 de marzo de 2023<\/strong><\/div>\n<\/div>\n<div class=\"x11i5rnm xat24cr x1mh8g0r x1vvkbs xtlvy1s x126k92a\">\n<div dir=\"auto\">Si est\u00e1s interesado\/a en asistir con tu grupo de alumnos\/as <strong>ponte en contacto con el CEP de Ronda<\/strong> para concretar hora y d\u00eda. Adem\u00e1s os facilitaremos las Propuestas Did\u00e1cticas adecuadas al grupo para poder trabajar el d\u00eda que veng\u00e1is a ver la exposici\u00f3n.<\/div>\n<div dir=\"auto\">&nbsp;<\/div>\n<div dir=\"auto\"><img data-recalc-dims=\"1\" loading=\"lazy\" decoding=\"async\" class=\"size-medium wp-image-5855 aligncenter\" src=\"https:\/\/i0.wp.com\/cepronda.com\/blog\/wp-content\/uploads\/2023\/03\/CURSO-2.jpg?resize=300%2C300&#038;ssl=1\" alt=\"\" width=\"300\" height=\"300\" srcset=\"https:\/\/i0.wp.com\/cepronda.com\/blog\/wp-content\/uploads\/2023\/03\/CURSO-2.jpg?resize=300%2C300&amp;ssl=1 300w, https:\/\/i0.wp.com\/cepronda.com\/blog\/wp-content\/uploads\/2023\/03\/CURSO-2.jpg?resize=1024%2C1024&amp;ssl=1 1024w, https:\/\/i0.wp.com\/cepronda.com\/blog\/wp-content\/uploads\/2023\/03\/CURSO-2.jpg?resize=150%2C150&amp;ssl=1 150w, https:\/\/i0.wp.com\/cepronda.com\/blog\/wp-content\/uploads\/2023\/03\/CURSO-2.jpg?resize=768%2C768&amp;ssl=1 768w, https:\/\/i0.wp.com\/cepronda.com\/blog\/wp-content\/uploads\/2023\/03\/CURSO-2.jpg?resize=50%2C50&amp;ssl=1 50w, https:\/\/i0.wp.com\/cepronda.com\/blog\/wp-content\/uploads\/2023\/03\/CURSO-2.jpg?w=1080&amp;ssl=1 1080w\" sizes=\"auto, (max-width: 300px) 100vw, 300px\" \/><\/div>\n<\/div>\n","protected":false},"excerpt":{"rendered":"<p>Os invitamos a la exposici\u00f3n de fotograf\u00eda itinerante de USTEA, en el CEP de Ronda, con la finalidad de continuar con su apuesta de impulsar una educaci\u00f3n en igualdad, as\u00ed como promocionar la creaci\u00f3n art\u00edstica y la participaci\u00f3n de las mujeres a trav\u00e9s de la fotograf\u00eda. Se pone a disposici\u00f3n de todos los centros educativos [&hellip;]<\/p>\n","protected":false},"author":13,"featured_media":5855,"comment_status":"closed","ping_status":"open","sticky":false,"template":"","format":"standard","meta":{"_crdt_document":"","advanced_seo_description":"","jetpack_seo_html_title":"","jetpack_seo_noindex":false,"jetpack_post_was_ever_published":false,"_jetpack_newsletter_access":"","_jetpack_dont_email_post_to_subs":false,"_jetpack_newsletter_tier_id":0,"_jetpack_memberships_contains_paywalled_content":false,"_jetpack_memberships_contains_paid_content":false,"footnotes":"","jetpack_publicize_message":"","jetpack_publicize_feature_enabled":true,"jetpack_social_post_already_shared":false,"jetpack_social_options":{"image_generator_settings":{"template":"highway","default_image_id":0,"font":"","enabled":false},"version":2}},"categories":[3,5],"tags":[],"class_list":{"0":"post-5854","1":"post","2":"type-post","3":"status-publish","4":"format-standard","5":"has-post-thumbnail","7":"category-formaciones","8":"category-noticias","9":"czr-hentry"},"jetpack_publicize_connections":[],"jetpack_featured_media_url":"https:\/\/i0.wp.com\/cepronda.com\/blog\/wp-content\/uploads\/2023\/03\/CURSO-2.jpg?fit=1080%2C1080&ssl=1","jetpack_shortlink":"https:\/\/wp.me\/p8M4X7-1wq","jetpack-related-posts":[{"id":384,"url":"https:\/\/cepronda.com\/blog\/exposicion-es-natural-diversidad-en-el-reino-animal\/","url_meta":{"origin":5854,"position":0},"title":"Exposici\u00f3n \u00abES NATURAL: diversidad en el reino animal\u00bb","author":"V\u00edctor Caballero","date":"25 noviembre, 2016","format":false,"excerpt":"Hola a todas y a todos, \u00a0 Os informaros de una actividad que tendr\u00e1 lugar el pr\u00f3ximo mi\u00e9rcoles d\u00eda 30 de noviembre aqu\u00ed en el CEP de Ronda, y que creemos que puede resultar muy interesante. \u00a0 Desde la Federaci\u00f3n Arco Iris, de M\u00e1laga, se pusieron en contacto con el\u2026","rel":"","context":"En \u00abNoticias\u00bb","block_context":{"text":"Noticias","link":"https:\/\/cepronda.com\/blog\/category\/noticias\/"},"img":{"alt_text":"zz-imagenes-sueltas-ovejas","src":"https:\/\/i0.wp.com\/cepronda.com\/blog\/wp-content\/uploads\/2016\/11\/zz-imagenes-sueltas-OVEJAS.jpg?resize=350%2C200","width":350,"height":200},"classes":[]},{"id":2588,"url":"https:\/\/cepronda.com\/blog\/exposicion-bachillerato-artistico-ies-martin-rivero\/","url_meta":{"origin":5854,"position":1},"title":"Exposici\u00f3n Bachillerato Art\u00edstico IES Mart\u00edn Rivero","author":"V\u00edctor Caballero","date":"17 enero, 2019","format":false,"excerpt":"\u00a1Hola familia! Compartimos con todos los centros de nuestra zona esta noticia. Y es que el Bachillerato de Bellas Artes del IES Mart\u00edn Rivero ha organziado una exposici\u00f3n para celebrar el 20\u00ba Aniversario de esta modalidad organizada por el IES Mart\u00edn Rivero. Las visitas ser\u00e1n guiadas, dirigidas al alumnado de\u2026","rel":"","context":"En \u00abNoticias\u00bb","block_context":{"text":"Noticias","link":"https:\/\/cepronda.com\/blog\/category\/noticias\/"},"img":{"alt_text":"","src":"https:\/\/i0.wp.com\/cepronda.com\/blog\/wp-content\/uploads\/2019\/01\/expo20ba.jpg?fit=931%2C1200&ssl=1&resize=350%2C200","width":350,"height":200,"srcset":"https:\/\/i0.wp.com\/cepronda.com\/blog\/wp-content\/uploads\/2019\/01\/expo20ba.jpg?fit=931%2C1200&ssl=1&resize=350%2C200 1x, https:\/\/i0.wp.com\/cepronda.com\/blog\/wp-content\/uploads\/2019\/01\/expo20ba.jpg?fit=931%2C1200&ssl=1&resize=525%2C300 1.5x, https:\/\/i0.wp.com\/cepronda.com\/blog\/wp-content\/uploads\/2019\/01\/expo20ba.jpg?fit=931%2C1200&ssl=1&resize=700%2C400 2x"},"classes":[]},{"id":7321,"url":"https:\/\/cepronda.com\/blog\/abn-en-infantil-y-educacion-especial-desarrollo-de-la-competencia-matematica-2\/","url_meta":{"origin":5854,"position":2},"title":"ABN EN INFANTIL Y EDUCACI\u00d3N ESPECIAL: DESARROLLO DE LA COMPETENCIA MATEM\u00c1TICA","author":"V\u00edctor Caballero","date":"11 enero, 2024","format":false,"excerpt":"Se encuentra abierto el plazo de inscripci\u00f3n para la formaci\u00f3n \u201cABN EN INFANTIL Y EDUCACI\u00d3N ESPECIAL: DESARROLLO DE LA COMPETENCIA MATEM\u00c1TICA\" C\u00d3DIGO 242924GE011 Ponentes:\u00a0 Basi Guijarro y Fabiola Heredia Duraci\u00f3n de la actividad 10 horas presenciales + 3 horas de tareas. Fecha actividad: X31 ene( 17:00 a 19:30h) CEP Ronda\u2026","rel":"","context":"En \u00abFormaciones\u00bb","block_context":{"text":"Formaciones","link":"https:\/\/cepronda.com\/blog\/category\/formaciones\/"},"img":{"alt_text":"","src":"https:\/\/i0.wp.com\/cepronda.com\/blog\/wp-content\/uploads\/2024\/01\/CARTEL-ABN-MATEMATICAS-ENERO-2024.png?fit=1080%2C1080&ssl=1&resize=350%2C200","width":350,"height":200,"srcset":"https:\/\/i0.wp.com\/cepronda.com\/blog\/wp-content\/uploads\/2024\/01\/CARTEL-ABN-MATEMATICAS-ENERO-2024.png?fit=1080%2C1080&ssl=1&resize=350%2C200 1x, https:\/\/i0.wp.com\/cepronda.com\/blog\/wp-content\/uploads\/2024\/01\/CARTEL-ABN-MATEMATICAS-ENERO-2024.png?fit=1080%2C1080&ssl=1&resize=525%2C300 1.5x, https:\/\/i0.wp.com\/cepronda.com\/blog\/wp-content\/uploads\/2024\/01\/CARTEL-ABN-MATEMATICAS-ENERO-2024.png?fit=1080%2C1080&ssl=1&resize=700%2C400 2x, https:\/\/i0.wp.com\/cepronda.com\/blog\/wp-content\/uploads\/2024\/01\/CARTEL-ABN-MATEMATICAS-ENERO-2024.png?fit=1080%2C1080&ssl=1&resize=1050%2C600 3x"},"classes":[]},{"id":7220,"url":"https:\/\/cepronda.com\/blog\/encuentro-red-profesional-de-educacion-especial-cep-de-ronda-242924ge014\/","url_meta":{"origin":5854,"position":3},"title":"ENCUENTRO COMUNIDAD PROFESIONAL DE EDUCACI\u00d3N ESPECIAL. CEP DE RONDA (242924GE014)","author":"Inmaculada Garc\u00eda","date":"22 noviembre, 2023","format":false,"excerpt":"Ya tenemos fecha para nuestro primer encuentro. Nos vemos el 29 de noviembre a las 17:00 en el CEP de Ronda. No olvides inscribirte a trav\u00e9s de S\u00e9neca.\u00a0 Actualizaremos la informaci\u00f3n sobre legislaci\u00f3n, programas, informaci\u00f3n de la Inspecci\u00f3n y otros temas en los que tengamos dudas sobre nuestro trabajo diario.\u2026","rel":"","context":"En \u00abFormaciones\u00bb","block_context":{"text":"Formaciones","link":"https:\/\/cepronda.com\/blog\/category\/formaciones\/"},"img":{"alt_text":"","src":"https:\/\/i0.wp.com\/cepronda.com\/blog\/wp-content\/uploads\/2023\/11\/ENCUENTRO-RED-EE.png?fit=1200%2C1200&ssl=1&resize=350%2C200","width":350,"height":200,"srcset":"https:\/\/i0.wp.com\/cepronda.com\/blog\/wp-content\/uploads\/2023\/11\/ENCUENTRO-RED-EE.png?fit=1200%2C1200&ssl=1&resize=350%2C200 1x, https:\/\/i0.wp.com\/cepronda.com\/blog\/wp-content\/uploads\/2023\/11\/ENCUENTRO-RED-EE.png?fit=1200%2C1200&ssl=1&resize=525%2C300 1.5x, https:\/\/i0.wp.com\/cepronda.com\/blog\/wp-content\/uploads\/2023\/11\/ENCUENTRO-RED-EE.png?fit=1200%2C1200&ssl=1&resize=700%2C400 2x, https:\/\/i0.wp.com\/cepronda.com\/blog\/wp-content\/uploads\/2023\/11\/ENCUENTRO-RED-EE.png?fit=1200%2C1200&ssl=1&resize=1050%2C600 3x"},"classes":[]},{"id":1717,"url":"https:\/\/cepronda.com\/blog\/paisajes-de-igualdad\/","url_meta":{"origin":5854,"position":4},"title":"Paisajes de igualdad","author":"V\u00edctor Caballero","date":"19 abril, 2018","format":false,"excerpt":"\u00a1Hola de nuevo! Os informamos de esta actividad que creemos que os puede resultar interesante. Nos la env\u00edan desde el Centro de Profesorado de Ja\u00e9n en la que se fomenta la igualdad a trav\u00e9s de la fotograf\u00eda. Os dejamos con la informaci\u00f3n.\u00a0 Convocatoria abierta a todas las personas artistas\/docentes y\u2026","rel":"","context":"En \u00abNoticias\u00bb","block_context":{"text":"Noticias","link":"https:\/\/cepronda.com\/blog\/category\/noticias\/"},"img":{"alt_text":"","src":"https:\/\/i0.wp.com\/cepronda.com\/blog\/wp-content\/uploads\/2018\/04\/paisajes_igualdad.jpg?fit=1200%2C900&ssl=1&resize=350%2C200","width":350,"height":200,"srcset":"https:\/\/i0.wp.com\/cepronda.com\/blog\/wp-content\/uploads\/2018\/04\/paisajes_igualdad.jpg?fit=1200%2C900&ssl=1&resize=350%2C200 1x, https:\/\/i0.wp.com\/cepronda.com\/blog\/wp-content\/uploads\/2018\/04\/paisajes_igualdad.jpg?fit=1200%2C900&ssl=1&resize=525%2C300 1.5x, https:\/\/i0.wp.com\/cepronda.com\/blog\/wp-content\/uploads\/2018\/04\/paisajes_igualdad.jpg?fit=1200%2C900&ssl=1&resize=700%2C400 2x, https:\/\/i0.wp.com\/cepronda.com\/blog\/wp-content\/uploads\/2018\/04\/paisajes_igualdad.jpg?fit=1200%2C900&ssl=1&resize=1050%2C600 3x"},"classes":[]},{"id":7600,"url":"https:\/\/cepronda.com\/blog\/2o-encuentro-comunidad-de-profesionales-de-educacion-especial-cep-de-ronda-242924ge014\/","url_meta":{"origin":5854,"position":5},"title":"2\u00ba ENCUENTRO COMUNIDAD DE PROFESIONALES DE EDUCACI\u00d3N ESPECIAL. CEP DE RONDA (242924GE014)","author":"Inmaculada Garc\u00eda","date":"3 mayo, 2024","format":false,"excerpt":"Ya tenemos fecha para nuestro segundo encuentro. \u00a0 Nos vemos el 14 de mayo a las 16:30 en el CEP de Ronda. \u00a0 Contaremos con la presencia de Antonio M\u00e1rquez (AulaDesigual) que nos mostrar\u00e1 pr\u00e1cticas innovadoras de c\u00f3mo trabajar la atenci\u00f3n espec\u00edfica dentro del aula ordinaria. Revisaremos, tambi\u00e9n, el portal\u2026","rel":"","context":"En \u00abFormaciones\u00bb","block_context":{"text":"Formaciones","link":"https:\/\/cepronda.com\/blog\/category\/formaciones\/"},"img":{"alt_text":"","src":"https:\/\/i0.wp.com\/cepronda.com\/blog\/wp-content\/uploads\/2024\/05\/COMUNIDAD-EE-POST-INSTAGRAM.png?fit=1080%2C1080&ssl=1&resize=350%2C200","width":350,"height":200,"srcset":"https:\/\/i0.wp.com\/cepronda.com\/blog\/wp-content\/uploads\/2024\/05\/COMUNIDAD-EE-POST-INSTAGRAM.png?fit=1080%2C1080&ssl=1&resize=350%2C200 1x, https:\/\/i0.wp.com\/cepronda.com\/blog\/wp-content\/uploads\/2024\/05\/COMUNIDAD-EE-POST-INSTAGRAM.png?fit=1080%2C1080&ssl=1&resize=525%2C300 1.5x, https:\/\/i0.wp.com\/cepronda.com\/blog\/wp-content\/uploads\/2024\/05\/COMUNIDAD-EE-POST-INSTAGRAM.png?fit=1080%2C1080&ssl=1&resize=700%2C400 2x, https:\/\/i0.wp.com\/cepronda.com\/blog\/wp-content\/uploads\/2024\/05\/COMUNIDAD-EE-POST-INSTAGRAM.png?fit=1080%2C1080&ssl=1&resize=1050%2C600 3x"},"classes":[]}],"jetpack_sharing_enabled":true,"_links":{"self":[{"href":"https:\/\/cepronda.com\/blog\/wp-json\/wp\/v2\/posts\/5854","targetHints":{"allow":["GET"]}}],"collection":[{"href":"https:\/\/cepronda.com\/blog\/wp-json\/wp\/v2\/posts"}],"about":[{"href":"https:\/\/cepronda.com\/blog\/wp-json\/wp\/v2\/types\/post"}],"author":[{"embeddable":true,"href":"https:\/\/cepronda.com\/blog\/wp-json\/wp\/v2\/users\/13"}],"replies":[{"embeddable":true,"href":"https:\/\/cepronda.com\/blog\/wp-json\/wp\/v2\/comments?post=5854"}],"version-history":[{"count":1,"href":"https:\/\/cepronda.com\/blog\/wp-json\/wp\/v2\/posts\/5854\/revisions"}],"predecessor-version":[{"id":5856,"href":"https:\/\/cepronda.com\/blog\/wp-json\/wp\/v2\/posts\/5854\/revisions\/5856"}],"wp:featuredmedia":[{"embeddable":true,"href":"https:\/\/cepronda.com\/blog\/wp-json\/wp\/v2\/media\/5855"}],"wp:attachment":[{"href":"https:\/\/cepronda.com\/blog\/wp-json\/wp\/v2\/media?parent=5854"}],"wp:term":[{"taxonomy":"category","embeddable":true,"href":"https:\/\/cepronda.com\/blog\/wp-json\/wp\/v2\/categories?post=5854"},{"taxonomy":"post_tag","embeddable":true,"href":"https:\/\/cepronda.com\/blog\/wp-json\/wp\/v2\/tags?post=5854"}],"curies":[{"name":"wp","href":"https:\/\/api.w.org\/{rel}","templated":true}]}}