{"id":5820,"date":"2023-03-10T13:00:20","date_gmt":"2023-03-10T12:00:20","guid":{"rendered":"https:\/\/cepronda.com\/blog\/?p=5820"},"modified":"2023-03-10T13:34:09","modified_gmt":"2023-03-10T12:34:09","slug":"pratiques-denseignement-innovantes-soutenues-par-lutilisation-des-tice-dans-la-classe-de-langue","status":"publish","type":"post","link":"https:\/\/cepronda.com\/blog\/pratiques-denseignement-innovantes-soutenues-par-lutilisation-des-tice-dans-la-classe-de-langue\/","title":{"rendered":"PRATIQUES D&#8217;ENSEIGNEMENT INNOVANTES SOUTENUES PAR L&#8217;UTILISATION DES TICE DANS LA CLASSE DE LANGUE"},"content":{"rendered":"<p style=\"font-weight: 400;\">CURSO REGIONAL A DISTANCIA EN EL AVFP dirigido a profesorado de franc\u00e9s de cualquier nivel (la<strong>&nbsp;lengua vehicular&nbsp;<\/strong>ser\u00e1 el<strong>&nbsp;franc\u00e9s<\/strong>): <strong>PRATIQUES D&#8217;ENSEIGNEMENT INNOVANTES SOUTENUES PAR L&#8217;UTILISATION DES TICE DANS LA CLASSE DE LANGUE, <\/strong>con c\u00f3digo&nbsp;23K9911AV158.<\/p>\n<p style=\"font-weight: 400;\"><strong>&nbsp;<\/strong><strong>&#8211; PLAZO DE INSCRIPCI\u00d3N:<\/strong>&nbsp;del 17 al 31 de marzo 2023<br \/>\n<strong>&#8211; LISTA PROVISIONAL ADMITIDOS:<\/strong>&nbsp;10 de abril de 2023<br \/>\n<strong>&#8211; LISTAS DEFINITIVAS ADMITIDOS:<\/strong>&nbsp;12 de abril de 2023<br \/>\n<strong>&#8211; INICIO DEL CURSO:<\/strong>&nbsp;17 de abril de 2023<br \/>\n<strong>&#8211; FIN DEL CURSO:<\/strong>&nbsp;12 de junio de 2023<\/p>\n<p style=\"font-weight: 400;\">Para m\u00e1s informaci\u00f3n e inscripci\u00f3n consultar el siguiente enlace:<a href=\"https:\/\/www.juntadeandalucia.es\/educacion\/secretariavirtual\/consultaCEP\/actividad\/23K9911AV158\/\"> https:\/\/www.juntadeandalucia.es\/educacion\/secretariavirtual\/consultaCEP\/actividad\/23K9911AV158\/<\/a><\/p>\n","protected":false},"excerpt":{"rendered":"<p>CURSO REGIONAL A DISTANCIA EN EL AVFP dirigido a profesorado de franc\u00e9s de cualquier nivel (la&nbsp;lengua vehicular&nbsp;ser\u00e1 el&nbsp;franc\u00e9s): PRATIQUES D&#8217;ENSEIGNEMENT INNOVANTES SOUTENUES PAR L&#8217;UTILISATION DES TICE DANS LA CLASSE DE LANGUE, con c\u00f3digo&nbsp;23K9911AV158. &nbsp;&#8211; PLAZO DE INSCRIPCI\u00d3N:&nbsp;del 17 al 31 de marzo 2023 &#8211; LISTA PROVISIONAL ADMITIDOS:&nbsp;10 de abril de 2023 &#8211; LISTAS DEFINITIVAS ADMITIDOS:&nbsp;12 [&hellip;]<\/p>\n","protected":false},"author":9,"featured_media":5822,"comment_status":"closed","ping_status":"open","sticky":false,"template":"","format":"standard","meta":{"_crdt_document":"","advanced_seo_description":"","jetpack_seo_html_title":"","jetpack_seo_noindex":false,"jetpack_post_was_ever_published":false,"_jetpack_newsletter_access":"","_jetpack_dont_email_post_to_subs":false,"_jetpack_newsletter_tier_id":0,"_jetpack_memberships_contains_paywalled_content":false,"_jetpack_memberships_contains_paid_content":false,"footnotes":"","jetpack_publicize_message":"","jetpack_publicize_feature_enabled":true,"jetpack_social_post_already_shared":false,"jetpack_social_options":{"image_generator_settings":{"template":"highway","default_image_id":0,"font":"","enabled":false},"version":2}},"categories":[3,5],"tags":[],"class_list":{"0":"post-5820","1":"post","2":"type-post","3":"status-publish","4":"format-standard","5":"has-post-thumbnail","7":"category-formaciones","8":"category-noticias","9":"czr-hentry"},"jetpack_publicize_connections":[],"jetpack_featured_media_url":"https:\/\/cepronda.com\/blog\/wp-content\/uploads\/2023\/03\/DIFUSION_PRATIQUES-D-ENSEIGNEMENT-INNOVANTES-SOUTENUES-PAR-L-UTILISATION-DES-TICE-DANS-LA-CLASSE-DE-LANGUE-1-pdf.jpg","jetpack_shortlink":"https:\/\/wp.me\/p8M4X7-1vS","jetpack-related-posts":[{"id":9217,"url":"https:\/\/cepronda.com\/blog\/9217-2\/","url_meta":{"origin":5820,"position":0},"title":"CURSO  PRATIQUES D&#8217;ENSEIGNEMENT INNOVANTES SOUTENUES PAR L&#8217;UTILISATION DES TICE DANS LA CLASSE DE LANGUE","author":"Encarni Jim\u00e9nez Rosado","date":"16 enero, 2026","format":false,"excerpt":"Abierto plazo de inscripci\u00f3n para el curso \u201cPRATIQUES D'ENSEIGNEMENT INNOVANTES SOUTENUES PAR L'UTILISATION DES TICE DANS LA CLASSE DE LANGUE\u201d C\u00d3DIGO:\u00a0\u00a026K9911AV158 MODALIDAD:\u00a0Curso a distancia \u00c1MBITO:\u00a0Regional LUGAR DE REALIZACI\u00d3N:\u00a0Aula Virtual de Formaci\u00f3n\u00a0del Profesorado (AVFP)\u00a0\u00a0 \u00a0 INSCRIPCIONES:\u00a0del 21 de enero al 4 de febrero 2026 LISTA PROVISIONAL ADMITIDOS:\u00a05 de febrero de 2026\u2026","rel":"","context":"En \u00abFormaciones\u00bb","block_context":{"text":"Formaciones","link":"https:\/\/cepronda.com\/blog\/category\/formaciones\/"},"img":{"alt_text":"","src":"https:\/\/i0.wp.com\/cepronda.com\/blog\/wp-content\/uploads\/2026\/01\/frances.jpg?fit=959%2C1200&ssl=1&resize=350%2C200","width":350,"height":200,"srcset":"https:\/\/i0.wp.com\/cepronda.com\/blog\/wp-content\/uploads\/2026\/01\/frances.jpg?fit=959%2C1200&ssl=1&resize=350%2C200 1x, https:\/\/i0.wp.com\/cepronda.com\/blog\/wp-content\/uploads\/2026\/01\/frances.jpg?fit=959%2C1200&ssl=1&resize=525%2C300 1.5x, https:\/\/i0.wp.com\/cepronda.com\/blog\/wp-content\/uploads\/2026\/01\/frances.jpg?fit=959%2C1200&ssl=1&resize=700%2C400 2x"},"classes":[]},{"id":7242,"url":"https:\/\/cepronda.com\/blog\/curso-para-el-profesorado-area-no-linguistica-anl-en-frances\/","url_meta":{"origin":5820,"position":1},"title":"CURSO PARA EL PROFESORADO \u00c1REA NO LING\u00dc\u00cdSTICA (ANL) EN FRANC\u00c9S","author":"Mamen Moreno","date":"5 diciembre, 2023","format":false,"excerpt":"Abierto el plazo de inscripci\u00f3n para el curso regional a distancia, dirigido al profesorado de \u00e1reas no ling\u00fc\u00edsticas de centros biling\u00fces franc\u00e9s: CURSO PARA PROFESORADO DE \u00c1REA NO LING\u00dc\u00cdSTICA EN FRANC\u00c9S c\u00f3digo: 24K9926AV155 Plazo de Inscripci\u00f3n: 04\/12\/2023 al 18\/12\/2023 Del 08\/01\/2024 hasta 29\/02\/2024 Enlace de inscripci\u00f3n:\u00a0https:\/\/www.juntadeandalucia.es\/educacion\/secretariavirtual\/consultaCEP\/actividad\/24K9926AV155\/","rel":"","context":"En \u00abFormaciones\u00bb","block_context":{"text":"Formaciones","link":"https:\/\/cepronda.com\/blog\/category\/formaciones\/"},"img":{"alt_text":"","src":"https:\/\/i0.wp.com\/cepronda.com\/blog\/wp-content\/uploads\/2023\/12\/CODIGO-1.png?fit=1080%2C1080&ssl=1&resize=350%2C200","width":350,"height":200,"srcset":"https:\/\/i0.wp.com\/cepronda.com\/blog\/wp-content\/uploads\/2023\/12\/CODIGO-1.png?fit=1080%2C1080&ssl=1&resize=350%2C200 1x, https:\/\/i0.wp.com\/cepronda.com\/blog\/wp-content\/uploads\/2023\/12\/CODIGO-1.png?fit=1080%2C1080&ssl=1&resize=525%2C300 1.5x, https:\/\/i0.wp.com\/cepronda.com\/blog\/wp-content\/uploads\/2023\/12\/CODIGO-1.png?fit=1080%2C1080&ssl=1&resize=700%2C400 2x, https:\/\/i0.wp.com\/cepronda.com\/blog\/wp-content\/uploads\/2023\/12\/CODIGO-1.png?fit=1080%2C1080&ssl=1&resize=1050%2C600 3x"},"classes":[]},{"id":8456,"url":"https:\/\/cepronda.com\/blog\/jornadas-trastornos-de-espectro-autista-una-mirada-desde-la-inclusion\/","url_meta":{"origin":5820,"position":2},"title":"JORNADAS TRASTORNOS DE ESPECTRO AUTISTA: UNA MIRADA DESDE LA INCLUSI\u00d3N","author":"Inmaculada Garc\u00eda","date":"27 marzo, 2025","format":false,"excerpt":"Abierto el plazo de inscripci\u00f3n para las \"JORNADAS TRASTORNOS DE ESPECTRO AUTISTA: UNA MIRADA DESDE LA INCLUSI\u00d3N\",\u00a0con\u00a0c\u00f3digo de ficha original 259927E011. FECHAS PREVISTAS: SOLICITUDES E INSCRIPCI\u00d3N:\u00a0desde el mi\u00e9rcoles 26 de marzo hasta el viernes 11 de abril de 2025 (ambos inclusive) LISTADOS PROVISIONALES DE ADMITIDOS:\u00a0lunes 21 de abril de 2025\u2026","rel":"","context":"En \u00abFormaciones\u00bb","block_context":{"text":"Formaciones","link":"https:\/\/cepronda.com\/blog\/category\/formaciones\/"},"img":{"alt_text":"","src":"https:\/\/i0.wp.com\/cepronda.com\/blog\/wp-content\/uploads\/2025\/04\/tea.jpg?resize=350%2C200&ssl=1","width":350,"height":200},"classes":[]},{"id":9488,"url":"https:\/\/cepronda.com\/blog\/9488-2\/","url_meta":{"origin":5820,"position":3},"title":"PROGRAMA ALDEA: RECAPACICLA, EDUCACI\u00d3N PARA LA CIRCULARIDAD (Segunda edici\u00f3n)","author":"Encarni Jim\u00e9nez Rosado","date":"6 abril, 2026","format":false,"excerpt":"Ya est\u00e1 abierto el plazo de inscripci\u00f3n de la actividad: PROGRAMA ALDEA: RECAPACICLA, EDUCACI\u00d3N PARA LA CIRCULARIDAD (Segunda edici\u00f3n), C\u00f3digo:269920QPF114 Curso de 30 horas no presenciales, de car\u00e1cter voluntario dirigido prioritariamente al profesorado coordinador del Programa ALDEA en el Curso 2025-26, especialmente aquellos que tienen la l\u00ednea de trabajo de\u2026","rel":"","context":"En \u00abFormaciones\u00bb","block_context":{"text":"Formaciones","link":"https:\/\/cepronda.com\/blog\/category\/formaciones\/"},"img":{"alt_text":"","src":"https:\/\/i0.wp.com\/cepronda.com\/blog\/wp-content\/uploads\/2026\/04\/Sin-titulo.png?fit=598%2C595&ssl=1&resize=350%2C200","width":350,"height":200,"srcset":"https:\/\/i0.wp.com\/cepronda.com\/blog\/wp-content\/uploads\/2026\/04\/Sin-titulo.png?fit=598%2C595&ssl=1&resize=350%2C200 1x, https:\/\/i0.wp.com\/cepronda.com\/blog\/wp-content\/uploads\/2026\/04\/Sin-titulo.png?fit=598%2C595&ssl=1&resize=525%2C300 1.5x"},"classes":[]},{"id":5975,"url":"https:\/\/cepronda.com\/blog\/3a-edicion-curso-competencias-digital-docente-a1\/","url_meta":{"origin":5820,"position":4},"title":"3\u00aa EDICI\u00d3N CURSO COMPETENCIAS DIGITAL DOCENTE A1. (232924WPF420)","author":"Inmaculada Garc\u00eda","date":"17 mayo, 2023","format":false,"excerpt":"Se ha abierto el plazo para la tercera edici\u00f3n del CURSO A DISTANCIA: COMPETENCIA DIGITAL DOCENTE NIVEL A1 M\u00e1s informaci\u00f3n e inscripci\u00f3n:\u00a0https:\/\/www.juntadeandalucia.es\/educacion\/secretariavirtual\/consultaCEP\/actividad\/232924WPF420\/ Fechas de inscripci\u00f3n: 17\/05\/2023 hasta 22\/05\/2023 Fecha actividad: 23\/05\/2023 hasta 29\/06\/2023 \u00a0","rel":"","context":"En \u00abFormaciones\u00bb","block_context":{"text":"Formaciones","link":"https:\/\/cepronda.com\/blog\/category\/formaciones\/"},"img":{"alt_text":"","src":"https:\/\/i0.wp.com\/cepronda.com\/blog\/wp-content\/uploads\/2023\/05\/DEFINITIVO-CDD-A1.jpg?fit=1000%2C1000&ssl=1&resize=350%2C200","width":350,"height":200,"srcset":"https:\/\/i0.wp.com\/cepronda.com\/blog\/wp-content\/uploads\/2023\/05\/DEFINITIVO-CDD-A1.jpg?fit=1000%2C1000&ssl=1&resize=350%2C200 1x, https:\/\/i0.wp.com\/cepronda.com\/blog\/wp-content\/uploads\/2023\/05\/DEFINITIVO-CDD-A1.jpg?fit=1000%2C1000&ssl=1&resize=525%2C300 1.5x, https:\/\/i0.wp.com\/cepronda.com\/blog\/wp-content\/uploads\/2023\/05\/DEFINITIVO-CDD-A1.jpg?fit=1000%2C1000&ssl=1&resize=700%2C400 2x"},"classes":[]},{"id":6015,"url":"https:\/\/cepronda.com\/blog\/curso-competencia-digital-docente-a1\/","url_meta":{"origin":5820,"position":5},"title":"CURSO \u00abCOMPETENCIA DIGITAL DOCENTE A1\u00bb","author":"Inmaculada Garc\u00eda","date":"7 julio, 2023","format":false,"excerpt":"Se ha abierto el plazo para el Curso Provincial, a Distancia, de 40 horas de desempe\u00f1o: \"COMPETENCIA DIGITAL DOCENTE NIVEL A1 (232924XPF420)\" M\u00e1s informaci\u00f3n e inscripci\u00f3n: https:\/\/www.juntadeandalucia.es\/educacion\/secretariavirtual\/consultaCEP\/actividad\/232924XPF420\/ Fecha actividad:\u00a014\/07\/2023 hasta 13\/08\/2023 Fecha inscripci\u00f3n:\u00a007\/07\/2023 hasta 13\/07\/2023 Esperamos que sea de vuestro inter\u00e9s. \u00a0","rel":"","context":"En \u00abFormaciones\u00bb","block_context":{"text":"Formaciones","link":"https:\/\/cepronda.com\/blog\/category\/formaciones\/"},"img":{"alt_text":"","src":"https:\/\/i0.wp.com\/cepronda.com\/blog\/wp-content\/uploads\/2023\/07\/DEFINITIVO-CDD-A1.jpg?fit=993%2C988&ssl=1&resize=350%2C200","width":350,"height":200,"srcset":"https:\/\/i0.wp.com\/cepronda.com\/blog\/wp-content\/uploads\/2023\/07\/DEFINITIVO-CDD-A1.jpg?fit=993%2C988&ssl=1&resize=350%2C200 1x, https:\/\/i0.wp.com\/cepronda.com\/blog\/wp-content\/uploads\/2023\/07\/DEFINITIVO-CDD-A1.jpg?fit=993%2C988&ssl=1&resize=525%2C300 1.5x, https:\/\/i0.wp.com\/cepronda.com\/blog\/wp-content\/uploads\/2023\/07\/DEFINITIVO-CDD-A1.jpg?fit=993%2C988&ssl=1&resize=700%2C400 2x"},"classes":[]}],"jetpack_sharing_enabled":true,"_links":{"self":[{"href":"https:\/\/cepronda.com\/blog\/wp-json\/wp\/v2\/posts\/5820","targetHints":{"allow":["GET"]}}],"collection":[{"href":"https:\/\/cepronda.com\/blog\/wp-json\/wp\/v2\/posts"}],"about":[{"href":"https:\/\/cepronda.com\/blog\/wp-json\/wp\/v2\/types\/post"}],"author":[{"embeddable":true,"href":"https:\/\/cepronda.com\/blog\/wp-json\/wp\/v2\/users\/9"}],"replies":[{"embeddable":true,"href":"https:\/\/cepronda.com\/blog\/wp-json\/wp\/v2\/comments?post=5820"}],"version-history":[{"count":3,"href":"https:\/\/cepronda.com\/blog\/wp-json\/wp\/v2\/posts\/5820\/revisions"}],"predecessor-version":[{"id":5825,"href":"https:\/\/cepronda.com\/blog\/wp-json\/wp\/v2\/posts\/5820\/revisions\/5825"}],"wp:featuredmedia":[{"embeddable":true,"href":"https:\/\/cepronda.com\/blog\/wp-json\/wp\/v2\/media\/5822"}],"wp:attachment":[{"href":"https:\/\/cepronda.com\/blog\/wp-json\/wp\/v2\/media?parent=5820"}],"wp:term":[{"taxonomy":"category","embeddable":true,"href":"https:\/\/cepronda.com\/blog\/wp-json\/wp\/v2\/categories?post=5820"},{"taxonomy":"post_tag","embeddable":true,"href":"https:\/\/cepronda.com\/blog\/wp-json\/wp\/v2\/tags?post=5820"}],"curies":[{"name":"wp","href":"https:\/\/api.w.org\/{rel}","templated":true}]}}