{"id":5818,"date":"2023-03-08T13:45:07","date_gmt":"2023-03-08T12:45:07","guid":{"rendered":"https:\/\/cepronda.com\/blog\/?p=5818"},"modified":"2025-04-28T12:05:53","modified_gmt":"2025-04-28T10:05:53","slug":"xxiii-jornadas-regionales-de-directores-y-directoras-de-instituto-por-una-direccion-competente-para-la-escuela-del-futuro","status":"publish","type":"post","link":"https:\/\/cepronda.com\/blog\/xxiii-jornadas-regionales-de-directores-y-directoras-de-instituto-por-una-direccion-competente-para-la-escuela-del-futuro\/","title":{"rendered":"XXIII JORNADAS REGIONALES DE DIRECTORES Y DIRECTORAS DE INSTITUTO: POR UNA DIRECCI\u00d3N COMPETENTE PARA LA ESCUELA DEL FUTURO"},"content":{"rendered":"<p>Se convoca la actividad formativa Regional&nbsp; \u201c<strong>XXIII JORNADAS REGIONALES DE DIRECTORES Y DIRECTORAS DE INSTITUTO: POR UNA DIRECCI\u00d3N COMPETENTE PARA LA ESCUELA DEL FUTURO<\/strong>\u201d con c\u00f3digo 239904DI012, dirigida a directores y directoras de Institutos de Ense\u00f1anza Secundaria p\u00fablicos de la Comunidad Andaluza. Formaci\u00f3n <strong>presencial<\/strong> de 10 horas de duraci\u00f3n.<\/p>\n<p><strong>Plazo de&nbsp;inscripci\u00f3n<\/strong>: 06\/03\/2023 hasta 10\/04\/2023&nbsp; &nbsp;<\/p>\n<p><b>Fecha actividad:<\/b><span style=\"font-weight: inherit;\"> Los d\u00edas&nbsp; 20 y 21 de abril del 2023 (presencial)<\/span><\/p>\n<p>El <strong>enlace a la convocatoria e<\/strong> <strong>inscripci\u00f3n<\/strong> :&nbsp; <a href=\"https:\/\/www.juntadeandalucia.es\/educacion\/secretariavirtual\/consultaCEP\/actividad\/239904DI012\/\" target=\"_blank\" rel=\"noopener\" data-saferedirecturl=\"https:\/\/www.google.com\/url?q=https:\/\/www.juntadeandalucia.es\/educacion\/secretariavirtual\/consultaCEP\/actividad\/239904DI012\/&amp;source=gmail&amp;ust=1678364628044000&amp;usg=AOvVaw1f8IHz29IeoRM-neTtp4n1\">https:\/\/www.juntadeandalucia.<wbr>es\/educacion\/<wbr>secretariavirtual\/consultaCEP\/<wbr>actividad\/239904DI012\/<\/a><\/p>\n<p>*Para participar es necesario inscribirse en esta actividad a trav\u00e9s del sistema S\u00e9neca solicitar el correspondiente permiso de asistencia a la Delegaci\u00f3n Territorial.<\/p>\n<p>Esperamos que sea de vuestro inter\u00e9s.<\/p>\n","protected":false},"excerpt":{"rendered":"<p>Se convoca la actividad formativa Regional&nbsp; \u201cXXIII JORNADAS REGIONALES DE DIRECTORES Y DIRECTORAS DE INSTITUTO: POR UNA DIRECCI\u00d3N COMPETENTE PARA LA ESCUELA DEL FUTURO\u201d con c\u00f3digo 239904DI012, dirigida a directores y directoras de Institutos de Ense\u00f1anza Secundaria p\u00fablicos de la Comunidad Andaluza. Formaci\u00f3n presencial de 10 horas de duraci\u00f3n. Plazo de&nbsp;inscripci\u00f3n: 06\/03\/2023 hasta 10\/04\/2023&nbsp; &nbsp; [&hellip;]<\/p>\n","protected":false},"author":9,"featured_media":0,"comment_status":"closed","ping_status":"open","sticky":false,"template":"","format":"standard","meta":{"_crdt_document":"","advanced_seo_description":"","jetpack_seo_html_title":"","jetpack_seo_noindex":false,"jetpack_post_was_ever_published":false,"_jetpack_newsletter_access":"","_jetpack_dont_email_post_to_subs":false,"_jetpack_newsletter_tier_id":0,"_jetpack_memberships_contains_paywalled_content":false,"_jetpack_memberships_contains_paid_content":false,"footnotes":"","jetpack_publicize_message":"","jetpack_publicize_feature_enabled":true,"jetpack_social_post_already_shared":false,"jetpack_social_options":{"image_generator_settings":{"template":"highway","default_image_id":0,"font":"","enabled":false},"version":2}},"categories":[5],"tags":[174],"class_list":{"0":"post-5818","1":"post","2":"type-post","3":"status-publish","4":"format-standard","6":"category-noticias","7":"tag-jornadas","8":"czr-hentry"},"jetpack_publicize_connections":[],"jetpack_featured_media_url":"","jetpack_shortlink":"https:\/\/wp.me\/p8M4X7-1vQ","jetpack-related-posts":[{"id":7488,"url":"https:\/\/cepronda.com\/blog\/7488-2\/","url_meta":{"origin":5818,"position":0},"title":"XXIV JORNADAS REGIONALES DE DIRECTORAS Y DIRECTORES DE INSTITUTO: COMPETENCIAS DE LA DIRECCI\u00d3N VS LIDERAZGO","author":"Mamen Moreno","date":"23 febrero, 2024","format":false,"excerpt":"Se encuentra abierto el plazo de inscripci\u00f3n para la actividad formativa regional: XXIV JORNADAS REGIONALES DE DIRECTORAS Y DIRECTORES DE INSTITUTO: COMPETENCIAS DE LA DIRECCI\u00d3N VS LIDERAZGO. C\u00f3digo: 24401GE070 \u00c1mbito: Regional. Organiza: CEP de Almer\u00eda. N\u00ba Horas: 12 horas. Dirigida a: Directoras y directores de centros educativos p\u00fablicos de Educaci\u00f3n\u2026","rel":"","context":"En \u00abFormaciones\u00bb","block_context":{"text":"Formaciones","link":"https:\/\/cepronda.com\/blog\/category\/formaciones\/"},"img":{"alt_text":"","src":"https:\/\/i0.wp.com\/cepronda.com\/blog\/wp-content\/uploads\/2024\/02\/Jornada-ADIAN-2024.jpeg?fit=899%2C1200&ssl=1&resize=350%2C200","width":350,"height":200,"srcset":"https:\/\/i0.wp.com\/cepronda.com\/blog\/wp-content\/uploads\/2024\/02\/Jornada-ADIAN-2024.jpeg?fit=899%2C1200&ssl=1&resize=350%2C200 1x, https:\/\/i0.wp.com\/cepronda.com\/blog\/wp-content\/uploads\/2024\/02\/Jornada-ADIAN-2024.jpeg?fit=899%2C1200&ssl=1&resize=525%2C300 1.5x, https:\/\/i0.wp.com\/cepronda.com\/blog\/wp-content\/uploads\/2024\/02\/Jornada-ADIAN-2024.jpeg?fit=899%2C1200&ssl=1&resize=700%2C400 2x"},"classes":[]},{"id":9338,"url":"https:\/\/cepronda.com\/blog\/xxvi-jornadas-regionales-de-directores-as-de-instituto-nuevos-tiempos-nuevos-retos\/","url_meta":{"origin":5818,"position":1},"title":"XXVI JORNADAS REGIONALES DE DIRECTORES\/AS DE INSTITUTO","author":"Inmaculada Garc\u00eda","date":"6 febrero, 2026","format":false,"excerpt":"Se encuentra abierto el plazo de inscripci\u00f3n a la actividad regional: XXVI JORNADAS REGIONALES DE DIRECTORES\/AS DE INSTITUTO ''NUEVOS TIEMPOS, NUEVOS RETOS'', con c\u00f3digo: 264132GE020. \u00a0 Dirigido a las direcciones de los IES. \ud83d\udcc5 Inscripci\u00f3n: del 03\/02\/2026 hasta 02\/03\/2026. Fecha de la actividad: 12 y 13 de marzo de 2026.\u2026","rel":"","context":"En \u00abFormaciones\u00bb","block_context":{"text":"Formaciones","link":"https:\/\/cepronda.com\/blog\/category\/formaciones\/"},"img":{"alt_text":"","src":"https:\/\/i0.wp.com\/cepronda.com\/blog\/wp-content\/uploads\/2026\/02\/asisian.jpg?fit=1200%2C675&ssl=1&resize=350%2C200","width":350,"height":200,"srcset":"https:\/\/i0.wp.com\/cepronda.com\/blog\/wp-content\/uploads\/2026\/02\/asisian.jpg?fit=1200%2C675&ssl=1&resize=350%2C200 1x, https:\/\/i0.wp.com\/cepronda.com\/blog\/wp-content\/uploads\/2026\/02\/asisian.jpg?fit=1200%2C675&ssl=1&resize=525%2C300 1.5x, https:\/\/i0.wp.com\/cepronda.com\/blog\/wp-content\/uploads\/2026\/02\/asisian.jpg?fit=1200%2C675&ssl=1&resize=700%2C400 2x, https:\/\/i0.wp.com\/cepronda.com\/blog\/wp-content\/uploads\/2026\/02\/asisian.jpg?fit=1200%2C675&ssl=1&resize=1050%2C600 3x"},"classes":[]},{"id":9524,"url":"https:\/\/cepronda.com\/blog\/9524-2\/","url_meta":{"origin":5818,"position":2},"title":"JORNADAS PROVINCIALES DE DIRECTORES Y DIRECTORAS DE M\u00c1LAGA","author":"Encarni Jim\u00e9nez Rosado","date":"27 abril, 2026","format":false,"excerpt":"Inscripciones abiertas para las JORNADAS PROVINCIALES DE DIRECTORES Y DIRECTORAS DE M\u00c1LAGA. La Escuela que viene: Liderazgo valiente en tiempos de IA (262926GE705) Plazo: hasta el viernes 8 de mayo, 10:00 h Fecha y lugar: 18 de mayo en el Sal\u00f3n del Exilio de V\u00e9lez-M\u00e1laga (Centro del Profesorado de V\u00e9lez-M\u00e1laga,\u2026","rel":"","context":"En \u00abFormaciones\u00bb","block_context":{"text":"Formaciones","link":"https:\/\/cepronda.com\/blog\/category\/formaciones\/"},"img":{"alt_text":"","src":"https:\/\/i0.wp.com\/cepronda.com\/blog\/wp-content\/uploads\/2026\/04\/681219828_18144459232498221_244676935071962519_n.jpg?fit=526%2C701&ssl=1&resize=350%2C200","width":350,"height":200,"srcset":"https:\/\/i0.wp.com\/cepronda.com\/blog\/wp-content\/uploads\/2026\/04\/681219828_18144459232498221_244676935071962519_n.jpg?fit=526%2C701&ssl=1&resize=350%2C200 1x, https:\/\/i0.wp.com\/cepronda.com\/blog\/wp-content\/uploads\/2026\/04\/681219828_18144459232498221_244676935071962519_n.jpg?fit=526%2C701&ssl=1&resize=525%2C300 1.5x"},"classes":[]},{"id":5954,"url":"https:\/\/cepronda.com\/blog\/jornadas-provinciales-nuevos-retos-y-enfoques-para-una-direccion-de-exito\/","url_meta":{"origin":5818,"position":3},"title":"JORNADAS PROVINCIALES \u00abNUEVOS RETOS Y ENFOQUES PARA UNA DIRECCI\u00d3N DE \u00c9XITO\u00bb","author":"Mamen Moreno","date":"21 abril, 2023","format":false,"excerpt":"Se encuentra abierto el plazo de inscripci\u00f3n para las Jornadas Provinciales de Directores y Directoras \"NUEVOS RETOS Y ENFOQUES PARA UNA DIRECCI\u00d3N DE \u00c9XITO\" Inscripci\u00f3n: desde 20 de abril a 19 de mayo Fecha: 1 de junio Lugar: Facultad de Ciencias de la Educaci\u00f3n (UMA) Duraci\u00f3n: 8 horas M\u00e1s informaci\u00f3n\u2026","rel":"","context":"En \u00abNoticias\u00bb","block_context":{"text":"Noticias","link":"https:\/\/cepronda.com\/blog\/category\/noticias\/"},"img":{"alt_text":"","src":"https:\/\/i0.wp.com\/cepronda.com\/blog\/wp-content\/uploads\/2023\/04\/WhatsApp-Image-2023-04-20-at-17.21.58.jpeg?fit=1080%2C1080&ssl=1&resize=350%2C200","width":350,"height":200,"srcset":"https:\/\/i0.wp.com\/cepronda.com\/blog\/wp-content\/uploads\/2023\/04\/WhatsApp-Image-2023-04-20-at-17.21.58.jpeg?fit=1080%2C1080&ssl=1&resize=350%2C200 1x, https:\/\/i0.wp.com\/cepronda.com\/blog\/wp-content\/uploads\/2023\/04\/WhatsApp-Image-2023-04-20-at-17.21.58.jpeg?fit=1080%2C1080&ssl=1&resize=525%2C300 1.5x, https:\/\/i0.wp.com\/cepronda.com\/blog\/wp-content\/uploads\/2023\/04\/WhatsApp-Image-2023-04-20-at-17.21.58.jpeg?fit=1080%2C1080&ssl=1&resize=700%2C400 2x, https:\/\/i0.wp.com\/cepronda.com\/blog\/wp-content\/uploads\/2023\/04\/WhatsApp-Image-2023-04-20-at-17.21.58.jpeg?fit=1080%2C1080&ssl=1&resize=1050%2C600 3x"},"classes":[]},{"id":1486,"url":"https:\/\/cepronda.com\/blog\/jornadas-informativas-sobre-el-procedimiento-para-la-seleccion-de-directores-y-directoras-de-los-centros-docentes-publicos\/","url_meta":{"origin":5818,"position":4},"title":"JORNADAS INFORMATIVAS SOBRE EL PROCEDIMIENTO PARA LA SELECCI\u00d3N DE DIRECTORES Y DIRECTORAS DE LOS CENTROS DOCENTES P\u00daBLICOS","author":"V\u00edctor Caballero","date":"15 diciembre, 2017","format":false,"excerpt":"\u00a1Muy buenas familia! Como sab\u00e9is en muchos centros de nuestra zona se ha abierto el proceso selectivo para la elecci\u00f3n de directoras y directores. Sabemos que hay muchas dudas y preguntas alrededor del proceso y de la elaboraci\u00f3n del proyecto. \u00c9sta es la raz\u00f3n por la que hemos preparado una\u2026","rel":"","context":"En \u00abNoticias\u00bb","block_context":{"text":"Noticias","link":"https:\/\/cepronda.com\/blog\/category\/noticias\/"},"img":{"alt_text":"","src":"https:\/\/i0.wp.com\/cepronda.com\/blog\/wp-content\/uploads\/2017\/12\/idea-1876659_640.jpg?resize=350%2C200","width":350,"height":200,"srcset":"https:\/\/i0.wp.com\/cepronda.com\/blog\/wp-content\/uploads\/2017\/12\/idea-1876659_640.jpg?resize=350%2C200 1x, https:\/\/i0.wp.com\/cepronda.com\/blog\/wp-content\/uploads\/2017\/12\/idea-1876659_640.jpg?resize=525%2C300 1.5x"},"classes":[]},{"id":3146,"url":"https:\/\/cepronda.com\/blog\/jornadas-regionales-sobre-seleccion-y-evaluacion-de-la-direccion-escolar\/","url_meta":{"origin":5818,"position":5},"title":"JORNADAS REGIONALES SOBRE SELECCI\u00d3N Y EVALUACI\u00d3N DE LA DIRECCI\u00d3N ESCOLAR","author":"V\u00edctor Caballero","date":"18 noviembre, 2019","format":false,"excerpt":"Muy buenas comenzamos la semana compartiendo con las directoras y directores de los centros de nuestra zona esta actividad regional, que tendr\u00e1 lugar el pr\u00f3ximo 27 de noviembre en el CEP de Sevilla, y que creemos puede ser de vuestro inter\u00e9s. Os dejamos con el enlace a las mismas, por\u2026","rel":"","context":"En \u00abFormaciones\u00bb","block_context":{"text":"Formaciones","link":"https:\/\/cepronda.com\/blog\/category\/formaciones\/"},"img":{"alt_text":"","src":"https:\/\/i0.wp.com\/cepronda.com\/blog\/wp-content\/uploads\/2019\/11\/success-2081168_1280.jpg?fit=1200%2C675&ssl=1&resize=350%2C200","width":350,"height":200,"srcset":"https:\/\/i0.wp.com\/cepronda.com\/blog\/wp-content\/uploads\/2019\/11\/success-2081168_1280.jpg?fit=1200%2C675&ssl=1&resize=350%2C200 1x, https:\/\/i0.wp.com\/cepronda.com\/blog\/wp-content\/uploads\/2019\/11\/success-2081168_1280.jpg?fit=1200%2C675&ssl=1&resize=525%2C300 1.5x, https:\/\/i0.wp.com\/cepronda.com\/blog\/wp-content\/uploads\/2019\/11\/success-2081168_1280.jpg?fit=1200%2C675&ssl=1&resize=700%2C400 2x, https:\/\/i0.wp.com\/cepronda.com\/blog\/wp-content\/uploads\/2019\/11\/success-2081168_1280.jpg?fit=1200%2C675&ssl=1&resize=1050%2C600 3x"},"classes":[]}],"jetpack_sharing_enabled":true,"_links":{"self":[{"href":"https:\/\/cepronda.com\/blog\/wp-json\/wp\/v2\/posts\/5818","targetHints":{"allow":["GET"]}}],"collection":[{"href":"https:\/\/cepronda.com\/blog\/wp-json\/wp\/v2\/posts"}],"about":[{"href":"https:\/\/cepronda.com\/blog\/wp-json\/wp\/v2\/types\/post"}],"author":[{"embeddable":true,"href":"https:\/\/cepronda.com\/blog\/wp-json\/wp\/v2\/users\/9"}],"replies":[{"embeddable":true,"href":"https:\/\/cepronda.com\/blog\/wp-json\/wp\/v2\/comments?post=5818"}],"version-history":[{"count":1,"href":"https:\/\/cepronda.com\/blog\/wp-json\/wp\/v2\/posts\/5818\/revisions"}],"predecessor-version":[{"id":5819,"href":"https:\/\/cepronda.com\/blog\/wp-json\/wp\/v2\/posts\/5818\/revisions\/5819"}],"wp:attachment":[{"href":"https:\/\/cepronda.com\/blog\/wp-json\/wp\/v2\/media?parent=5818"}],"wp:term":[{"taxonomy":"category","embeddable":true,"href":"https:\/\/cepronda.com\/blog\/wp-json\/wp\/v2\/categories?post=5818"},{"taxonomy":"post_tag","embeddable":true,"href":"https:\/\/cepronda.com\/blog\/wp-json\/wp\/v2\/tags?post=5818"}],"curies":[{"name":"wp","href":"https:\/\/api.w.org\/{rel}","templated":true}]}}