{"id":5814,"date":"2023-03-07T13:47:05","date_gmt":"2023-03-07T12:47:05","guid":{"rendered":"https:\/\/cepronda.com\/blog\/?p=5814"},"modified":"2025-04-28T12:05:53","modified_gmt":"2025-04-28T10:05:53","slug":"vi-jornadas-provinciales-de-educacion-fisica-provincia-de-malaga-inscripciones","status":"publish","type":"post","link":"https:\/\/cepronda.com\/blog\/vi-jornadas-provinciales-de-educacion-fisica-provincia-de-malaga-inscripciones\/","title":{"rendered":"VI JORNADAS PROVINCIALES DE EDUCACI\u00d3N F\u00cdSICA (Provincia de M\u00e1laga) \u00a1Inscripciones!"},"content":{"rendered":"<p>Abierta inscripci\u00f3n VI JORNADAS PROVINCIALES DE EDUCACI\u00d3N F\u00cdSICA: LOMLOE Y COMPETENCIA DIGITAL DOCENTE.<\/p>\n<p>C\u00f3digo: 232926EF512<br \/>\nInscripciones: desde el 07\/03\/2023 hasta 20\/03\/2023<br \/>\nComienzo de las Jornadas: 10\/05\/2023<\/p>\n<p>Lugar de realizaci\u00f3n: Torre del Mar (V\u00e9lez-M\u00e1laga)<\/p>\n<p>Detalle e inscripci\u00f3n:<\/p>\n<p><a href=\"https:\/\/www.juntadeandalucia.es\/educacion\/secretariavirtual\/consultaCEP\/actividad\/232926EF512\/\">https:\/\/www.juntadeandalucia.es\/educacion\/secretariavirtual\/consultaCEP\/actividad\/232926EF512\/<\/a><\/p>\n<p>Rogamos la lectura de las OBSERVACIONES en la ficha de S\u00c9NECA antes de inscribirte.<\/p>\n<p>Gracias y un saludo.<\/p>\n<p>&nbsp;<\/p>\n<p><img data-recalc-dims=\"1\" loading=\"lazy\" decoding=\"async\" class=\"wp-image-5815 size-large aligncenter\" src=\"https:\/\/i0.wp.com\/cepronda.com\/blog\/wp-content\/uploads\/2023\/03\/Cartel-EF-724x1024.jpeg?resize=724%2C1024&#038;ssl=1\" alt=\"\" width=\"724\" height=\"1024\" srcset=\"https:\/\/i0.wp.com\/cepronda.com\/blog\/wp-content\/uploads\/2023\/03\/Cartel-EF.jpeg?resize=724%2C1024&amp;ssl=1 724w, https:\/\/i0.wp.com\/cepronda.com\/blog\/wp-content\/uploads\/2023\/03\/Cartel-EF.jpeg?resize=212%2C300&amp;ssl=1 212w, https:\/\/i0.wp.com\/cepronda.com\/blog\/wp-content\/uploads\/2023\/03\/Cartel-EF.jpeg?resize=768%2C1086&amp;ssl=1 768w, https:\/\/i0.wp.com\/cepronda.com\/blog\/wp-content\/uploads\/2023\/03\/Cartel-EF.jpeg?resize=1086%2C1536&amp;ssl=1 1086w, https:\/\/i0.wp.com\/cepronda.com\/blog\/wp-content\/uploads\/2023\/03\/Cartel-EF.jpeg?w=1131&amp;ssl=1 1131w\" sizes=\"auto, (max-width: 724px) 100vw, 724px\" \/><\/p>\n","protected":false},"excerpt":{"rendered":"<p>Abierta inscripci\u00f3n VI JORNADAS PROVINCIALES DE EDUCACI\u00d3N F\u00cdSICA: LOMLOE Y COMPETENCIA DIGITAL DOCENTE. C\u00f3digo: 232926EF512 Inscripciones: desde el 07\/03\/2023 hasta 20\/03\/2023 Comienzo de las Jornadas: 10\/05\/2023 Lugar de realizaci\u00f3n: Torre del Mar (V\u00e9lez-M\u00e1laga) Detalle e inscripci\u00f3n: https:\/\/www.juntadeandalucia.es\/educacion\/secretariavirtual\/consultaCEP\/actividad\/232926EF512\/ Rogamos la lectura de las OBSERVACIONES en la ficha de S\u00c9NECA antes de inscribirte. Gracias y un saludo. [&hellip;]<\/p>\n","protected":false},"author":3,"featured_media":5815,"comment_status":"closed","ping_status":"open","sticky":false,"template":"","format":"standard","meta":{"_crdt_document":"","advanced_seo_description":"","jetpack_seo_html_title":"","jetpack_seo_noindex":false,"jetpack_post_was_ever_published":false,"_jetpack_newsletter_access":"","_jetpack_dont_email_post_to_subs":false,"_jetpack_newsletter_tier_id":0,"_jetpack_memberships_contains_paywalled_content":false,"_jetpack_memberships_contains_paid_content":false,"footnotes":"","jetpack_publicize_message":"","jetpack_publicize_feature_enabled":true,"jetpack_social_post_already_shared":false,"jetpack_social_options":{"image_generator_settings":{"template":"highway","default_image_id":0,"font":"","enabled":false},"version":2}},"categories":[5],"tags":[174],"class_list":{"0":"post-5814","1":"post","2":"type-post","3":"status-publish","4":"format-standard","5":"has-post-thumbnail","7":"category-noticias","8":"tag-jornadas","9":"czr-hentry"},"jetpack_publicize_connections":[],"jetpack_featured_media_url":"https:\/\/i0.wp.com\/cepronda.com\/blog\/wp-content\/uploads\/2023\/03\/Cartel-EF.jpeg?fit=1131%2C1600&ssl=1","jetpack_shortlink":"https:\/\/wp.me\/p8M4X7-1vM","jetpack-related-posts":[{"id":5789,"url":"https:\/\/cepronda.com\/blog\/vi-jornadas-provinciales-de-educacion-fisica-provincia-de-malaga\/","url_meta":{"origin":5814,"position":0},"title":"VI JORNADAS PROVINCIALES DE EDUCACI\u00d3N F\u00cdSICA (Provincia de M\u00e1laga)","author":"V\u00edctor Caballero","date":"17 febrero, 2023","format":false,"excerpt":"Buenos d\u00edas. \u00a1Este curso s\u00ed que s\u00ed! El equipo provincial de Educaci\u00f3n F\u00edsica de la red asesora de la provincia de M\u00e1laga ya est\u00e1 trabajando de pleno en las VI Jornadas provinciales de E.F. Muy atentos a las redes sociales y a la mensajer\u00eda de S\u00e9neca ya que las plazas\u2026","rel":"","context":"En \u00abNoticias\u00bb","block_context":{"text":"Noticias","link":"https:\/\/cepronda.com\/blog\/category\/noticias\/"},"img":{"alt_text":"","src":"https:\/\/i0.wp.com\/cepronda.com\/blog\/wp-content\/uploads\/2023\/02\/EF.jpeg?fit=1080%2C1080&ssl=1&resize=350%2C200","width":350,"height":200,"srcset":"https:\/\/i0.wp.com\/cepronda.com\/blog\/wp-content\/uploads\/2023\/02\/EF.jpeg?fit=1080%2C1080&ssl=1&resize=350%2C200 1x, https:\/\/i0.wp.com\/cepronda.com\/blog\/wp-content\/uploads\/2023\/02\/EF.jpeg?fit=1080%2C1080&ssl=1&resize=525%2C300 1.5x, https:\/\/i0.wp.com\/cepronda.com\/blog\/wp-content\/uploads\/2023\/02\/EF.jpeg?fit=1080%2C1080&ssl=1&resize=700%2C400 2x, https:\/\/i0.wp.com\/cepronda.com\/blog\/wp-content\/uploads\/2023\/02\/EF.jpeg?fit=1080%2C1080&ssl=1&resize=1050%2C600 3x"},"classes":[]},{"id":8328,"url":"https:\/\/cepronda.com\/blog\/jornadas-provinciales-de-la-red-profesional-becrea-malaga\/","url_meta":{"origin":5814,"position":1},"title":"JORNADAS PROVINCIALES DE LA RED PROFESIONAL BECREA M\u00c1LAGA","author":"Mamen Moreno","date":"12 marzo, 2025","format":false,"excerpt":"ABIERTO EL PLAZO DE SOLICITUDES PARA LAS JORNADAS PROVINCIALES DE LA RED PROFESIONAL BECREA M\u00c1LAGA: \u201cBibliotecas con ciencia. Descubriendo soluciones\u201d. C\u00f3digo 259923BE002 Inscripciones hasta el 26 de marzo a las 10:00. Fecha y lugar: 29 de abril en el Polo Digital (M\u00e1laga). M\u00e1s informaci\u00f3n e inscripci\u00f3n: https:\/\/www.juntadeandalucia.es\/educacion\/secretariavirtual\/consultaCEP\/actividad\/259923BE002\/ \u00a0","rel":"","context":"En \u00abFormaciones\u00bb","block_context":{"text":"Formaciones","link":"https:\/\/cepronda.com\/blog\/category\/formaciones\/"},"img":{"alt_text":"","src":"https:\/\/i0.wp.com\/cepronda.com\/blog\/wp-content\/uploads\/2025\/03\/WhatsApp-Image-2025-03-11-at-17.53.16.jpeg?fit=1000%2C1000&ssl=1&resize=350%2C200","width":350,"height":200,"srcset":"https:\/\/i0.wp.com\/cepronda.com\/blog\/wp-content\/uploads\/2025\/03\/WhatsApp-Image-2025-03-11-at-17.53.16.jpeg?fit=1000%2C1000&ssl=1&resize=350%2C200 1x, https:\/\/i0.wp.com\/cepronda.com\/blog\/wp-content\/uploads\/2025\/03\/WhatsApp-Image-2025-03-11-at-17.53.16.jpeg?fit=1000%2C1000&ssl=1&resize=525%2C300 1.5x, https:\/\/i0.wp.com\/cepronda.com\/blog\/wp-content\/uploads\/2025\/03\/WhatsApp-Image-2025-03-11-at-17.53.16.jpeg?fit=1000%2C1000&ssl=1&resize=700%2C400 2x"},"classes":[]},{"id":7591,"url":"https:\/\/cepronda.com\/blog\/i-jornadas-provinciales-profesorado-de-educacion-plastica-visual-y-audiovisual\/","url_meta":{"origin":5814,"position":2},"title":"I JORNADAS PROVINCIALES PROFESORADO DE EDUCACI\u00d3N PL\u00c1STICA, VISUAL Y AUDIOVISUAL.","author":"Mamen Moreno","date":"22 abril, 2024","format":false,"excerpt":"Abierto el plazo de solicitudes de las I JORNADAS PROVINCIALES PROFESORADO DE EDUCACI\u00d3N PL\u00c1STICA, VISUAL Y AUDIOVISUAL. 8 horas presenciales (Lugar: Colecci\u00f3n del Museo Ruso de M\u00e1laga). Fecha inscripci\u00f3n: 22\/04\/2024 hasta 06\/05\/2024. Fecha actividad: 16\/05\/2024. M\u00e1s informaci\u00f3n e inscripci\u00f3n: https:\/\/www.juntadeandalucia.es\/educacion\/secretariavirtual\/consultaCEP\/actividad\/242922GE257\/","rel":"","context":"En \u00abNoticias\u00bb","block_context":{"text":"Noticias","link":"https:\/\/cepronda.com\/blog\/category\/noticias\/"},"img":{"alt_text":"","src":"https:\/\/i0.wp.com\/cepronda.com\/blog\/wp-content\/uploads\/2024\/04\/WhatsApp-Image-2024-04-20-at-11.09.52.jpeg?fit=942%2C787&ssl=1&resize=350%2C200","width":350,"height":200,"srcset":"https:\/\/i0.wp.com\/cepronda.com\/blog\/wp-content\/uploads\/2024\/04\/WhatsApp-Image-2024-04-20-at-11.09.52.jpeg?fit=942%2C787&ssl=1&resize=350%2C200 1x, https:\/\/i0.wp.com\/cepronda.com\/blog\/wp-content\/uploads\/2024\/04\/WhatsApp-Image-2024-04-20-at-11.09.52.jpeg?fit=942%2C787&ssl=1&resize=525%2C300 1.5x, https:\/\/i0.wp.com\/cepronda.com\/blog\/wp-content\/uploads\/2024\/04\/WhatsApp-Image-2024-04-20-at-11.09.52.jpeg?fit=942%2C787&ssl=1&resize=700%2C400 2x"},"classes":[]},{"id":9516,"url":"https:\/\/cepronda.com\/blog\/jornadas-provinciales-de-la-red-profesional-de-bibliotecas-escolares-becrea-malaga\/","url_meta":{"origin":5814,"position":3},"title":"JORNADAS PROVINCIALES DE LA RED PROFESIONAL DE BIBLIOTECAS ESCOLARES- BECREA M\u00c1LAGA","author":"Maribel Mu\u00f1oz","date":"21 abril, 2026","format":false,"excerpt":"Se encuentra abierto el plazo inscripci\u00f3n para las\u00a0 Jornadas Provinciales de la Red Profesional de Bibliotecas Escolares BECREA M\u00c1LAGA. Inscripciones hasta el 24 de abril: https:\/\/lajunta.es\/6dwpw Descarga el programa aqu\u00ed: https:\/\/drive.google.com\/file\/d\/1incEKdE9Ca-EZlq0oPWMsHIyQElE0Ov0\/view?usp=sharing Dirigido a: Internivelar \u00a0 \u00a0 \u00a0 \u00a0","rel":"","context":"En \u00abFormaciones\u00bb","block_context":{"text":"Formaciones","link":"https:\/\/cepronda.com\/blog\/category\/formaciones\/"},"img":{"alt_text":"","src":"https:\/\/i0.wp.com\/cepronda.com\/blog\/wp-content\/uploads\/2026\/04\/WhatsApp-Image-2026-04-20-at-13.25.19-185x300.jpeg?resize=350%2C200&ssl=1","width":350,"height":200},"classes":[]},{"id":9223,"url":"https:\/\/cepronda.com\/blog\/9223-2\/","url_meta":{"origin":5814,"position":4},"title":"JORNADAS PROVINCIALES DE EDUCACI\u00d3N MUSICAL","author":"Encarni Jim\u00e9nez Rosado","date":"19 enero, 2026","format":false,"excerpt":"Se abre plazo de inscripci\u00f3n para las\u00a0JORNADAS PROVINCIALES DE EDUCACI\u00d3N MUSICAL, una actividad presencial dirigida \u00a0a docentes y amantes de la educaci\u00f3n musical. - \u00a0C\u00f3digo: 262926MU705- Inscripciones: del 19\/01\/2026 al 03\/02\/2026- \u00a0Lugar: Sal\u00f3n del Mar, Torre del Mar- Fecha y horario: 17\/02\/2026, de 9:00 a 19:00 - \u00a0Inscripci\u00f3n y detalles:https:\/\/secretariavirtual.juntadeandalucia.es\/secretariavirtual\/consultaCEP\/actividad\/262926MU705\/\u2026","rel":"","context":"En \u00abFormaciones\u00bb","block_context":{"text":"Formaciones","link":"https:\/\/cepronda.com\/blog\/category\/formaciones\/"},"img":{"alt_text":"","src":"https:\/\/i0.wp.com\/cepronda.com\/blog\/wp-content\/uploads\/2026\/01\/musica.jpg?fit=1080%2C1080&ssl=1&resize=350%2C200","width":350,"height":200,"srcset":"https:\/\/i0.wp.com\/cepronda.com\/blog\/wp-content\/uploads\/2026\/01\/musica.jpg?fit=1080%2C1080&ssl=1&resize=350%2C200 1x, https:\/\/i0.wp.com\/cepronda.com\/blog\/wp-content\/uploads\/2026\/01\/musica.jpg?fit=1080%2C1080&ssl=1&resize=525%2C300 1.5x, https:\/\/i0.wp.com\/cepronda.com\/blog\/wp-content\/uploads\/2026\/01\/musica.jpg?fit=1080%2C1080&ssl=1&resize=700%2C400 2x, https:\/\/i0.wp.com\/cepronda.com\/blog\/wp-content\/uploads\/2026\/01\/musica.jpg?fit=1080%2C1080&ssl=1&resize=1050%2C600 3x"},"classes":[]},{"id":8430,"url":"https:\/\/cepronda.com\/blog\/vii-jornadas-provinciales-de-educacion-fisica\/","url_meta":{"origin":5814,"position":5},"title":"VII JORNADAS PROVINCIALES DE EDUCACI\u00d3N F\u00cdSICA. MODELOS PEDAG\u00d3GICOS","author":"V\u00edctor Caballero","date":"1 abril, 2025","format":false,"excerpt":"Se abre el plazo de inscripci\u00f3n para las \"VII JORNADAS PROVINCIALES DE EDUCACI\u00d3N F\u00cdSICA (#EFIMA25): MODELOS PEDAG\u00d3GICOS EN EDUCACI\u00d3N F\u00cdSICA\" Dirigida al profesorado de Educaci\u00f3n F\u00edsica de la provincia de M\u00e1laga. Las fechas de realizaci\u00f3n:\u00a014 y 15 de mayo de 2025 Lugar: CEULAJ de Mollina. Fechas de inscripci\u00f3n: desde el\u2026","rel":"","context":"En \u00abFormaciones\u00bb","block_context":{"text":"Formaciones","link":"https:\/\/cepronda.com\/blog\/category\/formaciones\/"},"img":{"alt_text":"","src":"https:\/\/i0.wp.com\/cepronda.com\/blog\/wp-content\/uploads\/2025\/04\/Captura-de-pantalla-2025-04-01-a-las-12.27.42.png?fit=716%2C1009&ssl=1&resize=350%2C200","width":350,"height":200,"srcset":"https:\/\/i0.wp.com\/cepronda.com\/blog\/wp-content\/uploads\/2025\/04\/Captura-de-pantalla-2025-04-01-a-las-12.27.42.png?fit=716%2C1009&ssl=1&resize=350%2C200 1x, https:\/\/i0.wp.com\/cepronda.com\/blog\/wp-content\/uploads\/2025\/04\/Captura-de-pantalla-2025-04-01-a-las-12.27.42.png?fit=716%2C1009&ssl=1&resize=525%2C300 1.5x, https:\/\/i0.wp.com\/cepronda.com\/blog\/wp-content\/uploads\/2025\/04\/Captura-de-pantalla-2025-04-01-a-las-12.27.42.png?fit=716%2C1009&ssl=1&resize=700%2C400 2x"},"classes":[]}],"jetpack_sharing_enabled":true,"_links":{"self":[{"href":"https:\/\/cepronda.com\/blog\/wp-json\/wp\/v2\/posts\/5814","targetHints":{"allow":["GET"]}}],"collection":[{"href":"https:\/\/cepronda.com\/blog\/wp-json\/wp\/v2\/posts"}],"about":[{"href":"https:\/\/cepronda.com\/blog\/wp-json\/wp\/v2\/types\/post"}],"author":[{"embeddable":true,"href":"https:\/\/cepronda.com\/blog\/wp-json\/wp\/v2\/users\/3"}],"replies":[{"embeddable":true,"href":"https:\/\/cepronda.com\/blog\/wp-json\/wp\/v2\/comments?post=5814"}],"version-history":[{"count":1,"href":"https:\/\/cepronda.com\/blog\/wp-json\/wp\/v2\/posts\/5814\/revisions"}],"predecessor-version":[{"id":5816,"href":"https:\/\/cepronda.com\/blog\/wp-json\/wp\/v2\/posts\/5814\/revisions\/5816"}],"wp:featuredmedia":[{"embeddable":true,"href":"https:\/\/cepronda.com\/blog\/wp-json\/wp\/v2\/media\/5815"}],"wp:attachment":[{"href":"https:\/\/cepronda.com\/blog\/wp-json\/wp\/v2\/media?parent=5814"}],"wp:term":[{"taxonomy":"category","embeddable":true,"href":"https:\/\/cepronda.com\/blog\/wp-json\/wp\/v2\/categories?post=5814"},{"taxonomy":"post_tag","embeddable":true,"href":"https:\/\/cepronda.com\/blog\/wp-json\/wp\/v2\/tags?post=5814"}],"curies":[{"name":"wp","href":"https:\/\/api.w.org\/{rel}","templated":true}]}}