{"id":5795,"date":"2023-02-23T12:13:19","date_gmt":"2023-02-23T11:13:19","guid":{"rendered":"https:\/\/cepronda.com\/blog\/?p=5795"},"modified":"2025-04-28T12:12:22","modified_gmt":"2025-04-28T10:12:22","slug":"actualizacion-metodologica-de-la-ensenanza-del-espanol-como-lengua-extranjera","status":"publish","type":"post","link":"https:\/\/cepronda.com\/blog\/actualizacion-metodologica-de-la-ensenanza-del-espanol-como-lengua-extranjera\/","title":{"rendered":"ACTUALIZACI\u00d3N METODOL\u00d3GICA DE LA ENSE\u00d1ANZA DEL ESPA\u00d1OL COMO LENGUA EXTRANJERA"},"content":{"rendered":"<p>Abierto el plazo de inscripci\u00f3n del curso provincial con videoconferencias en directo:<\/p>\n<p>M\u00e1s informaci\u00f3n e inscripci\u00f3n:<br \/>\n<a href=\"https:\/\/www.juntadeandalucia.es\/educacion\/secretariavirtual\/consultaCEP\/actividad\/232926GE108\/\">https:\/\/www.juntadeandalucia.es\/educacion\/secretariavirtual\/consultaCEP\/actividad\/232926GE108\/<\/a><\/p>\n<p>Dirigido al profesorado de ATAL.<br \/>\nFechas de inscripci\u00f3n: 23\/02\/2023 hasta 15\/03\/2023.<br \/>\nFechas de realizaci\u00f3n de las sesiones a trav\u00e9s de videoconferencias: 23 y 29 de marzo, 11, 13 y 18 de abril de 2023<\/p>\n<p><img data-recalc-dims=\"1\" loading=\"lazy\" decoding=\"async\" class=\"size-medium wp-image-5796 aligncenter\" style=\"font-weight: inherit;\" src=\"https:\/\/i0.wp.com\/cepronda.com\/blog\/wp-content\/uploads\/2023\/02\/WhatsApp-Image-2023-02-23-at-11.16.56.jpeg?resize=212%2C300&#038;ssl=1\" alt=\"\" width=\"212\" height=\"300\" srcset=\"https:\/\/i0.wp.com\/cepronda.com\/blog\/wp-content\/uploads\/2023\/02\/WhatsApp-Image-2023-02-23-at-11.16.56.jpeg?resize=212%2C300&amp;ssl=1 212w, https:\/\/i0.wp.com\/cepronda.com\/blog\/wp-content\/uploads\/2023\/02\/WhatsApp-Image-2023-02-23-at-11.16.56.jpeg?resize=724%2C1024&amp;ssl=1 724w, https:\/\/i0.wp.com\/cepronda.com\/blog\/wp-content\/uploads\/2023\/02\/WhatsApp-Image-2023-02-23-at-11.16.56.jpeg?resize=768%2C1086&amp;ssl=1 768w, https:\/\/i0.wp.com\/cepronda.com\/blog\/wp-content\/uploads\/2023\/02\/WhatsApp-Image-2023-02-23-at-11.16.56.jpeg?resize=1086%2C1536&amp;ssl=1 1086w, https:\/\/i0.wp.com\/cepronda.com\/blog\/wp-content\/uploads\/2023\/02\/WhatsApp-Image-2023-02-23-at-11.16.56.jpeg?w=1131&amp;ssl=1 1131w\" sizes=\"auto, (max-width: 212px) 100vw, 212px\" \/><\/p>\n","protected":false},"excerpt":{"rendered":"<p>Abierto el plazo de inscripci\u00f3n del curso provincial con videoconferencias en directo: M\u00e1s informaci\u00f3n e inscripci\u00f3n: https:\/\/www.juntadeandalucia.es\/educacion\/secretariavirtual\/consultaCEP\/actividad\/232926GE108\/ Dirigido al profesorado de ATAL. Fechas de inscripci\u00f3n: 23\/02\/2023 hasta 15\/03\/2023. Fechas de realizaci\u00f3n de las sesiones a trav\u00e9s de videoconferencias: 23 y 29 de marzo, 11, 13 y 18 de abril de 2023<\/p>\n","protected":false},"author":13,"featured_media":5796,"comment_status":"closed","ping_status":"open","sticky":false,"template":"","format":"standard","meta":{"_crdt_document":"","advanced_seo_description":"","jetpack_seo_html_title":"","jetpack_seo_noindex":false,"jetpack_post_was_ever_published":false,"_jetpack_newsletter_access":"","_jetpack_dont_email_post_to_subs":false,"_jetpack_newsletter_tier_id":0,"_jetpack_memberships_contains_paywalled_content":false,"_jetpack_memberships_contains_paid_content":false,"footnotes":"","jetpack_publicize_message":"","jetpack_publicize_feature_enabled":true,"jetpack_social_post_already_shared":false,"jetpack_social_options":{"image_generator_settings":{"template":"highway","default_image_id":0,"font":"","enabled":false},"version":2}},"categories":[3],"tags":[189],"class_list":{"0":"post-5795","1":"post","2":"type-post","3":"status-publish","4":"format-standard","5":"has-post-thumbnail","7":"category-formaciones","8":"tag-lengua-extranjera","9":"czr-hentry"},"jetpack_publicize_connections":[],"jetpack_featured_media_url":"https:\/\/i0.wp.com\/cepronda.com\/blog\/wp-content\/uploads\/2023\/02\/WhatsApp-Image-2023-02-23-at-11.16.56.jpeg?fit=1131%2C1600&ssl=1","jetpack_shortlink":"https:\/\/wp.me\/p8M4X7-1vt","jetpack-related-posts":[{"id":7432,"url":"https:\/\/cepronda.com\/blog\/metodologias-innovadoras-en-la-clase-de-idiomas\/","url_meta":{"origin":5795,"position":0},"title":"METODOLOG\u00cdAS INNOVADORAS EN LA CLASE DE IDIOMAS.","author":"Maribel Mu\u00f1oz","date":"5 febrero, 2024","format":false,"excerpt":"Os informamos que se encuentra abierta la inscripci\u00f3n en el curso METODOLOG\u00cdAS INNOVADORAS EN LA CLASE DE IDIOMAS.\u00a0con c\u00f3digo\u00a0242924GE019, organizado por el CEP de Ronda: Inscripciones:\u00a0 05\/02\/2024 al 04\/03\/2024 Fecha actividad: 7 de marzo hasta el 22 de marzo de 2024. Fechas de las sesiones presenciales :\u00a0 7, 14 y\u2026","rel":"","context":"En \u00abFormaciones\u00bb","block_context":{"text":"Formaciones","link":"https:\/\/cepronda.com\/blog\/category\/formaciones\/"},"img":{"alt_text":"","src":"https:\/\/i0.wp.com\/cepronda.com\/blog\/wp-content\/uploads\/2024\/02\/Metodologias-Innovadoras-en-la-clase-de-Idiomas-codigo-242924GE019-2.png?fit=1080%2C1080&ssl=1&resize=350%2C200","width":350,"height":200,"srcset":"https:\/\/i0.wp.com\/cepronda.com\/blog\/wp-content\/uploads\/2024\/02\/Metodologias-Innovadoras-en-la-clase-de-Idiomas-codigo-242924GE019-2.png?fit=1080%2C1080&ssl=1&resize=350%2C200 1x, https:\/\/i0.wp.com\/cepronda.com\/blog\/wp-content\/uploads\/2024\/02\/Metodologias-Innovadoras-en-la-clase-de-Idiomas-codigo-242924GE019-2.png?fit=1080%2C1080&ssl=1&resize=525%2C300 1.5x, https:\/\/i0.wp.com\/cepronda.com\/blog\/wp-content\/uploads\/2024\/02\/Metodologias-Innovadoras-en-la-clase-de-Idiomas-codigo-242924GE019-2.png?fit=1080%2C1080&ssl=1&resize=700%2C400 2x, https:\/\/i0.wp.com\/cepronda.com\/blog\/wp-content\/uploads\/2024\/02\/Metodologias-Innovadoras-en-la-clase-de-Idiomas-codigo-242924GE019-2.png?fit=1080%2C1080&ssl=1&resize=1050%2C600 3x"},"classes":[]},{"id":4297,"url":"https:\/\/cepronda.com\/blog\/estrategias-de-evaluacion-en-frances-lengua-extranjera-primaria\/","url_meta":{"origin":5795,"position":1},"title":"ESTRATEGIAS DE EVALUACI\u00d3N EN FRANC\u00c9S LENGUA EXTRANJERA (PRIMARIA)","author":"Maribel Mu\u00f1oz","date":"12 marzo, 2021","format":false,"excerpt":"Buenas tardes compa\u00f1eras y compa\u00f1eros, Os informamos que est\u00e1 abierto el plazo de inscripci\u00f3n de la formaci\u00f3n ESTRATEGIAS DE EVALUACI\u00d3N EN FRANC\u00c9S LENGUA EXTRANJERA (PRIMARIA) PROVINCIAL\u00a0 212924GE031,\u00a0\u00a0 que comenzar\u00e1 a desarrollarse el pr\u00f3ximo\u00a0 06\/04\/2021. Adjuntamos enlace : https:\/\/www.juntadeandalucia.es\/educacion\/secretariavirtual\/consultaCEP\/actividad\/212924GE031\/ El plazo de inscripci\u00f3n finaliza el pr\u00f3ximo 04\/04\/2021 a las 23:59. Te\u2026","rel":"","context":"En \u00abNoticias\u00bb","block_context":{"text":"Noticias","link":"https:\/\/cepronda.com\/blog\/category\/noticias\/"},"img":{"alt_text":"","src":"https:\/\/i0.wp.com\/cepronda.com\/blog\/wp-content\/uploads\/2021\/03\/WhatsApp-Image-2021-03-12-at-13.07.43.jpeg?fit=848%2C1200&ssl=1&resize=350%2C200","width":350,"height":200,"srcset":"https:\/\/i0.wp.com\/cepronda.com\/blog\/wp-content\/uploads\/2021\/03\/WhatsApp-Image-2021-03-12-at-13.07.43.jpeg?fit=848%2C1200&ssl=1&resize=350%2C200 1x, https:\/\/i0.wp.com\/cepronda.com\/blog\/wp-content\/uploads\/2021\/03\/WhatsApp-Image-2021-03-12-at-13.07.43.jpeg?fit=848%2C1200&ssl=1&resize=525%2C300 1.5x, https:\/\/i0.wp.com\/cepronda.com\/blog\/wp-content\/uploads\/2021\/03\/WhatsApp-Image-2021-03-12-at-13.07.43.jpeg?fit=848%2C1200&ssl=1&resize=700%2C400 2x"},"classes":[]},{"id":4302,"url":"https:\/\/cepronda.com\/blog\/estrategias-de-evaluacion-en-frances-lengua-extranjera-secundaria\/","url_meta":{"origin":5795,"position":2},"title":"ESTRATEGIAS DE EVALUACI\u00d3N EN FRANC\u00c9S LENGUA EXTRANJERA (SECUNDARIA)","author":"Maribel Mu\u00f1oz","date":"12 marzo, 2021","format":false,"excerpt":"Buenas tardes compa\u00f1eras y compa\u00f1eros, Os informamos que est\u00e1 abierto el plazo de inscripci\u00f3n de la formaci\u00f3n ESTRATEGIAS DE EVALUACI\u00d3N EN FRANC\u00c9S LENGUA EXTRANJERA (SECUNDARIA) PROVINCIAL\u00a0 212924GE032,\u00a0\u00a0 que comenzar\u00e1 a desarrollarse el pr\u00f3ximo\u00a0 06\/04\/2021. Adjuntamos enlace : https:\/\/www.juntadeandalucia.es\/educacion\/secretariavirtual\/consultaCEP\/actividad\/212924GE032\/ El plazo de inscripci\u00f3n finaliza el pr\u00f3ximo 04\/04\/2021 a las 23:59. Te\u2026","rel":"","context":"En \u00abFormaciones\u00bb","block_context":{"text":"Formaciones","link":"https:\/\/cepronda.com\/blog\/category\/formaciones\/"},"img":{"alt_text":"","src":"https:\/\/i0.wp.com\/cepronda.com\/blog\/wp-content\/uploads\/2021\/03\/WhatsApp-Image-2021-03-12-at-13.07.27.jpeg?fit=848%2C1200&ssl=1&resize=350%2C200","width":350,"height":200,"srcset":"https:\/\/i0.wp.com\/cepronda.com\/blog\/wp-content\/uploads\/2021\/03\/WhatsApp-Image-2021-03-12-at-13.07.27.jpeg?fit=848%2C1200&ssl=1&resize=350%2C200 1x, https:\/\/i0.wp.com\/cepronda.com\/blog\/wp-content\/uploads\/2021\/03\/WhatsApp-Image-2021-03-12-at-13.07.27.jpeg?fit=848%2C1200&ssl=1&resize=525%2C300 1.5x, https:\/\/i0.wp.com\/cepronda.com\/blog\/wp-content\/uploads\/2021\/03\/WhatsApp-Image-2021-03-12-at-13.07.27.jpeg?fit=848%2C1200&ssl=1&resize=700%2C400 2x"},"classes":[]},{"id":7242,"url":"https:\/\/cepronda.com\/blog\/curso-para-el-profesorado-area-no-linguistica-anl-en-frances\/","url_meta":{"origin":5795,"position":3},"title":"CURSO PARA EL PROFESORADO \u00c1REA NO LING\u00dc\u00cdSTICA (ANL) EN FRANC\u00c9S","author":"Mamen Moreno","date":"5 diciembre, 2023","format":false,"excerpt":"Abierto el plazo de inscripci\u00f3n para el curso regional a distancia, dirigido al profesorado de \u00e1reas no ling\u00fc\u00edsticas de centros biling\u00fces franc\u00e9s: CURSO PARA PROFESORADO DE \u00c1REA NO LING\u00dc\u00cdSTICA EN FRANC\u00c9S c\u00f3digo: 24K9926AV155 Plazo de Inscripci\u00f3n: 04\/12\/2023 al 18\/12\/2023 Del 08\/01\/2024 hasta 29\/02\/2024 Enlace de inscripci\u00f3n:\u00a0https:\/\/www.juntadeandalucia.es\/educacion\/secretariavirtual\/consultaCEP\/actividad\/24K9926AV155\/","rel":"","context":"En \u00abFormaciones\u00bb","block_context":{"text":"Formaciones","link":"https:\/\/cepronda.com\/blog\/category\/formaciones\/"},"img":{"alt_text":"","src":"https:\/\/i0.wp.com\/cepronda.com\/blog\/wp-content\/uploads\/2023\/12\/CODIGO-1.png?fit=1080%2C1080&ssl=1&resize=350%2C200","width":350,"height":200,"srcset":"https:\/\/i0.wp.com\/cepronda.com\/blog\/wp-content\/uploads\/2023\/12\/CODIGO-1.png?fit=1080%2C1080&ssl=1&resize=350%2C200 1x, https:\/\/i0.wp.com\/cepronda.com\/blog\/wp-content\/uploads\/2023\/12\/CODIGO-1.png?fit=1080%2C1080&ssl=1&resize=525%2C300 1.5x, https:\/\/i0.wp.com\/cepronda.com\/blog\/wp-content\/uploads\/2023\/12\/CODIGO-1.png?fit=1080%2C1080&ssl=1&resize=700%2C400 2x, https:\/\/i0.wp.com\/cepronda.com\/blog\/wp-content\/uploads\/2023\/12\/CODIGO-1.png?fit=1080%2C1080&ssl=1&resize=1050%2C600 3x"},"classes":[]},{"id":7246,"url":"https:\/\/cepronda.com\/blog\/curso-para-el-profesorado-area-no-linguistica-anl-en-ingles\/","url_meta":{"origin":5795,"position":4},"title":"CURSO PARA EL PROFESORADO \u00c1REA NO LING\u00dc\u00cdSTICA (ANL) EN INGL\u00c9S","author":"Mamen Moreno","date":"5 diciembre, 2023","format":false,"excerpt":"Abierto el plazo de inscripci\u00f3n para el curso regional a distancia, dirigido al profesorado de \u00e1reas no ling\u00fc\u00edsticas de centros biling\u00fces ingl\u00e9s: CURSO PARA PROFESORADO DE \u00c1REA NO LING\u00dc\u00cdSTICA EN INGL\u00c9S c\u00f3digo: 24K9926AV156 Plazo de Inscripci\u00f3n: 04\/12\/2023 al 18\/12\/2023 Del 08\/01\/2024 hasta 29\/02\/2024 Enlace de inscripci\u00f3n:\u00a0https:\/\/www.juntadeandalucia.es\/educacion\/secretariavirtual\/consultaCEP\/actividad\/24K9926AV156\/","rel":"","context":"En \u00abFormaciones\u00bb","block_context":{"text":"Formaciones","link":"https:\/\/cepronda.com\/blog\/category\/formaciones\/"},"img":{"alt_text":"","src":"https:\/\/i0.wp.com\/cepronda.com\/blog\/wp-content\/uploads\/2023\/12\/Learn-language-2.png?fit=1080%2C1080&ssl=1&resize=350%2C200","width":350,"height":200,"srcset":"https:\/\/i0.wp.com\/cepronda.com\/blog\/wp-content\/uploads\/2023\/12\/Learn-language-2.png?fit=1080%2C1080&ssl=1&resize=350%2C200 1x, https:\/\/i0.wp.com\/cepronda.com\/blog\/wp-content\/uploads\/2023\/12\/Learn-language-2.png?fit=1080%2C1080&ssl=1&resize=525%2C300 1.5x, https:\/\/i0.wp.com\/cepronda.com\/blog\/wp-content\/uploads\/2023\/12\/Learn-language-2.png?fit=1080%2C1080&ssl=1&resize=700%2C400 2x, https:\/\/i0.wp.com\/cepronda.com\/blog\/wp-content\/uploads\/2023\/12\/Learn-language-2.png?fit=1080%2C1080&ssl=1&resize=1050%2C600 3x"},"classes":[]},{"id":7327,"url":"https:\/\/cepronda.com\/blog\/gestion-economica-para-secretarias-3\/","url_meta":{"origin":5795,"position":5},"title":"GESTI\u00d3N ECON\u00d3MICA PARA SECRETAR\u00cdAS","author":"Mamen Moreno","date":"12 enero, 2024","format":false,"excerpt":"Os informamos que se encuentra abierta la inscripci\u00f3n en el curso Provincial\u00a0GESTI\u00d3N ECON\u00d3MICA PARA SECRETAR\u00cdAS con c\u00f3digo 242924KPF230, organizado por el CEP de Ronda: Inscripciones:\u00a0 12\/01\/2024 al 26\/01\/2024 Fecha actividad: 30 de enero hasta el 11 de marzo de 2024 Fechas de las videoconferencias: \u00a030 de enero, 6 y 13\u2026","rel":"","context":"En \u00abFormaciones\u00bb","block_context":{"text":"Formaciones","link":"https:\/\/cepronda.com\/blog\/category\/formaciones\/"},"img":{"alt_text":"","src":"https:\/\/i0.wp.com\/cepronda.com\/blog\/wp-content\/uploads\/2024\/01\/WhatsApp-Image-2024-01-12-at-11.03.42.jpeg?fit=848%2C1200&ssl=1&resize=350%2C200","width":350,"height":200,"srcset":"https:\/\/i0.wp.com\/cepronda.com\/blog\/wp-content\/uploads\/2024\/01\/WhatsApp-Image-2024-01-12-at-11.03.42.jpeg?fit=848%2C1200&ssl=1&resize=350%2C200 1x, https:\/\/i0.wp.com\/cepronda.com\/blog\/wp-content\/uploads\/2024\/01\/WhatsApp-Image-2024-01-12-at-11.03.42.jpeg?fit=848%2C1200&ssl=1&resize=525%2C300 1.5x, https:\/\/i0.wp.com\/cepronda.com\/blog\/wp-content\/uploads\/2024\/01\/WhatsApp-Image-2024-01-12-at-11.03.42.jpeg?fit=848%2C1200&ssl=1&resize=700%2C400 2x"},"classes":[]}],"jetpack_sharing_enabled":true,"_links":{"self":[{"href":"https:\/\/cepronda.com\/blog\/wp-json\/wp\/v2\/posts\/5795","targetHints":{"allow":["GET"]}}],"collection":[{"href":"https:\/\/cepronda.com\/blog\/wp-json\/wp\/v2\/posts"}],"about":[{"href":"https:\/\/cepronda.com\/blog\/wp-json\/wp\/v2\/types\/post"}],"author":[{"embeddable":true,"href":"https:\/\/cepronda.com\/blog\/wp-json\/wp\/v2\/users\/13"}],"replies":[{"embeddable":true,"href":"https:\/\/cepronda.com\/blog\/wp-json\/wp\/v2\/comments?post=5795"}],"version-history":[{"count":3,"href":"https:\/\/cepronda.com\/blog\/wp-json\/wp\/v2\/posts\/5795\/revisions"}],"predecessor-version":[{"id":5800,"href":"https:\/\/cepronda.com\/blog\/wp-json\/wp\/v2\/posts\/5795\/revisions\/5800"}],"wp:featuredmedia":[{"embeddable":true,"href":"https:\/\/cepronda.com\/blog\/wp-json\/wp\/v2\/media\/5796"}],"wp:attachment":[{"href":"https:\/\/cepronda.com\/blog\/wp-json\/wp\/v2\/media?parent=5795"}],"wp:term":[{"taxonomy":"category","embeddable":true,"href":"https:\/\/cepronda.com\/blog\/wp-json\/wp\/v2\/categories?post=5795"},{"taxonomy":"post_tag","embeddable":true,"href":"https:\/\/cepronda.com\/blog\/wp-json\/wp\/v2\/tags?post=5795"}],"curies":[{"name":"wp","href":"https:\/\/api.w.org\/{rel}","templated":true}]}}