{"id":5768,"date":"2023-02-09T13:35:50","date_gmt":"2023-02-09T12:35:50","guid":{"rendered":"https:\/\/cepronda.com\/blog\/?p=5768"},"modified":"2023-02-09T13:46:16","modified_gmt":"2023-02-09T12:46:16","slug":"convocatoria-de-los-vi-premios-bibliotecas-escolares-y-fomento-de-la-lectura","status":"publish","type":"post","link":"https:\/\/cepronda.com\/blog\/convocatoria-de-los-vi-premios-bibliotecas-escolares-y-fomento-de-la-lectura\/","title":{"rendered":"CONVOCATORIA DE LOS VI PREMIOS  BIBLIOTECAS ESCOLARES Y FOMENTO DE LA LECTURA"},"content":{"rendered":"<h2>Convocatoria<\/h2>\n<p><a href=\"https:\/\/www.juntadeandalucia.es\/educacion\/portals\/delegate\/content\/65b7cda1-c750-4288-9d92-ef7abc15428b\" target=\"_blank\" rel=\"noopener noreferrer\">Resoluci\u00f3n de 3 de febrero de 2023<\/a>, de la Direcci\u00f3n General de Tecnolog\u00edas Avanzadas y Transformaci\u00f3n Educativa, por la que se convocan los VI premios para el reconocimiento a centros con buenas pr\u00e1cticas docentes en bibliotecas escolares y en el fomento de la lectura, correspondientes al curso 2022-2023.<\/p>\n<h3>Premios. Modalidades y Categor\u00edas<\/h3>\n<h4>Modalidades:<\/h4>\n<p>a) Premio \u201cBibliotecas escolares\u201d al reconocimiento a centros con buenas pr\u00e1cticas docentes en Bibliotecas escolares.<\/p>\n<p>b) Premio \u201cFomento de la Lectura\u201d al reconocimiento a centros con buenas pr\u00e1cticas docentes para el fomento de la lectura.<\/p>\n<h4>Categor\u00edas:<\/h4>\n<p>Los premios se otorgar\u00e1n en dos categor\u00edas:<\/p>\n<ul>\n<li>Centros p\u00fablicos de Educaci\u00f3n Infantil y Primaria.<\/li>\n<li>Centros de Educaci\u00f3n Secundaria Obligatoria.<\/li>\n<\/ul>\n<h3>Premios:<\/h3>\n<p>Por cada modalidad y categor\u00eda se otorgar\u00e1:<\/p>\n<p>a) Primer premio: 5.000 euros y trofeo.<\/p>\n<p>b) Segundo premio: 3.000 euros y trofeo.<\/p>\n<p>c) Tercer premio: 1.000 euros y trofeo.<\/p>\n<h3>Destinatarios<\/h3>\n<ul>\n<li>Centros docentes p\u00fablicos de titularidad de la Consejer\u00eda de Desarrollo Educativo y Formaci\u00f3n Profesional&nbsp;que impartan ense\u00f1anzas de Educaci\u00f3n Infantil de 2\u00ba ciclo, Educaci\u00f3n Primaria y Educaci\u00f3n Secundaria Obligatoria, que hayan desarrollado actuaciones de dinamizaci\u00f3n e innovaci\u00f3n de su biblioteca y de fomento de la lectura.<\/li>\n<li>No podr\u00e1n participar en esta convocatoria los centros docentes que hubieran obtenido premio en cualquiera de las modalidades en las tres \u00faltimas ediciones.<\/li>\n<\/ul>\n<h3>Plazo de presentaci\u00f3n de candidaturas<\/h3>\n<ul>\n<li>El plazo de presentaci\u00f3n de las candidaturas&nbsp;<strong>finaliza el 16 de abril de 2023<\/strong>.<\/li>\n<\/ul>\n<h3>Memoria y presentaci\u00f3n de candidaturas<\/h3>\n<ul>\n<li>Los centros deber\u00e1n cumplimentar&nbsp;<strong>en<\/strong>&nbsp;el sistema&nbsp;<strong>S\u00e9neca<\/strong>&nbsp;el&nbsp;<strong>formulario de inscripci\u00f3n<\/strong>&nbsp;que corresponda seg\u00fan el Premio al que se opte,&nbsp;<strong>en el que se adjuntar\u00e1 una memoria de las actuaciones realizadas<\/strong>&nbsp;en PDF o ZIP,&nbsp;<strong>seg\u00fan el modelo del Anexo I<\/strong>, para el&nbsp;<strong>Premio \u201cBiblioteca Escolar\u201d<\/strong>, o&nbsp;<strong>seg\u00fan el modelo del Anexo II<\/strong>, para el&nbsp;<strong>Premio \u201cFomento de la Lectura\u201d<\/strong>&nbsp;de la citada Resoluci\u00f3n de 3 de febrero.<\/li>\n<li>La memoria con las actuaciones llevadas a cabo ocupar\u00e1 un&nbsp;<strong>m\u00e1ximo<\/strong>&nbsp;de&nbsp;<strong>40 p\u00e1ginas numeradas<\/strong>, incluyendo los anexos, en tama\u00f1o A4, con un interlineado doble y utilizando el tipo de letra Arial, o similar, tama\u00f1o de 12 puntos. Si se presentasen m\u00e1s de 40 p\u00e1ginas, las adicionales no se tendr\u00e1n en cuenta en la evaluaci\u00f3n, pertenezcan a la memoria o a los anexos. Se podr\u00e1n incluir fotograf\u00edas, gr\u00e1ficos e hiperenlaces. La Memoria y el documento con los Anexos se presentar\u00e1n en formato PDF o ZIP y la capacidad m\u00e1xima ser\u00e1 de 10 Mb para cada uno de ellos. En caso de adjuntarse im\u00e1genes, \u00e9stas tendr\u00e1n formato JPG o PNG.<\/li>\n<li>Tras cumplimentar el formulario de inscripci\u00f3n en el que se adjunta la memoria,&nbsp;<strong>el Director o Directora del centro educativo deber\u00e1 firmar tambi\u00e9n en S\u00e9neca la solicitud de participaci\u00f3n<\/strong>.<\/li>\n<\/ul>\n<h3>Entrega de premios<\/h3>\n<ul>\n<li>En torno al&nbsp;<strong>16 de diciembre de 2023<\/strong>, D\u00eda de la Lectura en Andaluc\u00eda.<\/li>\n<\/ul>\n<p>&nbsp;<\/p>\n<p>\u00a1\u00a1\u00a1\u00a1OS ANIMAMOS A PARTICIPAR!!!!<\/p>\n","protected":false},"excerpt":{"rendered":"<p>Convocatoria Resoluci\u00f3n de 3 de febrero de 2023, de la Direcci\u00f3n General de Tecnolog\u00edas Avanzadas y Transformaci\u00f3n Educativa, por la que se convocan los VI premios para el reconocimiento a centros con buenas pr\u00e1cticas docentes en bibliotecas escolares y en el fomento de la lectura, correspondientes al curso 2022-2023. Premios. Modalidades y Categor\u00edas Modalidades: a) [&hellip;]<\/p>\n","protected":false},"author":9,"featured_media":5772,"comment_status":"closed","ping_status":"open","sticky":false,"template":"","format":"standard","meta":{"_crdt_document":"","advanced_seo_description":"","jetpack_seo_html_title":"","jetpack_seo_noindex":false,"jetpack_post_was_ever_published":false,"_jetpack_newsletter_access":"","_jetpack_dont_email_post_to_subs":false,"_jetpack_newsletter_tier_id":0,"_jetpack_memberships_contains_paywalled_content":false,"_jetpack_memberships_contains_paid_content":false,"footnotes":"","jetpack_publicize_message":"","jetpack_publicize_feature_enabled":true,"jetpack_social_post_already_shared":false,"jetpack_social_options":{"image_generator_settings":{"template":"highway","default_image_id":0,"font":"","enabled":false},"version":2}},"categories":[5],"tags":[],"class_list":{"0":"post-5768","1":"post","2":"type-post","3":"status-publish","4":"format-standard","5":"has-post-thumbnail","7":"category-noticias","8":"czr-hentry"},"jetpack_publicize_connections":[],"jetpack_featured_media_url":"https:\/\/i0.wp.com\/cepronda.com\/blog\/wp-content\/uploads\/2023\/02\/Copia-de-ESTANCIAS-FORMATIVAS-EN-EMPRESAS-PARA-EL-PROFESORADO-DE-FORMACION-PROFESIONAL-2.png?fit=1080%2C1080&ssl=1","jetpack_shortlink":"https:\/\/wp.me\/p8M4X7-1v2","jetpack-related-posts":[{"id":3388,"url":"https:\/\/cepronda.com\/blog\/iii-premios-para-el-reconocimiento-a-centros-publicos-de-andalucia-con-buenas-practicas-docentes-en-bibliotecas-escolares-y-en-el-fomento-de-la-lectura\/","url_meta":{"origin":5768,"position":0},"title":"III Premios para el reconocimiento a centros p\u00fablicos de Andaluc\u00eda con buenas pr\u00e1cticas docentes en bibliotecas escolares y en el fomento de la lectura","author":"V\u00edctor Caballero","date":"4 febrero, 2020","format":false,"excerpt":"Muy buenas, Sabemos que en muchos de nuestros centros la biblioteca es uno de los motores que ayuda a dinamizar la vida escolar, y por lo tanto sabemos que muchas de nuestras bibliotecas sois referentes. Por eso os animamos a participar en esta convocatoria. Pr\u00f3xima publicaci\u00f3n en BOJA. Caracter\u00edsticas de\u2026","rel":"","context":"En \u00abFormaciones\u00bb","block_context":{"text":"Formaciones","link":"https:\/\/cepronda.com\/blog\/category\/formaciones\/"},"img":{"alt_text":"","src":"https:\/\/i0.wp.com\/cepronda.com\/blog\/wp-content\/uploads\/2018\/10\/child-315049_1280.jpg?fit=794%2C1200&ssl=1&resize=350%2C200","width":350,"height":200,"srcset":"https:\/\/i0.wp.com\/cepronda.com\/blog\/wp-content\/uploads\/2018\/10\/child-315049_1280.jpg?fit=794%2C1200&ssl=1&resize=350%2C200 1x, https:\/\/i0.wp.com\/cepronda.com\/blog\/wp-content\/uploads\/2018\/10\/child-315049_1280.jpg?fit=794%2C1200&ssl=1&resize=525%2C300 1.5x, https:\/\/i0.wp.com\/cepronda.com\/blog\/wp-content\/uploads\/2018\/10\/child-315049_1280.jpg?fit=794%2C1200&ssl=1&resize=700%2C400 2x"},"classes":[]},{"id":2667,"url":"https:\/\/cepronda.com\/blog\/ii-premios-para-el-reconocimiento-a-centros-publicos-de-andalucia-con-buenas-practicas-docentes-en-bibliotecas-escolares-y-en-el-fomento-de-la-lectura\/","url_meta":{"origin":5768,"position":1},"title":"II Premios para el reconocimiento a centros p\u00fablicos de Andaluc\u00eda con buenas pr\u00e1cticas docentes en Bibliotecas Escolares y en el fomento de la lectura","author":"V\u00edctor Caballero","date":"13 marzo, 2019","format":false,"excerpt":"Muy buenas familia, queremos compartir con todos y todas vosotras la convocatoria de estos premios, ya que sabemos que muchas de las bibliotecas de los centros de nuestra zona est\u00e1n haciendo un gran trabajo, y creemos sinceramente que pod\u00e9is optar a estos premios. Os dejamos con la informaci\u00f3n sobre la\u2026","rel":"","context":"En \u00abNoticias\u00bb","block_context":{"text":"Noticias","link":"https:\/\/cepronda.com\/blog\/category\/noticias\/"},"img":{"alt_text":"","src":"","width":0,"height":0},"classes":[]},{"id":5187,"url":"https:\/\/cepronda.com\/blog\/reunion-informativa-v-premios-bibliotecas-escolares-y-fomento-de-la-lectura\/","url_meta":{"origin":5768,"position":2},"title":"REUNI\u00d3N INFORMATIVA V PREMIOS BIBLIOTECAS ESCOLARES Y FOMENTO DE LA LECTURA.","author":"Maribel Mu\u00f1oz","date":"28 marzo, 2022","format":false,"excerpt":"Buenas tardes compa\u00f1eras y compa\u00f1eros Os informamos que el pr\u00f3ximo 6 de abril de 2022 se va a desarrollar una REUNI\u00d3N INFORMATIVA V PREMIOS BIBLIOTECAS ESCOLARES Y FOMENTO DE LA LECTURA.\u00a0 Est\u00e1 dirigida al profesorado responsable de BE y direcciones de centros de Educaci\u00f3n Infantil de 2\u00ba ciclo, Educaci\u00f3n Primaria\u2026","rel":"","context":"En \u00abNoticias\u00bb","block_context":{"text":"Noticias","link":"https:\/\/cepronda.com\/blog\/category\/noticias\/"},"img":{"alt_text":"","src":"https:\/\/i0.wp.com\/cepronda.com\/blog\/wp-content\/uploads\/2022\/03\/BBEE-cartel-reunion-1.jpg?fit=580%2C820&ssl=1&resize=350%2C200","width":350,"height":200,"srcset":"https:\/\/i0.wp.com\/cepronda.com\/blog\/wp-content\/uploads\/2022\/03\/BBEE-cartel-reunion-1.jpg?fit=580%2C820&ssl=1&resize=350%2C200 1x, https:\/\/i0.wp.com\/cepronda.com\/blog\/wp-content\/uploads\/2022\/03\/BBEE-cartel-reunion-1.jpg?fit=580%2C820&ssl=1&resize=525%2C300 1.5x"},"classes":[]},{"id":3794,"url":"https:\/\/cepronda.com\/blog\/iii-premios-para-el-reconocimiento-a-centros-publicos-de-andalucia-con-buenas-practicas-docentes-en-bibliotecas-escolares-y-en-el-fomento-de-la-lectura-2\/","url_meta":{"origin":5768,"position":3},"title":"III Premios para el reconocimiento a centros p\u00fablicos de Andaluc\u00eda con buenas pr\u00e1cticas docentes en Bibliotecas Escolares y en el fomento de la lectura","author":"Inmaculada Garc\u00eda","date":"5 octubre, 2020","format":false,"excerpt":"\u00a0 \u00a0 \u00a0 Enhorabuena a todos los centros que han sido premiados en los III Premios para el reconocimiento a centros p\u00fablicos de Andaluc\u00eda con buenas pr\u00e1cticas docentes en bibliotecas escolares y en el fomento de la lectura correspondientes al curso 2019-2020. (Publicaci\u00f3n del fallo del jurado) \u00a0 \u00a0 \u00a0\u2026","rel":"","context":"En \u00abNoticias\u00bb","block_context":{"text":"Noticias","link":"https:\/\/cepronda.com\/blog\/category\/noticias\/"},"img":{"alt_text":"","src":"https:\/\/i0.wp.com\/cepronda.com\/blog\/wp-content\/uploads\/2020\/03\/premio_bibliotecas_escolares.png?fit=1200%2C678&ssl=1&resize=350%2C200","width":350,"height":200,"srcset":"https:\/\/i0.wp.com\/cepronda.com\/blog\/wp-content\/uploads\/2020\/03\/premio_bibliotecas_escolares.png?fit=1200%2C678&ssl=1&resize=350%2C200 1x, https:\/\/i0.wp.com\/cepronda.com\/blog\/wp-content\/uploads\/2020\/03\/premio_bibliotecas_escolares.png?fit=1200%2C678&ssl=1&resize=525%2C300 1.5x, https:\/\/i0.wp.com\/cepronda.com\/blog\/wp-content\/uploads\/2020\/03\/premio_bibliotecas_escolares.png?fit=1200%2C678&ssl=1&resize=700%2C400 2x, https:\/\/i0.wp.com\/cepronda.com\/blog\/wp-content\/uploads\/2020\/03\/premio_bibliotecas_escolares.png?fit=1200%2C678&ssl=1&resize=1050%2C600 3x"},"classes":[]},{"id":5161,"url":"https:\/\/cepronda.com\/blog\/v-premios-bibliotecas-escolares-y-fomento-de-la-lectura-2021-22\/","url_meta":{"origin":5768,"position":4},"title":"V PREMIOS BIBLIOTECAS ESCOLARES Y FOMENTO DE LA LECTURA  2021-22","author":"Maribel Mu\u00f1oz","date":"15 marzo, 2022","format":false,"excerpt":"Buenas tardes compa\u00f1eras y compa\u00f1eros, Os informamos que se ha publicado la\u00a0 Resoluci\u00f3n de 8 de febrero de 2022, de la Direcci\u00f3n General de Formaci\u00f3n del Profesorado e Innovaci\u00f3n Educativa, por la que se convocan los V Premios para el reconocimiento a centros p\u00fablicos de Andaluc\u00eda con buenas pr\u00e1cticas docentes\u2026","rel":"","context":"En \u00abNoticias\u00bb","block_context":{"text":"Noticias","link":"https:\/\/cepronda.com\/blog\/category\/noticias\/"},"img":{"alt_text":"","src":"https:\/\/i0.wp.com\/cepronda.com\/blog\/wp-content\/uploads\/2020\/10\/bibliotecas-escolares.jpg?resize=350%2C200","width":350,"height":200},"classes":[]},{"id":4157,"url":"https:\/\/cepronda.com\/blog\/iv-premios-para-el-reconocimiento-en-bibliotecas-escolares-y-en-fomento-de-la-lectura\/","url_meta":{"origin":5768,"position":5},"title":"IV PREMIOS PARA EL RECONOCIMIENTO EN BIBLIOTECAS ESCOLARES Y EN FOMENTO DE LA LECTURA","author":"Maribel Mu\u00f1oz","date":"8 febrero, 2021","format":false,"excerpt":"Buenas tardes compa\u00f1eras y compa\u00f1eros, Os informamos que est\u00e1 abierto el plazo\u00a0 de presentaci\u00f3n de las candidaturas a los IV Premios para el reconocimiento a centros p\u00fablicos de Andaluc\u00eda con buenas pr\u00e1cticas docentes en bibliotecas escolares y en el fomento de la lectura, correspondientes al curso 2020-2021. El plazo\u00a0 de\u2026","rel":"","context":"En \u00abNoticias\u00bb","block_context":{"text":"Noticias","link":"https:\/\/cepronda.com\/blog\/category\/noticias\/"},"img":{"alt_text":"","src":"https:\/\/i0.wp.com\/cepronda.com\/blog\/wp-content\/uploads\/2020\/10\/bibliotecas-escolares-300x70.jpg?resize=350%2C200","width":350,"height":200},"classes":[]}],"jetpack_sharing_enabled":true,"_links":{"self":[{"href":"https:\/\/cepronda.com\/blog\/wp-json\/wp\/v2\/posts\/5768","targetHints":{"allow":["GET"]}}],"collection":[{"href":"https:\/\/cepronda.com\/blog\/wp-json\/wp\/v2\/posts"}],"about":[{"href":"https:\/\/cepronda.com\/blog\/wp-json\/wp\/v2\/types\/post"}],"author":[{"embeddable":true,"href":"https:\/\/cepronda.com\/blog\/wp-json\/wp\/v2\/users\/9"}],"replies":[{"embeddable":true,"href":"https:\/\/cepronda.com\/blog\/wp-json\/wp\/v2\/comments?post=5768"}],"version-history":[{"count":5,"href":"https:\/\/cepronda.com\/blog\/wp-json\/wp\/v2\/posts\/5768\/revisions"}],"predecessor-version":[{"id":5775,"href":"https:\/\/cepronda.com\/blog\/wp-json\/wp\/v2\/posts\/5768\/revisions\/5775"}],"wp:featuredmedia":[{"embeddable":true,"href":"https:\/\/cepronda.com\/blog\/wp-json\/wp\/v2\/media\/5772"}],"wp:attachment":[{"href":"https:\/\/cepronda.com\/blog\/wp-json\/wp\/v2\/media?parent=5768"}],"wp:term":[{"taxonomy":"category","embeddable":true,"href":"https:\/\/cepronda.com\/blog\/wp-json\/wp\/v2\/categories?post=5768"},{"taxonomy":"post_tag","embeddable":true,"href":"https:\/\/cepronda.com\/blog\/wp-json\/wp\/v2\/tags?post=5768"}],"curies":[{"name":"wp","href":"https:\/\/api.w.org\/{rel}","templated":true}]}}