{"id":5763,"date":"2023-02-09T13:20:24","date_gmt":"2023-02-09T12:20:24","guid":{"rendered":"https:\/\/cepronda.com\/blog\/?p=5763"},"modified":"2025-04-28T12:15:40","modified_gmt":"2025-04-28T10:15:40","slug":"portal-web-de-experiencias-educativas-de-exito","status":"publish","type":"post","link":"https:\/\/cepronda.com\/blog\/portal-web-de-experiencias-educativas-de-exito\/","title":{"rendered":"PORTAL WEB DE EXPERIENCIAS EDUCATIVAS DE \u00c9XITO"},"content":{"rendered":"<p>Los Centros del Profesorado de la provincia de M\u00e1laga anuncian el lanzamiento de un <a href=\"https:\/\/www.experienciaseducativasmalaga.com\/?m=1\">portal web de Experiencias Educativas de \u00c9xito<\/a> que se desarrollan en los centros de nuestra provincia. Se puede acceder desde el enlace <a href=\"https:\/\/www.experienciaseducativasmalaga.com\/?m=1\">www.experienciaseducativasmalaga.com<\/a><br \/>\nLos centros interesados en compartir sus proyectos y buenas pr\u00e1cticas pueden enviar la informaci\u00f3n a trav\u00e9s de un formulario en l\u00ednea alojado en la propia web.<\/p>\n<p><span class=\"embed-youtube\" style=\"text-align:center; display: block;\"><iframe loading=\"lazy\" class=\"youtube-player\" width=\"1170\" height=\"659\" src=\"https:\/\/www.youtube.com\/embed\/lTjoFumBogA?version=3&#038;rel=1&#038;showsearch=0&#038;showinfo=1&#038;iv_load_policy=1&#038;fs=1&#038;hl=es-ES&#038;autohide=2&#038;wmode=transparent\" allowfullscreen=\"true\" style=\"border:0;\" sandbox=\"allow-scripts allow-same-origin allow-popups allow-presentation allow-popups-to-escape-sandbox\"><\/iframe><\/span><\/p>\n<p>&nbsp;<\/p>\n","protected":false},"excerpt":{"rendered":"<p>Los Centros del Profesorado de la provincia de M\u00e1laga anuncian el lanzamiento de un portal web de Experiencias Educativas de \u00c9xito que se desarrollan en los centros de nuestra provincia. Se puede acceder desde el enlace www.experienciaseducativasmalaga.com Los centros interesados en compartir sus proyectos y buenas pr\u00e1cticas pueden enviar la informaci\u00f3n a trav\u00e9s de un [&hellip;]<\/p>\n","protected":false},"author":9,"featured_media":5764,"comment_status":"closed","ping_status":"open","sticky":false,"template":"","format":"standard","meta":{"_crdt_document":"","advanced_seo_description":"","jetpack_seo_html_title":"","jetpack_seo_noindex":false,"jetpack_post_was_ever_published":false,"_jetpack_newsletter_access":"","_jetpack_dont_email_post_to_subs":false,"_jetpack_newsletter_tier_id":0,"_jetpack_memberships_contains_paywalled_content":false,"_jetpack_memberships_contains_paid_content":false,"footnotes":"","jetpack_publicize_message":"","jetpack_publicize_feature_enabled":true,"jetpack_social_post_already_shared":false,"jetpack_social_options":{"image_generator_settings":{"template":"highway","default_image_id":0,"font":"","enabled":false},"version":2}},"categories":[3,5],"tags":[],"class_list":{"0":"post-5763","1":"post","2":"type-post","3":"status-publish","4":"format-standard","5":"has-post-thumbnail","7":"category-formaciones","8":"category-noticias","9":"czr-hentry"},"jetpack_publicize_connections":[],"jetpack_featured_media_url":"https:\/\/i0.wp.com\/cepronda.com\/blog\/wp-content\/uploads\/2023\/02\/portal.png?fit=594%2C395&ssl=1","jetpack_shortlink":"https:\/\/wp.me\/p8M4X7-1uX","jetpack-related-posts":[{"id":7623,"url":"https:\/\/cepronda.com\/blog\/portal-de-experiencias-educativas-de-exito-de-la-provincia-de-malaga\/","url_meta":{"origin":5763,"position":0},"title":"PORTAL DE EXPERIENCIAS EDUCATIVAS DE \u00c9XITO DE LA PROVINCIA DE M\u00c1LAGA","author":"Mamen Moreno","date":"14 mayo, 2024","format":false,"excerpt":"\u00bfConoc\u00e9is el portal www.experienciaseducativasmalaga.com? Si vuestro centro realiza experiencia de \u00e9xito o si quer\u00e9is inspiraros en otras, este es vuestro portal https:\/\/www.experienciaseducativasmalaga.com\/ \u00a0 \u00a0","rel":"","context":"En \u00abFormaciones\u00bb","block_context":{"text":"Formaciones","link":"https:\/\/cepronda.com\/blog\/category\/formaciones\/"},"img":{"alt_text":"","src":"https:\/\/i0.wp.com\/cepronda.com\/blog\/wp-content\/uploads\/2024\/05\/Diseno-sin-titulo-6-1.png?fit=600%2C600&ssl=1&resize=350%2C200","width":350,"height":200,"srcset":"https:\/\/i0.wp.com\/cepronda.com\/blog\/wp-content\/uploads\/2024\/05\/Diseno-sin-titulo-6-1.png?fit=600%2C600&ssl=1&resize=350%2C200 1x, https:\/\/i0.wp.com\/cepronda.com\/blog\/wp-content\/uploads\/2024\/05\/Diseno-sin-titulo-6-1.png?fit=600%2C600&ssl=1&resize=525%2C300 1.5x"},"classes":[]},{"id":125,"url":"https:\/\/cepronda.com\/blog\/inscripcion-vii-concurso-buenas-practicas-educativas\/","url_meta":{"origin":5763,"position":1},"title":"Inscripci\u00f3n VII Concurso Buenas Pr\u00e1cticas Educativas","author":"V\u00edctor Caballero","date":"22 septiembre, 2016","format":false,"excerpt":"Queremos compartir con todo el profesorado este concurso de Buenas Pr\u00e1cticas Educativas. La Asociaci\u00f3n Mejora tu Escuela P\u00fablica convoca la s\u00e9ptima edici\u00f3n de su concurso de Buenas Pr\u00e1cticas Educativas, en el que podr\u00e1n participar las experiencias educativas llevadas a cabo durante el curso 2015\/2016 en centros p\u00fablicos del Estado Espa\u00f1ol.\u2026","rel":"","context":"En \u00abNoticias\u00bb","block_context":{"text":"Noticias","link":"https:\/\/cepronda.com\/blog\/category\/noticias\/"},"img":{"alt_text":"logomep","src":"https:\/\/i0.wp.com\/cepronda.com\/blog\/wp-content\/uploads\/2016\/09\/logoMEP.png?resize=350%2C200","width":350,"height":200},"classes":[]},{"id":3279,"url":"https:\/\/cepronda.com\/blog\/x-concurso-de-buenas-practicas-educativas-de-la-asociacion-mejora-tu-escuela-publica\/","url_meta":{"origin":5763,"position":2},"title":"X concurso de Buenas Pr\u00e1cticas Educativas de la Asociaci\u00f3n &quot;Mejora tu Escuela P\u00fablica&quot;","author":"V\u00edctor Caballero","date":"7 enero, 2020","format":false,"excerpt":"La Asociaci\u00f3n Mejora tu Escuela P\u00fablica convoca la d\u00e9cima edici\u00f3n de su Concurso Nacional de Buenas Pr\u00e1cticas Educativas, en el que podr\u00e1n participar las experiencias educativas llevadas a cabo durante el curso 2018\/19 y\/o 2019\/2020 en centros p\u00fablicos del Estado Espa\u00f1ol. Podr\u00e1n participar los Profesores a nivel personal o colectivo,\u2026","rel":"","context":"En \u00abNoticias\u00bb","block_context":{"text":"Noticias","link":"https:\/\/cepronda.com\/blog\/category\/noticias\/"},"img":{"alt_text":"","src":"https:\/\/i0.wp.com\/cepronda.com\/blog\/wp-content\/uploads\/2019\/05\/logo-nuevo.jpg?fit=531%2C342&ssl=1&resize=350%2C200","width":350,"height":200,"srcset":"https:\/\/i0.wp.com\/cepronda.com\/blog\/wp-content\/uploads\/2019\/05\/logo-nuevo.jpg?fit=531%2C342&ssl=1&resize=350%2C200 1x, https:\/\/i0.wp.com\/cepronda.com\/blog\/wp-content\/uploads\/2019\/05\/logo-nuevo.jpg?fit=531%2C342&ssl=1&resize=525%2C300 1.5x"},"classes":[]},{"id":8411,"url":"https:\/\/cepronda.com\/blog\/jornadas-provinciales-de-practicas-educativas-de-exito\/","url_meta":{"origin":5763,"position":3},"title":"JORNADAS PROVINCIALES DE PR\u00c1CTICAS EDUCATIVAS DE \u00c9XITO","author":"Mamen Moreno","date":"31 marzo, 2025","format":false,"excerpt":"Se abre el plazo de inscripci\u00f3n para las \"JORNADAS PROVINCIALES DE PR\u00c1CTICAS EDUCATIVAS DE \u00c9XITO\" con C\u00d3DIGO: 252925GE600, dirigido al profesorado de todas las etapas de la provincia de M\u00e1laga. \u00a0 Las sesiones se realizar\u00e1n en directo en formato ONLINE a trav\u00e9s de la plataforma de Youtube y Webex. \u00a0\u2026","rel":"","context":"En \u00abNoticias\u00bb","block_context":{"text":"Noticias","link":"https:\/\/cepronda.com\/blog\/category\/noticias\/"},"img":{"alt_text":"","src":"https:\/\/i0.wp.com\/cepronda.com\/blog\/wp-content\/uploads\/2025\/03\/j-experiencias-educativas-de-exito-2-4.png?fit=848%2C1200&ssl=1&resize=350%2C200","width":350,"height":200,"srcset":"https:\/\/i0.wp.com\/cepronda.com\/blog\/wp-content\/uploads\/2025\/03\/j-experiencias-educativas-de-exito-2-4.png?fit=848%2C1200&ssl=1&resize=350%2C200 1x, https:\/\/i0.wp.com\/cepronda.com\/blog\/wp-content\/uploads\/2025\/03\/j-experiencias-educativas-de-exito-2-4.png?fit=848%2C1200&ssl=1&resize=525%2C300 1.5x, https:\/\/i0.wp.com\/cepronda.com\/blog\/wp-content\/uploads\/2025\/03\/j-experiencias-educativas-de-exito-2-4.png?fit=848%2C1200&ssl=1&resize=700%2C400 2x"},"classes":[]},{"id":5374,"url":"https:\/\/cepronda.com\/blog\/actividades-destacadas-de-nuestros-centros-ceip-san-agustin-el-burgo\/","url_meta":{"origin":5763,"position":4},"title":"ACTIVIDADES DESTACADAS DE NUESTROS CENTROS: CEIP SAN AGUST\u00cdN (EL BURGO)","author":"V\u00edctor Caballero","date":"15 junio, 2022","format":false,"excerpt":"Desde el centro del Profesorado de Ronda queremos compartir actividades destacadas de nuestros centros como pr\u00e1cticas educativas de \u00e9xito que creemos que deben ser difundidas para su conocimiento. \u00a0 En este caso tenemos las siguientes actividades desarrolladas en el tercer trimestre por el CEIP San Agust\u00edn (El Burgo). \u00a0 En\u2026","rel":"","context":"En \u00abNoticias\u00bb","block_context":{"text":"Noticias","link":"https:\/\/cepronda.com\/blog\/category\/noticias\/"},"img":{"alt_text":"","src":"https:\/\/i0.wp.com\/cepronda.com\/blog\/wp-content\/uploads\/2022\/06\/Captura-de-pantalla-2022-06-15-a-las-14.37.14.png?fit=870%2C832&ssl=1&resize=350%2C200","width":350,"height":200,"srcset":"https:\/\/i0.wp.com\/cepronda.com\/blog\/wp-content\/uploads\/2022\/06\/Captura-de-pantalla-2022-06-15-a-las-14.37.14.png?fit=870%2C832&ssl=1&resize=350%2C200 1x, https:\/\/i0.wp.com\/cepronda.com\/blog\/wp-content\/uploads\/2022\/06\/Captura-de-pantalla-2022-06-15-a-las-14.37.14.png?fit=870%2C832&ssl=1&resize=525%2C300 1.5x, https:\/\/i0.wp.com\/cepronda.com\/blog\/wp-content\/uploads\/2022\/06\/Captura-de-pantalla-2022-06-15-a-las-14.37.14.png?fit=870%2C832&ssl=1&resize=700%2C400 2x"},"classes":[]},{"id":7539,"url":"https:\/\/cepronda.com\/blog\/profesorado-de-educacion-plastica-visual-y-audiovisual-necesidades-formativas\/","url_meta":{"origin":5763,"position":5},"title":"PROFESORADO DE EDUCACI\u00d3N PL\u00c1STICA, VISUAL Y AUDIOVISUAL. Necesidades formativas","author":"V\u00edctor Caballero","date":"1 abril, 2024","format":false,"excerpt":"Desde los CEP de la provincia de M\u00e1laga queremos conocer las Necesidades Formativas del profesorado de educaci\u00f3n pl\u00e1stica, visual y audiovisual de cara a un encuentro. Adem\u00e1s, nos gustar\u00eda saber si dicho profesorado ha realizado alguna experiencia educativa que pueda ser desarrollada en otros Centros. Para ello hemos preparado un\u2026","rel":"","context":"En \u00abFormaciones\u00bb","block_context":{"text":"Formaciones","link":"https:\/\/cepronda.com\/blog\/category\/formaciones\/"},"img":{"alt_text":"","src":"https:\/\/i0.wp.com\/cepronda.com\/blog\/wp-content\/uploads\/2024\/04\/WhatsApp-Image-2024-04-01-at-11.40.46.jpeg?fit=1024%2C1024&ssl=1&resize=350%2C200","width":350,"height":200,"srcset":"https:\/\/i0.wp.com\/cepronda.com\/blog\/wp-content\/uploads\/2024\/04\/WhatsApp-Image-2024-04-01-at-11.40.46.jpeg?fit=1024%2C1024&ssl=1&resize=350%2C200 1x, https:\/\/i0.wp.com\/cepronda.com\/blog\/wp-content\/uploads\/2024\/04\/WhatsApp-Image-2024-04-01-at-11.40.46.jpeg?fit=1024%2C1024&ssl=1&resize=525%2C300 1.5x, https:\/\/i0.wp.com\/cepronda.com\/blog\/wp-content\/uploads\/2024\/04\/WhatsApp-Image-2024-04-01-at-11.40.46.jpeg?fit=1024%2C1024&ssl=1&resize=700%2C400 2x"},"classes":[]}],"jetpack_sharing_enabled":true,"_links":{"self":[{"href":"https:\/\/cepronda.com\/blog\/wp-json\/wp\/v2\/posts\/5763","targetHints":{"allow":["GET"]}}],"collection":[{"href":"https:\/\/cepronda.com\/blog\/wp-json\/wp\/v2\/posts"}],"about":[{"href":"https:\/\/cepronda.com\/blog\/wp-json\/wp\/v2\/types\/post"}],"author":[{"embeddable":true,"href":"https:\/\/cepronda.com\/blog\/wp-json\/wp\/v2\/users\/9"}],"replies":[{"embeddable":true,"href":"https:\/\/cepronda.com\/blog\/wp-json\/wp\/v2\/comments?post=5763"}],"version-history":[{"count":3,"href":"https:\/\/cepronda.com\/blog\/wp-json\/wp\/v2\/posts\/5763\/revisions"}],"predecessor-version":[{"id":5767,"href":"https:\/\/cepronda.com\/blog\/wp-json\/wp\/v2\/posts\/5763\/revisions\/5767"}],"wp:featuredmedia":[{"embeddable":true,"href":"https:\/\/cepronda.com\/blog\/wp-json\/wp\/v2\/media\/5764"}],"wp:attachment":[{"href":"https:\/\/cepronda.com\/blog\/wp-json\/wp\/v2\/media?parent=5763"}],"wp:term":[{"taxonomy":"category","embeddable":true,"href":"https:\/\/cepronda.com\/blog\/wp-json\/wp\/v2\/categories?post=5763"},{"taxonomy":"post_tag","embeddable":true,"href":"https:\/\/cepronda.com\/blog\/wp-json\/wp\/v2\/tags?post=5763"}],"curies":[{"name":"wp","href":"https:\/\/api.w.org\/{rel}","templated":true}]}}