{"id":5753,"date":"2023-02-03T08:00:57","date_gmt":"2023-02-03T07:00:57","guid":{"rendered":"https:\/\/cepronda.com\/blog\/?p=5753"},"modified":"2025-02-21T11:06:14","modified_gmt":"2025-02-21T10:06:14","slug":"atencion-al-alumnado-neae-a-traves-de-recursos-digitales-232924kpf288","status":"publish","type":"post","link":"https:\/\/cepronda.com\/blog\/atencion-al-alumnado-neae-a-traves-de-recursos-digitales-232924kpf288\/","title":{"rendered":"ATENCI\u00d3N AL ALUMNADO NEAE A TRAV\u00c9S DE RECURSOS DIGITALES (232924KPF288)"},"content":{"rendered":"<p>Buenos&nbsp; d\u00edas.<\/p>\n<p>Os informamos de que est\u00e1 abierto el plazo de inscripci\u00f3n en la actividad <strong>\u00abATENCI\u00d3N AL ALUMNADO NEAE A TRAV\u00c9S DE RECURSOS DIGITALES.\u00bb C\u00f3digo:&nbsp; 232924KPF288<\/strong><\/p>\n<p><span style=\"font-weight: inherit;\">Es una actividad <strong>Provincial<\/strong> en modalidad de \u00abCurso a distancia\u00bb, que se desarrollar\u00e1 en el Aula Virtual de Aprendizaje del Profesorado.<\/span><span style=\"font-weight: inherit;\"> Duraci\u00f3n de 30 horas.<\/span><\/p>\n<p>Las fechas de la formaci\u00f3n son las siguientes:<\/p>\n<p class=\"_04xlpA direction-ltr align-start para-style-body\"><span class=\"JsGRdQ\"><strong>Fecha actividad<\/strong>: 20\/02\/2023 &#8211; 14\/04\/2023<\/span><\/p>\n<p class=\"_04xlpA direction-ltr align-start para-style-body\"><span class=\"JsGRdQ\"><strong>Fecha inscripci\u00f3n:<\/strong> 03\/02\/2023 AL 13\/02\/2023<\/span><\/p>\n<p>Para m\u00e1s informaci\u00f3n, puedes consultar la ficha de la actividad en el siguiente enlace, donde tambi\u00e9n puedes realizar la&nbsp; <a title=\"inscripci\u00f3n\" href=\"https:\/\/www.juntadeandalucia.es\/educacion\/secretariavirtual\/consultaCEP\/actividad\/232924KPF288\/\" target=\"_blank\" rel=\"noopener noreferrer\">inscripci\u00f3n<\/a>.<\/p>\n<p>Deseamos que sea de vuestro inter\u00e9s.<\/p>\n<p><a href=\"https:\/\/www.juntadeandalucia.es\/educacion\/secretariavirtual\/consultaCEP\/actividad\/232924KPF288\/\"><img data-recalc-dims=\"1\" loading=\"lazy\" decoding=\"async\" class=\" wp-image-5754 aligncenter\" src=\"https:\/\/i0.wp.com\/cepronda.com\/blog\/wp-content\/uploads\/2023\/02\/ATENCION-AL-ALUMNADO-NEAE-A-TRAVES-DE-RECURSOS-DIGITALES.png?resize=423%2C599&#038;ssl=1\" alt=\"\" width=\"423\" height=\"599\" srcset=\"https:\/\/i0.wp.com\/cepronda.com\/blog\/wp-content\/uploads\/2023\/02\/ATENCION-AL-ALUMNADO-NEAE-A-TRAVES-DE-RECURSOS-DIGITALES.png?resize=212%2C300&amp;ssl=1 212w, https:\/\/i0.wp.com\/cepronda.com\/blog\/wp-content\/uploads\/2023\/02\/ATENCION-AL-ALUMNADO-NEAE-A-TRAVES-DE-RECURSOS-DIGITALES.png?resize=724%2C1024&amp;ssl=1 724w, https:\/\/i0.wp.com\/cepronda.com\/blog\/wp-content\/uploads\/2023\/02\/ATENCION-AL-ALUMNADO-NEAE-A-TRAVES-DE-RECURSOS-DIGITALES.png?resize=768%2C1086&amp;ssl=1 768w, https:\/\/i0.wp.com\/cepronda.com\/blog\/wp-content\/uploads\/2023\/02\/ATENCION-AL-ALUMNADO-NEAE-A-TRAVES-DE-RECURSOS-DIGITALES.png?resize=1086%2C1536&amp;ssl=1 1086w, https:\/\/i0.wp.com\/cepronda.com\/blog\/wp-content\/uploads\/2023\/02\/ATENCION-AL-ALUMNADO-NEAE-A-TRAVES-DE-RECURSOS-DIGITALES.png?resize=1448%2C2048&amp;ssl=1 1448w, https:\/\/i0.wp.com\/cepronda.com\/blog\/wp-content\/uploads\/2023\/02\/ATENCION-AL-ALUMNADO-NEAE-A-TRAVES-DE-RECURSOS-DIGITALES.png?w=1587&amp;ssl=1 1587w\" sizes=\"auto, (max-width: 423px) 100vw, 423px\" \/><\/a><\/p>\n","protected":false},"excerpt":{"rendered":"<p>Buenos&nbsp; d\u00edas. Os informamos de que est\u00e1 abierto el plazo de inscripci\u00f3n en la actividad \u00abATENCI\u00d3N AL ALUMNADO NEAE A TRAV\u00c9S DE RECURSOS DIGITALES.\u00bb C\u00f3digo:&nbsp; 232924KPF288 Es una actividad Provincial en modalidad de \u00abCurso a distancia\u00bb, que se desarrollar\u00e1 en el Aula Virtual de Aprendizaje del Profesorado. Duraci\u00f3n de 30 horas. Las fechas de la [&hellip;]<\/p>\n","protected":false},"author":9,"featured_media":5754,"comment_status":"closed","ping_status":"open","sticky":false,"template":"","format":"standard","meta":{"_crdt_document":"","advanced_seo_description":"","jetpack_seo_html_title":"","jetpack_seo_noindex":false,"jetpack_post_was_ever_published":false,"_jetpack_newsletter_access":"","_jetpack_dont_email_post_to_subs":false,"_jetpack_newsletter_tier_id":0,"_jetpack_memberships_contains_paywalled_content":false,"_jetpack_memberships_contains_paid_content":false,"footnotes":"","jetpack_publicize_message":"","jetpack_publicize_feature_enabled":true,"jetpack_social_post_already_shared":false,"jetpack_social_options":{"image_generator_settings":{"template":"highway","default_image_id":0,"font":"","enabled":false},"version":2}},"categories":[3],"tags":[126],"class_list":{"0":"post-5753","1":"post","2":"type-post","3":"status-publish","4":"format-standard","5":"has-post-thumbnail","7":"category-formaciones","8":"tag-atencion-a-la-diversidad","9":"czr-hentry"},"jetpack_publicize_connections":[],"jetpack_featured_media_url":"https:\/\/i0.wp.com\/cepronda.com\/blog\/wp-content\/uploads\/2023\/02\/ATENCION-AL-ALUMNADO-NEAE-A-TRAVES-DE-RECURSOS-DIGITALES.png?fit=1587%2C2245&ssl=1","jetpack_shortlink":"https:\/\/wp.me\/p8M4X7-1uN","jetpack-related-posts":[{"id":5056,"url":"https:\/\/cepronda.com\/blog\/atencion-al-alumnado-neae-a-traves-de-recursos-digitales\/","url_meta":{"origin":5753,"position":0},"title":"ATENCI\u00d3N AL ALUMNADO NEAE A TRAV\u00c9S DE RECURSOS DIGITALES","author":"Inmaculada Garc\u00eda","date":"2 febrero, 2022","format":false,"excerpt":"Buenos\u00a0 d\u00edas, compa\u00f1eras y compa\u00f1eros. Os recordamos que est\u00e1 abierto el plazo de inscripci\u00f3n en la actividad\u00a0\u00abATENCI\u00d3N AL ALUMNADO NEAE A TRAV\u00c9S DE RECURSOS DIGITALES.\u00bb C\u00f3digo:\u00a0 229924KPF288 Es una actividad Provincial en modalidad de \u00abCurso a distancia\u00bb, que se desarrollar\u00e1 en el Aula Virtual de Aprendizaje del Profesorado. Duraci\u00f3n de\u2026","rel":"","context":"En \u00abFormaciones\u00bb","block_context":{"text":"Formaciones","link":"https:\/\/cepronda.com\/blog\/category\/formaciones\/"},"img":{"alt_text":"","src":"https:\/\/i0.wp.com\/cepronda.com\/blog\/wp-content\/uploads\/2022\/02\/ATENCION-AL-ALUMNADO-NEAE-A-TRAVES-DE-RECURSOS-DIGITALES-1.png?fit=848%2C1200&ssl=1&resize=350%2C200","width":350,"height":200,"srcset":"https:\/\/i0.wp.com\/cepronda.com\/blog\/wp-content\/uploads\/2022\/02\/ATENCION-AL-ALUMNADO-NEAE-A-TRAVES-DE-RECURSOS-DIGITALES-1.png?fit=848%2C1200&ssl=1&resize=350%2C200 1x, https:\/\/i0.wp.com\/cepronda.com\/blog\/wp-content\/uploads\/2022\/02\/ATENCION-AL-ALUMNADO-NEAE-A-TRAVES-DE-RECURSOS-DIGITALES-1.png?fit=848%2C1200&ssl=1&resize=525%2C300 1.5x, https:\/\/i0.wp.com\/cepronda.com\/blog\/wp-content\/uploads\/2022\/02\/ATENCION-AL-ALUMNADO-NEAE-A-TRAVES-DE-RECURSOS-DIGITALES-1.png?fit=848%2C1200&ssl=1&resize=700%2C400 2x"},"classes":[]},{"id":6093,"url":"https:\/\/cepronda.com\/blog\/6093-2\/","url_meta":{"origin":5753,"position":1},"title":"\u00abATENCI\u00d3N AL ALUMNADO NEAE A TRAV\u00c9S DE RECURSOS DIGITALES.\u00bb C\u00f3digo:\u00a0 242924KPF288","author":"Inmaculada Garc\u00eda","date":"11 octubre, 2023","format":false,"excerpt":"Os informamos de que est\u00e1 abierto el plazo de inscripci\u00f3n en la actividad PROVINCIAL, gestionada por el CEP de Ronda, \u00abATENCI\u00d3N AL ALUMNADO NEAE A TRAV\u00c9S DE RECURSOS DIGITALES.\u00bb C\u00f3digo:\u00a0 242924KPF288 Es una actividad Provincial en modalidad de \u00abCurso a distancia\u00bb, que se desarrollar\u00e1 en el Aula Virtual de Aprendizaje\u2026","rel":"","context":"En \u00abFormaciones\u00bb","block_context":{"text":"Formaciones","link":"https:\/\/cepronda.com\/blog\/category\/formaciones\/"},"img":{"alt_text":"","src":"https:\/\/i0.wp.com\/cepronda.com\/blog\/wp-content\/uploads\/2023\/10\/Blue-Yellow-Futuristic-Technology-Poster-1.png?fit=848%2C1200&ssl=1&resize=350%2C200","width":350,"height":200,"srcset":"https:\/\/i0.wp.com\/cepronda.com\/blog\/wp-content\/uploads\/2023\/10\/Blue-Yellow-Futuristic-Technology-Poster-1.png?fit=848%2C1200&ssl=1&resize=350%2C200 1x, https:\/\/i0.wp.com\/cepronda.com\/blog\/wp-content\/uploads\/2023\/10\/Blue-Yellow-Futuristic-Technology-Poster-1.png?fit=848%2C1200&ssl=1&resize=525%2C300 1.5x, https:\/\/i0.wp.com\/cepronda.com\/blog\/wp-content\/uploads\/2023\/10\/Blue-Yellow-Futuristic-Technology-Poster-1.png?fit=848%2C1200&ssl=1&resize=700%2C400 2x"},"classes":[]},{"id":8750,"url":"https:\/\/cepronda.com\/blog\/atencion-al-alumnado-neae-guia-rapida-para-equipos-docentes-codigo-262924ge201\/","url_meta":{"origin":5753,"position":2},"title":"ATENCI\u00d3N AL ALUMNADO NEAE: GU\u00cdA R\u00c1PIDA PARA EQUIPOS DOCENTES. C\u00f3digo: 262924GE201.","author":"Inmaculada Garc\u00eda","date":"3 septiembre, 2025","format":false,"excerpt":"Se ha abierto el plazo de inscripci\u00f3n para la actividad provincial a distancia ATENCI\u00d3N AL ALUMNADO NEAE: GU\u00cdA R\u00c1PIDA PARA EQUIPOS DOCENTES. C\u00f3digo: 262924GE201. Plazo de inscripci\u00f3n: 02\/09\/2025 hasta 15\/09\/2025 Fecha de la actividad: 18\/09\/2025 hasta 18\/11\/2025 Lugar de realizaci\u00f3n: AVFP Detalles e inscripci\u00f3n: https:\/\/www.juntadeandalucia.es\/educacion\/secretariavirtual\/consultaCEP\/actividad\/262924GE201\/ En este curso se ver\u00e1n\u2026","rel":"","context":"En \u00abFormaciones\u00bb","block_context":{"text":"Formaciones","link":"https:\/\/cepronda.com\/blog\/category\/formaciones\/"},"img":{"alt_text":"","src":"https:\/\/i0.wp.com\/cepronda.com\/blog\/wp-content\/uploads\/2025\/09\/Cartel-262924GE201-scaled.jpg?fit=848%2C1200&ssl=1&resize=350%2C200","width":350,"height":200,"srcset":"https:\/\/i0.wp.com\/cepronda.com\/blog\/wp-content\/uploads\/2025\/09\/Cartel-262924GE201-scaled.jpg?fit=848%2C1200&ssl=1&resize=350%2C200 1x, https:\/\/i0.wp.com\/cepronda.com\/blog\/wp-content\/uploads\/2025\/09\/Cartel-262924GE201-scaled.jpg?fit=848%2C1200&ssl=1&resize=525%2C300 1.5x, https:\/\/i0.wp.com\/cepronda.com\/blog\/wp-content\/uploads\/2025\/09\/Cartel-262924GE201-scaled.jpg?fit=848%2C1200&ssl=1&resize=700%2C400 2x"},"classes":[]},{"id":7974,"url":"https:\/\/cepronda.com\/blog\/protocolo-de-actuacion-dirigido-al-alumnado-con-necesidades-especificas-de-apoyo-educativo-neae-en-el-ambito-de-conservatorio-codigo-252922ge093\/","url_meta":{"origin":5753,"position":3},"title":"\u00a0PROTOCOLO DE ACTUACI\u00d3N DIRIGIDO AL ALUMNADO CON NECESIDADES ESPEC\u00cdFICAS DE APOYO EDUCATIVO (NEAE) EN EL \u00c1MBITO DE CONSERVATORIO, C\u00d3DIGO 252922GE093.","author":"Inmaculada Garc\u00eda","date":"20 diciembre, 2024","format":false,"excerpt":"Abierto el plazo de inscripci\u00f3n al curso provincial: PROTOCOLO DE ACTUACI\u00d3N DIRIGIDO AL ALUMNADO CON NECESIDADES ESPEC\u00cdFICAS DE APOYO EDUCATIVO (NEAE) EN EL \u00c1MBITO DE CONSERVATORIO. \u00a0Inscripci\u00f3n: 17\/12\/2024 hasta 14\/01\/2025 \u00a0Actividad: 27\/01\/2025 - 07\/02\/2025 \u00a0Duraci\u00f3n: 2 semanas M\u00e1s informaci\u00f3n:\u00a0https:\/\/www.juntadeandalucia.es\/educacion\/secretariavirtual\/consultaCEP\/actividad\/252922GE093\/ \/","rel":"","context":"En \u00abFormaciones\u00bb","block_context":{"text":"Formaciones","link":"https:\/\/cepronda.com\/blog\/category\/formaciones\/"},"img":{"alt_text":"","src":"https:\/\/i0.wp.com\/cepronda.com\/blog\/wp-content\/uploads\/2024\/12\/252922GE093_CARTEL.jpeg?fit=1080%2C1080&ssl=1&resize=350%2C200","width":350,"height":200,"srcset":"https:\/\/i0.wp.com\/cepronda.com\/blog\/wp-content\/uploads\/2024\/12\/252922GE093_CARTEL.jpeg?fit=1080%2C1080&ssl=1&resize=350%2C200 1x, https:\/\/i0.wp.com\/cepronda.com\/blog\/wp-content\/uploads\/2024\/12\/252922GE093_CARTEL.jpeg?fit=1080%2C1080&ssl=1&resize=525%2C300 1.5x, https:\/\/i0.wp.com\/cepronda.com\/blog\/wp-content\/uploads\/2024\/12\/252922GE093_CARTEL.jpeg?fit=1080%2C1080&ssl=1&resize=700%2C400 2x, https:\/\/i0.wp.com\/cepronda.com\/blog\/wp-content\/uploads\/2024\/12\/252922GE093_CARTEL.jpeg?fit=1080%2C1080&ssl=1&resize=1050%2C600 3x"},"classes":[]},{"id":9068,"url":"https:\/\/cepronda.com\/blog\/atencion-al-alumnado-tdah-estrategias-de-intervencion-en-primaria\/","url_meta":{"origin":5753,"position":4},"title":"ATENCI\u00d3N AL ALUMNADO TDAH: ESTRATEGIAS DE INTERVENCI\u00d3N EN PRIMARIA.","author":"Inmaculada Garc\u00eda","date":"1 diciembre, 2025","format":false,"excerpt":"Se encuentra abierto el plazo de inscripci\u00f3n en el curso provincial a distancias: ATENCI\u00d3N AL ALUMNADO TDAH: ESTRATEGIAS DE INTERVENCI\u00d3N EN PRIMARIA (40h). C\u00f3digo: 262922GE033. Dirigido preferentemente al profesorado de educaci\u00f3n primaria, con una dedicaci\u00f3n de 40 horas. \u00a0 Inscripci\u00f3n: 01\/12\/2025 al 14\/12\/2025. Fecha de actividad 09\/01\/2026 hasta 19\/03\/2026. \u00a0\u2026","rel":"","context":"En \u00abFormaciones\u00bb","block_context":{"text":"Formaciones","link":"https:\/\/cepronda.com\/blog\/category\/formaciones\/"},"img":{"alt_text":"","src":"https:\/\/i0.wp.com\/cepronda.com\/blog\/wp-content\/uploads\/2025\/12\/WhatsApp-Image-2025-12-01-at-11.15.25.jpeg?fit=1080%2C1080&ssl=1&resize=350%2C200","width":350,"height":200,"srcset":"https:\/\/i0.wp.com\/cepronda.com\/blog\/wp-content\/uploads\/2025\/12\/WhatsApp-Image-2025-12-01-at-11.15.25.jpeg?fit=1080%2C1080&ssl=1&resize=350%2C200 1x, https:\/\/i0.wp.com\/cepronda.com\/blog\/wp-content\/uploads\/2025\/12\/WhatsApp-Image-2025-12-01-at-11.15.25.jpeg?fit=1080%2C1080&ssl=1&resize=525%2C300 1.5x, https:\/\/i0.wp.com\/cepronda.com\/blog\/wp-content\/uploads\/2025\/12\/WhatsApp-Image-2025-12-01-at-11.15.25.jpeg?fit=1080%2C1080&ssl=1&resize=700%2C400 2x, https:\/\/i0.wp.com\/cepronda.com\/blog\/wp-content\/uploads\/2025\/12\/WhatsApp-Image-2025-12-01-at-11.15.25.jpeg?fit=1080%2C1080&ssl=1&resize=1050%2C600 3x"},"classes":[]},{"id":4415,"url":"https:\/\/cepronda.com\/blog\/atencion-al-alumnado-con-altas-capacidades-intelectuales-aaccii\/","url_meta":{"origin":5753,"position":5},"title":"ATENCI\u00d3N AL ALUMNADO CON ALTAS CAPACIDADES INTELECTUALES (AACCII)","author":"Inmaculada Garc\u00eda","date":"15 abril, 2021","format":false,"excerpt":"Os informamos que est\u00e1 abierto el plazo de inscripci\u00f3n (hasta el 26 de abril) de la formaci\u00f3n \u201cATENCI\u00d3N AL ALUMNADO CON ALTAS CAPACIDADES INTELECTUALES (AACCII)(219908KOE278)\u201d. Es un curso a distancia que se desarrollar\u00e1 en el Aula Virtual de Formaci\u00f3n del Profesorado, de car\u00e1cter regional y gestionada por el CEP de\u2026","rel":"","context":"En \u00abFormaciones\u00bb","block_context":{"text":"Formaciones","link":"https:\/\/cepronda.com\/blog\/category\/formaciones\/"},"img":{"alt_text":"","src":"https:\/\/i0.wp.com\/cepronda.com\/blog\/wp-content\/uploads\/2021\/04\/article.jpg?resize=350%2C200","width":350,"height":200},"classes":[]}],"jetpack_sharing_enabled":true,"_links":{"self":[{"href":"https:\/\/cepronda.com\/blog\/wp-json\/wp\/v2\/posts\/5753","targetHints":{"allow":["GET"]}}],"collection":[{"href":"https:\/\/cepronda.com\/blog\/wp-json\/wp\/v2\/posts"}],"about":[{"href":"https:\/\/cepronda.com\/blog\/wp-json\/wp\/v2\/types\/post"}],"author":[{"embeddable":true,"href":"https:\/\/cepronda.com\/blog\/wp-json\/wp\/v2\/users\/9"}],"replies":[{"embeddable":true,"href":"https:\/\/cepronda.com\/blog\/wp-json\/wp\/v2\/comments?post=5753"}],"version-history":[{"count":3,"href":"https:\/\/cepronda.com\/blog\/wp-json\/wp\/v2\/posts\/5753\/revisions"}],"predecessor-version":[{"id":7660,"href":"https:\/\/cepronda.com\/blog\/wp-json\/wp\/v2\/posts\/5753\/revisions\/7660"}],"wp:featuredmedia":[{"embeddable":true,"href":"https:\/\/cepronda.com\/blog\/wp-json\/wp\/v2\/media\/5754"}],"wp:attachment":[{"href":"https:\/\/cepronda.com\/blog\/wp-json\/wp\/v2\/media?parent=5753"}],"wp:term":[{"taxonomy":"category","embeddable":true,"href":"https:\/\/cepronda.com\/blog\/wp-json\/wp\/v2\/categories?post=5753"},{"taxonomy":"post_tag","embeddable":true,"href":"https:\/\/cepronda.com\/blog\/wp-json\/wp\/v2\/tags?post=5753"}],"curies":[{"name":"wp","href":"https:\/\/api.w.org\/{rel}","templated":true}]}}