{"id":5743,"date":"2023-01-27T14:20:21","date_gmt":"2023-01-27T13:20:21","guid":{"rendered":"https:\/\/cepronda.com\/blog\/?p=5743"},"modified":"2023-01-27T14:26:47","modified_gmt":"2023-01-27T13:26:47","slug":"proyecto-de-innovacion-educativa-del-ceip-san-agustin-el-burgo-vivir-y-sentir-el-burgo","status":"publish","type":"post","link":"https:\/\/cepronda.com\/blog\/proyecto-de-innovacion-educativa-del-ceip-san-agustin-el-burgo-vivir-y-sentir-el-burgo\/","title":{"rendered":"PROYECTO DE INNOVACI\u00d3N EDUCATIVA DEL CEIP SAN AGUST\u00cdN (EL BURGO): \u00abVIVIR Y SENTIR EL BURGO\u00bb"},"content":{"rendered":"<p>Buenos d\u00edas.<\/p>\n<p>Quer\u00edamos dar difusi\u00f3n a un interesante proyecto de innovaci\u00f3n educativa de uno de nuestros centros de la zona del CEP de Ronda, el CEIP San Agust\u00edn (El Burgo)<\/p>\n<p>Con el proyecto se pretende, que el alumnado explore nuevas opciones y oportunidades que el olivar les pueda brindar en el futuro, pero antes han de analizar los procesos tales como:<\/p>\n<ul>\n<li>Historia del olivo y usos en las diferentes culturas en Andaluc\u00eda.<\/li>\n<li>Tipos de aceites seg\u00fan la variedad.<\/li>\n<li>Beneficios del aceite de oliva.<\/li>\n<li>Aperos y utensilios para la recolecci\u00f3n y t\u00e9cnicas.<\/li>\n<li>Recolecci\u00f3n del fruto.<\/li>\n<li>Molturaci\u00f3n de la aceituna y extracci\u00f3n de aceite.<\/li>\n<li>Poda del \u00e1rbol y aprovechamiento de residuos.<\/li>\n<li>Tratamientos ecol\u00f3gicos del olivo.<\/li>\n<\/ul>\n<p>Se buscan posibilidades innovadoras para el olivar. Investigaci\u00f3n sobre el \u201coleoturismo\u201d como posibilidad de mejora y rentabilidad enmarcado dentro de una marca con sello de calidad, el Parque Nacional \u201cSierra de las Nieves\u201d.<\/p>\n<p>Si quieres conocer m\u00e1s sobre este interesante proyecto visita su blog en el siguiente enlace:<\/p>\n<h2><a href=\"https:\/\/vivirysentirelburgo.blogspot.com\/?m=1\"><strong>BLOG VIVIR Y SENTIR EL BURGO.<\/strong><\/a><\/h2>\n","protected":false},"excerpt":{"rendered":"<p>Buenos d\u00edas. Quer\u00edamos dar difusi\u00f3n a un interesante proyecto de innovaci\u00f3n educativa de uno de nuestros centros de la zona del CEP de Ronda, el CEIP San Agust\u00edn (El Burgo) Con el proyecto se pretende, que el alumnado explore nuevas opciones y oportunidades que el olivar les pueda brindar en el futuro, pero antes han [&hellip;]<\/p>\n","protected":false},"author":3,"featured_media":5745,"comment_status":"closed","ping_status":"open","sticky":false,"template":"","format":"standard","meta":{"_crdt_document":"","advanced_seo_description":"","jetpack_seo_html_title":"","jetpack_seo_noindex":false,"jetpack_post_was_ever_published":false,"_jetpack_newsletter_access":"","_jetpack_dont_email_post_to_subs":false,"_jetpack_newsletter_tier_id":0,"_jetpack_memberships_contains_paywalled_content":false,"_jetpack_memberships_contains_paid_content":false,"footnotes":"","jetpack_publicize_message":"","jetpack_publicize_feature_enabled":true,"jetpack_social_post_already_shared":false,"jetpack_social_options":{"image_generator_settings":{"template":"highway","default_image_id":0,"font":"","enabled":false},"version":2}},"categories":[5],"tags":[],"class_list":{"0":"post-5743","1":"post","2":"type-post","3":"status-publish","4":"format-standard","5":"has-post-thumbnail","7":"category-noticias","8":"czr-hentry"},"jetpack_publicize_connections":[],"jetpack_featured_media_url":"https:\/\/i0.wp.com\/cepronda.com\/blog\/wp-content\/uploads\/2023\/01\/Captura-de-pantalla-2023-01-27-a-las-14.21.03.png?fit=815%2C373&ssl=1","jetpack_shortlink":"https:\/\/wp.me\/p8M4X7-1uD","jetpack-related-posts":[{"id":6005,"url":"https:\/\/cepronda.com\/blog\/recreando-la-historia-de-el-burgo-ceip-san-agustin\/","url_meta":{"origin":5743,"position":0},"title":"RECREANDO LA HISTORIA DE EL BURGO (CEIP SAN AGUST\u00cdN)","author":"V\u00edctor Caballero","date":"12 junio, 2023","format":false,"excerpt":"Buenos d\u00edas. Quer\u00edamos dar difusi\u00f3n a un interesante proyecto en el que alumnado del CEIP San Agust\u00edn (El Burgo) recrean la Historia de EL burgo en un video muy completo y muy bien trabajado. Este montaje forma parte de un proyecto de Oleoturismo que existe en el Centro que no\u2026","rel":"","context":"En \u00abNoticias\u00bb","block_context":{"text":"Noticias","link":"https:\/\/cepronda.com\/blog\/category\/noticias\/"},"img":{"alt_text":"","src":"https:\/\/i0.wp.com\/cepronda.com\/blog\/wp-content\/uploads\/2023\/06\/Captura-de-pantalla-2023-06-12-a-las-11.33.22.png?fit=1129%2C646&ssl=1&resize=350%2C200","width":350,"height":200,"srcset":"https:\/\/i0.wp.com\/cepronda.com\/blog\/wp-content\/uploads\/2023\/06\/Captura-de-pantalla-2023-06-12-a-las-11.33.22.png?fit=1129%2C646&ssl=1&resize=350%2C200 1x, https:\/\/i0.wp.com\/cepronda.com\/blog\/wp-content\/uploads\/2023\/06\/Captura-de-pantalla-2023-06-12-a-las-11.33.22.png?fit=1129%2C646&ssl=1&resize=525%2C300 1.5x, https:\/\/i0.wp.com\/cepronda.com\/blog\/wp-content\/uploads\/2023\/06\/Captura-de-pantalla-2023-06-12-a-las-11.33.22.png?fit=1129%2C646&ssl=1&resize=700%2C400 2x, https:\/\/i0.wp.com\/cepronda.com\/blog\/wp-content\/uploads\/2023\/06\/Captura-de-pantalla-2023-06-12-a-las-11.33.22.png?fit=1129%2C646&ssl=1&resize=1050%2C600 3x"},"classes":[]},{"id":5374,"url":"https:\/\/cepronda.com\/blog\/actividades-destacadas-de-nuestros-centros-ceip-san-agustin-el-burgo\/","url_meta":{"origin":5743,"position":1},"title":"ACTIVIDADES DESTACADAS DE NUESTROS CENTROS: CEIP SAN AGUST\u00cdN (EL BURGO)","author":"V\u00edctor Caballero","date":"15 junio, 2022","format":false,"excerpt":"Desde el centro del Profesorado de Ronda queremos compartir actividades destacadas de nuestros centros como pr\u00e1cticas educativas de \u00e9xito que creemos que deben ser difundidas para su conocimiento. \u00a0 En este caso tenemos las siguientes actividades desarrolladas en el tercer trimestre por el CEIP San Agust\u00edn (El Burgo). \u00a0 En\u2026","rel":"","context":"En \u00abNoticias\u00bb","block_context":{"text":"Noticias","link":"https:\/\/cepronda.com\/blog\/category\/noticias\/"},"img":{"alt_text":"","src":"https:\/\/i0.wp.com\/cepronda.com\/blog\/wp-content\/uploads\/2022\/06\/Captura-de-pantalla-2022-06-15-a-las-14.37.14.png?fit=870%2C832&ssl=1&resize=350%2C200","width":350,"height":200,"srcset":"https:\/\/i0.wp.com\/cepronda.com\/blog\/wp-content\/uploads\/2022\/06\/Captura-de-pantalla-2022-06-15-a-las-14.37.14.png?fit=870%2C832&ssl=1&resize=350%2C200 1x, https:\/\/i0.wp.com\/cepronda.com\/blog\/wp-content\/uploads\/2022\/06\/Captura-de-pantalla-2022-06-15-a-las-14.37.14.png?fit=870%2C832&ssl=1&resize=525%2C300 1.5x, https:\/\/i0.wp.com\/cepronda.com\/blog\/wp-content\/uploads\/2022\/06\/Captura-de-pantalla-2022-06-15-a-las-14.37.14.png?fit=870%2C832&ssl=1&resize=700%2C400 2x"},"classes":[]},{"id":2802,"url":"https:\/\/cepronda.com\/blog\/jornada-botanica-en-el-ceip-san-agustin-de-el-burgo\/","url_meta":{"origin":5743,"position":2},"title":"Jornada bot\u00e1nica en el CEIP San Agust\u00edn de El Burgo","author":"V\u00edctor Caballero","date":"15 mayo, 2019","format":false,"excerpt":"Muy buenas familia, Desde el CEIP San Agust\u00edn de El Burgo quieren compartir con todas y todos nosotros la actividad realizada el pasado jueves 9 de mayo, donde el alumnado de 3\u00ba y 4\u00ba de Primaria del CEIP San Agust\u00edn llev\u00f3 a cabo diversas actividades de acercamiento a la\u00a0flora\u00a0y\u00a0fauna\u00a0del\u00a0pinsapar. Para\u2026","rel":"","context":"En \u00abNoticias\u00bb","block_context":{"text":"Noticias","link":"https:\/\/cepronda.com\/blog\/category\/noticias\/"},"img":{"alt_text":"","src":"https:\/\/i0.wp.com\/cepronda.com\/blog\/wp-content\/uploads\/2019\/05\/IMG_7444.jpg?fit=400%2C266&ssl=1&resize=350%2C200","width":350,"height":200},"classes":[]},{"id":2923,"url":"https:\/\/cepronda.com\/blog\/puerta-violeta-en-el-burgo\/","url_meta":{"origin":5743,"position":3},"title":"Puerta violeta en El Burgo","author":"V\u00edctor Caballero","date":"21 junio, 2019","format":false,"excerpt":"Y seguimos con nuestra visita virtual de final de curso a vuestras actividades. En este caso nos vamos al CEIP San Agust\u00edn de El Burgo donde hoy han tenido una muy agradable sorpresa al encontrarse este mural en la puerta de su centro... \u00a1qu\u00e9 bonito!","rel":"","context":"En \u00abNoticias\u00bb","block_context":{"text":"Noticias","link":"https:\/\/cepronda.com\/blog\/category\/noticias\/"},"img":{"alt_text":"","src":"https:\/\/i0.wp.com\/cepronda.com\/blog\/wp-content\/uploads\/2019\/06\/Angeles-Merino.jpeg?fit=1200%2C901&ssl=1&resize=350%2C200","width":350,"height":200,"srcset":"https:\/\/i0.wp.com\/cepronda.com\/blog\/wp-content\/uploads\/2019\/06\/Angeles-Merino.jpeg?fit=1200%2C901&ssl=1&resize=350%2C200 1x, https:\/\/i0.wp.com\/cepronda.com\/blog\/wp-content\/uploads\/2019\/06\/Angeles-Merino.jpeg?fit=1200%2C901&ssl=1&resize=525%2C300 1.5x, https:\/\/i0.wp.com\/cepronda.com\/blog\/wp-content\/uploads\/2019\/06\/Angeles-Merino.jpeg?fit=1200%2C901&ssl=1&resize=700%2C400 2x, https:\/\/i0.wp.com\/cepronda.com\/blog\/wp-content\/uploads\/2019\/06\/Angeles-Merino.jpeg?fit=1200%2C901&ssl=1&resize=1050%2C600 3x"},"classes":[]},{"id":2093,"url":"https:\/\/cepronda.com\/blog\/proyecto-de-educacion-vial-en-el-ceip-san-agustin-de-el-burgo\/","url_meta":{"origin":5743,"position":4},"title":"Proyecto de Educaci\u00f3n Vial en el CEIP San Agust\u00edn de El Burgo","author":"V\u00edctor Caballero","date":"11 junio, 2018","format":false,"excerpt":"Muy buenas, En el CEIP San Agust\u00edn de El Burgo han llevado a cabo un proyecto de educaci\u00f3n vial para Educaci\u00f3n Infantil que nos ha parecido muy interesante y que queremos compartir con vosotras y vosotros. Durante una semana est\u00e1n trabajando en clase distintos aspectos de la educaci\u00f3n vial, y\u2026","rel":"","context":"En \u00abNoticias\u00bb","block_context":{"text":"Noticias","link":"https:\/\/cepronda.com\/blog\/category\/noticias\/"},"img":{"alt_text":"","src":"https:\/\/i0.wp.com\/cepronda.com\/blog\/wp-content\/uploads\/2018\/06\/20180604_103359-copia.jpg?fit=1200%2C675&ssl=1&resize=350%2C200","width":350,"height":200,"srcset":"https:\/\/i0.wp.com\/cepronda.com\/blog\/wp-content\/uploads\/2018\/06\/20180604_103359-copia.jpg?fit=1200%2C675&ssl=1&resize=350%2C200 1x, https:\/\/i0.wp.com\/cepronda.com\/blog\/wp-content\/uploads\/2018\/06\/20180604_103359-copia.jpg?fit=1200%2C675&ssl=1&resize=525%2C300 1.5x, https:\/\/i0.wp.com\/cepronda.com\/blog\/wp-content\/uploads\/2018\/06\/20180604_103359-copia.jpg?fit=1200%2C675&ssl=1&resize=700%2C400 2x, https:\/\/i0.wp.com\/cepronda.com\/blog\/wp-content\/uploads\/2018\/06\/20180604_103359-copia.jpg?fit=1200%2C675&ssl=1&resize=1050%2C600 3x"},"classes":[]},{"id":4438,"url":"https:\/\/cepronda.com\/blog\/encuentro-virtual-con-la-microbiologa-silvana-tapia-en-el-ceip-san-agustin-el-burgo\/","url_meta":{"origin":5743,"position":5},"title":"ENCUENTROS VIRTUALES COEDUCATIVOS EN EL CEIP SAN AGUST\u00cdN (EL BURGO)","author":"Inmaculada Garc\u00eda","date":"19 abril, 2021","format":false,"excerpt":"El alumnado del CEIP San Agust\u00edn ha tenido la gran oportunidad de asistir a dos encuentros virtuales excepcionales, dentro de las actividades planificadas en el Plan de Igualdad del Centro y gracias a la subvenci\u00f3n del Pacto de Estado contra la Violencia de G\u00e9nero. Por un lado, han tenido un\u2026","rel":"","context":"En \u00abNoticias\u00bb","block_context":{"text":"Noticias","link":"https:\/\/cepronda.com\/blog\/category\/noticias\/"},"img":{"alt_text":"","src":"","width":0,"height":0},"classes":[]}],"jetpack_sharing_enabled":true,"_links":{"self":[{"href":"https:\/\/cepronda.com\/blog\/wp-json\/wp\/v2\/posts\/5743","targetHints":{"allow":["GET"]}}],"collection":[{"href":"https:\/\/cepronda.com\/blog\/wp-json\/wp\/v2\/posts"}],"about":[{"href":"https:\/\/cepronda.com\/blog\/wp-json\/wp\/v2\/types\/post"}],"author":[{"embeddable":true,"href":"https:\/\/cepronda.com\/blog\/wp-json\/wp\/v2\/users\/3"}],"replies":[{"embeddable":true,"href":"https:\/\/cepronda.com\/blog\/wp-json\/wp\/v2\/comments?post=5743"}],"version-history":[{"count":2,"href":"https:\/\/cepronda.com\/blog\/wp-json\/wp\/v2\/posts\/5743\/revisions"}],"predecessor-version":[{"id":5746,"href":"https:\/\/cepronda.com\/blog\/wp-json\/wp\/v2\/posts\/5743\/revisions\/5746"}],"wp:featuredmedia":[{"embeddable":true,"href":"https:\/\/cepronda.com\/blog\/wp-json\/wp\/v2\/media\/5745"}],"wp:attachment":[{"href":"https:\/\/cepronda.com\/blog\/wp-json\/wp\/v2\/media?parent=5743"}],"wp:term":[{"taxonomy":"category","embeddable":true,"href":"https:\/\/cepronda.com\/blog\/wp-json\/wp\/v2\/categories?post=5743"},{"taxonomy":"post_tag","embeddable":true,"href":"https:\/\/cepronda.com\/blog\/wp-json\/wp\/v2\/tags?post=5743"}],"curies":[{"name":"wp","href":"https:\/\/api.w.org\/{rel}","templated":true}]}}