{"id":5739,"date":"2023-01-25T17:08:25","date_gmt":"2023-01-25T16:08:25","guid":{"rendered":"https:\/\/cepronda.com\/blog\/?p=5739"},"modified":"2025-04-25T12:06:13","modified_gmt":"2025-04-25T10:06:13","slug":"concurso-escolar-2023-demuestra-tus-capacidades-con-europass","status":"publish","type":"post","link":"https:\/\/cepronda.com\/blog\/concurso-escolar-2023-demuestra-tus-capacidades-con-europass\/","title":{"rendered":"CONCURSO ESCOLAR 2023:\u00a0\u201cDEMUESTRA TUS CAPACIDADES CON EUROPASS\u201d"},"content":{"rendered":"<p>En l\u00ednea con la celebraci\u00f3n del&nbsp;<strong>A\u00f1o Europeo de las Capacidades<\/strong>, el Centro Nacional Europass en Espa\u00f1a ha puesto en marcha la nueva edici\u00f3n del&nbsp;<strong>Concurso Escolar 2023<\/strong>:<strong>&nbsp;\u201cDemuestra tus capacidades con Europass\u201d \/ \u201cShowcase your skills with Europass\u201d.<\/strong><\/p>\n<p style=\"font-weight: 400;\">El concurso va dirigido a&nbsp;<strong>estudiantes, de cualquier modalidad educativa, de entre 14 y 18 a\u00f1os de edad<\/strong>.<\/p>\n<p style=\"font-weight: 400;\">En el siguiente enlace podr\u00e1n acceder a las&nbsp;<em>Bases del concurso<\/em> y a los <em>Anexos<\/em>&nbsp;correspondientes:&nbsp;<\/p>\n<p style=\"font-weight: 400;\"><a href=\"http:\/\/sepie.es\/iniciativas\/europass\/concursos.html\" data-saferedirecturl=\"https:\/\/www.google.com\/url?q=http:\/\/sepie.es\/iniciativas\/europass\/concursos.html&amp;source=gmail&amp;ust=1674748844937000&amp;usg=AOvVaw1QzaJQ9zzmVFPR74vEtSnl\">http:\/\/sepie.es\/iniciativas\/europass\/concursos.html<\/a><\/p>\n<p style=\"font-weight: 400;\">El plazo de participaci\u00f3n&nbsp;<strong>finaliza el 27 de febrero.<\/strong><\/p>\n<p style=\"font-weight: 400;\"><img data-recalc-dims=\"1\" loading=\"lazy\" decoding=\"async\" class=\"alignnone size-medium wp-image-5740 aligncenter\" src=\"https:\/\/i0.wp.com\/cepronda.com\/blog\/wp-content\/uploads\/2023\/01\/image002.png?resize=300%2C168&#038;ssl=1\" alt=\"\" width=\"300\" height=\"168\" srcset=\"https:\/\/i0.wp.com\/cepronda.com\/blog\/wp-content\/uploads\/2023\/01\/image002.png?resize=300%2C168&amp;ssl=1 300w, https:\/\/i0.wp.com\/cepronda.com\/blog\/wp-content\/uploads\/2023\/01\/image002.png?resize=1024%2C574&amp;ssl=1 1024w, https:\/\/i0.wp.com\/cepronda.com\/blog\/wp-content\/uploads\/2023\/01\/image002.png?resize=768%2C431&amp;ssl=1 768w, https:\/\/i0.wp.com\/cepronda.com\/blog\/wp-content\/uploads\/2023\/01\/image002.png?w=1257&amp;ssl=1 1257w\" sizes=\"auto, (max-width: 300px) 100vw, 300px\" \/><\/p>\n","protected":false},"excerpt":{"rendered":"<p>En l\u00ednea con la celebraci\u00f3n del&nbsp;A\u00f1o Europeo de las Capacidades, el Centro Nacional Europass en Espa\u00f1a ha puesto en marcha la nueva edici\u00f3n del&nbsp;Concurso Escolar 2023:&nbsp;\u201cDemuestra tus capacidades con Europass\u201d \/ \u201cShowcase your skills with Europass\u201d. El concurso va dirigido a&nbsp;estudiantes, de cualquier modalidad educativa, de entre 14 y 18 a\u00f1os de edad. En el [&hellip;]<\/p>\n","protected":false},"author":13,"featured_media":5740,"comment_status":"closed","ping_status":"open","sticky":false,"template":"","format":"standard","meta":{"_crdt_document":"","advanced_seo_description":"","jetpack_seo_html_title":"","jetpack_seo_noindex":false,"jetpack_post_was_ever_published":false,"_jetpack_newsletter_access":"","_jetpack_dont_email_post_to_subs":false,"_jetpack_newsletter_tier_id":0,"_jetpack_memberships_contains_paywalled_content":false,"_jetpack_memberships_contains_paid_content":false,"footnotes":"","jetpack_publicize_message":"","jetpack_publicize_feature_enabled":true,"jetpack_social_post_already_shared":false,"jetpack_social_options":{"image_generator_settings":{"template":"highway","default_image_id":0,"font":"","enabled":false},"version":2}},"categories":[5],"tags":[180],"class_list":{"0":"post-5739","1":"post","2":"type-post","3":"status-publish","4":"format-standard","5":"has-post-thumbnail","7":"category-noticias","8":"tag-concursos","9":"czr-hentry"},"jetpack_publicize_connections":[],"jetpack_featured_media_url":"https:\/\/i0.wp.com\/cepronda.com\/blog\/wp-content\/uploads\/2023\/01\/image002.png?fit=1257%2C705&ssl=1","jetpack_shortlink":"https:\/\/wp.me\/p8M4X7-1uz","jetpack-related-posts":[{"id":3101,"url":"https:\/\/cepronda.com\/blog\/concurso-escolar-andalucia-en-un-mapa\/","url_meta":{"origin":5739,"position":0},"title":"Concurso escolar \u00abAndaluc\u00eda en un mapa\u00bb","author":"V\u00edctor Caballero","date":"17 octubre, 2019","format":false,"excerpt":"El objeto de este concurso es promover la utilizaci\u00f3n de la cartograf\u00eda y la estad\u00edstica entre la comunidad escolar como herramientas did\u00e1cticas y de representaci\u00f3n creativa del territorio andaluz, con el fin \u00faltimo de aproximar a las personas participantes en el concurso a la importancia que la representaci\u00f3n cartogr\u00e1fica y\u2026","rel":"","context":"En \u00abNoticias\u00bb","block_context":{"text":"Noticias","link":"https:\/\/cepronda.com\/blog\/category\/noticias\/"},"img":{"alt_text":"","src":"","width":0,"height":0},"classes":[]},{"id":3347,"url":"https:\/\/cepronda.com\/blog\/viii-concurso-explica-geografia-con-tus-fotos\/","url_meta":{"origin":5739,"position":1},"title":"VIII CONCURSO \u00abExplica Geograf\u00eda con tus fotos\u00bb","author":"V\u00edctor Caballero","date":"20 enero, 2020","format":false,"excerpt":"\u00a1Buenos y helados d\u00edas! Se ha convocado\u00a0el VIII Concurso \"Explica-Geograf\u00eda con tus fotos\" de la Asociaci\u00f3n Espa\u00f1ola de Geograf\u00eda que tiene como objetivo despertar y fomentar el inter\u00e9s por la fotograf\u00eda como medio para el conocimiento geogr\u00e1fico y la explicaci\u00f3n del territorio y el paisaje. Las fechas de participaci\u00f3n son\u2026","rel":"","context":"En \u00abNoticias\u00bb","block_context":{"text":"Noticias","link":"https:\/\/cepronda.com\/blog\/category\/noticias\/"},"img":{"alt_text":"","src":"https:\/\/i0.wp.com\/cepronda.com\/blog\/wp-content\/uploads\/2020\/01\/travel-2650303_1920.jpg?fit=1200%2C703&ssl=1&resize=350%2C200","width":350,"height":200,"srcset":"https:\/\/i0.wp.com\/cepronda.com\/blog\/wp-content\/uploads\/2020\/01\/travel-2650303_1920.jpg?fit=1200%2C703&ssl=1&resize=350%2C200 1x, https:\/\/i0.wp.com\/cepronda.com\/blog\/wp-content\/uploads\/2020\/01\/travel-2650303_1920.jpg?fit=1200%2C703&ssl=1&resize=525%2C300 1.5x, https:\/\/i0.wp.com\/cepronda.com\/blog\/wp-content\/uploads\/2020\/01\/travel-2650303_1920.jpg?fit=1200%2C703&ssl=1&resize=700%2C400 2x, https:\/\/i0.wp.com\/cepronda.com\/blog\/wp-content\/uploads\/2020\/01\/travel-2650303_1920.jpg?fit=1200%2C703&ssl=1&resize=1050%2C600 3x"},"classes":[]},{"id":3119,"url":"https:\/\/cepronda.com\/blog\/concurso-escolar-2019-20-consumopolis15-sobre-consumo-responsable\/","url_meta":{"origin":5739,"position":2},"title":"Concurso escolar 2019-20, Consum\u00f3polis15 sobre consumo responsable","author":"V\u00edctor Caballero","date":"4 noviembre, 2019","format":false,"excerpt":"Muy buenas familia, \u00bfQu\u00e9 tal ese puente? Esperamos que muy bien. Comenzamos la semana compartiendo con todos los centros esta informaci\u00f3n que, creemos, puede ser de vuestro inter\u00e9s. La Direcci\u00f3n General de Consumo de la Consejer\u00eda de Salud y Familias, junto con la Direcci\u00f3n General de Consumo del Ministerio de\u2026","rel":"","context":"En \u00abNoticias\u00bb","block_context":{"text":"Noticias","link":"https:\/\/cepronda.com\/blog\/category\/noticias\/"},"img":{"alt_text":"","src":"https:\/\/i0.wp.com\/cepronda.com\/blog\/wp-content\/uploads\/2019\/11\/logo-consumopolis.png?resize=350%2C200","width":350,"height":200},"classes":[]},{"id":245,"url":"https:\/\/cepronda.com\/blog\/concurso-consumopolis12\/","url_meta":{"origin":5739,"position":3},"title":"Concurso Consum\u00f3polis12","author":"V\u00edctor Caballero","date":"27 octubre, 2016","format":false,"excerpt":"\u00a1Hola de nuevo! Nos acaba de llegar un concurso para tercer ciclo de primaria, y para 1\u00ba,2\u00ba,3\u00ba y 4\u00ba de ESO que creemos puede ser muy interesante. Es un concurso on-line\u00a0sobre consumo responsable con el lema \u201cInternet: \u00bfhaces un uso responsable?\u201d, y tiene como objetivo ofrecer a la comunidad escolar\u2026","rel":"","context":"En \u00abNoticias\u00bb","block_context":{"text":"Noticias","link":"https:\/\/cepronda.com\/blog\/category\/noticias\/"},"img":{"alt_text":"consumopolis","src":"https:\/\/i0.wp.com\/cepronda.com\/blog\/wp-content\/uploads\/2016\/10\/consum%C3%B3polis-300x77.png?resize=350%2C200","width":350,"height":200},"classes":[]},{"id":2543,"url":"https:\/\/cepronda.com\/blog\/concurso-de-dibujo-mujer-y-astronomia\/","url_meta":{"origin":5739,"position":4},"title":"CONCURSO DE DIBUJO MUJER Y ASTRONOM\u00cdA","author":"V\u00edctor Caballero","date":"20 diciembre, 2018","format":false,"excerpt":"Muy buenas familia, compartimos con todas y todos vosotros este concurso de dibujo que creemos puede ser muy interesante. Os adjuntamos las bases donde encontrar toda la informaci\u00f3n. Concurso_Dibujo_SEA_2019Descargar La Sociedad Espa\u00f1ola de Astronom\u00eda a trav\u00e9s de su Comisi\u00f3n de Mujer y Astronom\u00eda, convoca un concurso de dibujo para escolares\u2026","rel":"","context":"En \u00abNoticias\u00bb","block_context":{"text":"Noticias","link":"https:\/\/cepronda.com\/blog\/category\/noticias\/"},"img":{"alt_text":"","src":"https:\/\/i0.wp.com\/cepronda.com\/blog\/wp-content\/uploads\/2018\/12\/concurso-mujres-y-astronomia.jpg?fit=1200%2C788&ssl=1&resize=350%2C200","width":350,"height":200,"srcset":"https:\/\/i0.wp.com\/cepronda.com\/blog\/wp-content\/uploads\/2018\/12\/concurso-mujres-y-astronomia.jpg?fit=1200%2C788&ssl=1&resize=350%2C200 1x, https:\/\/i0.wp.com\/cepronda.com\/blog\/wp-content\/uploads\/2018\/12\/concurso-mujres-y-astronomia.jpg?fit=1200%2C788&ssl=1&resize=525%2C300 1.5x, https:\/\/i0.wp.com\/cepronda.com\/blog\/wp-content\/uploads\/2018\/12\/concurso-mujres-y-astronomia.jpg?fit=1200%2C788&ssl=1&resize=700%2C400 2x, https:\/\/i0.wp.com\/cepronda.com\/blog\/wp-content\/uploads\/2018\/12\/concurso-mujres-y-astronomia.jpg?fit=1200%2C788&ssl=1&resize=1050%2C600 3x"},"classes":[]},{"id":3353,"url":"https:\/\/cepronda.com\/blog\/xxix-concurso-patrimonio-nacional-de-pintura-infantil-y-juvenil-curso-2019-2020\/","url_meta":{"origin":5739,"position":5},"title":"XXIX Concurso Patrimonio Nacional de Pintura Infantil y Juvenil, curso 2019-2020","author":"V\u00edctor Caballero","date":"20 enero, 2020","format":false,"excerpt":"Patrimonio Nacional convoca el XXIX Concurso de Pintura Infantil y Juvenil para Centros Escolares. El prop\u00f3sito de este concurso es divulgar, entre los ni\u00f1os, ni\u00f1as y j\u00f3venes, los monumentos, palacios y monasterios reales que integran Patrimonio Nacional, a trav\u00e9s de su expresi\u00f3n pl\u00e1stica. El concurso tiene dos categor\u00edas: A) Alumnado\u2026","rel":"","context":"En \u00abNoticias\u00bb","block_context":{"text":"Noticias","link":"https:\/\/cepronda.com\/blog\/category\/noticias\/"},"img":{"alt_text":"","src":"","width":0,"height":0},"classes":[]}],"jetpack_sharing_enabled":true,"_links":{"self":[{"href":"https:\/\/cepronda.com\/blog\/wp-json\/wp\/v2\/posts\/5739","targetHints":{"allow":["GET"]}}],"collection":[{"href":"https:\/\/cepronda.com\/blog\/wp-json\/wp\/v2\/posts"}],"about":[{"href":"https:\/\/cepronda.com\/blog\/wp-json\/wp\/v2\/types\/post"}],"author":[{"embeddable":true,"href":"https:\/\/cepronda.com\/blog\/wp-json\/wp\/v2\/users\/13"}],"replies":[{"embeddable":true,"href":"https:\/\/cepronda.com\/blog\/wp-json\/wp\/v2\/comments?post=5739"}],"version-history":[{"count":1,"href":"https:\/\/cepronda.com\/blog\/wp-json\/wp\/v2\/posts\/5739\/revisions"}],"predecessor-version":[{"id":5741,"href":"https:\/\/cepronda.com\/blog\/wp-json\/wp\/v2\/posts\/5739\/revisions\/5741"}],"wp:featuredmedia":[{"embeddable":true,"href":"https:\/\/cepronda.com\/blog\/wp-json\/wp\/v2\/media\/5740"}],"wp:attachment":[{"href":"https:\/\/cepronda.com\/blog\/wp-json\/wp\/v2\/media?parent=5739"}],"wp:term":[{"taxonomy":"category","embeddable":true,"href":"https:\/\/cepronda.com\/blog\/wp-json\/wp\/v2\/categories?post=5739"},{"taxonomy":"post_tag","embeddable":true,"href":"https:\/\/cepronda.com\/blog\/wp-json\/wp\/v2\/tags?post=5739"}],"curies":[{"name":"wp","href":"https:\/\/api.w.org\/{rel}","templated":true}]}}