{"id":5729,"date":"2023-01-23T10:19:56","date_gmt":"2023-01-23T09:19:56","guid":{"rendered":"https:\/\/cepronda.com\/blog\/?p=5729"},"modified":"2025-04-25T12:06:13","modified_gmt":"2025-04-25T10:06:13","slug":"ii-feria-de-inventos-y-talentos-its-ronda-2023","status":"publish","type":"post","link":"https:\/\/cepronda.com\/blog\/ii-feria-de-inventos-y-talentos-its-ronda-2023\/","title":{"rendered":"II FERIA DE INVENTOS Y TALENTOS. It\u00b4s Ronda 2023"},"content":{"rendered":"<p>\u00bfQuieres mostrar a la comunidad educativa de Ronda y la comarca el Proyecto que hac\u00e9is en vuestro centro? \u00bfHac\u00e9is <span style=\"font-weight: 400;\">actividades innovadoras, creativas o art\u00edsticas en vuestras aulas? \u00bf<\/span>Te gustar\u00eda que tu alumnado tuviera un espacio donde mostrar su talento?&#8230;&nbsp;<\/p>\n<p><span style=\"font-weight: 400;\">Desde el Centro del Profesorado de Ronda, en colaboraci\u00f3n con el Excmo. Ayuntamiento de Ronda, el IES Mart\u00edn Rivero, el IES P\u00e9rez de Guzm\u00e1n, el CEIP Juan Mart\u00edn Pinz\u00f3n y el CEIP Juan Carrillo hemos creado un comit\u00e9 para organizar la <\/span><b>II FERIA DE INVENTOS Y TALENTOS<\/b><span style=\"font-weight: 400;\">, <\/span><b>IT\u00b4S RONDA: Invents and Talents Show in Ronda, <\/b><span style=\"font-weight: 400;\">un evento en el que podamos dar visibilidad a las actividades innovadoras, creativas o art\u00edsticas que realizamos en nuestras aulas y que tendr\u00e1 lugar los d\u00edas <\/span><b>27 y 28 de abril de 2023<\/b><span style=\"font-weight: 400;\"> en el <\/span><b>Palacio de Ferias y Congresos de Ronda.<\/b><\/p>\n<p><span style=\"font-weight: 400;\">A diferencia de otras ferias cient\u00edficas o cert\u00e1menes especializados en un \u00e1rea del conocimiento que se desarrollan en otras ciudades, esta propuesta de evento pretende unificar y acercarlas entre s\u00ed, como un todo aprovechando los distintos productos y evidencias obtenidos junto a nuestros estudiantes durante el curso y en el que ellos sean los aut\u00e9nticos protagonistas a la hora de mostrarlos y contarlos (y da igual de la materia, especialidad, \u00e1rea o nivel educativo)<\/span><\/p>\n<p><span style=\"font-weight: 400;\">Dicho programa tiene como objetivos:<\/span><\/p>\n<ol>\n<li><span style=\"font-weight: 400;\">Ser una herramienta para la innovaci\u00f3n educativa<\/span><\/li>\n<li><span style=\"font-weight: 400;\">Estimular en el alumnado y profesorado la formaci\u00f3n y adaptaci\u00f3n a las nuevas exigencias sociales<\/span><\/li>\n<li><span style=\"font-weight: 400;\">Estimular la adquisici\u00f3n y desarrollo de las competencias emprendedoras.<\/span><\/li>\n<\/ol>\n<p><span style=\"font-weight: 400;\">AN\u00cdMATE Y AP\u00daNTATE a participar con tus alumnos y alumnas, sea cual sea tu \u00e1rea, departamento o materia.&nbsp;<\/span><\/p>\n<p>FORMULARIO DE INSCRIPCI\u00d3N: <a href=\"https:\/\/forms.gle\/9n3SX8GfMEsKKESLA\">https:\/\/forms.gle\/9n3SX8GfMEsKKESLA<\/a><\/p>\n<p><span style=\"font-weight: 400;\">FORMA PARTE de esta convocatoria para generar muchas m\u00e1s ideas de emprendimiento que puedan ayudar en el futuro a nuestros estudiantes. Nuestro planteamiento, permite incorporar cualquier propuesta que se lleve a cabo desde otro proyecto o iniciativa del centro.&nbsp;<\/span><\/p>\n<p><span style=\"font-weight: 400;\">NO dudes en preguntar cualquier duda, te podemos ayudar a incorporarlo en tu programaci\u00f3n, dentro de cualquier plan, programa o proyecto del centro (INNICIA, COMUNICA, STEAM, PROFUNDIZA, IGUALDAD, ESCUELA ESPACIO DE PAZ, PLAN DE PROFUNDIZACI\u00d3N PARA AACC, BIBLIOTECA, ETC\u2026)<\/span><\/p>\n<p><span style=\"font-weight: 400;\">Se convoca tambi\u00e9n concurso de carteles para crear el cartel oficial de <\/span><b>&nbsp;II IT\u2019S Ronda<\/b><span style=\"font-weight: 400;\">&nbsp; con el&nbsp; objetivo de estimular la creatividad de nuestros j\u00f3venes artistas, as\u00ed como fomentar la difusi\u00f3n de la imagen de nuestro Show de Inventos y Talentos dentro y fuera de nuestra Serran\u00eda.<\/span><\/p>\n<p><span style=\"font-weight: 400;\">Podr\u00e1 participar alumnado de cualquier etapa educativa. Las bases para dicho concurso las pod\u00e9is encontrar <\/span><a href=\"https:\/\/drive.google.com\/file\/d\/1NV-zyLJC5MU-W1QtqJV18avGkLOMvh7g\/view?usp=sharing\"><span style=\"font-weight: 400;\">AQU\u00cd<\/span><\/a><\/p>\n<p>&nbsp;<\/p>\n<p><span style=\"font-weight: 400;\">Si este a\u00f1o no puedes participar en la organizaci\u00f3n y quieres llevar a tus estudiantes para que disfruten de este IT\u00b4S Ronda 2023, abriremos un periodo de inscripci\u00f3n para que puedas solicitar la visita a partir del 15 de febrero de 2023.<\/span><\/p>\n<p><span style=\"font-weight: 400;\">&nbsp;<\/span><\/p>\n<p><span style=\"font-weight: 400;\">\u00a1OS ESPERAMOS!<\/span><\/p>\n<p>&nbsp;<\/p>\n<p>&nbsp;<\/p>\n","protected":false},"excerpt":{"rendered":"<p>\u00bfQuieres mostrar a la comunidad educativa de Ronda y la comarca el Proyecto que hac\u00e9is en vuestro centro? \u00bfHac\u00e9is actividades innovadoras, creativas o art\u00edsticas en vuestras aulas? \u00bfTe gustar\u00eda que tu alumnado tuviera un espacio donde mostrar su talento?&#8230;&nbsp; Desde el Centro del Profesorado de Ronda, en colaboraci\u00f3n con el Excmo. Ayuntamiento de Ronda, el [&hellip;]<\/p>\n","protected":false},"author":9,"featured_media":5183,"comment_status":"closed","ping_status":"open","sticky":false,"template":"","format":"standard","meta":{"_crdt_document":"","advanced_seo_description":"","jetpack_seo_html_title":"","jetpack_seo_noindex":false,"jetpack_post_was_ever_published":false,"_jetpack_newsletter_access":"","_jetpack_dont_email_post_to_subs":false,"_jetpack_newsletter_tier_id":0,"_jetpack_memberships_contains_paywalled_content":false,"_jetpack_memberships_contains_paid_content":false,"footnotes":"","jetpack_publicize_message":"","jetpack_publicize_feature_enabled":true,"jetpack_social_post_already_shared":false,"jetpack_social_options":{"image_generator_settings":{"template":"highway","default_image_id":0,"font":"","enabled":false},"version":2}},"categories":[5],"tags":[180],"class_list":{"0":"post-5729","1":"post","2":"type-post","3":"status-publish","4":"format-standard","5":"has-post-thumbnail","7":"category-noticias","8":"tag-concursos","9":"czr-hentry"},"jetpack_publicize_connections":[],"jetpack_featured_media_url":"https:\/\/i0.wp.com\/cepronda.com\/blog\/wp-content\/uploads\/2022\/03\/It%C2%B4s-Ronda.png?fit=1587%2C2245&ssl=1","jetpack_shortlink":"https:\/\/wp.me\/p8M4X7-1up","jetpack-related-posts":[{"id":7389,"url":"https:\/\/cepronda.com\/blog\/iii-feria-de-inventos-y-talentos-its-ronda-2024\/","url_meta":{"origin":5729,"position":0},"title":"III FERIA DE INVENTOS Y TALENTOS. It\u00b4s Ronda 2024","author":"Inmaculada Garc\u00eda","date":"18 enero, 2024","format":false,"excerpt":"\u00bfQuieres mostrar a la comunidad educativa de Ronda y la comarca el Proyecto que hac\u00e9is en vuestro centro? \u00bfHac\u00e9is actividades innovadoras, creativas o art\u00edsticas en vuestras aulas? \u00bfTe gustar\u00eda que tu alumnado tuviera un espacio donde mostrar su talento?... Desde el Centro del Profesorado de Ronda, en colaboraci\u00f3n con el\u2026","rel":"","context":"En \u00abNoticias\u00bb","block_context":{"text":"Noticias","link":"https:\/\/cepronda.com\/blog\/category\/noticias\/"},"img":{"alt_text":"","src":"https:\/\/i0.wp.com\/cepronda.com\/blog\/wp-content\/uploads\/2024\/01\/WhatsApp-Image-2023-03-21-at-11.39.26.jpg?fit=500%2C500&ssl=1&resize=350%2C200","width":350,"height":200},"classes":[]},{"id":7552,"url":"https:\/\/cepronda.com\/blog\/iii-feria-de-inventos-y-talentos-its-ronda-2024-2\/","url_meta":{"origin":5729,"position":1},"title":"III Feria de Inventos y Talentos. IT\u00b4S RONDA 2024.","author":"Mamen Moreno","date":"8 abril, 2024","format":false,"excerpt":"Desde el CEP de Ronda, nos complace invitaros a visitar la III Feria de Inventos y Talentos. IT\u00b4s RONDA 2024. Se desarrollar\u00e1 los d\u00edas jueves 25 de abril (centros de ESO y Bachillerato) y el viernes 26 de abril (centros de Educaci\u00f3n Infantil y Primaria). Os recordamos que ten\u00e9is hasta\u2026","rel":"","context":"En \u00abNoticias\u00bb","block_context":{"text":"Noticias","link":"https:\/\/cepronda.com\/blog\/category\/noticias\/"},"img":{"alt_text":"","src":"https:\/\/i0.wp.com\/cepronda.com\/blog\/wp-content\/uploads\/2024\/04\/IMAGEN-VIDEO.png?fit=1200%2C707&ssl=1&resize=350%2C200","width":350,"height":200,"srcset":"https:\/\/i0.wp.com\/cepronda.com\/blog\/wp-content\/uploads\/2024\/04\/IMAGEN-VIDEO.png?fit=1200%2C707&ssl=1&resize=350%2C200 1x, https:\/\/i0.wp.com\/cepronda.com\/blog\/wp-content\/uploads\/2024\/04\/IMAGEN-VIDEO.png?fit=1200%2C707&ssl=1&resize=525%2C300 1.5x, https:\/\/i0.wp.com\/cepronda.com\/blog\/wp-content\/uploads\/2024\/04\/IMAGEN-VIDEO.png?fit=1200%2C707&ssl=1&resize=700%2C400 2x, https:\/\/i0.wp.com\/cepronda.com\/blog\/wp-content\/uploads\/2024\/04\/IMAGEN-VIDEO.png?fit=1200%2C707&ssl=1&resize=1050%2C600 3x"},"classes":[]},{"id":5906,"url":"https:\/\/cepronda.com\/blog\/quieres-visitar-la-feria-de-inventos-y-talentos-its-ronda-2023-apuntate\/","url_meta":{"origin":5729,"position":2},"title":"\u00bfQUIERES VISITAR LA FERIA DE INVENTOS Y TALENTOS. IT\u00b4S RONDA 2023? AP\u00daNTATE.","author":"Inmaculada Garc\u00eda","date":"11 abril, 2023","format":false,"excerpt":"Ya est\u00e1 habilitado el cuestionario para registrarte como visitante de la Feria de Inventos y Talentos. IT\u00b4s Ronda 2023. Si est\u00e1is interesados en asistir, ten\u00e9is hasta el d\u00eda 16 de abril del 2023 para rellenarlo. Este a\u00f1o contamos con nuevos talleres, nuevos experiencias educativas en nuestros Stands, actuaciones musicales y\u2026","rel":"","context":"En \u00abNoticias\u00bb","block_context":{"text":"Noticias","link":"https:\/\/cepronda.com\/blog\/category\/noticias\/"},"img":{"alt_text":"","src":"https:\/\/i0.wp.com\/cepronda.com\/blog\/wp-content\/uploads\/2023\/04\/WhatsApp-Image-2023-03-29-at-13.12.52.jpeg?fit=848%2C1200&ssl=1&resize=350%2C200","width":350,"height":200,"srcset":"https:\/\/i0.wp.com\/cepronda.com\/blog\/wp-content\/uploads\/2023\/04\/WhatsApp-Image-2023-03-29-at-13.12.52.jpeg?fit=848%2C1200&ssl=1&resize=350%2C200 1x, https:\/\/i0.wp.com\/cepronda.com\/blog\/wp-content\/uploads\/2023\/04\/WhatsApp-Image-2023-03-29-at-13.12.52.jpeg?fit=848%2C1200&ssl=1&resize=525%2C300 1.5x, https:\/\/i0.wp.com\/cepronda.com\/blog\/wp-content\/uploads\/2023\/04\/WhatsApp-Image-2023-03-29-at-13.12.52.jpeg?fit=848%2C1200&ssl=1&resize=700%2C400 2x"},"classes":[]},{"id":7672,"url":"https:\/\/cepronda.com\/blog\/el-ies-martin-rivero-de-ronda-junto-con-ies-gran-capitan-de-cordoba-premidados-por-su-fabrica-de-ideas-e-inventos\/","url_meta":{"origin":5729,"position":3},"title":"EL IES MART\u00cdN RIVERO DE RONDA JUNTO CON EL IES GRAN CAPIT\u00c1N DE C\u00d3RDOBA PREMIDADOS POR SU F\u00c1BRICA DE IDEAS E INVENTOS","author":"Mamen Moreno","date":"12 julio, 2024","format":false,"excerpt":"El IES Mart\u00edn Rivero ha sido premiado por su F\u00e1brica de Ideas e Inventos de estudiantes, junto con el IES Gran Capit\u00e1n de C\u00f3rdoba. El Ministerio de Ciencia, Innovaci\u00f3n y Universidades ha reconocido este prestigioso reconocimiento a la RED de centros andaluces FAB-IDI \"F\u00e1bricas de Ideas e Inventos\", coordinada en\u2026","rel":"","context":"En \u00abNoticias\u00bb","block_context":{"text":"Noticias","link":"https:\/\/cepronda.com\/blog\/category\/noticias\/"},"img":{"alt_text":"","src":"https:\/\/i0.wp.com\/cepronda.com\/blog\/wp-content\/uploads\/2024\/07\/WhatsApp-Image-2024-07-12-at-11.33.31-e1720792423312.jpeg?fit=871%2C515&ssl=1&resize=350%2C200","width":350,"height":200,"srcset":"https:\/\/i0.wp.com\/cepronda.com\/blog\/wp-content\/uploads\/2024\/07\/WhatsApp-Image-2024-07-12-at-11.33.31-e1720792423312.jpeg?fit=871%2C515&ssl=1&resize=350%2C200 1x, https:\/\/i0.wp.com\/cepronda.com\/blog\/wp-content\/uploads\/2024\/07\/WhatsApp-Image-2024-07-12-at-11.33.31-e1720792423312.jpeg?fit=871%2C515&ssl=1&resize=525%2C300 1.5x, https:\/\/i0.wp.com\/cepronda.com\/blog\/wp-content\/uploads\/2024\/07\/WhatsApp-Image-2024-07-12-at-11.33.31-e1720792423312.jpeg?fit=871%2C515&ssl=1&resize=700%2C400 2x"},"classes":[]},{"id":5182,"url":"https:\/\/cepronda.com\/blog\/feria-de-inventos-y-talentos-its-ronda-invents-and-talents-show-in-ronda\/","url_meta":{"origin":5729,"position":4},"title":"FERIA DE INVENTOS Y TALENTOS \u00abIT&#8217;S RONDA: Invents and Talents Show in Ronda\u00bb","author":"Inmaculada Garc\u00eda","date":"17 marzo, 2022","format":false,"excerpt":"Desde el centro del Profesorado de Ronda os invitamos a participar en el \"IT'S RONDA: Invents and Talents Show in Ronda\", una FERIA DE INVENTOS Y TALENTOS en la queremos visibilizar las actividades que se realizan en las aulas de los centros educativos de todo nuestro \u00e1mbito de actuaci\u00f3n. Este\u2026","rel":"","context":"En \u00abFormaciones\u00bb","block_context":{"text":"Formaciones","link":"https:\/\/cepronda.com\/blog\/category\/formaciones\/"},"img":{"alt_text":"","src":"https:\/\/i0.wp.com\/cepronda.com\/blog\/wp-content\/uploads\/2022\/03\/It%C2%B4s-Ronda.png?fit=848%2C1200&ssl=1&resize=350%2C200","width":350,"height":200,"srcset":"https:\/\/i0.wp.com\/cepronda.com\/blog\/wp-content\/uploads\/2022\/03\/It%C2%B4s-Ronda.png?fit=848%2C1200&ssl=1&resize=350%2C200 1x, https:\/\/i0.wp.com\/cepronda.com\/blog\/wp-content\/uploads\/2022\/03\/It%C2%B4s-Ronda.png?fit=848%2C1200&ssl=1&resize=525%2C300 1.5x, https:\/\/i0.wp.com\/cepronda.com\/blog\/wp-content\/uploads\/2022\/03\/It%C2%B4s-Ronda.png?fit=848%2C1200&ssl=1&resize=700%2C400 2x"},"classes":[]},{"id":5910,"url":"https:\/\/cepronda.com\/blog\/%c9%aa%c9%aa-fe%ca%80%c9%aaa-de-%c9%aanventos-y-talentos-%c9%aats-%ca%80onda-2023-ya-tenemos-cartel-ganador\/","url_meta":{"origin":5729,"position":5},"title":"\ua7ae\ua7ae FE\u01a6\ua7aeA DE \ua7aeNVENTOS Y TALENTOS. \ua7aeT\u00b4S \u01a6ONDA 2023. YA TENEMOS CARTEL GANADOR","author":"Inmaculada Garc\u00eda","date":"31 marzo, 2023","format":false,"excerpt":"\ua7ae\ua7ae FE\u01a6\ua7aeA DE \ua7aeNVENTOS Y TALENTOS. \ua7aeT\u00b4S \u01a6ONDA 2023. YA TENEMOS CARTEL GANADOR \u00a0 En primer lugar, dar las gracias a todos los participantes por sus dise\u00f1os tan geniales, a la Comisi\u00f3n Seleccionadora le ha costado decidirse. El cartel que representar\u00e1 a este a\u00f1o a la feria ha sido dise\u00f1ado\u2026","rel":"","context":"En \u00abNoticias\u00bb","block_context":{"text":"Noticias","link":"https:\/\/cepronda.com\/blog\/category\/noticias\/"},"img":{"alt_text":"","src":"https:\/\/i0.wp.com\/cepronda.com\/blog\/wp-content\/uploads\/2023\/04\/WhatsApp-Image-2023-03-29-at-13.12.52.jpeg?fit=848%2C1200&ssl=1&resize=350%2C200","width":350,"height":200,"srcset":"https:\/\/i0.wp.com\/cepronda.com\/blog\/wp-content\/uploads\/2023\/04\/WhatsApp-Image-2023-03-29-at-13.12.52.jpeg?fit=848%2C1200&ssl=1&resize=350%2C200 1x, https:\/\/i0.wp.com\/cepronda.com\/blog\/wp-content\/uploads\/2023\/04\/WhatsApp-Image-2023-03-29-at-13.12.52.jpeg?fit=848%2C1200&ssl=1&resize=525%2C300 1.5x, https:\/\/i0.wp.com\/cepronda.com\/blog\/wp-content\/uploads\/2023\/04\/WhatsApp-Image-2023-03-29-at-13.12.52.jpeg?fit=848%2C1200&ssl=1&resize=700%2C400 2x"},"classes":[]}],"jetpack_sharing_enabled":true,"_links":{"self":[{"href":"https:\/\/cepronda.com\/blog\/wp-json\/wp\/v2\/posts\/5729","targetHints":{"allow":["GET"]}}],"collection":[{"href":"https:\/\/cepronda.com\/blog\/wp-json\/wp\/v2\/posts"}],"about":[{"href":"https:\/\/cepronda.com\/blog\/wp-json\/wp\/v2\/types\/post"}],"author":[{"embeddable":true,"href":"https:\/\/cepronda.com\/blog\/wp-json\/wp\/v2\/users\/9"}],"replies":[{"embeddable":true,"href":"https:\/\/cepronda.com\/blog\/wp-json\/wp\/v2\/comments?post=5729"}],"version-history":[{"count":1,"href":"https:\/\/cepronda.com\/blog\/wp-json\/wp\/v2\/posts\/5729\/revisions"}],"predecessor-version":[{"id":5730,"href":"https:\/\/cepronda.com\/blog\/wp-json\/wp\/v2\/posts\/5729\/revisions\/5730"}],"wp:featuredmedia":[{"embeddable":true,"href":"https:\/\/cepronda.com\/blog\/wp-json\/wp\/v2\/media\/5183"}],"wp:attachment":[{"href":"https:\/\/cepronda.com\/blog\/wp-json\/wp\/v2\/media?parent=5729"}],"wp:term":[{"taxonomy":"category","embeddable":true,"href":"https:\/\/cepronda.com\/blog\/wp-json\/wp\/v2\/categories?post=5729"},{"taxonomy":"post_tag","embeddable":true,"href":"https:\/\/cepronda.com\/blog\/wp-json\/wp\/v2\/tags?post=5729"}],"curies":[{"name":"wp","href":"https:\/\/api.w.org\/{rel}","templated":true}]}}