{"id":5701,"date":"2023-01-17T11:39:22","date_gmt":"2023-01-17T10:39:22","guid":{"rendered":"https:\/\/cepronda.com\/blog\/?p=5701"},"modified":"2025-04-25T12:06:13","modified_gmt":"2025-04-25T10:06:13","slug":"5701-2","status":"publish","type":"post","link":"https:\/\/cepronda.com\/blog\/5701-2\/","title":{"rendered":"VIII CERTAMEN DE TEATRO EN EL AULA"},"content":{"rendered":"<p>Est\u00e1 abierta la inscripci\u00f3n al VIII CERTAMEN DE TEATRO EN EL AULA, ciudad de Ronda.<br \/>\nOs animamos a participar.<\/p>\n<p>INSCRIPCIONES hasta el 31 de enero en<a href=\"https:\/\/docs.google.com\/forms\/d\/1IZxCFXDNLBDhDhCuWmx2Q-ITnIe7m4u1B0u2fBegtnA\/viewform?edit_requested=true\"> https:\/\/docs.google.com\/forms\/d\/1IZxCFXDNLBDhDhCuWmx2Q-ITnIe7m4u1B0u2fBegtnA\/viewform?edit_requested=true<\/a><img data-recalc-dims=\"1\" loading=\"lazy\" decoding=\"async\" class=\"size-medium wp-image-5702 aligncenter\" src=\"https:\/\/i0.wp.com\/cepronda.com\/blog\/wp-content\/uploads\/2023\/01\/Poster-Concurso-CERTAMEN-DE-TEATRO.png?resize=212%2C300&#038;ssl=1\" alt=\"\" width=\"212\" height=\"300\" srcset=\"https:\/\/i0.wp.com\/cepronda.com\/blog\/wp-content\/uploads\/2023\/01\/Poster-Concurso-CERTAMEN-DE-TEATRO.png?resize=212%2C300&amp;ssl=1 212w, https:\/\/i0.wp.com\/cepronda.com\/blog\/wp-content\/uploads\/2023\/01\/Poster-Concurso-CERTAMEN-DE-TEATRO.png?resize=724%2C1024&amp;ssl=1 724w, https:\/\/i0.wp.com\/cepronda.com\/blog\/wp-content\/uploads\/2023\/01\/Poster-Concurso-CERTAMEN-DE-TEATRO.png?resize=768%2C1086&amp;ssl=1 768w, https:\/\/i0.wp.com\/cepronda.com\/blog\/wp-content\/uploads\/2023\/01\/Poster-Concurso-CERTAMEN-DE-TEATRO.png?resize=1086%2C1536&amp;ssl=1 1086w, https:\/\/i0.wp.com\/cepronda.com\/blog\/wp-content\/uploads\/2023\/01\/Poster-Concurso-CERTAMEN-DE-TEATRO.png?resize=1448%2C2048&amp;ssl=1 1448w, https:\/\/i0.wp.com\/cepronda.com\/blog\/wp-content\/uploads\/2023\/01\/Poster-Concurso-CERTAMEN-DE-TEATRO.png?w=1587&amp;ssl=1 1587w\" sizes=\"auto, (max-width: 212px) 100vw, 212px\" \/><\/p>\n<p>&nbsp;<\/p>\n<p>&nbsp;<\/p>\n","protected":false},"excerpt":{"rendered":"<p>Est\u00e1 abierta la inscripci\u00f3n al VIII CERTAMEN DE TEATRO EN EL AULA, ciudad de Ronda. Os animamos a participar. INSCRIPCIONES hasta el 31 de enero en https:\/\/docs.google.com\/forms\/d\/1IZxCFXDNLBDhDhCuWmx2Q-ITnIe7m4u1B0u2fBegtnA\/viewform?edit_requested=true &nbsp; &nbsp;<\/p>\n","protected":false},"author":9,"featured_media":5702,"comment_status":"closed","ping_status":"open","sticky":false,"template":"","format":"standard","meta":{"_crdt_document":"","advanced_seo_description":"","jetpack_seo_html_title":"","jetpack_seo_noindex":false,"jetpack_post_was_ever_published":false,"_jetpack_newsletter_access":"","_jetpack_dont_email_post_to_subs":false,"_jetpack_newsletter_tier_id":0,"_jetpack_memberships_contains_paywalled_content":false,"_jetpack_memberships_contains_paid_content":false,"footnotes":"","jetpack_publicize_message":"","jetpack_publicize_feature_enabled":true,"jetpack_social_post_already_shared":false,"jetpack_social_options":{"image_generator_settings":{"template":"highway","default_image_id":0,"font":"","enabled":false},"version":2}},"categories":[5],"tags":[180],"class_list":{"0":"post-5701","1":"post","2":"type-post","3":"status-publish","4":"format-standard","5":"has-post-thumbnail","7":"category-noticias","8":"tag-concursos","9":"czr-hentry"},"jetpack_publicize_connections":[],"jetpack_featured_media_url":"https:\/\/i0.wp.com\/cepronda.com\/blog\/wp-content\/uploads\/2023\/01\/Poster-Concurso-CERTAMEN-DE-TEATRO.png?fit=1587%2C2245&ssl=1","jetpack_shortlink":"https:\/\/wp.me\/p8M4X7-1tX","jetpack-related-posts":[{"id":5949,"url":"https:\/\/cepronda.com\/blog\/viii-certamen-de-teatro-en-el-aula-ciudad-de-ronda\/","url_meta":{"origin":5701,"position":0},"title":"VIII CERTAMEN DE TEATRO EN EL AULA \u00abCIUDAD DE RONDA\u00bb","author":"Mamen Moreno","date":"18 abril, 2023","format":false,"excerpt":"Os informamos que el pasado lunes 17 de abril se presento el cartel anunciador del VII Certamen de Teatro en el aula Ciudad de Ronda (TACIR) Este certamen se de desarrollara durante el 26 de mayo al 2 de junio Los teatros se realizaran en el Teatro Vicente Espinel de\u2026","rel":"","context":"En \u00abNoticias\u00bb","block_context":{"text":"Noticias","link":"https:\/\/cepronda.com\/blog\/category\/noticias\/"},"img":{"alt_text":"","src":"https:\/\/i0.wp.com\/cepronda.com\/blog\/wp-content\/uploads\/2023\/04\/CARTEL-CERTAMEN-DEFINITIVO.jpg?fit=1200%2C812&ssl=1&resize=350%2C200","width":350,"height":200,"srcset":"https:\/\/i0.wp.com\/cepronda.com\/blog\/wp-content\/uploads\/2023\/04\/CARTEL-CERTAMEN-DEFINITIVO.jpg?fit=1200%2C812&ssl=1&resize=350%2C200 1x, https:\/\/i0.wp.com\/cepronda.com\/blog\/wp-content\/uploads\/2023\/04\/CARTEL-CERTAMEN-DEFINITIVO.jpg?fit=1200%2C812&ssl=1&resize=525%2C300 1.5x, https:\/\/i0.wp.com\/cepronda.com\/blog\/wp-content\/uploads\/2023\/04\/CARTEL-CERTAMEN-DEFINITIVO.jpg?fit=1200%2C812&ssl=1&resize=700%2C400 2x, https:\/\/i0.wp.com\/cepronda.com\/blog\/wp-content\/uploads\/2023\/04\/CARTEL-CERTAMEN-DEFINITIVO.jpg?fit=1200%2C812&ssl=1&resize=1050%2C600 3x"},"classes":[]},{"id":7514,"url":"https:\/\/cepronda.com\/blog\/enlace-inscripcion-centros-asistir-ix-certamen-de-teatro-en-el-aula-ciudad-de-ronda-tacir\/","url_meta":{"origin":5701,"position":1},"title":"Enlace Inscripci\u00f3n Centros Asistir \u201cIX CERTAMEN DE TEATRO EN EL AULA\u201d CIUDAD DE RONDA (TACIR)","author":"Mamen Moreno","date":"18 marzo, 2024","format":false,"excerpt":"Abierto el plazo para la inscripci\u00f3n como p\u00fablico\u00a0a las obras de teatro que se presentan en el \u201cIX CERTAMEN DE TEATRO EN EL AULA\u201d. ENLACE:\u00a0\u201d Pincha Aqu\u00ed\u201d. NOTA:\u00a0 EL PLAZO PARA LA INSCRIPCI\u00d3N COMO P\u00daBLICO ES DESDE EL 15 DE MARZO HASTA EL 15 DE ABRIL.","rel":"","context":"En \u00abNoticias\u00bb","block_context":{"text":"Noticias","link":"https:\/\/cepronda.com\/blog\/category\/noticias\/"},"img":{"alt_text":"","src":"https:\/\/i0.wp.com\/cepronda.com\/blog\/wp-content\/uploads\/2024\/03\/Logo-Tacir-1024x977-1.jpg?fit=1024%2C977&ssl=1&resize=350%2C200","width":350,"height":200,"srcset":"https:\/\/i0.wp.com\/cepronda.com\/blog\/wp-content\/uploads\/2024\/03\/Logo-Tacir-1024x977-1.jpg?fit=1024%2C977&ssl=1&resize=350%2C200 1x, https:\/\/i0.wp.com\/cepronda.com\/blog\/wp-content\/uploads\/2024\/03\/Logo-Tacir-1024x977-1.jpg?fit=1024%2C977&ssl=1&resize=525%2C300 1.5x, https:\/\/i0.wp.com\/cepronda.com\/blog\/wp-content\/uploads\/2024\/03\/Logo-Tacir-1024x977-1.jpg?fit=1024%2C977&ssl=1&resize=700%2C400 2x"},"classes":[]},{"id":7374,"url":"https:\/\/cepronda.com\/blog\/ix-certamen-de-teatro-en-el-aula-ciudad-de-ronda\/","url_meta":{"origin":5701,"position":2},"title":"IX CERTAMEN DE TEATRO EN EL AULA. CIUDAD DE RONDA.","author":"Mamen Moreno","date":"16 enero, 2024","format":false,"excerpt":"Desde el d\u00eda 02 de enero hasta el 31 de enero los centros educativos de Educaci\u00f3n Secundaria y Bachillerato de Ronda y la Comarca que lo deseen, podr\u00e1n inscribirse en el IX CERTAMEN DE TEATRO EN EL AULA \u201cCIUDAD DE RONDA\u201d para participar con una o dos obras de teatro\u2026","rel":"","context":"En \u00abFormaciones\u00bb","block_context":{"text":"Formaciones","link":"https:\/\/cepronda.com\/blog\/category\/formaciones\/"},"img":{"alt_text":"","src":"https:\/\/i0.wp.com\/cepronda.com\/blog\/wp-content\/uploads\/2024\/01\/Logo-Tacir-768x733-1.jpg?fit=768%2C733&ssl=1&resize=350%2C200","width":350,"height":200,"srcset":"https:\/\/i0.wp.com\/cepronda.com\/blog\/wp-content\/uploads\/2024\/01\/Logo-Tacir-768x733-1.jpg?fit=768%2C733&ssl=1&resize=350%2C200 1x, https:\/\/i0.wp.com\/cepronda.com\/blog\/wp-content\/uploads\/2024\/01\/Logo-Tacir-768x733-1.jpg?fit=768%2C733&ssl=1&resize=525%2C300 1.5x, https:\/\/i0.wp.com\/cepronda.com\/blog\/wp-content\/uploads\/2024\/01\/Logo-Tacir-768x733-1.jpg?fit=768%2C733&ssl=1&resize=700%2C400 2x"},"classes":[]},{"id":5007,"url":"https:\/\/cepronda.com\/blog\/vii-certamen-de-teatro-en-el-aula-ciudad-de-ronda-2\/","url_meta":{"origin":5701,"position":3},"title":"VII CERTAMEN DE TEATRO EN EL AULA \u00abCIUDAD DE RONDA\u00bb","author":"Antonio Montes","date":"18 enero, 2022","format":false,"excerpt":"Buenos d\u00edas, Desde el Centro del Profesorado de Ronda os anunciamos que, desde el 1 de enero al 31 de enero de 2022, est\u00e1 abierto el plazo para inscribirse como participantes en el VII certamen de teatro en el aula \"Ciudad de Ronda\". Esta edici\u00f3n quiere rendir un homenaje a\u2026","rel":"","context":"En \u00abNoticias\u00bb","block_context":{"text":"Noticias","link":"https:\/\/cepronda.com\/blog\/category\/noticias\/"},"img":{"alt_text":"","src":"https:\/\/i0.wp.com\/cepronda.com\/blog\/wp-content\/uploads\/2019\/12\/theatre-430552_1920.jpg?fit=1200%2C821&ssl=1&resize=350%2C200","width":350,"height":200,"srcset":"https:\/\/i0.wp.com\/cepronda.com\/blog\/wp-content\/uploads\/2019\/12\/theatre-430552_1920.jpg?fit=1200%2C821&ssl=1&resize=350%2C200 1x, https:\/\/i0.wp.com\/cepronda.com\/blog\/wp-content\/uploads\/2019\/12\/theatre-430552_1920.jpg?fit=1200%2C821&ssl=1&resize=525%2C300 1.5x, https:\/\/i0.wp.com\/cepronda.com\/blog\/wp-content\/uploads\/2019\/12\/theatre-430552_1920.jpg?fit=1200%2C821&ssl=1&resize=700%2C400 2x, https:\/\/i0.wp.com\/cepronda.com\/blog\/wp-content\/uploads\/2019\/12\/theatre-430552_1920.jpg?fit=1200%2C821&ssl=1&resize=1050%2C600 3x"},"classes":[]},{"id":2674,"url":"https:\/\/cepronda.com\/blog\/vi-certamen-teatro-en-el-aula\/","url_meta":{"origin":5701,"position":4},"title":"VI Certamen \u00abTeatro en el aula\u00bb","author":"V\u00edctor Caballero","date":"15 marzo, 2019","format":false,"excerpt":"Muy buenas familia, compartimos con todos aquellos centros interesados este formulario para inscribiros como p\u00fablico en el VI Certamen \"Teatro en el aula\". Para acceder al formulario s\u00f3lo ten\u00e9is que seguir este enlace.","rel":"","context":"En \u00abNoticias\u00bb","block_context":{"text":"Noticias","link":"https:\/\/cepronda.com\/blog\/category\/noticias\/"},"img":{"alt_text":"","src":"https:\/\/i0.wp.com\/cepronda.com\/blog\/wp-content\/uploads\/2017\/11\/mask-1636121_960_720.jpg?fit=960%2C638&ssl=1&resize=350%2C200","width":350,"height":200,"srcset":"https:\/\/i0.wp.com\/cepronda.com\/blog\/wp-content\/uploads\/2017\/11\/mask-1636121_960_720.jpg?fit=960%2C638&ssl=1&resize=350%2C200 1x, https:\/\/i0.wp.com\/cepronda.com\/blog\/wp-content\/uploads\/2017\/11\/mask-1636121_960_720.jpg?fit=960%2C638&ssl=1&resize=525%2C300 1.5x, https:\/\/i0.wp.com\/cepronda.com\/blog\/wp-content\/uploads\/2017\/11\/mask-1636121_960_720.jpg?fit=960%2C638&ssl=1&resize=700%2C400 2x"},"classes":[]},{"id":3235,"url":"https:\/\/cepronda.com\/blog\/vii-certamen-de-teatro-en-el-aula-ciudad-de-ronda\/","url_meta":{"origin":5701,"position":5},"title":"VII CERTAMEN DE TEATRO EN EL AULA \u00abCIUDAD DE RONDA\u00bb","author":"V\u00edctor Caballero","date":"10 diciembre, 2019","format":false,"excerpt":"Muy buenas familia, Os comentamos que est\u00e1 abierto el plazo para inscribirse como participantes desde el 9 de diciembre de 2019 al 31 de enero de 2020 en el VII certamen de teatro en el aula \"Ciudad de Ronda\" El formulario para la inscripci\u00f3n est\u00e1 en el siguiente\u00a0enlace: https:\/\/forms.gle\/xrw7u9h6pUFbdo6r7 Adem\u00e1s\u2026","rel":"","context":"En \u00abNoticias\u00bb","block_context":{"text":"Noticias","link":"https:\/\/cepronda.com\/blog\/category\/noticias\/"},"img":{"alt_text":"","src":"https:\/\/i0.wp.com\/cepronda.com\/blog\/wp-content\/uploads\/2019\/12\/theatre-430552_1920.jpg?fit=1200%2C821&ssl=1&resize=350%2C200","width":350,"height":200,"srcset":"https:\/\/i0.wp.com\/cepronda.com\/blog\/wp-content\/uploads\/2019\/12\/theatre-430552_1920.jpg?fit=1200%2C821&ssl=1&resize=350%2C200 1x, https:\/\/i0.wp.com\/cepronda.com\/blog\/wp-content\/uploads\/2019\/12\/theatre-430552_1920.jpg?fit=1200%2C821&ssl=1&resize=525%2C300 1.5x, https:\/\/i0.wp.com\/cepronda.com\/blog\/wp-content\/uploads\/2019\/12\/theatre-430552_1920.jpg?fit=1200%2C821&ssl=1&resize=700%2C400 2x, https:\/\/i0.wp.com\/cepronda.com\/blog\/wp-content\/uploads\/2019\/12\/theatre-430552_1920.jpg?fit=1200%2C821&ssl=1&resize=1050%2C600 3x"},"classes":[]}],"jetpack_sharing_enabled":true,"_links":{"self":[{"href":"https:\/\/cepronda.com\/blog\/wp-json\/wp\/v2\/posts\/5701","targetHints":{"allow":["GET"]}}],"collection":[{"href":"https:\/\/cepronda.com\/blog\/wp-json\/wp\/v2\/posts"}],"about":[{"href":"https:\/\/cepronda.com\/blog\/wp-json\/wp\/v2\/types\/post"}],"author":[{"embeddable":true,"href":"https:\/\/cepronda.com\/blog\/wp-json\/wp\/v2\/users\/9"}],"replies":[{"embeddable":true,"href":"https:\/\/cepronda.com\/blog\/wp-json\/wp\/v2\/comments?post=5701"}],"version-history":[{"count":2,"href":"https:\/\/cepronda.com\/blog\/wp-json\/wp\/v2\/posts\/5701\/revisions"}],"predecessor-version":[{"id":5704,"href":"https:\/\/cepronda.com\/blog\/wp-json\/wp\/v2\/posts\/5701\/revisions\/5704"}],"wp:featuredmedia":[{"embeddable":true,"href":"https:\/\/cepronda.com\/blog\/wp-json\/wp\/v2\/media\/5702"}],"wp:attachment":[{"href":"https:\/\/cepronda.com\/blog\/wp-json\/wp\/v2\/media?parent=5701"}],"wp:term":[{"taxonomy":"category","embeddable":true,"href":"https:\/\/cepronda.com\/blog\/wp-json\/wp\/v2\/categories?post=5701"},{"taxonomy":"post_tag","embeddable":true,"href":"https:\/\/cepronda.com\/blog\/wp-json\/wp\/v2\/tags?post=5701"}],"curies":[{"name":"wp","href":"https:\/\/api.w.org\/{rel}","templated":true}]}}