{"id":5697,"date":"2023-01-16T12:54:08","date_gmt":"2023-01-16T11:54:08","guid":{"rendered":"https:\/\/cepronda.com\/blog\/?p=5697"},"modified":"2025-04-28T11:48:43","modified_gmt":"2025-04-28T09:48:43","slug":"dua-y-tareas-multinivel-de-areas-instrumentales-en-la-escuela-rural","status":"publish","type":"post","link":"https:\/\/cepronda.com\/blog\/dua-y-tareas-multinivel-de-areas-instrumentales-en-la-escuela-rural\/","title":{"rendered":"DUA Y TAREAS MULTINIVEL DE \u00c1REAS INSTRUMENTALES EN LA ESCUELA RURAL"},"content":{"rendered":"<p><span style=\"color: #5a5a5a;\"><span style=\"font-family: Source Sans Pro;\"><span style=\"font-size: medium;\">Os informamos que se ha abierto el plazo de inscripci\u00f3n al curso: <\/span><\/span><\/span><span style=\"color: #5a5a5a;\"><span style=\"font-family: Source Sans Pro;\"><span style=\"font-size: medium;\"><b>DUA Y TAREAS MULTINIVEL DE \u00c1REAS INSTRUMENTALES EN LA ESCUELA RURAL <\/b><\/span><\/span><\/span><span style=\"color: #5a5a5a;\"><span style=\"font-family: Source Sans Pro;\"><span style=\"font-size: medium;\">con c\u00f3digo <strong>232924GE019<\/strong><b>.<\/b><\/span><\/span><\/span><\/p>\n<p><strong>Fechas de Inscripci\u00f3n<\/strong>: Del 16 de enero al 2 de febrero.<\/p>\n<p><span style=\"color: #5a5a5a;\"><span style=\"font-family: Source Sans Pro;\"><span style=\"font-size: medium;\">Curso <\/span><\/span><\/span><span style=\"color: #5a5a5a;\"><span style=\"font-family: Source Sans Pro;\"><span style=\"font-size: medium;\">de&nbsp;<\/span><\/span><\/span><strong><span style=\"color: #5a5a5a;\"><span style=\"font-family: Source Sans Pro;\"><span style=\"font-size: medium;\"><b>12 horas<\/b><\/span><\/span><\/span><\/strong><span style=\"color: #5a5a5a;\"><span style=\"font-family: Source Sans Pro;\"><span style=\"font-size: medium;\">, 8 presenciales ( <strong>VIDEOCONFERENCIA<\/strong>) y 4 horas de tareas no presenciales,<\/span><\/span><\/span><strong><span style=\"color: #5a5a5a;\"><span style=\"font-family: Source Sans Pro;\"><span style=\"font-size: medium;\"><b>&nbsp;<\/b><\/span><\/span><\/span><\/strong><span style=\"color: #5a5a5a;\"><span style=\"font-family: Source Sans Pro;\"><span style=\"font-size: medium;\">en horarios de <\/span><\/span><\/span><strong><span style=\"color: #5a5a5a;\"><span style=\"font-family: Source Sans Pro;\"><span style=\"font-size: medium;\"><b>16:30 a 18:30. <\/b><\/span><\/span><\/span><\/strong><\/p>\n<ul>\n<li><span style=\"color: #5a5a5a;\"><span style=\"font-family: Source Sans Pro;\"><span style=\"font-size: medium;\">Martes 7\/2\/2023<\/span><\/span><\/span><\/li>\n<li><span style=\"color: #5a5a5a;\"><span style=\"font-family: Source Sans Pro;\"><span style=\"font-size: medium;\">Martes 21\/02\/2023<\/span><\/span><\/span><\/li>\n<li><span style=\"color: #5a5a5a;\"><span style=\"font-family: Source Sans Pro;\"><span style=\"font-size: medium;\">Jueves 9\/03\/2023<\/span><\/span><\/span><\/li>\n<li><span style=\"font-size: medium; color: #5a5a5a; font-weight: inherit;\">Jueves 16\/03\/2023<\/span><\/li>\n<\/ul>\n<p><span style=\"color: #5a5a5a;\"><span style=\"font-family: Source Sans Pro;\"><span style=\"font-size: medium;\">Las personas interesadas podr\u00e1n rellenar la preinscripci\u00f3n a trav\u00e9s de S\u00e9neca (perfil formaci\u00f3n) o en el siguiente enlace:<\/span><\/span><\/span><\/p>\n<p><a href=\"https:\/\/www.juntadeandalucia.es\/educacion\/secretariavirtual\/consultaCEP\/actividad\/232924GE019\/\">https:\/\/www.juntadeandalucia.es\/educacion\/secretariavirtual\/consultaCEP\/actividad\/232924GE019\/<\/a><\/p>\n<p><span style=\"color: #5a5a5a;\"><span style=\"font-family: Source Sans Pro;\"><span style=\"font-size: medium;\">Esperamos que sea de vuestro inter\u00e9s.<\/span><\/span><\/span><\/p>\n<p><img data-recalc-dims=\"1\" loading=\"lazy\" decoding=\"async\" class=\"size-medium wp-image-5699 aligncenter\" style=\"font-weight: inherit; color: #5a5a5a; font-size: medium;\" src=\"https:\/\/i0.wp.com\/cepronda.com\/blog\/wp-content\/uploads\/2023\/01\/PROVINCIAL.jpg?resize=212%2C300&#038;ssl=1\" alt=\"\" width=\"212\" height=\"300\" srcset=\"https:\/\/i0.wp.com\/cepronda.com\/blog\/wp-content\/uploads\/2023\/01\/PROVINCIAL.jpg?resize=212%2C300&amp;ssl=1 212w, https:\/\/i0.wp.com\/cepronda.com\/blog\/wp-content\/uploads\/2023\/01\/PROVINCIAL.jpg?resize=724%2C1024&amp;ssl=1 724w, https:\/\/i0.wp.com\/cepronda.com\/blog\/wp-content\/uploads\/2023\/01\/PROVINCIAL.jpg?resize=768%2C1086&amp;ssl=1 768w, https:\/\/i0.wp.com\/cepronda.com\/blog\/wp-content\/uploads\/2023\/01\/PROVINCIAL.jpg?resize=1086%2C1536&amp;ssl=1 1086w, https:\/\/i0.wp.com\/cepronda.com\/blog\/wp-content\/uploads\/2023\/01\/PROVINCIAL.jpg?w=1414&amp;ssl=1 1414w\" sizes=\"auto, (max-width: 212px) 100vw, 212px\" \/><\/p>\n","protected":false},"excerpt":{"rendered":"<p>Os informamos que se ha abierto el plazo de inscripci\u00f3n al curso: DUA Y TAREAS MULTINIVEL DE \u00c1REAS INSTRUMENTALES EN LA ESCUELA RURAL con c\u00f3digo 232924GE019. Fechas de Inscripci\u00f3n: Del 16 de enero al 2 de febrero. Curso de&nbsp;12 horas, 8 presenciales ( VIDEOCONFERENCIA) y 4 horas de tareas no presenciales,&nbsp;en horarios de 16:30 a [&hellip;]<\/p>\n","protected":false},"author":13,"featured_media":5699,"comment_status":"closed","ping_status":"open","sticky":false,"template":"","format":"standard","meta":{"_crdt_document":"","advanced_seo_description":"","jetpack_seo_html_title":"","jetpack_seo_noindex":false,"jetpack_post_was_ever_published":false,"_jetpack_newsletter_access":"","_jetpack_dont_email_post_to_subs":false,"_jetpack_newsletter_tier_id":0,"_jetpack_memberships_contains_paywalled_content":false,"_jetpack_memberships_contains_paid_content":false,"footnotes":"","jetpack_publicize_message":"","jetpack_publicize_feature_enabled":true,"jetpack_social_post_already_shared":false,"jetpack_social_options":{"image_generator_settings":{"template":"highway","default_image_id":0,"font":"","enabled":false},"version":2}},"categories":[3,5],"tags":[],"class_list":{"0":"post-5697","1":"post","2":"type-post","3":"status-publish","4":"format-standard","5":"has-post-thumbnail","7":"category-formaciones","8":"category-noticias","9":"czr-hentry"},"jetpack_publicize_connections":[],"jetpack_featured_media_url":"https:\/\/i0.wp.com\/cepronda.com\/blog\/wp-content\/uploads\/2023\/01\/PROVINCIAL.jpg?fit=1414%2C2000&ssl=1","jetpack_shortlink":"https:\/\/wp.me\/p8M4X7-1tT","jetpack-related-posts":[{"id":8883,"url":"https:\/\/cepronda.com\/blog\/escuelas-rurales-y-aulas-multinivel-metodologia-programacion-y-evaluacion\/","url_meta":{"origin":5697,"position":0},"title":"ESCUELAS RURALES Y AULAS MULTINIVEL: METODOLOG\u00cdA, PROGRAMACI\u00d3N Y EVALUACI\u00d3N","author":"Mamen Moreno","date":"6 octubre, 2025","format":false,"excerpt":"Se encuentra abierto el plazo de inscripciones para el curso provincial \u201cEscuelas Rurales y Aulas Multinivel: Metodolog\u00eda, Programaci\u00f3n y Evaluaci\u00f3n\u201d, c\u00f3digo 262924GE254 destinado al profesorado de centros rurales y aulas multinivel. Fechas: \u00a05, 12, 19 y 26 de noviembre de 2025Sesiones por videoconferencia:\u00a016:30 a 19:30 hLugar: Sala de videoconferencia Webex\u2026","rel":"","context":"En \u00abFormaciones\u00bb","block_context":{"text":"Formaciones","link":"https:\/\/cepronda.com\/blog\/category\/formaciones\/"},"img":{"alt_text":"","src":"https:\/\/i0.wp.com\/cepronda.com\/blog\/wp-content\/uploads\/2025\/10\/Post-Instagram-Dia-del-Maestro-Verde-1-1.png?fit=960%2C1200&ssl=1&resize=350%2C200","width":350,"height":200,"srcset":"https:\/\/i0.wp.com\/cepronda.com\/blog\/wp-content\/uploads\/2025\/10\/Post-Instagram-Dia-del-Maestro-Verde-1-1.png?fit=960%2C1200&ssl=1&resize=350%2C200 1x, https:\/\/i0.wp.com\/cepronda.com\/blog\/wp-content\/uploads\/2025\/10\/Post-Instagram-Dia-del-Maestro-Verde-1-1.png?fit=960%2C1200&ssl=1&resize=525%2C300 1.5x, https:\/\/i0.wp.com\/cepronda.com\/blog\/wp-content\/uploads\/2025\/10\/Post-Instagram-Dia-del-Maestro-Verde-1-1.png?fit=960%2C1200&ssl=1&resize=700%2C400 2x"},"classes":[]},{"id":4358,"url":"https:\/\/cepronda.com\/blog\/la-escuela-rural-otra-escuela-posible\/","url_meta":{"origin":5697,"position":1},"title":"LA ESCUELA RURAL, OTRA ESCUELA POSIBLE.","author":"Inmaculada Garc\u00eda","date":"26 marzo, 2021","format":false,"excerpt":"Hola compa\u00f1eros y compa\u00f1eras, os informamos de que contin\u00faa abierto el plazo de inscripci\u00f3n para la actividad formativa \"LA ESCUELA RURAL, OTRA ESCUELA POSIBLE\", curso orientado al profesorado de las escuelas rurales y aulas multinivel. Si no perteneces a nuestra zona CEP ponte en contacto con la asesor\u00eda responsable. Esperamos\u2026","rel":"","context":"En \u00abNoticias\u00bb","block_context":{"text":"Noticias","link":"https:\/\/cepronda.com\/blog\/category\/noticias\/"},"img":{"alt_text":"","src":"https:\/\/i0.wp.com\/cepronda.com\/blog\/wp-content\/uploads\/2021\/03\/LA-ESCUELA-RURAL-OTRA-ESCUELA-POSIBLE-1.jpg?fit=848%2C1200&ssl=1&resize=350%2C200","width":350,"height":200,"srcset":"https:\/\/i0.wp.com\/cepronda.com\/blog\/wp-content\/uploads\/2021\/03\/LA-ESCUELA-RURAL-OTRA-ESCUELA-POSIBLE-1.jpg?fit=848%2C1200&ssl=1&resize=350%2C200 1x, https:\/\/i0.wp.com\/cepronda.com\/blog\/wp-content\/uploads\/2021\/03\/LA-ESCUELA-RURAL-OTRA-ESCUELA-POSIBLE-1.jpg?fit=848%2C1200&ssl=1&resize=525%2C300 1.5x, https:\/\/i0.wp.com\/cepronda.com\/blog\/wp-content\/uploads\/2021\/03\/LA-ESCUELA-RURAL-OTRA-ESCUELA-POSIBLE-1.jpg?fit=848%2C1200&ssl=1&resize=700%2C400 2x"},"classes":[]},{"id":4113,"url":"https:\/\/cepronda.com\/blog\/dua-y-ensenanza-multinivel-en-centros-rurales\/","url_meta":{"origin":5697,"position":2},"title":"DUA Y ENSE\u00d1ANZA MULTINIVEL EN CENTROS RURALES.","author":"Inmaculada Garc\u00eda","date":"19 enero, 2021","format":false,"excerpt":"Hola compa\u00f1eros y compa\u00f1eras, os informamos que son los \u00faltimos d\u00edas para realizar vuestra inscripci\u00f3n en la actividad formativa \"DUA Y ENSE\u00d1ANZA MULTINIVEL PARA CENTROS RURALES\". Esta actividad forma parte de nuestro I ITINERARIO FORMATIVO PARA CENTROS RURALES y nos acercar\u00e1 a una metodolog\u00eda id\u00f3nea tanto para grupos multinivel como\u2026","rel":"","context":"En \u00abNoticias\u00bb","block_context":{"text":"Noticias","link":"https:\/\/cepronda.com\/blog\/category\/noticias\/"},"img":{"alt_text":"","src":"https:\/\/i0.wp.com\/cepronda.com\/blog\/wp-content\/uploads\/2021\/01\/dua-y-ens-multinivel.jpg?fit=848%2C1200&ssl=1&resize=350%2C200","width":350,"height":200,"srcset":"https:\/\/i0.wp.com\/cepronda.com\/blog\/wp-content\/uploads\/2021\/01\/dua-y-ens-multinivel.jpg?fit=848%2C1200&ssl=1&resize=350%2C200 1x, https:\/\/i0.wp.com\/cepronda.com\/blog\/wp-content\/uploads\/2021\/01\/dua-y-ens-multinivel.jpg?fit=848%2C1200&ssl=1&resize=525%2C300 1.5x, https:\/\/i0.wp.com\/cepronda.com\/blog\/wp-content\/uploads\/2021\/01\/dua-y-ens-multinivel.jpg?fit=848%2C1200&ssl=1&resize=700%2C400 2x"},"classes":[]},{"id":7765,"url":"https:\/\/cepronda.com\/blog\/herramientas-de-gestion-de-la-evaluacion-competencial-del-alumnado-en-aulas-multinivel\/","url_meta":{"origin":5697,"position":3},"title":"HERRAMIENTAS DE GESTI\u00d3N DE LA EVALUACI\u00d3N COMPETENCIAL DEL ALUMNADO EN AULAS MULTINIVEL","author":"Mamen Moreno","date":"27 septiembre, 2024","format":false,"excerpt":"Se abre el plazo de inscripci\u00f3n para la actividad presencial \u201cHERRAMIENTAS DE GESTI\u00d3N DE LA EVALUACI\u00d3N COMPETENCIAL DEL ALUMNADO EN AULAS MULTINIVEL\u201d con c\u00f3digo 252924GE011. Duraci\u00f3n de la actividad: 12 horas. 9 horas presenciales y 3 horas de tareas. Fecha de inscripci\u00f3n: 27\/09\/2024 hasta 10\/10\/2024 Fecha de la actividad: 15,\u2026","rel":"","context":"En \u00abFormaciones\u00bb","block_context":{"text":"Formaciones","link":"https:\/\/cepronda.com\/blog\/category\/formaciones\/"},"img":{"alt_text":"","src":"https:\/\/i0.wp.com\/cepronda.com\/blog\/wp-content\/uploads\/2024\/09\/Physical-Assessment.jpg?fit=1080%2C1080&ssl=1&resize=350%2C200","width":350,"height":200,"srcset":"https:\/\/i0.wp.com\/cepronda.com\/blog\/wp-content\/uploads\/2024\/09\/Physical-Assessment.jpg?fit=1080%2C1080&ssl=1&resize=350%2C200 1x, https:\/\/i0.wp.com\/cepronda.com\/blog\/wp-content\/uploads\/2024\/09\/Physical-Assessment.jpg?fit=1080%2C1080&ssl=1&resize=525%2C300 1.5x, https:\/\/i0.wp.com\/cepronda.com\/blog\/wp-content\/uploads\/2024\/09\/Physical-Assessment.jpg?fit=1080%2C1080&ssl=1&resize=700%2C400 2x, https:\/\/i0.wp.com\/cepronda.com\/blog\/wp-content\/uploads\/2024\/09\/Physical-Assessment.jpg?fit=1080%2C1080&ssl=1&resize=1050%2C600 3x"},"classes":[]},{"id":6046,"url":"https:\/\/cepronda.com\/blog\/ii-kit-de-herramientas-digitales-para-centros-rurales-y-aulas-multinivel\/","url_meta":{"origin":5697,"position":4},"title":"II KIT DE HERRAMIENTAS DIGITALES PARA CENTROS RURALES Y AULAS MULTINIVEL","author":"Mamen Moreno","date":"14 septiembre, 2023","format":false,"excerpt":"Abierto el plazo de inscripci\u00f3n para el curso online provincial II KIT DE HERRAMIENTAS DIGITALES PARA CENTROS RURALES Y AULAS MULTINIVEL con c\u00f3digo 242924GE006 \u00a0 Dirigida al\u00a0Profesorado de Centro Rurales\u00a0 Fechas de inscripci\u00f3n: 14\/09\/2023 hasta 27\/09\/2023 Fecha actividad:\u00a0 3 de octubre hasta el 13 de noviembre Lugar de realizaci\u00f3n: AVFP\u2026","rel":"","context":"En \u00abFormaciones\u00bb","block_context":{"text":"Formaciones","link":"https:\/\/cepronda.com\/blog\/category\/formaciones\/"},"img":{"alt_text":"","src":"https:\/\/i0.wp.com\/cepronda.com\/blog\/wp-content\/uploads\/2023\/09\/Diseno-sin-titulo-2.jpg?fit=1080%2C1080&ssl=1&resize=350%2C200","width":350,"height":200,"srcset":"https:\/\/i0.wp.com\/cepronda.com\/blog\/wp-content\/uploads\/2023\/09\/Diseno-sin-titulo-2.jpg?fit=1080%2C1080&ssl=1&resize=350%2C200 1x, https:\/\/i0.wp.com\/cepronda.com\/blog\/wp-content\/uploads\/2023\/09\/Diseno-sin-titulo-2.jpg?fit=1080%2C1080&ssl=1&resize=525%2C300 1.5x, https:\/\/i0.wp.com\/cepronda.com\/blog\/wp-content\/uploads\/2023\/09\/Diseno-sin-titulo-2.jpg?fit=1080%2C1080&ssl=1&resize=700%2C400 2x, https:\/\/i0.wp.com\/cepronda.com\/blog\/wp-content\/uploads\/2023\/09\/Diseno-sin-titulo-2.jpg?fit=1080%2C1080&ssl=1&resize=1050%2C600 3x"},"classes":[]},{"id":5885,"url":"https:\/\/cepronda.com\/blog\/5885-2\/","url_meta":{"origin":5697,"position":5},"title":"KIT DE HERRAMIENTAS DIGITALES PARA CENTROS RURALES Y AULAS MULTINIVEL (232924GE046)","author":"Mamen Moreno","date":"28 marzo, 2023","format":false,"excerpt":"Se encuentra abierto el plazo de inscripci\u00f3n del CURSO PROVINCIAL A DISTANCIA: KIT DE HERRAMIENTAS DIGITALES PARA CENTROS RURALES Y AULAS MULTINIVEL\u00a0(232924GE046) M\u00e1s informaci\u00f3n e inscripci\u00f3n: https:\/\/www.juntadeandalucia.es\/educacion\/secretariavirtual\/consultaCEP\/actividad\/232924GE046\/ Fechas de inscripci\u00f3n: 28\/03\/2023 hasta 12\/04\/2023 Fecha actividad: 18\/04\/2023 hasta 30\/05\/2023","rel":"","context":"En \u00abFormaciones\u00bb","block_context":{"text":"Formaciones","link":"https:\/\/cepronda.com\/blog\/category\/formaciones\/"},"img":{"alt_text":"","src":"https:\/\/i0.wp.com\/cepronda.com\/blog\/wp-content\/uploads\/2023\/03\/PROVINCIAL-3.jpg?fit=848%2C1200&ssl=1&resize=350%2C200","width":350,"height":200,"srcset":"https:\/\/i0.wp.com\/cepronda.com\/blog\/wp-content\/uploads\/2023\/03\/PROVINCIAL-3.jpg?fit=848%2C1200&ssl=1&resize=350%2C200 1x, https:\/\/i0.wp.com\/cepronda.com\/blog\/wp-content\/uploads\/2023\/03\/PROVINCIAL-3.jpg?fit=848%2C1200&ssl=1&resize=525%2C300 1.5x, https:\/\/i0.wp.com\/cepronda.com\/blog\/wp-content\/uploads\/2023\/03\/PROVINCIAL-3.jpg?fit=848%2C1200&ssl=1&resize=700%2C400 2x"},"classes":[]}],"jetpack_sharing_enabled":true,"_links":{"self":[{"href":"https:\/\/cepronda.com\/blog\/wp-json\/wp\/v2\/posts\/5697","targetHints":{"allow":["GET"]}}],"collection":[{"href":"https:\/\/cepronda.com\/blog\/wp-json\/wp\/v2\/posts"}],"about":[{"href":"https:\/\/cepronda.com\/blog\/wp-json\/wp\/v2\/types\/post"}],"author":[{"embeddable":true,"href":"https:\/\/cepronda.com\/blog\/wp-json\/wp\/v2\/users\/13"}],"replies":[{"embeddable":true,"href":"https:\/\/cepronda.com\/blog\/wp-json\/wp\/v2\/comments?post=5697"}],"version-history":[{"count":1,"href":"https:\/\/cepronda.com\/blog\/wp-json\/wp\/v2\/posts\/5697\/revisions"}],"predecessor-version":[{"id":5700,"href":"https:\/\/cepronda.com\/blog\/wp-json\/wp\/v2\/posts\/5697\/revisions\/5700"}],"wp:featuredmedia":[{"embeddable":true,"href":"https:\/\/cepronda.com\/blog\/wp-json\/wp\/v2\/media\/5699"}],"wp:attachment":[{"href":"https:\/\/cepronda.com\/blog\/wp-json\/wp\/v2\/media?parent=5697"}],"wp:term":[{"taxonomy":"category","embeddable":true,"href":"https:\/\/cepronda.com\/blog\/wp-json\/wp\/v2\/categories?post=5697"},{"taxonomy":"post_tag","embeddable":true,"href":"https:\/\/cepronda.com\/blog\/wp-json\/wp\/v2\/tags?post=5697"}],"curies":[{"name":"wp","href":"https:\/\/api.w.org\/{rel}","templated":true}]}}