{"id":5693,"date":"2023-01-13T12:10:06","date_gmt":"2023-01-13T11:10:06","guid":{"rendered":"https:\/\/cepronda.com\/blog\/?p=5693"},"modified":"2025-04-28T12:15:40","modified_gmt":"2025-04-28T10:15:40","slug":"como-despertar-la-emocion-por-aprender-la-neurociencia-en-el-aula-codigo-232926ge300","status":"publish","type":"post","link":"https:\/\/cepronda.com\/blog\/como-despertar-la-emocion-por-aprender-la-neurociencia-en-el-aula-codigo-232926ge300\/","title":{"rendered":"C\u00d3MO DESPERTAR LA EMOCI\u00d3N POR APRENDER: LA NEUROCIENCIA EN EL AULA (c\u00f3digo: 232926GE300)"},"content":{"rendered":"<div class=\"\" data-block=\"true\" data-editor=\"3s457\" data-offset-key=\"bepgu-0-0\">\n<div data-offset-key=\"bepgu-0-0\">Buenos d\u00edas:<\/div>\n<div data-offset-key=\"bepgu-0-0\">&nbsp;<\/div>\n<div class=\"_1mf _1mj\" data-offset-key=\"bepgu-0-0\"><span data-offset-key=\"bepgu-0-0\">Se encuentra abierta la inscripci\u00f3n al curso provincial, organizadas por el CEP de V\u00e9lez-M\u00e1laga:<\/span><\/div>\n<\/div>\n<div class=\"\" data-block=\"true\" data-editor=\"3s457\" data-offset-key=\"9svtl-0-0\">\n<div class=\"_1mf _1mj\" data-offset-key=\"9svtl-0-0\"><span data-offset-key=\"9svtl-0-0\">C\u00d3MO DESPERTAR LA EMOCI\u00d3N POR APRENDER: LA NEUROCIENCIA EN EL AULA (c\u00f3digo: 232926GE300)<\/span><\/div>\n<\/div>\n<div class=\"\" data-block=\"true\" data-editor=\"3s457\" data-offset-key=\"3fjmo-0-0\">\n<div class=\"_1mf _1mj\" data-offset-key=\"3fjmo-0-0\"><span data-offset-key=\"3fjmo-0-0\">&nbsp;<\/span><\/div>\n<\/div>\n<div class=\"\" data-block=\"true\" data-editor=\"3s457\" data-offset-key=\"5qrv7-0-0\">\n<div class=\"_1mf _1mj\" data-offset-key=\"5qrv7-0-0\"><span data-offset-key=\"5qrv7-0-0\">Inscripciones: desde 13\/01\/2023 al 06\/02\/2023<\/span><\/div>\n<\/div>\n<div class=\"\" data-block=\"true\" data-editor=\"3s457\" data-offset-key=\"e8u5b-0-0\">\n<div class=\"_1mf _1mj\" data-offset-key=\"e8u5b-0-0\"><span data-offset-key=\"e8u5b-0-0\">Sesiones ON LINE EN DIRECTO : 15 de FEBRERO de 2023 de 16:30 a 19:30 horas y 22 de FEBRERO de 2023 de 16:30 a 18:30 horas.<\/span><\/div>\n<\/div>\n<div class=\"\" data-block=\"true\" data-editor=\"3s457\" data-offset-key=\"7hgnb-0-0\">\n<div class=\"_1mf _1mj\" data-offset-key=\"7hgnb-0-0\"><span data-offset-key=\"7hgnb-0-0\">Lugar de realizaci\u00f3n: AULA VIRTUAL DE FORMACI\u00d3N DEL PROFESORADO<\/span><\/div>\n<\/div>\n<div class=\"\" data-block=\"true\" data-editor=\"3s457\" data-offset-key=\"cknfu-0-0\">\n<div class=\"_1mf _1mj\" data-offset-key=\"cknfu-0-0\"><span data-offset-key=\"cknfu-0-0\">&nbsp;<\/span><\/div>\n<\/div>\n<div class=\"\" data-block=\"true\" data-editor=\"3s457\" data-offset-key=\"c3a7c-0-0\">\n<div class=\"_1mf _1mj\" data-offset-key=\"c3a7c-0-0\"><span data-offset-key=\"c3a7c-0-0\">Detalle e inscripci\u00f3n:<\/span><\/div>\n<\/div>\n<div class=\"\" data-block=\"true\" data-editor=\"3s457\" data-offset-key=\"4vtbq-0-0\">\n<div class=\"_1mf _1mj\" data-offset-key=\"4vtbq-0-0\"><a href=\"https:\/\/www.juntadeandalucia.es\/educacion\/secretariavirtual\/consultaCEP\/actividad\/232926GE300\/\"><span data-offset-key=\"4vtbq-0-0\">https:\/\/www.juntadeandalucia.es\/educacion\/secretariavirtual\/consultaCEP\/actividad\/232926GE300\/<\/span><\/a><\/div>\n<\/div>\n<div data-offset-key=\"4vtbq-0-0\">&nbsp;<\/div>\n<div class=\"\" data-block=\"true\" data-editor=\"3s457\" data-offset-key=\"4vtbq-0-0\"><a href=\"https:\/\/www.juntadeandalucia.es\/educacion\/secretariavirtual\/consultaCEP\/actividad\/232926GE300\/\"><img data-recalc-dims=\"1\" loading=\"lazy\" decoding=\"async\" class=\"size-medium wp-image-5694 aligncenter\" src=\"https:\/\/i0.wp.com\/cepronda.com\/blog\/wp-content\/uploads\/2023\/01\/neurocencia.jpg?resize=212%2C300&#038;ssl=1\" alt=\"\" width=\"212\" height=\"300\" srcset=\"https:\/\/i0.wp.com\/cepronda.com\/blog\/wp-content\/uploads\/2023\/01\/neurocencia.jpg?resize=212%2C300&amp;ssl=1 212w, https:\/\/i0.wp.com\/cepronda.com\/blog\/wp-content\/uploads\/2023\/01\/neurocencia.jpg?resize=724%2C1024&amp;ssl=1 724w, https:\/\/i0.wp.com\/cepronda.com\/blog\/wp-content\/uploads\/2023\/01\/neurocencia.jpg?resize=768%2C1086&amp;ssl=1 768w, https:\/\/i0.wp.com\/cepronda.com\/blog\/wp-content\/uploads\/2023\/01\/neurocencia.jpg?resize=1086%2C1536&amp;ssl=1 1086w, https:\/\/i0.wp.com\/cepronda.com\/blog\/wp-content\/uploads\/2023\/01\/neurocencia.jpg?w=1131&amp;ssl=1 1131w\" sizes=\"auto, (max-width: 212px) 100vw, 212px\" \/><\/a><\/div>\n<p>&nbsp;<\/p>\n","protected":false},"excerpt":{"rendered":"<p>Buenos d\u00edas: &nbsp; Se encuentra abierta la inscripci\u00f3n al curso provincial, organizadas por el CEP de V\u00e9lez-M\u00e1laga: C\u00d3MO DESPERTAR LA EMOCI\u00d3N POR APRENDER: LA NEUROCIENCIA EN EL AULA (c\u00f3digo: 232926GE300) &nbsp; Inscripciones: desde 13\/01\/2023 al 06\/02\/2023 Sesiones ON LINE EN DIRECTO : 15 de FEBRERO de 2023 de 16:30 a 19:30 horas y 22 de [&hellip;]<\/p>\n","protected":false},"author":9,"featured_media":5694,"comment_status":"closed","ping_status":"open","sticky":false,"template":"","format":"standard","meta":{"_crdt_document":"","advanced_seo_description":"","jetpack_seo_html_title":"","jetpack_seo_noindex":false,"jetpack_post_was_ever_published":false,"_jetpack_newsletter_access":"","_jetpack_dont_email_post_to_subs":false,"_jetpack_newsletter_tier_id":0,"_jetpack_memberships_contains_paywalled_content":false,"_jetpack_memberships_contains_paid_content":false,"footnotes":"","jetpack_publicize_message":"","jetpack_publicize_feature_enabled":true,"jetpack_social_post_already_shared":false,"jetpack_social_options":{"image_generator_settings":{"template":"highway","default_image_id":0,"font":"","enabled":false},"version":2}},"categories":[3,5],"tags":[],"class_list":{"0":"post-5693","1":"post","2":"type-post","3":"status-publish","4":"format-standard","5":"has-post-thumbnail","7":"category-formaciones","8":"category-noticias","9":"czr-hentry"},"jetpack_publicize_connections":[],"jetpack_featured_media_url":"https:\/\/i0.wp.com\/cepronda.com\/blog\/wp-content\/uploads\/2023\/01\/neurocencia.jpg?fit=1131%2C1600&ssl=1","jetpack_shortlink":"https:\/\/wp.me\/p8M4X7-1tP","jetpack-related-posts":[{"id":4686,"url":"https:\/\/cepronda.com\/blog\/como-despertar-la-emocion-por-aprender-la-neurociencia-en-el-aula\/","url_meta":{"origin":5693,"position":0},"title":"C\u00d3MO DESPERTAR LA EMOCI\u00d3N POR APRENDER: LA NEUROCIENCIA EN EL AULA","author":"Maribel Mu\u00f1oz","date":"28 septiembre, 2021","format":false,"excerpt":"Buenas tardes compa\u00f1eras y compa\u00f1eros, Os informamos que est\u00e1 abierto el plazo de inscripci\u00f3n del curso semipresencial (con videoconferencias en directo) de car\u00e1cter provincial y organizado por el CEP de V\u00e9lez-M\u00e1laga: C\u00d3MO DESPERTAR LA EMOCI\u00d3N POR APRENDER: LA NEUROCIENCIA EN EL AULA C\u00f3digo: 222926GE004. Las fechas de la formaci\u00f3n son\u2026","rel":"","context":"En \u00abFormaciones\u00bb","block_context":{"text":"Formaciones","link":"https:\/\/cepronda.com\/blog\/category\/formaciones\/"},"img":{"alt_text":"","src":"https:\/\/i0.wp.com\/cepronda.com\/blog\/wp-content\/uploads\/2021\/09\/WhatsApp-Image-2021-09-28-at-11.38.30-1.jpeg?fit=357%2C505&ssl=1&resize=350%2C200","width":350,"height":200},"classes":[]},{"id":7278,"url":"https:\/\/cepronda.com\/blog\/formacion-como-despertar-la-emocion-por-aprender-neurociencia-en-el-aula-242926ge305\/","url_meta":{"origin":5693,"position":1},"title":"FORMACI\u00d3N: COMO DESPERTAR LA EMOCI\u00d3N POR APRENDER: NEUROCIENCIA EN EL AULA (242926GE305)","author":"Inmaculada Garc\u00eda","date":"14 diciembre, 2023","format":false,"excerpt":"Abierto el plazo de inscripci\u00f3n para el curso provincial, organizado por el CEP de V\u00e9lez-M\u00e1laga: COMO DESPERTAR LA EMOCI\u00d3N POR APRENDER: NEUROCIENCIA EN EL AULA (242926GE305), que se realizar\u00e1 mediante videoconferencia los d\u00edas 17 y 24 de enero de 2024 con la ganadora de los premios Global Teacher Award ,\u2026","rel":"","context":"En \u00abFormaciones\u00bb","block_context":{"text":"Formaciones","link":"https:\/\/cepronda.com\/blog\/category\/formaciones\/"},"img":{"alt_text":"","src":"https:\/\/i0.wp.com\/cepronda.com\/blog\/wp-content\/uploads\/2023\/12\/410041968_1590325178438853_4572903023338398729_n.jpg?fit=1080%2C1080&ssl=1&resize=350%2C200","width":350,"height":200,"srcset":"https:\/\/i0.wp.com\/cepronda.com\/blog\/wp-content\/uploads\/2023\/12\/410041968_1590325178438853_4572903023338398729_n.jpg?fit=1080%2C1080&ssl=1&resize=350%2C200 1x, https:\/\/i0.wp.com\/cepronda.com\/blog\/wp-content\/uploads\/2023\/12\/410041968_1590325178438853_4572903023338398729_n.jpg?fit=1080%2C1080&ssl=1&resize=525%2C300 1.5x, https:\/\/i0.wp.com\/cepronda.com\/blog\/wp-content\/uploads\/2023\/12\/410041968_1590325178438853_4572903023338398729_n.jpg?fit=1080%2C1080&ssl=1&resize=700%2C400 2x, https:\/\/i0.wp.com\/cepronda.com\/blog\/wp-content\/uploads\/2023\/12\/410041968_1590325178438853_4572903023338398729_n.jpg?fit=1080%2C1080&ssl=1&resize=1050%2C600 3x"},"classes":[]},{"id":8397,"url":"https:\/\/cepronda.com\/blog\/la-neurociencia-como-elemento-para-el-desarrollo-del-aprendizaje\/","url_meta":{"origin":5693,"position":2},"title":"LA NEUROCIENCIA COMO ELEMENTO PARA EL DESARROLLO DEL APRENDIZAJE","author":"Mamen Moreno","date":"24 marzo, 2025","format":false,"excerpt":"Abierto el plazo de inscripci\u00f3n para el curso provincial semipresencial online organizado por el CEP de V\u00e9lez-M\u00e1laga, dirigido a todo el profesorado: LA NEUROCIENCIA COMO ELEMENTO PARA EL DESARROLLO DEL APRENDIZAJE con c\u00f3digo 252926GE304. Lugar: AULA VIRTUAL DE FORMACI\u00d3N DEL PROFESORADO (AVFP) Plazo de inscripci\u00f3n: hasta el 31 de marzo\u2026","rel":"","context":"En \u00abFormaciones\u00bb","block_context":{"text":"Formaciones","link":"https:\/\/cepronda.com\/blog\/category\/formaciones\/"},"img":{"alt_text":"","src":"https:\/\/i0.wp.com\/cepronda.com\/blog\/wp-content\/uploads\/2025\/03\/neurociencia_cartel.jpeg?fit=848%2C1200&ssl=1&resize=350%2C200","width":350,"height":200,"srcset":"https:\/\/i0.wp.com\/cepronda.com\/blog\/wp-content\/uploads\/2025\/03\/neurociencia_cartel.jpeg?fit=848%2C1200&ssl=1&resize=350%2C200 1x, https:\/\/i0.wp.com\/cepronda.com\/blog\/wp-content\/uploads\/2025\/03\/neurociencia_cartel.jpeg?fit=848%2C1200&ssl=1&resize=525%2C300 1.5x, https:\/\/i0.wp.com\/cepronda.com\/blog\/wp-content\/uploads\/2025\/03\/neurociencia_cartel.jpeg?fit=848%2C1200&ssl=1&resize=700%2C400 2x"},"classes":[]},{"id":7782,"url":"https:\/\/cepronda.com\/blog\/entrenamiento-de-las-funciones-ejecutivas-en-el-aula-de-educacion-primaria\/","url_meta":{"origin":5693,"position":3},"title":"ENTRENAMIENTO DE LAS FUNCIONES EJECUTIVAS EN EL AULA DE EDUCACI\u00d3N PRIMARIA","author":"Mamen Moreno","date":"9 octubre, 2024","format":false,"excerpt":"Se abre el plazo de inscripci\u00f3n para la actividad ENTRENAMIENTO DE LAS FUNCIONES EJECUTIVAS EN EL AULA DE EDUCACI\u00d3N PRIMARIA\u00a0con c\u00f3digo 252924GE014 , destinado al profesorado de Educaci\u00f3n Primaria, profesorado PT y AL, Orientadores\/as y profesorado de apoyo. Fecha actividad: 30 octubre, 6, 13, 20 y 27 de noviembre de\u2026","rel":"","context":"En \u00abFormaciones\u00bb","block_context":{"text":"Formaciones","link":"https:\/\/cepronda.com\/blog\/category\/formaciones\/"},"img":{"alt_text":"","src":"https:\/\/i0.wp.com\/cepronda.com\/blog\/wp-content\/uploads\/2024\/10\/IMG-20241010-WA0001.jpg?fit=1080%2C1080&ssl=1&resize=350%2C200","width":350,"height":200,"srcset":"https:\/\/i0.wp.com\/cepronda.com\/blog\/wp-content\/uploads\/2024\/10\/IMG-20241010-WA0001.jpg?fit=1080%2C1080&ssl=1&resize=350%2C200 1x, https:\/\/i0.wp.com\/cepronda.com\/blog\/wp-content\/uploads\/2024\/10\/IMG-20241010-WA0001.jpg?fit=1080%2C1080&ssl=1&resize=525%2C300 1.5x, https:\/\/i0.wp.com\/cepronda.com\/blog\/wp-content\/uploads\/2024\/10\/IMG-20241010-WA0001.jpg?fit=1080%2C1080&ssl=1&resize=700%2C400 2x, https:\/\/i0.wp.com\/cepronda.com\/blog\/wp-content\/uploads\/2024\/10\/IMG-20241010-WA0001.jpg?fit=1080%2C1080&ssl=1&resize=1050%2C600 3x"},"classes":[]},{"id":5995,"url":"https:\/\/cepronda.com\/blog\/curso-aplicaciones-en-el-aula-de-inteligencia-artificial-231812ge220\/","url_meta":{"origin":5693,"position":4},"title":"CURSO APLICACIONES EN EL AULA DE INTELIGENCIA ARTIFICIAL (231812GE220)","author":"Inmaculada Garc\u00eda","date":"24 mayo, 2023","format":false,"excerpt":"Estimado\/a compa\u00f1ero\/a, Te informo que se encuentra abierta la inscripci\u00f3n al CURSO a DISTANCIA de \u00c1MBITO REGIONAL, INTERDISCIPLINAR: APLICACIONES EN EL AULA DE INTELIGENCIA ARTIFICIAL, organizado por el CEP de Motril. C\u00f3digo: 231812GE220 Inscripciones: desde el 16\/05\/2023 hasta 24\/05\/2023 Fecha actividad:\u00a026\/05\/2023 hasta 26\/06\/2023 Lugar de realizaci\u00f3n: Aula Virtual de Formaci\u00f3n\u2026","rel":"","context":"En \u00abFormaciones\u00bb","block_context":{"text":"Formaciones","link":"https:\/\/cepronda.com\/blog\/category\/formaciones\/"},"img":{"alt_text":"","src":"https:\/\/i0.wp.com\/cepronda.com\/blog\/wp-content\/uploads\/2023\/05\/inteligencia-artificial-aplicaciones.png?fit=1200%2C1200&ssl=1&resize=350%2C200","width":350,"height":200,"srcset":"https:\/\/i0.wp.com\/cepronda.com\/blog\/wp-content\/uploads\/2023\/05\/inteligencia-artificial-aplicaciones.png?fit=1200%2C1200&ssl=1&resize=350%2C200 1x, https:\/\/i0.wp.com\/cepronda.com\/blog\/wp-content\/uploads\/2023\/05\/inteligencia-artificial-aplicaciones.png?fit=1200%2C1200&ssl=1&resize=525%2C300 1.5x, https:\/\/i0.wp.com\/cepronda.com\/blog\/wp-content\/uploads\/2023\/05\/inteligencia-artificial-aplicaciones.png?fit=1200%2C1200&ssl=1&resize=700%2C400 2x, https:\/\/i0.wp.com\/cepronda.com\/blog\/wp-content\/uploads\/2023\/05\/inteligencia-artificial-aplicaciones.png?fit=1200%2C1200&ssl=1&resize=1050%2C600 3x"},"classes":[]},{"id":5810,"url":"https:\/\/cepronda.com\/blog\/atencion-al-alumnado-que-presenta-trastornos-graves-de-conducta-en-el-aula-ordinaria-2o-edicion\/","url_meta":{"origin":5693,"position":5},"title":"ATENCI\u00d3N AL ALUMNADO QUE PRESENTA TRASTORNOS GRAVES DE CONDUCTA EN EL AULA ORDINARIA ( 2\u00ba Edici\u00f3n)","author":"Mamen Moreno","date":"7 marzo, 2023","format":false,"excerpt":"Estimado\/a compa\u00f1ero\/a, Te informo que se encuentra abierta la inscripci\u00f3n del curso a distancia provincial organizado por el CEP de V\u00e9lez-M\u00e1laga: ATENCI\u00d3N AL ALUMNADO QUE PRESENTA TRASTORNOS GRAVES DE CONDUCTA EN EL AULA ORDINARIA ( 2\u00ba Edici\u00f3n) C\u00f3digo: 232926GE405 Inscripciones: desde el 07\/03\/2023 hasta 21\/03\/2023 Comienzo del curso: 28\/03\/2023 Lugar\u2026","rel":"","context":"En \u00abFormaciones\u00bb","block_context":{"text":"Formaciones","link":"https:\/\/cepronda.com\/blog\/category\/formaciones\/"},"img":{"alt_text":"","src":"https:\/\/i0.wp.com\/cepronda.com\/blog\/wp-content\/uploads\/2023\/03\/WhatsApp-Image-2023-03-07-at-09.41.40.jpeg?fit=848%2C1200&ssl=1&resize=350%2C200","width":350,"height":200,"srcset":"https:\/\/i0.wp.com\/cepronda.com\/blog\/wp-content\/uploads\/2023\/03\/WhatsApp-Image-2023-03-07-at-09.41.40.jpeg?fit=848%2C1200&ssl=1&resize=350%2C200 1x, https:\/\/i0.wp.com\/cepronda.com\/blog\/wp-content\/uploads\/2023\/03\/WhatsApp-Image-2023-03-07-at-09.41.40.jpeg?fit=848%2C1200&ssl=1&resize=525%2C300 1.5x, https:\/\/i0.wp.com\/cepronda.com\/blog\/wp-content\/uploads\/2023\/03\/WhatsApp-Image-2023-03-07-at-09.41.40.jpeg?fit=848%2C1200&ssl=1&resize=700%2C400 2x"},"classes":[]}],"jetpack_sharing_enabled":true,"_links":{"self":[{"href":"https:\/\/cepronda.com\/blog\/wp-json\/wp\/v2\/posts\/5693","targetHints":{"allow":["GET"]}}],"collection":[{"href":"https:\/\/cepronda.com\/blog\/wp-json\/wp\/v2\/posts"}],"about":[{"href":"https:\/\/cepronda.com\/blog\/wp-json\/wp\/v2\/types\/post"}],"author":[{"embeddable":true,"href":"https:\/\/cepronda.com\/blog\/wp-json\/wp\/v2\/users\/9"}],"replies":[{"embeddable":true,"href":"https:\/\/cepronda.com\/blog\/wp-json\/wp\/v2\/comments?post=5693"}],"version-history":[{"count":1,"href":"https:\/\/cepronda.com\/blog\/wp-json\/wp\/v2\/posts\/5693\/revisions"}],"predecessor-version":[{"id":5695,"href":"https:\/\/cepronda.com\/blog\/wp-json\/wp\/v2\/posts\/5693\/revisions\/5695"}],"wp:featuredmedia":[{"embeddable":true,"href":"https:\/\/cepronda.com\/blog\/wp-json\/wp\/v2\/media\/5694"}],"wp:attachment":[{"href":"https:\/\/cepronda.com\/blog\/wp-json\/wp\/v2\/media?parent=5693"}],"wp:term":[{"taxonomy":"category","embeddable":true,"href":"https:\/\/cepronda.com\/blog\/wp-json\/wp\/v2\/categories?post=5693"},{"taxonomy":"post_tag","embeddable":true,"href":"https:\/\/cepronda.com\/blog\/wp-json\/wp\/v2\/tags?post=5693"}],"curies":[{"name":"wp","href":"https:\/\/api.w.org\/{rel}","templated":true}]}}