{"id":5674,"date":"2022-12-21T13:45:45","date_gmt":"2022-12-21T12:45:45","guid":{"rendered":"https:\/\/cepronda.com\/blog\/?p=5674"},"modified":"2022-12-21T13:45:45","modified_gmt":"2022-12-21T12:45:45","slug":"el-ies-dr-rodriguez-delgado-de-ronda-recibe-el-reconocimiento-del-cihar-por-su-semana-andalusi","status":"publish","type":"post","link":"https:\/\/cepronda.com\/blog\/el-ies-dr-rodriguez-delgado-de-ronda-recibe-el-reconocimiento-del-cihar-por-su-semana-andalusi\/","title":{"rendered":"El IES Dr. Rodr\u00edguez Delgado de Ronda recibe el reconocimiento del CIHAR por su \u201cSemana Andalus\u00ed\u201d."},"content":{"rendered":"<p>Buenos d\u00edas.<\/p>\n<p>Quer\u00edamos dar la enhorabuena al IES Dr. Rodr\u00edguez Delgado de Ronda por el reconocimiento recibido por parte del CIHAR por su \u201cSemana Andalus\u00ed\u201d.<\/p>\n<p>El pasado viernes 16 de diciembre, el Consejero Cultural en la Provincia de M\u00e1laga, el historiador <strong>Antonio R. Acedo<\/strong>, hizo entrega del reconocimiento del C\u00edrculo Intercultural Hispano \u00c1rabe a la direcci\u00f3n y al departamento de Geograf\u00eda e Historia del <strong>IES Dr. Rodr\u00edguez Delgado<\/strong>, por el programa \u00abSemana de Al-\u00c1ndalus\u00bb y la puesta en valor de la figura del cient\u00edfico andalus\u00ed ronde\u00f1o&nbsp;<strong>Abb\u00e1s Ibn Firn\u00e1s.<\/strong><\/p>\n<p>ENLACE A LA NOTICIA: https:\/\/cihispanoarabe.org\/news\/cihar-premia-la-labor-educativa-y-divulgativa-de-la-epoca-andalusi-al-ies-dr-rodriguez-delgado-de-ronda\/<\/p>\n<p><img data-recalc-dims=\"1\" loading=\"lazy\" decoding=\"async\" class=\" wp-image-5675 aligncenter\" src=\"https:\/\/i0.wp.com\/cepronda.com\/blog\/wp-content\/uploads\/2022\/12\/rodriguez.png?resize=634%2C281&#038;ssl=1\" alt=\"\" width=\"634\" height=\"281\" srcset=\"https:\/\/i0.wp.com\/cepronda.com\/blog\/wp-content\/uploads\/2022\/12\/rodriguez.png?resize=300%2C133&amp;ssl=1 300w, https:\/\/i0.wp.com\/cepronda.com\/blog\/wp-content\/uploads\/2022\/12\/rodriguez.png?resize=1024%2C453&amp;ssl=1 1024w, https:\/\/i0.wp.com\/cepronda.com\/blog\/wp-content\/uploads\/2022\/12\/rodriguez.png?resize=768%2C340&amp;ssl=1 768w, https:\/\/i0.wp.com\/cepronda.com\/blog\/wp-content\/uploads\/2022\/12\/rodriguez.png?w=1048&amp;ssl=1 1048w\" sizes=\"auto, (max-width: 634px) 100vw, 634px\" \/><\/p>\n","protected":false},"excerpt":{"rendered":"<p>Buenos d\u00edas. Quer\u00edamos dar la enhorabuena al IES Dr. Rodr\u00edguez Delgado de Ronda por el reconocimiento recibido por parte del CIHAR por su \u201cSemana Andalus\u00ed\u201d. El pasado viernes 16 de diciembre, el Consejero Cultural en la Provincia de M\u00e1laga, el historiador Antonio R. Acedo, hizo entrega del reconocimiento del C\u00edrculo Intercultural Hispano \u00c1rabe a la [&hellip;]<\/p>\n","protected":false},"author":9,"featured_media":5677,"comment_status":"closed","ping_status":"open","sticky":false,"template":"","format":"standard","meta":{"_crdt_document":"","advanced_seo_description":"","jetpack_seo_html_title":"","jetpack_seo_noindex":false,"jetpack_post_was_ever_published":false,"_jetpack_newsletter_access":"","_jetpack_dont_email_post_to_subs":false,"_jetpack_newsletter_tier_id":0,"_jetpack_memberships_contains_paywalled_content":false,"_jetpack_memberships_contains_paid_content":false,"footnotes":"","jetpack_publicize_message":"","jetpack_publicize_feature_enabled":true,"jetpack_social_post_already_shared":false,"jetpack_social_options":{"image_generator_settings":{"template":"highway","default_image_id":0,"font":"","enabled":false},"version":2}},"categories":[5],"tags":[],"class_list":{"0":"post-5674","1":"post","2":"type-post","3":"status-publish","4":"format-standard","5":"has-post-thumbnail","7":"category-noticias","8":"czr-hentry"},"jetpack_publicize_connections":[],"jetpack_featured_media_url":"https:\/\/i0.wp.com\/cepronda.com\/blog\/wp-content\/uploads\/2022\/12\/Copia-de-ESTANCIAS-FORMATIVAS-EN-EMPRESAS-PARA-EL-PROFESORADO-DE-FORMACION-PROFESIONAL.png?fit=1080%2C1080&ssl=1","jetpack_shortlink":"https:\/\/wp.me\/p8M4X7-1tw","jetpack-related-posts":[{"id":1854,"url":"https:\/\/cepronda.com\/blog\/gymkhana-sobre-al-andalus-del-alumnado-del-ies-rodriguez-delgado\/","url_meta":{"origin":5674,"position":0},"title":"Gymkhana sobre Al \u00c1ndalus del alumnado del IES Rodr\u00edguez Delgado","author":"V\u00edctor Caballero","date":"18 mayo, 2018","format":false,"excerpt":"\u00a1Hola! Seguimos compartiendo, asistiendo y hasta colaborando en vuestras actividades. En este caso el IES Rodr\u00edguez Delgado ha organizado una semana de actividades sobre Al Andalus en Ronda. Han recibido charlas, han pintado azulejos, han participado en un mosaico colectivo, han realizado rutas por distintos monumentos y ayer jueves realizaron\u2026","rel":"","context":"En \u00abNoticias\u00bb","block_context":{"text":"Noticias","link":"https:\/\/cepronda.com\/blog\/category\/noticias\/"},"img":{"alt_text":"","src":"https:\/\/i0.wp.com\/cepronda.com\/blog\/wp-content\/uploads\/2018\/05\/Foto-de-Helena-Gonzalez11.jpg?fit=1200%2C901&ssl=1&resize=350%2C200","width":350,"height":200,"srcset":"https:\/\/i0.wp.com\/cepronda.com\/blog\/wp-content\/uploads\/2018\/05\/Foto-de-Helena-Gonzalez11.jpg?fit=1200%2C901&ssl=1&resize=350%2C200 1x, https:\/\/i0.wp.com\/cepronda.com\/blog\/wp-content\/uploads\/2018\/05\/Foto-de-Helena-Gonzalez11.jpg?fit=1200%2C901&ssl=1&resize=525%2C300 1.5x, https:\/\/i0.wp.com\/cepronda.com\/blog\/wp-content\/uploads\/2018\/05\/Foto-de-Helena-Gonzalez11.jpg?fit=1200%2C901&ssl=1&resize=700%2C400 2x, https:\/\/i0.wp.com\/cepronda.com\/blog\/wp-content\/uploads\/2018\/05\/Foto-de-Helena-Gonzalez11.jpg?fit=1200%2C901&ssl=1&resize=1050%2C600 3x"},"classes":[]},{"id":1701,"url":"https:\/\/cepronda.com\/blog\/certamen-de-teatro-en-el-aula-ciudad-de-ronda\/","url_meta":{"origin":5674,"position":1},"title":"Certamen de Teatro en el aula \u00abCiudad de Ronda\u00bb","author":"V\u00edctor Caballero","date":"19 abril, 2018","format":false,"excerpt":"Hola de nuevo,\u00a0 En esta entrada queremos compartir con todos y todas vosotras que ya se han realizado los tres talleres vinculados al Certamen de teatro en el aula \"Ciudad de Ronda\". Adjuntamos fotos de los mismos, donde han participado 110 alumnas y alumnos en el Convento de Santo Domingo\u2026","rel":"","context":"En \u00abNoticias\u00bb","block_context":{"text":"Noticias","link":"https:\/\/cepronda.com\/blog\/category\/noticias\/"},"img":{"alt_text":"","src":"https:\/\/i0.wp.com\/cepronda.com\/blog\/wp-content\/uploads\/2018\/04\/Foto-de-Helena-Gonzalez-6.jpg?fit=860%2C1200&ssl=1&resize=350%2C200","width":350,"height":200,"srcset":"https:\/\/i0.wp.com\/cepronda.com\/blog\/wp-content\/uploads\/2018\/04\/Foto-de-Helena-Gonzalez-6.jpg?fit=860%2C1200&ssl=1&resize=350%2C200 1x, https:\/\/i0.wp.com\/cepronda.com\/blog\/wp-content\/uploads\/2018\/04\/Foto-de-Helena-Gonzalez-6.jpg?fit=860%2C1200&ssl=1&resize=525%2C300 1.5x, https:\/\/i0.wp.com\/cepronda.com\/blog\/wp-content\/uploads\/2018\/04\/Foto-de-Helena-Gonzalez-6.jpg?fit=860%2C1200&ssl=1&resize=700%2C400 2x"},"classes":[]},{"id":408,"url":"https:\/\/cepronda.com\/blog\/iv-certamen-de-teatro-ciudad-de-ronda\/","url_meta":{"origin":5674,"position":2},"title":"IV CERTAMEN DE TEATRO CIUDAD DE RONDA","author":"V\u00edctor Caballero","date":"1 diciembre, 2016","format":false,"excerpt":"Nos es grato anunciaros que desde hoy 1 DE DICIEMBRE est\u00e1n abiertos los formularios de inscripci\u00f3n y participaci\u00f3n como p\u00fablico en el\u00a0 IV CERTAMEN DE TEATRO \"CIUDAD DE RONDA\" que ya est\u00e1 convirti\u00e9ndose en un cl\u00e1sico en nuestra ciudad: El IES Dr. Rodr\u00edguez Delgado a trav\u00e9s de su Departamento de\u2026","rel":"","context":"En \u00abNoticias\u00bb","block_context":{"text":"Noticias","link":"https:\/\/cepronda.com\/blog\/category\/noticias\/"},"img":{"alt_text":"theater-1477670_1280","src":"https:\/\/i0.wp.com\/cepronda.com\/blog\/wp-content\/uploads\/2016\/12\/theater-1477670_1280-300x199.jpg?resize=350%2C200","width":350,"height":200},"classes":[]},{"id":7672,"url":"https:\/\/cepronda.com\/blog\/el-ies-martin-rivero-de-ronda-junto-con-ies-gran-capitan-de-cordoba-premidados-por-su-fabrica-de-ideas-e-inventos\/","url_meta":{"origin":5674,"position":3},"title":"EL IES MART\u00cdN RIVERO DE RONDA JUNTO CON EL IES GRAN CAPIT\u00c1N DE C\u00d3RDOBA PREMIDADOS POR SU F\u00c1BRICA DE IDEAS E INVENTOS","author":"Mamen Moreno","date":"12 julio, 2024","format":false,"excerpt":"El IES Mart\u00edn Rivero ha sido premiado por su F\u00e1brica de Ideas e Inventos de estudiantes, junto con el IES Gran Capit\u00e1n de C\u00f3rdoba. El Ministerio de Ciencia, Innovaci\u00f3n y Universidades ha reconocido este prestigioso reconocimiento a la RED de centros andaluces FAB-IDI \"F\u00e1bricas de Ideas e Inventos\", coordinada en\u2026","rel":"","context":"En \u00abNoticias\u00bb","block_context":{"text":"Noticias","link":"https:\/\/cepronda.com\/blog\/category\/noticias\/"},"img":{"alt_text":"","src":"https:\/\/i0.wp.com\/cepronda.com\/blog\/wp-content\/uploads\/2024\/07\/WhatsApp-Image-2024-07-12-at-11.33.31-e1720792423312.jpeg?fit=871%2C515&ssl=1&resize=350%2C200","width":350,"height":200,"srcset":"https:\/\/i0.wp.com\/cepronda.com\/blog\/wp-content\/uploads\/2024\/07\/WhatsApp-Image-2024-07-12-at-11.33.31-e1720792423312.jpeg?fit=871%2C515&ssl=1&resize=350%2C200 1x, https:\/\/i0.wp.com\/cepronda.com\/blog\/wp-content\/uploads\/2024\/07\/WhatsApp-Image-2024-07-12-at-11.33.31-e1720792423312.jpeg?fit=871%2C515&ssl=1&resize=525%2C300 1.5x, https:\/\/i0.wp.com\/cepronda.com\/blog\/wp-content\/uploads\/2024\/07\/WhatsApp-Image-2024-07-12-at-11.33.31-e1720792423312.jpeg?fit=871%2C515&ssl=1&resize=700%2C400 2x"},"classes":[]},{"id":6001,"url":"https:\/\/cepronda.com\/blog\/el-ies-gran-capitan-de-cordoba-y-martin-rivero-de-ronda-logran-el-primer-premio-ciccartuja-futuros-investigadores\/","url_meta":{"origin":5674,"position":4},"title":"El IES Gran Capit\u00e1n de C\u00f3rdoba y Mart\u00edn Rivero de Ronda, logran el primer Premio CicCartuja \u201cfuturos investigadores\u201d","author":"Inmaculada Garc\u00eda","date":"17 mayo, 2023","format":false,"excerpt":"Desde el CEP de Ronda queremos dar la enhorabuena al alumnado y al profesorado del I.E.S. MArt\u00edn Rivero (Ronda) por su premio. \u201cDocumentales y Youtube: En busca de ideas para nuevas investigaciones\u201d es el t\u00edtulo del trabajo realizado de manera simult\u00e1nea durante este curso escolar en los IES Gran Capit\u00e1n\u2026","rel":"","context":"En \u00abNoticias\u00bb","block_context":{"text":"Noticias","link":"https:\/\/cepronda.com\/blog\/category\/noticias\/"},"img":{"alt_text":"","src":"https:\/\/i0.wp.com\/cepronda.com\/blog\/wp-content\/uploads\/2023\/05\/Entrega-premio-total.jpg?fit=853%2C841&ssl=1&resize=350%2C200","width":350,"height":200,"srcset":"https:\/\/i0.wp.com\/cepronda.com\/blog\/wp-content\/uploads\/2023\/05\/Entrega-premio-total.jpg?fit=853%2C841&ssl=1&resize=350%2C200 1x, https:\/\/i0.wp.com\/cepronda.com\/blog\/wp-content\/uploads\/2023\/05\/Entrega-premio-total.jpg?fit=853%2C841&ssl=1&resize=525%2C300 1.5x, https:\/\/i0.wp.com\/cepronda.com\/blog\/wp-content\/uploads\/2023\/05\/Entrega-premio-total.jpg?fit=853%2C841&ssl=1&resize=700%2C400 2x"},"classes":[]},{"id":5496,"url":"https:\/\/cepronda.com\/blog\/proyecto-proyectoedia-ies-perez-de-guzman-ronda\/","url_meta":{"origin":5674,"position":5},"title":"PROYECTO @proyectoEDIA. IES P\u00e9rez de Guzm\u00e1n. Ronda.","author":"Mamen Moreno","date":"21 septiembre, 2022","format":false,"excerpt":"Felicidades por vuestra participaci\u00f3n en el INTEF del Ministerio de Educaci\u00f3n compartiendo vuestra experiencia de uso de los REA, recursos educativos abiertos del #proyectoEDIA como v\u00eda para la mejora del aprendizaje competencial, de la motivaci\u00f3n, de la convivencia y de la autonom\u00eda del alumnado @educaINTEF, @proyectoEDIA, @exelearning_sp #5JE_REAventura. \u00a0 \u00a0\u2026","rel":"","context":"En \u00abNoticias\u00bb","block_context":{"text":"Noticias","link":"https:\/\/cepronda.com\/blog\/category\/noticias\/"},"img":{"alt_text":"","src":"https:\/\/i0.wp.com\/cepronda.com\/blog\/wp-content\/uploads\/2022\/09\/302545866_1225219891358916_8588385042584351171_n.jpg?fit=600%2C450&ssl=1&resize=350%2C200","width":350,"height":200,"srcset":"https:\/\/i0.wp.com\/cepronda.com\/blog\/wp-content\/uploads\/2022\/09\/302545866_1225219891358916_8588385042584351171_n.jpg?fit=600%2C450&ssl=1&resize=350%2C200 1x, https:\/\/i0.wp.com\/cepronda.com\/blog\/wp-content\/uploads\/2022\/09\/302545866_1225219891358916_8588385042584351171_n.jpg?fit=600%2C450&ssl=1&resize=525%2C300 1.5x"},"classes":[]}],"jetpack_sharing_enabled":true,"_links":{"self":[{"href":"https:\/\/cepronda.com\/blog\/wp-json\/wp\/v2\/posts\/5674","targetHints":{"allow":["GET"]}}],"collection":[{"href":"https:\/\/cepronda.com\/blog\/wp-json\/wp\/v2\/posts"}],"about":[{"href":"https:\/\/cepronda.com\/blog\/wp-json\/wp\/v2\/types\/post"}],"author":[{"embeddable":true,"href":"https:\/\/cepronda.com\/blog\/wp-json\/wp\/v2\/users\/9"}],"replies":[{"embeddable":true,"href":"https:\/\/cepronda.com\/blog\/wp-json\/wp\/v2\/comments?post=5674"}],"version-history":[{"count":1,"href":"https:\/\/cepronda.com\/blog\/wp-json\/wp\/v2\/posts\/5674\/revisions"}],"predecessor-version":[{"id":5678,"href":"https:\/\/cepronda.com\/blog\/wp-json\/wp\/v2\/posts\/5674\/revisions\/5678"}],"wp:featuredmedia":[{"embeddable":true,"href":"https:\/\/cepronda.com\/blog\/wp-json\/wp\/v2\/media\/5677"}],"wp:attachment":[{"href":"https:\/\/cepronda.com\/blog\/wp-json\/wp\/v2\/media?parent=5674"}],"wp:term":[{"taxonomy":"category","embeddable":true,"href":"https:\/\/cepronda.com\/blog\/wp-json\/wp\/v2\/categories?post=5674"},{"taxonomy":"post_tag","embeddable":true,"href":"https:\/\/cepronda.com\/blog\/wp-json\/wp\/v2\/tags?post=5674"}],"curies":[{"name":"wp","href":"https:\/\/api.w.org\/{rel}","templated":true}]}}