{"id":5668,"date":"2022-12-21T11:13:06","date_gmt":"2022-12-21T10:13:06","guid":{"rendered":"https:\/\/cepronda.com\/blog\/?p=5668"},"modified":"2025-04-28T12:16:02","modified_gmt":"2025-04-28T10:16:02","slug":"5668-2","status":"publish","type":"post","link":"https:\/\/cepronda.com\/blog\/5668-2\/","title":{"rendered":"XXI JORNADAS DE INNOVACI\u00d3N PEDAG\u00d3GICA, #JIPAtq23: AULA DEL FUTURO"},"content":{"rendered":"<p>Desde hoy 20 de diciembre a las 11:30 se abrir\u00e1 plazo de inscripci\u00f3n para las JIPAtq23, que permanecer\u00e1 abierto hasta el 20 de enero.<\/p>\n<p>Se desarrollar\u00e1 los d\u00edas 8 de febrero en formato online (1 hora) y los d\u00edas 17 y 18 de febrero en formato presencial en el CEULAJ de Mollina.<br \/>\nM\u00e1s informaci\u00f3n e inscripci\u00f3n en el siguiente enlace:<\/p>\n<p><a href=\"https:\/\/www.juntadeandalucia.es\/educacion\/secretariavirtual\/consultaCEP\/actividad\/232925GE200\/\">https:\/\/www.juntadeandalucia.es\/educacion\/secretariavirtual\/consultaCEP\/actividad\/232925GE200\/<\/a><\/p>\n<p>M\u00e1s informaci\u00f3n en twitter @JIPAtq y en la p\u00e1gina web <a href=\"https:\/\/jipa.cepdeantequera.es\/\">https:\/\/jipa.cepdeantequera.es\/<\/a><\/p>\n<p>INFORMACI\u00d3N IMPORTANTE EN EL SIGUIENTE V\u00cdDEO:<\/p>\n<p><span class=\"embed-youtube\" style=\"text-align:center; display: block;\"><iframe loading=\"lazy\" class=\"youtube-player\" width=\"1170\" height=\"659\" src=\"https:\/\/www.youtube.com\/embed\/qKtWt_INDHM?version=3&#038;rel=1&#038;showsearch=0&#038;showinfo=1&#038;iv_load_policy=1&#038;fs=1&#038;hl=es-ES&#038;autohide=2&#038;wmode=transparent\" allowfullscreen=\"true\" style=\"border:0;\" sandbox=\"allow-scripts allow-same-origin allow-popups allow-presentation allow-popups-to-escape-sandbox\"><\/iframe><\/span><\/p>\n","protected":false},"excerpt":{"rendered":"<p>Desde hoy 20 de diciembre a las 11:30 se abrir\u00e1 plazo de inscripci\u00f3n para las JIPAtq23, que permanecer\u00e1 abierto hasta el 20 de enero. Se desarrollar\u00e1 los d\u00edas 8 de febrero en formato online (1 hora) y los d\u00edas 17 y 18 de febrero en formato presencial en el CEULAJ de Mollina. M\u00e1s informaci\u00f3n e [&hellip;]<\/p>\n","protected":false},"author":9,"featured_media":5669,"comment_status":"closed","ping_status":"open","sticky":false,"template":"","format":"standard","meta":{"_crdt_document":"","advanced_seo_description":"","jetpack_seo_html_title":"","jetpack_seo_noindex":false,"jetpack_post_was_ever_published":false,"_jetpack_newsletter_access":"","_jetpack_dont_email_post_to_subs":false,"_jetpack_newsletter_tier_id":0,"_jetpack_memberships_contains_paywalled_content":false,"_jetpack_memberships_contains_paid_content":false,"footnotes":"","jetpack_publicize_message":"","jetpack_publicize_feature_enabled":true,"jetpack_social_post_already_shared":false,"jetpack_social_options":{"image_generator_settings":{"template":"highway","default_image_id":0,"font":"","enabled":false},"version":2}},"categories":[3,5],"tags":[],"class_list":{"0":"post-5668","1":"post","2":"type-post","3":"status-publish","4":"format-standard","5":"has-post-thumbnail","7":"category-formaciones","8":"category-noticias","9":"czr-hentry"},"jetpack_publicize_connections":[],"jetpack_featured_media_url":"https:\/\/i0.wp.com\/cepronda.com\/blog\/wp-content\/uploads\/2022\/12\/jiapt.jpg?fit=922%2C1280&ssl=1","jetpack_shortlink":"https:\/\/wp.me\/p8M4X7-1tq","jetpack-related-posts":[{"id":9191,"url":"https:\/\/cepronda.com\/blog\/curso-nuevos-circuitos-para-nuevos-publicos-el-formato\/","url_meta":{"origin":5668,"position":0},"title":"CURSO NUEVOS CIRCUITOS PARA NUEVOS P\u00daBLICOS. EL FORMATO.","author":"Encarni Jim\u00e9nez Rosado","date":"13 enero, 2026","format":false,"excerpt":"Abierto plazo de inscripci\u00f3n para el curso \u201cNUEVOS CIRCUITOS PARA NUEVOS P\u00daBLICOS. EL FORMATO. Inscripci\u00f3n: 08\/01\/2026 a 26\/01\/2026 Actividad: 03\/02\/2026 a 27\/04\/2026 Duraci\u00f3n: 5 sesiones. M\u00e1s informaci\u00f3n: https:\/\/www.juntadeandalucia.es\/educacion\/secretariavirtual\/consultaCEP\/actividad\/262922GE014\/ Lugar: Conservatorio Superior de M\u00fasica de M\u00e1laga. \u00a0","rel":"","context":"En \u00abFormaciones\u00bb","block_context":{"text":"Formaciones","link":"https:\/\/cepronda.com\/blog\/category\/formaciones\/"},"img":{"alt_text":"","src":"https:\/\/i0.wp.com\/cepronda.com\/blog\/wp-content\/uploads\/2026\/01\/circuitos.jpg?fit=1080%2C1080&ssl=1&resize=350%2C200","width":350,"height":200,"srcset":"https:\/\/i0.wp.com\/cepronda.com\/blog\/wp-content\/uploads\/2026\/01\/circuitos.jpg?fit=1080%2C1080&ssl=1&resize=350%2C200 1x, https:\/\/i0.wp.com\/cepronda.com\/blog\/wp-content\/uploads\/2026\/01\/circuitos.jpg?fit=1080%2C1080&ssl=1&resize=525%2C300 1.5x, https:\/\/i0.wp.com\/cepronda.com\/blog\/wp-content\/uploads\/2026\/01\/circuitos.jpg?fit=1080%2C1080&ssl=1&resize=700%2C400 2x, https:\/\/i0.wp.com\/cepronda.com\/blog\/wp-content\/uploads\/2026\/01\/circuitos.jpg?fit=1080%2C1080&ssl=1&resize=1050%2C600 3x"},"classes":[]},{"id":9217,"url":"https:\/\/cepronda.com\/blog\/9217-2\/","url_meta":{"origin":5668,"position":1},"title":"CURSO  PRATIQUES D&#8217;ENSEIGNEMENT INNOVANTES SOUTENUES PAR L&#8217;UTILISATION DES TICE DANS LA CLASSE DE LANGUE","author":"Encarni Jim\u00e9nez Rosado","date":"16 enero, 2026","format":false,"excerpt":"Abierto plazo de inscripci\u00f3n para el curso \u201cPRATIQUES D'ENSEIGNEMENT INNOVANTES SOUTENUES PAR L'UTILISATION DES TICE DANS LA CLASSE DE LANGUE\u201d C\u00d3DIGO:\u00a0\u00a026K9911AV158 MODALIDAD:\u00a0Curso a distancia \u00c1MBITO:\u00a0Regional LUGAR DE REALIZACI\u00d3N:\u00a0Aula Virtual de Formaci\u00f3n\u00a0del Profesorado (AVFP)\u00a0\u00a0 \u00a0 INSCRIPCIONES:\u00a0del 21 de enero al 4 de febrero 2026 LISTA PROVISIONAL ADMITIDOS:\u00a05 de febrero de 2026\u2026","rel":"","context":"En \u00abFormaciones\u00bb","block_context":{"text":"Formaciones","link":"https:\/\/cepronda.com\/blog\/category\/formaciones\/"},"img":{"alt_text":"","src":"https:\/\/i0.wp.com\/cepronda.com\/blog\/wp-content\/uploads\/2026\/01\/frances.jpg?fit=959%2C1200&ssl=1&resize=350%2C200","width":350,"height":200,"srcset":"https:\/\/i0.wp.com\/cepronda.com\/blog\/wp-content\/uploads\/2026\/01\/frances.jpg?fit=959%2C1200&ssl=1&resize=350%2C200 1x, https:\/\/i0.wp.com\/cepronda.com\/blog\/wp-content\/uploads\/2026\/01\/frances.jpg?fit=959%2C1200&ssl=1&resize=525%2C300 1.5x, https:\/\/i0.wp.com\/cepronda.com\/blog\/wp-content\/uploads\/2026\/01\/frances.jpg?fit=959%2C1200&ssl=1&resize=700%2C400 2x"},"classes":[]},{"id":5230,"url":"https:\/\/cepronda.com\/blog\/mindfulness-para-docentes-ultimos-dias\/","url_meta":{"origin":5668,"position":2},"title":"MINDFULNESS PARA DOCENTES \u00a1\u00daLTIMOS D\u00cdAS!","author":"V\u00edctor Caballero","date":"17 abril, 2022","format":false,"excerpt":"\u00a1\u00daLTIMOS D\u00cdAS! \u00a1NO TE LO PIERDAS! Os informamos que a\u00fan sigue abierto el plazo de inscripci\u00f3n del curso MINDFULNESS PARA DOCENTES con c\u00f3digo 222924GE047. Fechas de inscripci\u00f3n : hasta el lunes 18\/04\/2022 Fecha de inicio: 19\/04\/2022 Fecha finalizaci\u00f3n: 31\/05\/2022 Horas: 16h\u00a0 ( 3 sesiones de 2h + 4 sesiones de\u2026","rel":"","context":"En \u00abFormaciones\u00bb","block_context":{"text":"Formaciones","link":"https:\/\/cepronda.com\/blog\/category\/formaciones\/"},"img":{"alt_text":"","src":"https:\/\/i0.wp.com\/cepronda.com\/blog\/wp-content\/uploads\/2022\/04\/222924GE047-Cartel-Mindfulness.png?fit=848%2C1200&ssl=1&resize=350%2C200","width":350,"height":200,"srcset":"https:\/\/i0.wp.com\/cepronda.com\/blog\/wp-content\/uploads\/2022\/04\/222924GE047-Cartel-Mindfulness.png?fit=848%2C1200&ssl=1&resize=350%2C200 1x, https:\/\/i0.wp.com\/cepronda.com\/blog\/wp-content\/uploads\/2022\/04\/222924GE047-Cartel-Mindfulness.png?fit=848%2C1200&ssl=1&resize=525%2C300 1.5x, https:\/\/i0.wp.com\/cepronda.com\/blog\/wp-content\/uploads\/2022\/04\/222924GE047-Cartel-Mindfulness.png?fit=848%2C1200&ssl=1&resize=700%2C400 2x"},"classes":[]},{"id":9243,"url":"https:\/\/cepronda.com\/blog\/9243-2\/","url_meta":{"origin":5668,"position":3},"title":"INNOVATIVE TEACHING PRACTICES SUPPORTED BY THE FOCUSED USE OF ICT TOOLS IN THE LANGUAGE CLASSROOM","author":"Encarni Jim\u00e9nez Rosado","date":"21 enero, 2026","format":false,"excerpt":"Convocatoria actividad formativa regional: \"INNOVATIVE TEACHING PRACTICES SUPPORTED BY THE FOCUSED USE OF ICT TOOLS IN THE LANGUAGE CLASSROOM\", con c\u00f3digo 26K9906AV128. \u00a0Dirigida a: Profesorado de Ingl\u00e9s de centros p\u00fablicos de cualquier nivel educativo. \u00a0El plazo de inscripci\u00f3n est\u00e1 abierto hasta el 4 de febrero a las 23:59 h. Lugar\u2026","rel":"","context":"En \u00abFormaciones\u00bb","block_context":{"text":"Formaciones","link":"https:\/\/cepronda.com\/blog\/category\/formaciones\/"},"img":{"alt_text":"","src":"https:\/\/i0.wp.com\/cepronda.com\/blog\/wp-content\/uploads\/2026\/01\/practices-supported.jpg?fit=1200%2C1200&ssl=1&resize=350%2C200","width":350,"height":200,"srcset":"https:\/\/i0.wp.com\/cepronda.com\/blog\/wp-content\/uploads\/2026\/01\/practices-supported.jpg?fit=1200%2C1200&ssl=1&resize=350%2C200 1x, https:\/\/i0.wp.com\/cepronda.com\/blog\/wp-content\/uploads\/2026\/01\/practices-supported.jpg?fit=1200%2C1200&ssl=1&resize=525%2C300 1.5x, https:\/\/i0.wp.com\/cepronda.com\/blog\/wp-content\/uploads\/2026\/01\/practices-supported.jpg?fit=1200%2C1200&ssl=1&resize=700%2C400 2x, https:\/\/i0.wp.com\/cepronda.com\/blog\/wp-content\/uploads\/2026\/01\/practices-supported.jpg?fit=1200%2C1200&ssl=1&resize=1050%2C600 3x"},"classes":[]},{"id":4871,"url":"https:\/\/cepronda.com\/blog\/las-grandes-lecciones-montessori\/","url_meta":{"origin":5668,"position":4},"title":"LAS GRANDES LECCIONES MONTESSORI","author":"Maribel Mu\u00f1oz","date":"2 diciembre, 2021","format":false,"excerpt":"Buenas tardes compa\u00f1eras y compa\u00f1eros, Os informamos que est\u00e1 abierto el plazo de inscripci\u00f3n en la actividad LAS GRANDES LECCIONES MONTESSORI \u00a0con c\u00f3digo 222923GE471. Es una actividad PROVINCIAL.\u00a0 Se realizar\u00e1 \u00edntegramente por Plataforma Webex.\u00a0 La fecha de comienzo de la formaci\u00f3n es: \u00a01 de Febrero de 2022 Para m\u00e1s informaci\u00f3n\u2026","rel":"","context":"En \u00abFormaciones\u00bb","block_context":{"text":"Formaciones","link":"https:\/\/cepronda.com\/blog\/category\/formaciones\/"},"img":{"alt_text":"","src":"https:\/\/i0.wp.com\/cepronda.com\/blog\/wp-content\/uploads\/2021\/12\/WhatsApp-Image-2021-12-02-at-11.14.56-300x300.jpeg?resize=350%2C200","width":350,"height":200},"classes":[]},{"id":5033,"url":"https:\/\/cepronda.com\/blog\/atencion-sociosanitaria-a-personas-dependientes-en-instituciones-sociales\/","url_meta":{"origin":5668,"position":5},"title":"ATENCI\u00d3N SOCIOSANITARIA A PERSONAS DEPENDIENTES EN INSTITUCIONES SOCIALES","author":"Antonio Montes","date":"2 febrero, 2022","format":false,"excerpt":"Buenos d\u00edas Os informamos que en el IES P\u00e9rez de Guzm\u00e1n se va a llevar a cabo el curso siguiente: ATENCI\u00d3N SOCIOSANITARIA A PERSONAS DEPENDIENTES EN INSTITUCIONES SOCIALES (Certificado de Profesionalidad, con pr\u00e1cticas profesionales). Tendr\u00e1 una duraci\u00f3n de 450 horas y se desarrollar\u00e1 a partir del mes de febrero, de\u2026","rel":"","context":"En \u00abFormaciones\u00bb","block_context":{"text":"Formaciones","link":"https:\/\/cepronda.com\/blog\/category\/formaciones\/"},"img":{"alt_text":"","src":"https:\/\/i0.wp.com\/cepronda.com\/blog\/wp-content\/uploads\/2022\/02\/aTENCION-SOCIOSANITARIO-3.png?fit=849%2C1200&ssl=1&resize=350%2C200","width":350,"height":200,"srcset":"https:\/\/i0.wp.com\/cepronda.com\/blog\/wp-content\/uploads\/2022\/02\/aTENCION-SOCIOSANITARIO-3.png?fit=849%2C1200&ssl=1&resize=350%2C200 1x, https:\/\/i0.wp.com\/cepronda.com\/blog\/wp-content\/uploads\/2022\/02\/aTENCION-SOCIOSANITARIO-3.png?fit=849%2C1200&ssl=1&resize=525%2C300 1.5x, https:\/\/i0.wp.com\/cepronda.com\/blog\/wp-content\/uploads\/2022\/02\/aTENCION-SOCIOSANITARIO-3.png?fit=849%2C1200&ssl=1&resize=700%2C400 2x"},"classes":[]}],"jetpack_sharing_enabled":true,"_links":{"self":[{"href":"https:\/\/cepronda.com\/blog\/wp-json\/wp\/v2\/posts\/5668","targetHints":{"allow":["GET"]}}],"collection":[{"href":"https:\/\/cepronda.com\/blog\/wp-json\/wp\/v2\/posts"}],"about":[{"href":"https:\/\/cepronda.com\/blog\/wp-json\/wp\/v2\/types\/post"}],"author":[{"embeddable":true,"href":"https:\/\/cepronda.com\/blog\/wp-json\/wp\/v2\/users\/9"}],"replies":[{"embeddable":true,"href":"https:\/\/cepronda.com\/blog\/wp-json\/wp\/v2\/comments?post=5668"}],"version-history":[{"count":3,"href":"https:\/\/cepronda.com\/blog\/wp-json\/wp\/v2\/posts\/5668\/revisions"}],"predecessor-version":[{"id":5673,"href":"https:\/\/cepronda.com\/blog\/wp-json\/wp\/v2\/posts\/5668\/revisions\/5673"}],"wp:featuredmedia":[{"embeddable":true,"href":"https:\/\/cepronda.com\/blog\/wp-json\/wp\/v2\/media\/5669"}],"wp:attachment":[{"href":"https:\/\/cepronda.com\/blog\/wp-json\/wp\/v2\/media?parent=5668"}],"wp:term":[{"taxonomy":"category","embeddable":true,"href":"https:\/\/cepronda.com\/blog\/wp-json\/wp\/v2\/categories?post=5668"},{"taxonomy":"post_tag","embeddable":true,"href":"https:\/\/cepronda.com\/blog\/wp-json\/wp\/v2\/tags?post=5668"}],"curies":[{"name":"wp","href":"https:\/\/api.w.org\/{rel}","templated":true}]}}