{"id":5657,"date":"2022-12-13T13:45:33","date_gmt":"2022-12-13T12:45:33","guid":{"rendered":"https:\/\/cepronda.com\/blog\/?p=5657"},"modified":"2025-04-28T12:01:16","modified_gmt":"2025-04-28T10:01:16","slug":"elaboracion-de-proyectos-de-calidad-erasmus-2023","status":"publish","type":"post","link":"https:\/\/cepronda.com\/blog\/elaboracion-de-proyectos-de-calidad-erasmus-2023\/","title":{"rendered":"ELABORACI\u00d3N DE PROYECTOS DE CALIDAD ERASMUS 2023"},"content":{"rendered":"<p>Se encuentra abierto el plazo de solicitudes de la actividad formativa ELABORACI\u00d3N DE PROYECTOS DE CALIDAD ERASMUS 2023<\/p>\n<p>Curso dirigido a Equipos Directivos y profesorado interesado en participar en el Programa Erasmus+ en los pr\u00f3ximos cursos acad\u00e9micos<\/p>\n<p>Curso a distancia en el Aula Virtual de Formaci\u00f3n del Profesorado<\/p>\n<p>\u270d\ufe0f Inscripciones del 13 al 21 de diciembre 2022 (se cierra el plazo de solicitudes a las 10:00 horas)<\/p>\n<p>Fecha de actividad: 23\/12\/2022 &#8211; 23\/02\/2022. Duraci\u00f3n total: 20 HORAS<\/p>\n<p>M\u00e1s informaci\u00f3n e inscripciones:<\/p>\n<p><a href=\"https:\/\/www.juntadeandalucia.es\/educacion\/secretariavirtual\/consultaCEP\/actividad\/232923KPI303\/\">https:\/\/www.juntadeandalucia.es\/educacion\/secretariavirtual\/consultaCEP\/actividad\/232923KPI303\/<\/a><\/p>\n<p><img data-recalc-dims=\"1\" loading=\"lazy\" decoding=\"async\" class=\"size-medium wp-image-5660 aligncenter\" src=\"https:\/\/i0.wp.com\/cepronda.com\/blog\/wp-content\/uploads\/2022\/12\/d8f22376-1582-46c4-b762-083e18e67201-2.jpg?resize=300%2C300&#038;ssl=1\" alt=\"\" width=\"300\" height=\"300\" srcset=\"https:\/\/i0.wp.com\/cepronda.com\/blog\/wp-content\/uploads\/2022\/12\/d8f22376-1582-46c4-b762-083e18e67201-2.jpg?resize=300%2C300&amp;ssl=1 300w, https:\/\/i0.wp.com\/cepronda.com\/blog\/wp-content\/uploads\/2022\/12\/d8f22376-1582-46c4-b762-083e18e67201-2.jpg?resize=1024%2C1024&amp;ssl=1 1024w, https:\/\/i0.wp.com\/cepronda.com\/blog\/wp-content\/uploads\/2022\/12\/d8f22376-1582-46c4-b762-083e18e67201-2.jpg?resize=150%2C150&amp;ssl=1 150w, https:\/\/i0.wp.com\/cepronda.com\/blog\/wp-content\/uploads\/2022\/12\/d8f22376-1582-46c4-b762-083e18e67201-2.jpg?resize=768%2C768&amp;ssl=1 768w, https:\/\/i0.wp.com\/cepronda.com\/blog\/wp-content\/uploads\/2022\/12\/d8f22376-1582-46c4-b762-083e18e67201-2.jpg?resize=50%2C50&amp;ssl=1 50w, https:\/\/i0.wp.com\/cepronda.com\/blog\/wp-content\/uploads\/2022\/12\/d8f22376-1582-46c4-b762-083e18e67201-2.jpg?w=1080&amp;ssl=1 1080w\" sizes=\"auto, (max-width: 300px) 100vw, 300px\" \/><\/p>\n<p>&nbsp;<\/p>\n<p>&nbsp;<\/p>\n","protected":false},"excerpt":{"rendered":"<p>Se encuentra abierto el plazo de solicitudes de la actividad formativa ELABORACI\u00d3N DE PROYECTOS DE CALIDAD ERASMUS 2023 Curso dirigido a Equipos Directivos y profesorado interesado en participar en el Programa Erasmus+ en los pr\u00f3ximos cursos acad\u00e9micos Curso a distancia en el Aula Virtual de Formaci\u00f3n del Profesorado \u270d\ufe0f Inscripciones del 13 al 21 de [&hellip;]<\/p>\n","protected":false},"author":13,"featured_media":5660,"comment_status":"closed","ping_status":"open","sticky":false,"template":"","format":"standard","meta":{"_crdt_document":"","advanced_seo_description":"","jetpack_seo_html_title":"","jetpack_seo_noindex":false,"jetpack_post_was_ever_published":false,"_jetpack_newsletter_access":"","_jetpack_dont_email_post_to_subs":false,"_jetpack_newsletter_tier_id":0,"_jetpack_memberships_contains_paywalled_content":false,"_jetpack_memberships_contains_paid_content":false,"footnotes":"","jetpack_publicize_message":"","jetpack_publicize_feature_enabled":true,"jetpack_social_post_already_shared":false,"jetpack_social_options":{"image_generator_settings":{"template":"highway","default_image_id":0,"font":"","enabled":false},"version":2}},"categories":[3,5],"tags":[405],"class_list":{"0":"post-5657","1":"post","2":"type-post","3":"status-publish","4":"format-standard","5":"has-post-thumbnail","7":"category-formaciones","8":"category-noticias","9":"tag-erasmus-europa","10":"czr-hentry"},"jetpack_publicize_connections":[],"jetpack_featured_media_url":"https:\/\/i0.wp.com\/cepronda.com\/blog\/wp-content\/uploads\/2022\/12\/d8f22376-1582-46c4-b762-083e18e67201-2.jpg?fit=1080%2C1080&ssl=1","jetpack_shortlink":"https:\/\/wp.me\/p8M4X7-1tf","jetpack-related-posts":[{"id":4904,"url":"https:\/\/cepronda.com\/blog\/elaboracion-de-proyectos-de-calidad-erasmus-2022\/","url_meta":{"origin":5657,"position":0},"title":"ELABORACI\u00d3N DE PROYECTOS DE CALIDAD ERASMUS 2022","author":"Maribel Mu\u00f1oz","date":"21 diciembre, 2021","format":false,"excerpt":"Buenos d\u00edas compa\u00f1eras y compa\u00f1eros, Os informamos que est\u00e1 abierto el plazo de inscripci\u00f3n en la actividad ELABORACI\u00d3N DE PROYECTOS DE CALIDAD ERASMUS 2022 con c\u00f3digo 229923PI303. Es una actividad PROVINCIAL.\u00a0 Se desarrollar\u00e1 en el Aula Virtual de Formaci\u00f3n del Profesorado. Consta de 20 horas , 6 de ellas se\u2026","rel":"","context":"En \u00abFormaciones\u00bb","block_context":{"text":"Formaciones","link":"https:\/\/cepronda.com\/blog\/category\/formaciones\/"},"img":{"alt_text":"","src":"https:\/\/i0.wp.com\/cepronda.com\/blog\/wp-content\/uploads\/2021\/12\/WhatsApp-Image-2021-12-17-at-12.08.18-1.jpeg?fit=848%2C1200&ssl=1&resize=350%2C200","width":350,"height":200,"srcset":"https:\/\/i0.wp.com\/cepronda.com\/blog\/wp-content\/uploads\/2021\/12\/WhatsApp-Image-2021-12-17-at-12.08.18-1.jpeg?fit=848%2C1200&ssl=1&resize=350%2C200 1x, https:\/\/i0.wp.com\/cepronda.com\/blog\/wp-content\/uploads\/2021\/12\/WhatsApp-Image-2021-12-17-at-12.08.18-1.jpeg?fit=848%2C1200&ssl=1&resize=525%2C300 1.5x, https:\/\/i0.wp.com\/cepronda.com\/blog\/wp-content\/uploads\/2021\/12\/WhatsApp-Image-2021-12-17-at-12.08.18-1.jpeg?fit=848%2C1200&ssl=1&resize=700%2C400 2x"},"classes":[]},{"id":4901,"url":"https:\/\/cepronda.com\/blog\/difusion-del-programa-erasmus-y-elaboracion-de-proyectos-de-calidad\/","url_meta":{"origin":5657,"position":1},"title":"DIFUSI\u00d3N DEL PROGRAMA ERASMUS+ Y ELABORACI\u00d3N DE PROYECTOS DE CALIDAD","author":"Maribel Mu\u00f1oz","date":"21 diciembre, 2021","format":false,"excerpt":"Buenos d\u00edas compa\u00f1eras y compa\u00f1eros,\u00a0 Os informamos que est\u00e1 abierto el plazo de inscripci\u00f3n en la actividad DIFUSI\u00d3N DEL PROGRAMA ERASMUS+ Y ELABORACI\u00d3N DE PROYECTOS DE CALIDAD con c\u00f3digo 221105FP109. Es una actividad REGIONAL.\u00a0 dirigida al profesorado de Formaci\u00f3n\u00a0Profesional. El plazo de solicitudes\u00a0 finaliza el 10 de enero a las\u2026","rel":"","context":"En \u00abFormaciones\u00bb","block_context":{"text":"Formaciones","link":"https:\/\/cepronda.com\/blog\/category\/formaciones\/"},"img":{"alt_text":"","src":"https:\/\/i0.wp.com\/cepronda.com\/blog\/wp-content\/uploads\/2021\/12\/DIFUSION-ERASMUS-FP-1.jpg?fit=1200%2C848&ssl=1&resize=350%2C200","width":350,"height":200,"srcset":"https:\/\/i0.wp.com\/cepronda.com\/blog\/wp-content\/uploads\/2021\/12\/DIFUSION-ERASMUS-FP-1.jpg?fit=1200%2C848&ssl=1&resize=350%2C200 1x, https:\/\/i0.wp.com\/cepronda.com\/blog\/wp-content\/uploads\/2021\/12\/DIFUSION-ERASMUS-FP-1.jpg?fit=1200%2C848&ssl=1&resize=525%2C300 1.5x, https:\/\/i0.wp.com\/cepronda.com\/blog\/wp-content\/uploads\/2021\/12\/DIFUSION-ERASMUS-FP-1.jpg?fit=1200%2C848&ssl=1&resize=700%2C400 2x, https:\/\/i0.wp.com\/cepronda.com\/blog\/wp-content\/uploads\/2021\/12\/DIFUSION-ERASMUS-FP-1.jpg?fit=1200%2C848&ssl=1&resize=1050%2C600 3x"},"classes":[]},{"id":7266,"url":"https:\/\/cepronda.com\/blog\/formacion-elaboracion-de-proyectos-de-calidad-erasmus-2024-249923pi303\/","url_meta":{"origin":5657,"position":2},"title":"FORMACI\u00d3N: ELABORACI\u00d3N DE PROYECTOS DE CALIDAD ERASMUS 2024\u00a0(249923PI303)","author":"Inmaculada Garc\u00eda","date":"11 diciembre, 2023","format":false,"excerpt":"Abierto el plazo de inscripci\u00f3n para el curso a distancia Provincial : ELABORACI\u00d3N DE PROYECTOS DE CALIDAD ERASMUS 2024\u00a0(249923PI303) Duraci\u00f3n: 20 horas Fecha actividad:\u00a021\/12\/2023 hasta 29\/02\/2024 Fecha inscripci\u00f3n: 04\/12\/2023 hasta 18\/12\/2023 Lugar: AVFP( aula virtual de formaci\u00f3n de profesorado) Sesiones de videoconferencia duplicadas en horario de ma\u00f1ana y tarde para\u2026","rel":"","context":"En \u00abFormaciones\u00bb","block_context":{"text":"Formaciones","link":"https:\/\/cepronda.com\/blog\/category\/formaciones\/"},"img":{"alt_text":"","src":"https:\/\/i0.wp.com\/cepronda.com\/blog\/wp-content\/uploads\/2023\/12\/WhatsApp-Image-2023-12-11-at-12.47.10.jpeg?fit=800%2C800&ssl=1&resize=350%2C200","width":350,"height":200,"srcset":"https:\/\/i0.wp.com\/cepronda.com\/blog\/wp-content\/uploads\/2023\/12\/WhatsApp-Image-2023-12-11-at-12.47.10.jpeg?fit=800%2C800&ssl=1&resize=350%2C200 1x, https:\/\/i0.wp.com\/cepronda.com\/blog\/wp-content\/uploads\/2023\/12\/WhatsApp-Image-2023-12-11-at-12.47.10.jpeg?fit=800%2C800&ssl=1&resize=525%2C300 1.5x, https:\/\/i0.wp.com\/cepronda.com\/blog\/wp-content\/uploads\/2023\/12\/WhatsApp-Image-2023-12-11-at-12.47.10.jpeg?fit=800%2C800&ssl=1&resize=700%2C400 2x"},"classes":[]},{"id":7870,"url":"https:\/\/cepronda.com\/blog\/curso-proyectos-erasmus-no-acreditados-2025-sector-escolar-y-adultos-con-codigo-259923kpi546\/","url_meta":{"origin":5657,"position":3},"title":"CURSO: PROYECTOS ERASMUS+ NO ACREDITADOS 2025 (SECTOR ESCOLAR Y ADULTOS), con c\u00f3digo 259923KPI546.","author":"Inmaculada Garc\u00eda","date":"28 noviembre, 2024","format":false,"excerpt":"Abierto el plazo de solicitudes para el curso provincial semipresencial: \u00a0 PROYECTOS ERASMUS+ NO ACREDITADOS 2025 (SECTOR ESCOLAR Y ADULTOS), con c\u00f3digo 259923KPI546. \u270f Inscripci\u00f3n del 28 nov al 13 dic 2024 Actividad del 20 dic al 14 feb 2025 \u27a1 Duraci\u00f3n: 30 horas (6 por Webex y 24 en\u2026","rel":"","context":"En \u00abFormaciones\u00bb","block_context":{"text":"Formaciones","link":"https:\/\/cepronda.com\/blog\/category\/formaciones\/"},"img":{"alt_text":"","src":"https:\/\/i0.wp.com\/cepronda.com\/blog\/wp-content\/uploads\/2024\/11\/Cartel-Curso-Erasmus-202425.png?fit=800%2C800&ssl=1&resize=350%2C200","width":350,"height":200,"srcset":"https:\/\/i0.wp.com\/cepronda.com\/blog\/wp-content\/uploads\/2024\/11\/Cartel-Curso-Erasmus-202425.png?fit=800%2C800&ssl=1&resize=350%2C200 1x, https:\/\/i0.wp.com\/cepronda.com\/blog\/wp-content\/uploads\/2024\/11\/Cartel-Curso-Erasmus-202425.png?fit=800%2C800&ssl=1&resize=525%2C300 1.5x, https:\/\/i0.wp.com\/cepronda.com\/blog\/wp-content\/uploads\/2024\/11\/Cartel-Curso-Erasmus-202425.png?fit=800%2C800&ssl=1&resize=700%2C400 2x"},"classes":[]},{"id":7817,"url":"https:\/\/cepronda.com\/blog\/gestion-administrativa-de-proyectos-erasmus-2\/","url_meta":{"origin":5657,"position":4},"title":"GESTI\u00d3N ADMINISTRATIVA DE PROYECTOS ERASMUS+","author":"Maribel Mu\u00f1oz","date":"30 octubre, 2024","format":false,"excerpt":"Abierto el plazo de inscripciones en la actividad provincial GESTI\u00d3N ADMINISTRATIVA DE PROYECTOS ERASMUS+\u00a0 con c\u00f3digo 259924KPI468. Duraci\u00f3n de la actividad: 24 horas ( 3 horas de videoconferencia\u00a0 y 21 horas\u00a0 para tareas en el AVFP) Fecha de inscripci\u00f3n: 30\/10\/2024 hasta 14\/11\/2024 Fecha de la actividad:\u00a0 25 de noviembre al\u2026","rel":"","context":"En \u00abFormaciones\u00bb","block_context":{"text":"Formaciones","link":"https:\/\/cepronda.com\/blog\/category\/formaciones\/"},"img":{"alt_text":"","src":"https:\/\/i0.wp.com\/cepronda.com\/blog\/wp-content\/uploads\/2024\/10\/259924KPI468-GESTION-ADMINISTRATIVA-DE-PROYECTOS-ERASMUS-1.png?fit=1080%2C1080&ssl=1&resize=350%2C200","width":350,"height":200,"srcset":"https:\/\/i0.wp.com\/cepronda.com\/blog\/wp-content\/uploads\/2024\/10\/259924KPI468-GESTION-ADMINISTRATIVA-DE-PROYECTOS-ERASMUS-1.png?fit=1080%2C1080&ssl=1&resize=350%2C200 1x, https:\/\/i0.wp.com\/cepronda.com\/blog\/wp-content\/uploads\/2024\/10\/259924KPI468-GESTION-ADMINISTRATIVA-DE-PROYECTOS-ERASMUS-1.png?fit=1080%2C1080&ssl=1&resize=525%2C300 1.5x, https:\/\/i0.wp.com\/cepronda.com\/blog\/wp-content\/uploads\/2024\/10\/259924KPI468-GESTION-ADMINISTRATIVA-DE-PROYECTOS-ERASMUS-1.png?fit=1080%2C1080&ssl=1&resize=700%2C400 2x, https:\/\/i0.wp.com\/cepronda.com\/blog\/wp-content\/uploads\/2024\/10\/259924KPI468-GESTION-ADMINISTRATIVA-DE-PROYECTOS-ERASMUS-1.png?fit=1080%2C1080&ssl=1&resize=1050%2C600 3x"},"classes":[]},{"id":7822,"url":"https:\/\/cepronda.com\/blog\/gestion-economica-de-proyectos-erasmus-3\/","url_meta":{"origin":5657,"position":5},"title":"GESTI\u00d3N ECON\u00d3MICA DE PROYECTOS ERASMUS+","author":"Maribel Mu\u00f1oz","date":"30 octubre, 2024","format":false,"excerpt":"Abierto el plazo de inscripciones en la actividad provincial GESTI\u00d3N ECON\u00d3MICA DE PROYECTOS ERASMUS+\u00a0 con c\u00f3digo 259924KPI469. Duraci\u00f3n de la actividad: 12 horas ( 3 horas por videoconferencia\u00a0 y\u00a0 9 horas\u00a0 para tareas en el AVFP) Fecha de inscripci\u00f3n: 30\/10\/2024 hasta 17\/11\/2024 Fecha de la actividad:\u00a0 2\u00a0 al 18 de\u2026","rel":"","context":"En \u00abFormaciones\u00bb","block_context":{"text":"Formaciones","link":"https:\/\/cepronda.com\/blog\/category\/formaciones\/"},"img":{"alt_text":"","src":"https:\/\/i0.wp.com\/cepronda.com\/blog\/wp-content\/uploads\/2024\/10\/259924KPI469-GESTION-ECONOMICA-DE-PROYECTOS-ERASMUS.png?fit=1080%2C1080&ssl=1&resize=350%2C200","width":350,"height":200,"srcset":"https:\/\/i0.wp.com\/cepronda.com\/blog\/wp-content\/uploads\/2024\/10\/259924KPI469-GESTION-ECONOMICA-DE-PROYECTOS-ERASMUS.png?fit=1080%2C1080&ssl=1&resize=350%2C200 1x, https:\/\/i0.wp.com\/cepronda.com\/blog\/wp-content\/uploads\/2024\/10\/259924KPI469-GESTION-ECONOMICA-DE-PROYECTOS-ERASMUS.png?fit=1080%2C1080&ssl=1&resize=525%2C300 1.5x, https:\/\/i0.wp.com\/cepronda.com\/blog\/wp-content\/uploads\/2024\/10\/259924KPI469-GESTION-ECONOMICA-DE-PROYECTOS-ERASMUS.png?fit=1080%2C1080&ssl=1&resize=700%2C400 2x, https:\/\/i0.wp.com\/cepronda.com\/blog\/wp-content\/uploads\/2024\/10\/259924KPI469-GESTION-ECONOMICA-DE-PROYECTOS-ERASMUS.png?fit=1080%2C1080&ssl=1&resize=1050%2C600 3x"},"classes":[]}],"jetpack_sharing_enabled":true,"_links":{"self":[{"href":"https:\/\/cepronda.com\/blog\/wp-json\/wp\/v2\/posts\/5657","targetHints":{"allow":["GET"]}}],"collection":[{"href":"https:\/\/cepronda.com\/blog\/wp-json\/wp\/v2\/posts"}],"about":[{"href":"https:\/\/cepronda.com\/blog\/wp-json\/wp\/v2\/types\/post"}],"author":[{"embeddable":true,"href":"https:\/\/cepronda.com\/blog\/wp-json\/wp\/v2\/users\/13"}],"replies":[{"embeddable":true,"href":"https:\/\/cepronda.com\/blog\/wp-json\/wp\/v2\/comments?post=5657"}],"version-history":[{"count":2,"href":"https:\/\/cepronda.com\/blog\/wp-json\/wp\/v2\/posts\/5657\/revisions"}],"predecessor-version":[{"id":5664,"href":"https:\/\/cepronda.com\/blog\/wp-json\/wp\/v2\/posts\/5657\/revisions\/5664"}],"wp:featuredmedia":[{"embeddable":true,"href":"https:\/\/cepronda.com\/blog\/wp-json\/wp\/v2\/media\/5660"}],"wp:attachment":[{"href":"https:\/\/cepronda.com\/blog\/wp-json\/wp\/v2\/media?parent=5657"}],"wp:term":[{"taxonomy":"category","embeddable":true,"href":"https:\/\/cepronda.com\/blog\/wp-json\/wp\/v2\/categories?post=5657"},{"taxonomy":"post_tag","embeddable":true,"href":"https:\/\/cepronda.com\/blog\/wp-json\/wp\/v2\/tags?post=5657"}],"curies":[{"name":"wp","href":"https:\/\/api.w.org\/{rel}","templated":true}]}}