{"id":5653,"date":"2022-12-12T09:25:49","date_gmt":"2022-12-12T08:25:49","guid":{"rendered":"https:\/\/cepronda.com\/blog\/?p=5653"},"modified":"2023-01-25T11:51:53","modified_gmt":"2023-01-25T10:51:53","slug":"movilidad-bobbio","status":"publish","type":"post","link":"https:\/\/cepronda.com\/blog\/movilidad-bobbio\/","title":{"rendered":"Movilidad Bobbio"},"content":{"rendered":"<div><iframe loading=\"lazy\" src=\"https:\/\/docs.google.com\/presentation\/d\/e\/2PACX-1vR84954pm5cYyqWeIRbsinWLfDFVPCXlx_sBSYwZTjv6RrmGq5Qv8H82i62ZfXNpitWPyLHUlEDhLe9\/embed?start=false&amp;loop=false&amp;delayms=3000\" width=\"960\" height=\"569\" frameborder=\"0\" allowfullscreen=\"allowfullscreen\"><\/iframe>&nbsp;<\/div>\n<div>&nbsp; &nbsp; &nbsp; &nbsp; &nbsp; &nbsp; &nbsp; &nbsp; &nbsp; &nbsp; &nbsp; &nbsp; &nbsp; &nbsp; &nbsp; &nbsp; &nbsp; &nbsp; &nbsp; &nbsp; &nbsp; &nbsp; &nbsp; &nbsp; &nbsp; &nbsp; &nbsp; &nbsp; &nbsp; &nbsp; &nbsp; &nbsp; &nbsp; &nbsp; &nbsp; &nbsp; &nbsp; &nbsp; &nbsp; &nbsp; &nbsp; &nbsp; &nbsp; &nbsp; &nbsp; &nbsp; &nbsp; &nbsp; &nbsp; &nbsp; &nbsp; &nbsp; &nbsp; &nbsp; &nbsp; &nbsp;&nbsp;<a href=\"https:\/\/cepronda.com\/blog\/wp-content\/uploads\/2022\/12\/MOVILIDAD-BOBBIO.pptx\">MOVILIDAD BOBBIO<\/a> &nbsp; &nbsp; &nbsp; &nbsp; &nbsp; &nbsp; &nbsp;<\/div>\n<div>&nbsp;<\/div>\n","protected":false},"excerpt":{"rendered":"<p>&nbsp; &nbsp; &nbsp; &nbsp; &nbsp; &nbsp; &nbsp; &nbsp; &nbsp; &nbsp; &nbsp; &nbsp; &nbsp; &nbsp; &nbsp; &nbsp; &nbsp; &nbsp; &nbsp; &nbsp; &nbsp; &nbsp; &nbsp; &nbsp; &nbsp; &nbsp; &nbsp; &nbsp; &nbsp; &nbsp; &nbsp; &nbsp; &nbsp; &nbsp; &nbsp; &nbsp; &nbsp; &nbsp; &nbsp; &nbsp; &nbsp; &nbsp; &nbsp; &nbsp; &nbsp; &nbsp; &nbsp; &nbsp; &nbsp; &nbsp; &nbsp; &nbsp; &nbsp; &nbsp; &nbsp; [&hellip;]<\/p>\n","protected":false},"author":3,"featured_media":5735,"comment_status":"closed","ping_status":"open","sticky":false,"template":"","format":"standard","meta":{"_crdt_document":"","advanced_seo_description":"","jetpack_seo_html_title":"","jetpack_seo_noindex":false,"jetpack_post_was_ever_published":false,"_jetpack_newsletter_access":"","_jetpack_dont_email_post_to_subs":false,"_jetpack_newsletter_tier_id":0,"_jetpack_memberships_contains_paywalled_content":false,"_jetpack_memberships_contains_paid_content":false,"footnotes":"","jetpack_publicize_message":"","jetpack_publicize_feature_enabled":true,"jetpack_social_post_already_shared":false,"jetpack_social_options":{"image_generator_settings":{"template":"highway","default_image_id":0,"font":"","enabled":false},"version":2}},"categories":[5],"tags":[],"class_list":{"0":"post-5653","1":"post","2":"type-post","3":"status-publish","4":"format-standard","5":"has-post-thumbnail","7":"category-noticias","8":"czr-hentry"},"jetpack_publicize_connections":[],"jetpack_featured_media_url":"https:\/\/i0.wp.com\/cepronda.com\/blog\/wp-content\/uploads\/2022\/12\/Sin-titulo.png?fit=1877%2C1053&ssl=1","jetpack_shortlink":"https:\/\/wp.me\/p8M4X7-1tb","jetpack-related-posts":[{"id":8954,"url":"https:\/\/cepronda.com\/blog\/de-ronda-a-alemania-un-viaje-de-aprendizaje\/","url_meta":{"origin":5653,"position":0},"title":"DE RONDA A ALEMANIA: UN VIAJE DE APRENDIZAJE","author":"Mamen Moreno","date":"2 octubre, 2024","format":false,"excerpt":"El Centro del Profesorado (CEP) de Ronda\u00a0ha coordinado un proyecto de movilidad Erasmus+ en Berl\u00edn, del\u00a010 al 17 de septiembre de 2024\u00a0, que ha marcado un antes y un despu\u00e9s en la internacionalizaci\u00f3n de varios centros de su zona. Esta experiencia ha permitido a un grupo de asesores y de\u2026","rel":"","context":"En \u00abNoticias\u00bb","block_context":{"text":"Noticias","link":"https:\/\/cepronda.com\/blog\/category\/noticias\/"},"img":{"alt_text":"","src":"https:\/\/i0.wp.com\/cepronda.com\/blog\/wp-content\/uploads\/2025\/10\/ERASMUS-BERLIN-COMPARTIDO.png?fit=1200%2C675&ssl=1&resize=350%2C200","width":350,"height":200,"srcset":"https:\/\/i0.wp.com\/cepronda.com\/blog\/wp-content\/uploads\/2025\/10\/ERASMUS-BERLIN-COMPARTIDO.png?fit=1200%2C675&ssl=1&resize=350%2C200 1x, https:\/\/i0.wp.com\/cepronda.com\/blog\/wp-content\/uploads\/2025\/10\/ERASMUS-BERLIN-COMPARTIDO.png?fit=1200%2C675&ssl=1&resize=525%2C300 1.5x, https:\/\/i0.wp.com\/cepronda.com\/blog\/wp-content\/uploads\/2025\/10\/ERASMUS-BERLIN-COMPARTIDO.png?fit=1200%2C675&ssl=1&resize=700%2C400 2x, https:\/\/i0.wp.com\/cepronda.com\/blog\/wp-content\/uploads\/2025\/10\/ERASMUS-BERLIN-COMPARTIDO.png?fit=1200%2C675&ssl=1&resize=1050%2C600 3x"},"classes":[]},{"id":2676,"url":"https:\/\/cepronda.com\/blog\/video-latucada-reivindicativa-en-el-ceip-san-agustin-de-el-burgo\/","url_meta":{"origin":5653,"position":1},"title":"V\u00cdDEO LATUCADA REIVINDICATIVA en el CEIP San Agust\u00edn de El Burgo","author":"V\u00edctor Caballero","date":"18 marzo, 2019","format":false,"excerpt":"A continuaci\u00f3n os dejamos el enlace de la Latucada Reivindicativa que recorri\u00f3 las calles de nuestra localidad. Se ha utilizado para participar en el concurso escolar que promueve\u00a0la Consejer\u00eda competente en materia de Educaci\u00f3n y la Consejer\u00eda competente en materia de Fomento, el II Concurso escolar \u201cPonte en Marcha\u201d, que\u2026","rel":"","context":"En \u00abNoticias\u00bb","block_context":{"text":"Noticias","link":"https:\/\/cepronda.com\/blog\/category\/noticias\/"},"img":{"alt_text":"","src":"https:\/\/i0.wp.com\/img.youtube.com\/vi\/l9GLnaKkPhg\/0.jpg?resize=350%2C200","width":350,"height":200},"classes":[]},{"id":7527,"url":"https:\/\/cepronda.com\/blog\/consorcio-erasmus-mep-rural\/","url_meta":{"origin":5653,"position":2},"title":"Consorcio Erasmus MEP Rural","author":"Inmaculada Garc\u00eda","date":"20 marzo, 2024","format":false,"excerpt":"Emocionante noticia desde el Consorcio Erasmus MEP Rural! \u2728 Tres de nuestros valiosos docentes est\u00e1n viviendo una experiencia enriquecedora en Portugal, gracias al Job Shadowing organizado desde el CEP de Ronda. Del 18 al 22 de marzo, est\u00e1n inmersos en el Agrupamento de Escolas do Cerco, compartiendo y aprendiendo en\u2026","rel":"","context":"En \u00abFormaciones\u00bb","block_context":{"text":"Formaciones","link":"https:\/\/cepronda.com\/blog\/category\/formaciones\/"},"img":{"alt_text":"","src":"https:\/\/i0.wp.com\/cepronda.com\/blog\/wp-content\/uploads\/2024\/03\/WhatsApp-Image-2024-03-20-at-11.09.55-1.jpeg?fit=1200%2C900&ssl=1&resize=350%2C200","width":350,"height":200,"srcset":"https:\/\/i0.wp.com\/cepronda.com\/blog\/wp-content\/uploads\/2024\/03\/WhatsApp-Image-2024-03-20-at-11.09.55-1.jpeg?fit=1200%2C900&ssl=1&resize=350%2C200 1x, https:\/\/i0.wp.com\/cepronda.com\/blog\/wp-content\/uploads\/2024\/03\/WhatsApp-Image-2024-03-20-at-11.09.55-1.jpeg?fit=1200%2C900&ssl=1&resize=525%2C300 1.5x, https:\/\/i0.wp.com\/cepronda.com\/blog\/wp-content\/uploads\/2024\/03\/WhatsApp-Image-2024-03-20-at-11.09.55-1.jpeg?fit=1200%2C900&ssl=1&resize=700%2C400 2x, https:\/\/i0.wp.com\/cepronda.com\/blog\/wp-content\/uploads\/2024\/03\/WhatsApp-Image-2024-03-20-at-11.09.55-1.jpeg?fit=1200%2C900&ssl=1&resize=1050%2C600 3x"},"classes":[]},{"id":7555,"url":"https:\/\/cepronda.com\/blog\/transformacion-educativa-para-equipos-directivos-2\/","url_meta":{"origin":5653,"position":3},"title":"TRANSFORMACI\u00d3N EDUCATIVA PARA EQUIPOS DIRECTIVOS","author":"Mamen Moreno","date":"10 abril, 2024","format":false,"excerpt":"Se encuentra abierta la inscripci\u00f3n de la actividad formativa provincial \"TRANSFORMACI\u00d3N EDUCATIVA PARA EQUIPOS DIRECTIVOS\" Dirigido a Equipos directivos y FEIE de los centros educativos sostenidos con fondos p\u00fablicos. Se trata de una actividad de 20 horas con dos tem\u00e1ticas principales: Competencia Digital Docente (14 horas totalmente online tutorizadas) -\u2026","rel":"","context":"En \u00abFormaciones\u00bb","block_context":{"text":"Formaciones","link":"https:\/\/cepronda.com\/blog\/category\/formaciones\/"},"img":{"alt_text":"","src":"https:\/\/i0.wp.com\/cepronda.com\/blog\/wp-content\/uploads\/2024\/04\/WhatsApp-Image-2024-04-09-at-13.05.31-1.jpeg?fit=800%2C800&ssl=1&resize=350%2C200","width":350,"height":200,"srcset":"https:\/\/i0.wp.com\/cepronda.com\/blog\/wp-content\/uploads\/2024\/04\/WhatsApp-Image-2024-04-09-at-13.05.31-1.jpeg?fit=800%2C800&ssl=1&resize=350%2C200 1x, https:\/\/i0.wp.com\/cepronda.com\/blog\/wp-content\/uploads\/2024\/04\/WhatsApp-Image-2024-04-09-at-13.05.31-1.jpeg?fit=800%2C800&ssl=1&resize=525%2C300 1.5x, https:\/\/i0.wp.com\/cepronda.com\/blog\/wp-content\/uploads\/2024\/04\/WhatsApp-Image-2024-04-09-at-13.05.31-1.jpeg?fit=800%2C800&ssl=1&resize=700%2C400 2x"},"classes":[]},{"id":5002,"url":"https:\/\/cepronda.com\/blog\/expertos-externos-evaluadores-del-sepie\/","url_meta":{"origin":5653,"position":4},"title":"EXPERTOS EXTERNOS EVALUADORES DEL SEPIE","author":"Maribel Mu\u00f1oz","date":"14 enero, 2022","format":false,"excerpt":"Buenos d\u00edas compa\u00f1eras y compa\u00f1eros,\u00a0 Os informamos el 04 de noviembre de 2021 se public\u00f3 en el BOE la convocatoria para la constituci\u00f3n del panel de expertos externos evaluadores del SEPIE (per\u00edodo 2022-2025, con posibilidad de pr\u00f3rroga). Plazo de presentaci\u00f3n de solicitudes: desde el 12 de enero de 2022 hasta\u2026","rel":"","context":"En \u00abFormaciones\u00bb","block_context":{"text":"Formaciones","link":"https:\/\/cepronda.com\/blog\/category\/formaciones\/"},"img":{"alt_text":"","src":"https:\/\/i0.wp.com\/cepronda.com\/blog\/wp-content\/uploads\/2020\/10\/erasmus.jpg?fit=500%2C500&ssl=1&resize=350%2C200","width":350,"height":200},"classes":[]},{"id":2471,"url":"https:\/\/cepronda.com\/blog\/constitucion-de-paneles-expertos-externos-evaluadores-del-sepie\/","url_meta":{"origin":5653,"position":5},"title":"Constituci\u00f3n de paneles expertos externos evaluadores del SEPIE","author":"V\u00edctor Caballero","date":"27 noviembre, 2018","format":false,"excerpt":"El 12 de noviembre de 2018 se ha publicado en el BOE la convocatoria para la constituci\u00f3n del panel de expertos externos evaluadores del SEPIE (per\u00edodo 2019-2021). M\u00e1s informaci\u00f3n: http:\/\/www.sepie.es\/iniciativas\/eycext.html El Servicio Espa\u00f1ol para la Internacionalizaci\u00f3n de la Educaci\u00f3n (SEPIE) requiere la colaboraci\u00f3n de expertos externos independientes para la realizaci\u00f3n\u2026","rel":"","context":"En \u00abFormaciones\u00bb","block_context":{"text":"Formaciones","link":"https:\/\/cepronda.com\/blog\/category\/formaciones\/"},"img":{"alt_text":"","src":"https:\/\/i0.wp.com\/cepronda.com\/blog\/wp-content\/uploads\/2018\/11\/erasmus.png?resize=350%2C200","width":350,"height":200},"classes":[]}],"jetpack_sharing_enabled":true,"_links":{"self":[{"href":"https:\/\/cepronda.com\/blog\/wp-json\/wp\/v2\/posts\/5653","targetHints":{"allow":["GET"]}}],"collection":[{"href":"https:\/\/cepronda.com\/blog\/wp-json\/wp\/v2\/posts"}],"about":[{"href":"https:\/\/cepronda.com\/blog\/wp-json\/wp\/v2\/types\/post"}],"author":[{"embeddable":true,"href":"https:\/\/cepronda.com\/blog\/wp-json\/wp\/v2\/users\/3"}],"replies":[{"embeddable":true,"href":"https:\/\/cepronda.com\/blog\/wp-json\/wp\/v2\/comments?post=5653"}],"version-history":[{"count":6,"href":"https:\/\/cepronda.com\/blog\/wp-json\/wp\/v2\/posts\/5653\/revisions"}],"predecessor-version":[{"id":5737,"href":"https:\/\/cepronda.com\/blog\/wp-json\/wp\/v2\/posts\/5653\/revisions\/5737"}],"wp:featuredmedia":[{"embeddable":true,"href":"https:\/\/cepronda.com\/blog\/wp-json\/wp\/v2\/media\/5735"}],"wp:attachment":[{"href":"https:\/\/cepronda.com\/blog\/wp-json\/wp\/v2\/media?parent=5653"}],"wp:term":[{"taxonomy":"category","embeddable":true,"href":"https:\/\/cepronda.com\/blog\/wp-json\/wp\/v2\/categories?post=5653"},{"taxonomy":"post_tag","embeddable":true,"href":"https:\/\/cepronda.com\/blog\/wp-json\/wp\/v2\/tags?post=5653"}],"curies":[{"name":"wp","href":"https:\/\/api.w.org\/{rel}","templated":true}]}}