{"id":5644,"date":"2022-12-07T19:24:40","date_gmt":"2022-12-07T18:24:40","guid":{"rendered":"https:\/\/cepronda.com\/blog\/?p=5644"},"modified":"2022-12-11T18:22:48","modified_gmt":"2022-12-11T17:22:48","slug":"actividades-formativas-del-cep-de-ronda-para-el-curso-22-23","status":"publish","type":"post","link":"https:\/\/cepronda.com\/blog\/actividades-formativas-del-cep-de-ronda-para-el-curso-22-23\/","title":{"rendered":"ACTIVIDADES FORMATIVAS DEL CEP DE RONDA para el CURSO 22-23"},"content":{"rendered":"<p>Buenos d\u00edas, compa\u00f1eros y compa\u00f1eras.<\/p>\n<p>Os compartimos nuestro cartel vivo con las <span style=\"font-weight: inherit;\">ACTIVIDADES FORMATIVAS DEL CEP DE RONDA para el CURSO 22-23<\/span><\/p>\n<p><span class=\"css-901oao css-16my406 r-poiln3 r-bcqeeo r-qvutc0\">&nbsp;Pincha en el enlace <a href=\"https:\/\/cepronda.com\/blog\/wp-content\/uploads\/2022\/12\/00-Cartel-vivo-CEP-QR.pdf\">00-Cartel vivo CEP QR<\/a> <\/span><span class=\"css-901oao css-16my406 r-poiln3 r-bcqeeo r-qvutc0\">o escanea el c\u00f3digo QR para visualizar la relaci\u00f3n de actividades formativas del CEP de Ronda para este<\/span><span class=\"css-901oao css-16my406 r-poiln3 r-bcqeeo r-qvutc0\"> curso.<\/span><\/p>\n<p><img data-recalc-dims=\"1\" loading=\"lazy\" decoding=\"async\" class=\"size-medium wp-image-5647 aligncenter\" src=\"https:\/\/i0.wp.com\/cepronda.com\/blog\/wp-content\/uploads\/2022\/12\/Copia-de-Copia-de-ESTANCIAS-FORMATIVAS-EN-EMPRESAS-PARA-EL-PROFESORADO-DE-FORMACION-PROFESIONAL.png?resize=300%2C300&#038;ssl=1\" alt=\"\" width=\"300\" height=\"300\" srcset=\"https:\/\/i0.wp.com\/cepronda.com\/blog\/wp-content\/uploads\/2022\/12\/Copia-de-Copia-de-ESTANCIAS-FORMATIVAS-EN-EMPRESAS-PARA-EL-PROFESORADO-DE-FORMACION-PROFESIONAL.png?resize=300%2C300&amp;ssl=1 300w, https:\/\/i0.wp.com\/cepronda.com\/blog\/wp-content\/uploads\/2022\/12\/Copia-de-Copia-de-ESTANCIAS-FORMATIVAS-EN-EMPRESAS-PARA-EL-PROFESORADO-DE-FORMACION-PROFESIONAL.png?resize=1024%2C1024&amp;ssl=1 1024w, https:\/\/i0.wp.com\/cepronda.com\/blog\/wp-content\/uploads\/2022\/12\/Copia-de-Copia-de-ESTANCIAS-FORMATIVAS-EN-EMPRESAS-PARA-EL-PROFESORADO-DE-FORMACION-PROFESIONAL.png?resize=150%2C150&amp;ssl=1 150w, https:\/\/i0.wp.com\/cepronda.com\/blog\/wp-content\/uploads\/2022\/12\/Copia-de-Copia-de-ESTANCIAS-FORMATIVAS-EN-EMPRESAS-PARA-EL-PROFESORADO-DE-FORMACION-PROFESIONAL.png?resize=768%2C768&amp;ssl=1 768w, https:\/\/i0.wp.com\/cepronda.com\/blog\/wp-content\/uploads\/2022\/12\/Copia-de-Copia-de-ESTANCIAS-FORMATIVAS-EN-EMPRESAS-PARA-EL-PROFESORADO-DE-FORMACION-PROFESIONAL.png?resize=50%2C50&amp;ssl=1 50w, https:\/\/i0.wp.com\/cepronda.com\/blog\/wp-content\/uploads\/2022\/12\/Copia-de-Copia-de-ESTANCIAS-FORMATIVAS-EN-EMPRESAS-PARA-EL-PROFESORADO-DE-FORMACION-PROFESIONAL.png?w=1080&amp;ssl=1 1080w\" sizes=\"auto, (max-width: 300px) 100vw, 300px\" \/><\/p>\n","protected":false},"excerpt":{"rendered":"<p>Buenos d\u00edas, compa\u00f1eros y compa\u00f1eras. Os compartimos nuestro cartel vivo con las ACTIVIDADES FORMATIVAS DEL CEP DE RONDA para el CURSO 22-23 &nbsp;Pincha en el enlace 00-Cartel vivo CEP QR o escanea el c\u00f3digo QR para visualizar la relaci\u00f3n de actividades formativas del CEP de Ronda para este curso.<\/p>\n","protected":false},"author":9,"featured_media":5648,"comment_status":"closed","ping_status":"open","sticky":false,"template":"","format":"standard","meta":{"_crdt_document":"","advanced_seo_description":"","jetpack_seo_html_title":"","jetpack_seo_noindex":false,"jetpack_post_was_ever_published":false,"_jetpack_newsletter_access":"","_jetpack_dont_email_post_to_subs":false,"_jetpack_newsletter_tier_id":0,"_jetpack_memberships_contains_paywalled_content":false,"_jetpack_memberships_contains_paid_content":false,"footnotes":"","jetpack_publicize_message":"","jetpack_publicize_feature_enabled":true,"jetpack_social_post_already_shared":false,"jetpack_social_options":{"image_generator_settings":{"template":"highway","default_image_id":0,"font":"","enabled":false},"version":2}},"categories":[5],"tags":[],"class_list":{"0":"post-5644","1":"post","2":"type-post","3":"status-publish","4":"format-standard","5":"has-post-thumbnail","7":"category-noticias","8":"czr-hentry"},"jetpack_publicize_connections":[],"jetpack_featured_media_url":"https:\/\/i0.wp.com\/cepronda.com\/blog\/wp-content\/uploads\/2022\/12\/Diseno-sin-titulo.png?fit=1414%2C2000&ssl=1","jetpack_shortlink":"https:\/\/wp.me\/p8M4X7-1t2","jetpack-related-posts":[{"id":4695,"url":"https:\/\/cepronda.com\/blog\/itinerario-formativo-en-igualdad-y-convivencia-cep-de-ronda\/","url_meta":{"origin":5644,"position":0},"title":"ITINERARIO FORMATIVO EN IGUALDAD Y CONVIVENCIA. CEP DE RONDA.","author":"Inmaculada Garc\u00eda","date":"29 septiembre, 2021","format":false,"excerpt":"Buenos d\u00edas compa\u00f1eros y compa\u00f1eras, os presentamos nuestro ITINERARIO FORMATIVO EN IGUALDAD Y CONVIVENCIA, en el que podr\u00e9is encontrar actividades formativas centradas en la implementaci\u00f3n del Programa de Inteligencia Emocional, Disciplina positiva, Mediaci\u00f3n, Acoso y Ciberacoso, Identidad Sexual, Masculinidades Diversas, y, adem\u00e1s, nuestras MALETAS VIAJERAS POR LA INCLUSI\u00d3N. Esperamos que\u2026","rel":"","context":"En \u00abNoticias\u00bb","block_context":{"text":"Noticias","link":"https:\/\/cepronda.com\/blog\/category\/noticias\/"},"img":{"alt_text":"","src":"https:\/\/i0.wp.com\/cepronda.com\/blog\/wp-content\/uploads\/2021\/09\/Captura-de-pantalla-68.png?fit=1200%2C678&ssl=1&resize=350%2C200","width":350,"height":200,"srcset":"https:\/\/i0.wp.com\/cepronda.com\/blog\/wp-content\/uploads\/2021\/09\/Captura-de-pantalla-68.png?fit=1200%2C678&ssl=1&resize=350%2C200 1x, https:\/\/i0.wp.com\/cepronda.com\/blog\/wp-content\/uploads\/2021\/09\/Captura-de-pantalla-68.png?fit=1200%2C678&ssl=1&resize=525%2C300 1.5x, https:\/\/i0.wp.com\/cepronda.com\/blog\/wp-content\/uploads\/2021\/09\/Captura-de-pantalla-68.png?fit=1200%2C678&ssl=1&resize=700%2C400 2x, https:\/\/i0.wp.com\/cepronda.com\/blog\/wp-content\/uploads\/2021\/09\/Captura-de-pantalla-68.png?fit=1200%2C678&ssl=1&resize=1050%2C600 3x"},"classes":[]},{"id":3361,"url":"https:\/\/cepronda.com\/blog\/itinerario-formativo-en-atencion-a-la-diversidad-del-cep-de-ronda\/","url_meta":{"origin":5644,"position":1},"title":"Itinerario formativo en atenci\u00f3n a la diversidad del CEP de Ronda","author":"V\u00edctor Caballero","date":"23 enero, 2020","format":false,"excerpt":"Muy buenas familia, Os dejamos con cartel informativo que ha preparado nuestra compa\u00f1era Claudia sobre las actividades formativas dirigidas a la atenci\u00f3n a la diversidad. En el mismo pod\u00e9is encontrar toda la informaci\u00f3n necesaria, y adem\u00e1s recordad que siempre pod\u00e9is llamarnos o escribirnos.","rel":"","context":"En \u00abFormaciones\u00bb","block_context":{"text":"Formaciones","link":"https:\/\/cepronda.com\/blog\/category\/formaciones\/"},"img":{"alt_text":"","src":"https:\/\/i0.wp.com\/cepronda.com\/blog\/wp-content\/uploads\/2020\/01\/ITINERARIO-FORMATIVO-ATENCI%C3%93N-A-LA-DIVERSIDAD-%C3%9ALTIMO.png?fit=1200%2C848&ssl=1&resize=350%2C200","width":350,"height":200,"srcset":"https:\/\/i0.wp.com\/cepronda.com\/blog\/wp-content\/uploads\/2020\/01\/ITINERARIO-FORMATIVO-ATENCI%C3%93N-A-LA-DIVERSIDAD-%C3%9ALTIMO.png?fit=1200%2C848&ssl=1&resize=350%2C200 1x, https:\/\/i0.wp.com\/cepronda.com\/blog\/wp-content\/uploads\/2020\/01\/ITINERARIO-FORMATIVO-ATENCI%C3%93N-A-LA-DIVERSIDAD-%C3%9ALTIMO.png?fit=1200%2C848&ssl=1&resize=525%2C300 1.5x, https:\/\/i0.wp.com\/cepronda.com\/blog\/wp-content\/uploads\/2020\/01\/ITINERARIO-FORMATIVO-ATENCI%C3%93N-A-LA-DIVERSIDAD-%C3%9ALTIMO.png?fit=1200%2C848&ssl=1&resize=700%2C400 2x, https:\/\/i0.wp.com\/cepronda.com\/blog\/wp-content\/uploads\/2020\/01\/ITINERARIO-FORMATIVO-ATENCI%C3%93N-A-LA-DIVERSIDAD-%C3%9ALTIMO.png?fit=1200%2C848&ssl=1&resize=1050%2C600 3x"},"classes":[]},{"id":4740,"url":"https:\/\/cepronda.com\/blog\/cartel-informativo-con-enlaces-de-interes-del-cep-de-ronda-21-22\/","url_meta":{"origin":5644,"position":2},"title":"CARTEL INFORMATIVO CON ENLACES DE INTER\u00c9S DEL CEP DE RONDA 21\/22","author":"V\u00edctor Caballero","date":"11 octubre, 2021","format":false,"excerpt":"Buenas tardes compa\u00f1eras y compa\u00f1eros, Con el presente cartel informativo que hemos repartido en todos los centros de nuestra zona CEP de Ronda, para colocar en las salas del profesorado, pod\u00e9is escanear los c\u00f3digos QR a los distintos enlaces de inter\u00e9s para los docentes. \u00a0 Tambi\u00e9n ten\u00e9is la opci\u00f3n de\u00a0descargarlo\u2026","rel":"","context":"En \u00abFormaciones\u00bb","block_context":{"text":"Formaciones","link":"https:\/\/cepronda.com\/blog\/category\/formaciones\/"},"img":{"alt_text":"","src":"https:\/\/i0.wp.com\/cepronda.com\/blog\/wp-content\/uploads\/2021\/10\/Cartel-bueno.png?resize=350%2C200","width":350,"height":200,"srcset":"https:\/\/i0.wp.com\/cepronda.com\/blog\/wp-content\/uploads\/2021\/10\/Cartel-bueno.png?resize=350%2C200 1x, https:\/\/i0.wp.com\/cepronda.com\/blog\/wp-content\/uploads\/2021\/10\/Cartel-bueno.png?resize=525%2C300 1.5x"},"classes":[]},{"id":3074,"url":"https:\/\/cepronda.com\/blog\/red-profesional-de-educacion-especial-del-ambito-del-cep-de-ronda\/","url_meta":{"origin":5644,"position":3},"title":"RED PROFESIONAL DE EDUCACI\u00d3N ESPECIAL DEL \u00c1MBITO DEL CEP DE RONDA","author":"V\u00edctor Caballero","date":"3 octubre, 2019","format":false,"excerpt":"Comienza el curso, y con \u00e9l uno de nuestros cl\u00e1sicos, la rede de Educaci\u00f3n Especial, que tiene como principal objetivo continuar compartiendo un espacio com\u00fan para conocer recursos de la zona, posibles necesidades formativas, puestas en com\u00fan, resoluci\u00f3n de dudas, etc. O dejamos con el enlace a la actividad para\u2026","rel":"","context":"En \u00abFormaciones\u00bb","block_context":{"text":"Formaciones","link":"https:\/\/cepronda.com\/blog\/category\/formaciones\/"},"img":{"alt_text":"","src":"https:\/\/i0.wp.com\/cepronda.com\/blog\/wp-content\/uploads\/2019\/10\/RED-PROFESIONAL-DE-EDUCACI%C3%93N-ESPECIAL-DEL-CEP-DE-RONDA.-2.png?fit=848%2C1200&ssl=1&resize=350%2C200","width":350,"height":200,"srcset":"https:\/\/i0.wp.com\/cepronda.com\/blog\/wp-content\/uploads\/2019\/10\/RED-PROFESIONAL-DE-EDUCACI%C3%93N-ESPECIAL-DEL-CEP-DE-RONDA.-2.png?fit=848%2C1200&ssl=1&resize=350%2C200 1x, https:\/\/i0.wp.com\/cepronda.com\/blog\/wp-content\/uploads\/2019\/10\/RED-PROFESIONAL-DE-EDUCACI%C3%93N-ESPECIAL-DEL-CEP-DE-RONDA.-2.png?fit=848%2C1200&ssl=1&resize=525%2C300 1.5x, https:\/\/i0.wp.com\/cepronda.com\/blog\/wp-content\/uploads\/2019\/10\/RED-PROFESIONAL-DE-EDUCACI%C3%93N-ESPECIAL-DEL-CEP-DE-RONDA.-2.png?fit=848%2C1200&ssl=1&resize=700%2C400 2x"},"classes":[]},{"id":4941,"url":"https:\/\/cepronda.com\/blog\/abn-en-primaria-desarrollo-de-la-competencia-matematica\/","url_meta":{"origin":5644,"position":4},"title":"ABN EN PRIMARIA: DESARROLLO DE LA COMPETENCIA MATEM\u00c1TICA","author":"V\u00edctor Caballero","date":"10 enero, 2022","format":false,"excerpt":"Buenas tardes compa\u00f1eros y compa\u00f1eras. Os informamos de la apertura de solicitudes para un curso muy interesante sobre: ABN EN PRIMARIA: DESARROLLO DE LA COMPETENCIA MATEM\u00c1TICA (222924GE044) Curso de 13 h totales 4 sesiones de 2,5 horas presenciales. Y 3 horas no presenciales con tareas SESIONES: M08\/02 (17 a 19:30h)\u2026","rel":"","context":"En \u00abFormaciones\u00bb","block_context":{"text":"Formaciones","link":"https:\/\/cepronda.com\/blog\/category\/formaciones\/"},"img":{"alt_text":"","src":"https:\/\/i0.wp.com\/cepronda.com\/blog\/wp-content\/uploads\/2022\/01\/20220208-Cartel-222924GE044-ABN-Primaria-724x1024.png?resize=350%2C200","width":350,"height":200,"srcset":"https:\/\/i0.wp.com\/cepronda.com\/blog\/wp-content\/uploads\/2022\/01\/20220208-Cartel-222924GE044-ABN-Primaria-724x1024.png?resize=350%2C200 1x, https:\/\/i0.wp.com\/cepronda.com\/blog\/wp-content\/uploads\/2022\/01\/20220208-Cartel-222924GE044-ABN-Primaria-724x1024.png?resize=525%2C300 1.5x, https:\/\/i0.wp.com\/cepronda.com\/blog\/wp-content\/uploads\/2022\/01\/20220208-Cartel-222924GE044-ABN-Primaria-724x1024.png?resize=700%2C400 2x"},"classes":[]},{"id":375,"url":"https:\/\/cepronda.com\/blog\/red-profesional-de-educacion-infantil\/","url_meta":{"origin":5644,"position":5},"title":"Red Profesional de Educaci\u00f3n Infantil","author":"V\u00edctor Caballero","date":"23 noviembre, 2016","format":false,"excerpt":"Hola a todo el mundo, y especialmente a las y los docentes de Educaci\u00f3n Infantil, En el CEP de Ronda hemos convocado una actividad formativa dirigida a constituir una Red Profesional de profesorado de Educaci\u00f3n Infantil perteneciente a los centros del \u00e1mbito de actuaci\u00f3n de nuestro CEP, con la idea\u2026","rel":"","context":"En \u00abFormaciones\u00bb","block_context":{"text":"Formaciones","link":"https:\/\/cepronda.com\/blog\/category\/formaciones\/"},"img":{"alt_text":"","src":"","width":0,"height":0},"classes":[]}],"jetpack_sharing_enabled":true,"_links":{"self":[{"href":"https:\/\/cepronda.com\/blog\/wp-json\/wp\/v2\/posts\/5644","targetHints":{"allow":["GET"]}}],"collection":[{"href":"https:\/\/cepronda.com\/blog\/wp-json\/wp\/v2\/posts"}],"about":[{"href":"https:\/\/cepronda.com\/blog\/wp-json\/wp\/v2\/types\/post"}],"author":[{"embeddable":true,"href":"https:\/\/cepronda.com\/blog\/wp-json\/wp\/v2\/users\/9"}],"replies":[{"embeddable":true,"href":"https:\/\/cepronda.com\/blog\/wp-json\/wp\/v2\/comments?post=5644"}],"version-history":[{"count":1,"href":"https:\/\/cepronda.com\/blog\/wp-json\/wp\/v2\/posts\/5644\/revisions"}],"predecessor-version":[{"id":5649,"href":"https:\/\/cepronda.com\/blog\/wp-json\/wp\/v2\/posts\/5644\/revisions\/5649"}],"wp:featuredmedia":[{"embeddable":true,"href":"https:\/\/cepronda.com\/blog\/wp-json\/wp\/v2\/media\/5648"}],"wp:attachment":[{"href":"https:\/\/cepronda.com\/blog\/wp-json\/wp\/v2\/media?parent=5644"}],"wp:term":[{"taxonomy":"category","embeddable":true,"href":"https:\/\/cepronda.com\/blog\/wp-json\/wp\/v2\/categories?post=5644"},{"taxonomy":"post_tag","embeddable":true,"href":"https:\/\/cepronda.com\/blog\/wp-json\/wp\/v2\/tags?post=5644"}],"curies":[{"name":"wp","href":"https:\/\/api.w.org\/{rel}","templated":true}]}}