{"id":5636,"date":"2022-12-05T12:36:17","date_gmt":"2022-12-05T11:36:17","guid":{"rendered":"https:\/\/cepronda.com\/blog\/?p=5636"},"modified":"2025-04-28T12:16:02","modified_gmt":"2025-04-28T10:16:02","slug":"curso-provincial-duelo-y-prevencion-del-suicidio-intervencion-en-contextos-educativos","status":"publish","type":"post","link":"https:\/\/cepronda.com\/blog\/curso-provincial-duelo-y-prevencion-del-suicidio-intervencion-en-contextos-educativos\/","title":{"rendered":"CURSO PROVINCIAL \u00abDUELO Y PREVENCI\u00d3N DEL SUICIDIO: INTERVENCI\u00d3N EN CONTEXTOS EDUCATIVOS\u00bb"},"content":{"rendered":"<p>Os informamos que est\u00e1 abierto el plazo de inscripci\u00f3n al curso CURSO PRESENCIAL PROVINCIAL: DUELO Y PREVENCI\u00d3N DEL SUICIDIO: INTERVENCI\u00d3N EN CONTEXTOS EDUCATIVOS.<br \/>\nC\u00f3digo de la actividad: 232922GE066.<br \/>\nFecha actividad: 18\/01\/2023 hasta 15\/02\/2023.<br \/>\nFecha inscripci\u00f3n: 05\/12\/2022 hasta 16\/12\/2022<br \/>\nLugar de realizaci\u00f3n: Tabacalera. M\u00f3dulo 3-Planta Baja (C\/ Concejal Mu\u00f1oz Cerv\u00e1n, 3)<br \/>\nDuraci\u00f3n: 12h<br \/>\nM\u00e1s informaci\u00f3n e inscripciones: <a href=\"http:\/\/bit.ly\/3RpWHjq\">bit.ly\/3RpWHjq<\/a><\/p>\n<p><a href=\"http:\/\/bit.ly\/3RpWHjq\"><img data-recalc-dims=\"1\" loading=\"lazy\" decoding=\"async\" class=\"size-medium wp-image-5637 aligncenter\" src=\"https:\/\/i0.wp.com\/cepronda.com\/blog\/wp-content\/uploads\/2022\/12\/WhatsApp-Image-2022-12-05-at-13.24.51.jpeg?resize=300%2C300&#038;ssl=1\" alt=\"\" width=\"300\" height=\"300\" srcset=\"https:\/\/i0.wp.com\/cepronda.com\/blog\/wp-content\/uploads\/2022\/12\/WhatsApp-Image-2022-12-05-at-13.24.51.jpeg?resize=300%2C300&amp;ssl=1 300w, https:\/\/i0.wp.com\/cepronda.com\/blog\/wp-content\/uploads\/2022\/12\/WhatsApp-Image-2022-12-05-at-13.24.51.jpeg?resize=1024%2C1024&amp;ssl=1 1024w, https:\/\/i0.wp.com\/cepronda.com\/blog\/wp-content\/uploads\/2022\/12\/WhatsApp-Image-2022-12-05-at-13.24.51.jpeg?resize=150%2C150&amp;ssl=1 150w, https:\/\/i0.wp.com\/cepronda.com\/blog\/wp-content\/uploads\/2022\/12\/WhatsApp-Image-2022-12-05-at-13.24.51.jpeg?resize=768%2C768&amp;ssl=1 768w, https:\/\/i0.wp.com\/cepronda.com\/blog\/wp-content\/uploads\/2022\/12\/WhatsApp-Image-2022-12-05-at-13.24.51.jpeg?resize=50%2C50&amp;ssl=1 50w, https:\/\/i0.wp.com\/cepronda.com\/blog\/wp-content\/uploads\/2022\/12\/WhatsApp-Image-2022-12-05-at-13.24.51.jpeg?w=1080&amp;ssl=1 1080w\" sizes=\"auto, (max-width: 300px) 100vw, 300px\" \/><\/a>Esperamos que sea de vuestro inter\u00e9s.<\/p>\n","protected":false},"excerpt":{"rendered":"<p>Os informamos que est\u00e1 abierto el plazo de inscripci\u00f3n al curso CURSO PRESENCIAL PROVINCIAL: DUELO Y PREVENCI\u00d3N DEL SUICIDIO: INTERVENCI\u00d3N EN CONTEXTOS EDUCATIVOS. C\u00f3digo de la actividad: 232922GE066. Fecha actividad: 18\/01\/2023 hasta 15\/02\/2023. Fecha inscripci\u00f3n: 05\/12\/2022 hasta 16\/12\/2022 Lugar de realizaci\u00f3n: Tabacalera. M\u00f3dulo 3-Planta Baja (C\/ Concejal Mu\u00f1oz Cerv\u00e1n, 3) Duraci\u00f3n: 12h M\u00e1s informaci\u00f3n e [&hellip;]<\/p>\n","protected":false},"author":9,"featured_media":5637,"comment_status":"closed","ping_status":"open","sticky":false,"template":"","format":"standard","meta":{"_crdt_document":"","advanced_seo_description":"","jetpack_seo_html_title":"","jetpack_seo_noindex":false,"jetpack_post_was_ever_published":false,"_jetpack_newsletter_access":"","_jetpack_dont_email_post_to_subs":false,"_jetpack_newsletter_tier_id":0,"_jetpack_memberships_contains_paywalled_content":false,"_jetpack_memberships_contains_paid_content":false,"footnotes":"","jetpack_publicize_message":"","jetpack_publicize_feature_enabled":true,"jetpack_social_post_already_shared":false,"jetpack_social_options":{"image_generator_settings":{"template":"highway","default_image_id":0,"font":"","enabled":false},"version":2}},"categories":[3,5],"tags":[126],"class_list":{"0":"post-5636","1":"post","2":"type-post","3":"status-publish","4":"format-standard","5":"has-post-thumbnail","7":"category-formaciones","8":"category-noticias","9":"tag-atencion-a-la-diversidad","10":"czr-hentry"},"jetpack_publicize_connections":[],"jetpack_featured_media_url":"https:\/\/i0.wp.com\/cepronda.com\/blog\/wp-content\/uploads\/2022\/12\/WhatsApp-Image-2022-12-05-at-13.24.51.jpeg?fit=1080%2C1080&ssl=1","jetpack_shortlink":"https:\/\/wp.me\/p8M4X7-1sU","jetpack-related-posts":[{"id":5233,"url":"https:\/\/cepronda.com\/blog\/prevencion-del-suicidio-en-la-adolescencia-desde-los-centros-educativos\/","url_meta":{"origin":5636,"position":0},"title":"PREVENCI\u00d3N DEL SUICIDIO EN LA ADOLESCENCIA DESDE LOS CENTROS EDUCATIVOS","author":"Maribel Mu\u00f1oz","date":"18 abril, 2022","format":false,"excerpt":"Buenas tardes compa\u00f1eras y compa\u00f1eros, Os informamos que est\u00e1 abierto el plazo de solicitudes para\u00a0 el curso PREVENCI\u00d3N DEL SUICIDIO EN LA ADOLESCENCIA DESDE LOS CENTROS EDUCATIVOS con c\u00f3digo 222924GE064. Fechas de inscripci\u00f3n : del\u00a0 18\/04\/2022 al 27\/04\/2022 Fecha de inicio: 28\/04\/2022 Fecha finalizaci\u00f3n: 12\/05\/2022 Horas: 10\u00a0 ( 8 horas\u2026","rel":"","context":"En \u00abFormaciones\u00bb","block_context":{"text":"Formaciones","link":"https:\/\/cepronda.com\/blog\/category\/formaciones\/"},"img":{"alt_text":"","src":"https:\/\/i0.wp.com\/cepronda.com\/blog\/wp-content\/uploads\/2022\/04\/New-Prevencion-del-suicidio-222924GE064-1.jpg?fit=848%2C1200&ssl=1&resize=350%2C200","width":350,"height":200,"srcset":"https:\/\/i0.wp.com\/cepronda.com\/blog\/wp-content\/uploads\/2022\/04\/New-Prevencion-del-suicidio-222924GE064-1.jpg?fit=848%2C1200&ssl=1&resize=350%2C200 1x, https:\/\/i0.wp.com\/cepronda.com\/blog\/wp-content\/uploads\/2022\/04\/New-Prevencion-del-suicidio-222924GE064-1.jpg?fit=848%2C1200&ssl=1&resize=525%2C300 1.5x, https:\/\/i0.wp.com\/cepronda.com\/blog\/wp-content\/uploads\/2022\/04\/New-Prevencion-del-suicidio-222924GE064-1.jpg?fit=848%2C1200&ssl=1&resize=700%2C400 2x"},"classes":[]},{"id":7732,"url":"https:\/\/cepronda.com\/blog\/curso-objetos-digitales-educativos-en-las-aavv-moodle-centros-integra-motiva-y-enriquece-tus-clases-con-codigo-252923kpf534\/","url_meta":{"origin":5636,"position":1},"title":"CURSO: OBJETOS DIGITALES EDUCATIVOS EN LAS AAVV MOODLE CENTROS: INTEGRA, MOTIVA Y ENRIQUECE TUS CLASES, con c\u00f3digo 259923KPF534.","author":"Inmaculada Garc\u00eda","date":"20 septiembre, 2024","format":false,"excerpt":"Abierto el plazo de inscripci\u00f3n del curso PROVINCIAL a distancia: OBJETOS DIGITALES EDUCATIVOS EN LAS AAVV MOODLE CENTROS: INTEGRA, MOTIVA Y ENRIQUECE TUS CLASES, con c\u00f3digo 259923KPF534. Curso Provincial a Distancia (AVFP) de 40 horas. Fecha inscripci\u00f3n del 19\/09\/2024 hasta 30\/09\/2024 Fecha actividad del 16\/10\/2024 hasta 16\/12\/2024 \u2795M\u00e1s informaci\u00f3n e\u2026","rel":"","context":"En \u00abFormaciones\u00bb","block_context":{"text":"Formaciones","link":"https:\/\/cepronda.com\/blog\/category\/formaciones\/"},"img":{"alt_text":"","src":"https:\/\/i0.wp.com\/cepronda.com\/blog\/wp-content\/uploads\/2024\/09\/WhatsApp-Image-2024-09-20-at-13.40.28.jpeg?fit=1200%2C675&ssl=1&resize=350%2C200","width":350,"height":200,"srcset":"https:\/\/i0.wp.com\/cepronda.com\/blog\/wp-content\/uploads\/2024\/09\/WhatsApp-Image-2024-09-20-at-13.40.28.jpeg?fit=1200%2C675&ssl=1&resize=350%2C200 1x, https:\/\/i0.wp.com\/cepronda.com\/blog\/wp-content\/uploads\/2024\/09\/WhatsApp-Image-2024-09-20-at-13.40.28.jpeg?fit=1200%2C675&ssl=1&resize=525%2C300 1.5x, https:\/\/i0.wp.com\/cepronda.com\/blog\/wp-content\/uploads\/2024\/09\/WhatsApp-Image-2024-09-20-at-13.40.28.jpeg?fit=1200%2C675&ssl=1&resize=700%2C400 2x, https:\/\/i0.wp.com\/cepronda.com\/blog\/wp-content\/uploads\/2024\/09\/WhatsApp-Image-2024-09-20-at-13.40.28.jpeg?fit=1200%2C675&ssl=1&resize=1050%2C600 3x"},"classes":[]},{"id":9418,"url":"https:\/\/cepronda.com\/blog\/acompanamiento-educativo-en-situacion-de-duelo\/","url_meta":{"origin":5636,"position":2},"title":"ACOMPA\u00d1AMIENTO EDUCATIVO EN SITUACI\u00d3N DE DUELO","author":"Inmaculada Garc\u00eda","date":"2 marzo, 2026","format":false,"excerpt":"Se encuentra abierto el plazo de inscripci\u00f3n para el curso regional: ACOMPA\u00d1AMIENTO EDUCATIVO EN SITUACI\u00d3N DE DUELO, con c\u00f3digo 269928CI547. Curso a Distancia de 30 horas no presenciales. Fecha inscripci\u00f3n: 24\/02\/2026 hasta 03\/03\/2026. Fecha actividad: 16\/03\/2026 hasta 28\/04\/2026. Para m\u00e1s informaci\u00f3n e inscripci\u00f3n: https:\/\/secretariavirtual.juntadeandalucia.es\/secretariavirtual\/consultaCEP\/actividad\/269928CI547\/","rel":"","context":"En \u00abFormaciones\u00bb","block_context":{"text":"Formaciones","link":"https:\/\/cepronda.com\/blog\/category\/formaciones\/"},"img":{"alt_text":"","src":"https:\/\/i0.wp.com\/cepronda.com\/blog\/wp-content\/uploads\/2026\/03\/duelo.jpg?fit=1080%2C1080&ssl=1&resize=350%2C200","width":350,"height":200,"srcset":"https:\/\/i0.wp.com\/cepronda.com\/blog\/wp-content\/uploads\/2026\/03\/duelo.jpg?fit=1080%2C1080&ssl=1&resize=350%2C200 1x, https:\/\/i0.wp.com\/cepronda.com\/blog\/wp-content\/uploads\/2026\/03\/duelo.jpg?fit=1080%2C1080&ssl=1&resize=525%2C300 1.5x, https:\/\/i0.wp.com\/cepronda.com\/blog\/wp-content\/uploads\/2026\/03\/duelo.jpg?fit=1080%2C1080&ssl=1&resize=700%2C400 2x, https:\/\/i0.wp.com\/cepronda.com\/blog\/wp-content\/uploads\/2026\/03\/duelo.jpg?fit=1080%2C1080&ssl=1&resize=1050%2C600 3x"},"classes":[]},{"id":6015,"url":"https:\/\/cepronda.com\/blog\/curso-competencia-digital-docente-a1\/","url_meta":{"origin":5636,"position":3},"title":"CURSO \u00abCOMPETENCIA DIGITAL DOCENTE A1\u00bb","author":"Inmaculada Garc\u00eda","date":"7 julio, 2023","format":false,"excerpt":"Se ha abierto el plazo para el Curso Provincial, a Distancia, de 40 horas de desempe\u00f1o: \"COMPETENCIA DIGITAL DOCENTE NIVEL A1 (232924XPF420)\" M\u00e1s informaci\u00f3n e inscripci\u00f3n: https:\/\/www.juntadeandalucia.es\/educacion\/secretariavirtual\/consultaCEP\/actividad\/232924XPF420\/ Fecha actividad:\u00a014\/07\/2023 hasta 13\/08\/2023 Fecha inscripci\u00f3n:\u00a007\/07\/2023 hasta 13\/07\/2023 Esperamos que sea de vuestro inter\u00e9s. \u00a0","rel":"","context":"En \u00abFormaciones\u00bb","block_context":{"text":"Formaciones","link":"https:\/\/cepronda.com\/blog\/category\/formaciones\/"},"img":{"alt_text":"","src":"https:\/\/i0.wp.com\/cepronda.com\/blog\/wp-content\/uploads\/2023\/07\/DEFINITIVO-CDD-A1.jpg?fit=993%2C988&ssl=1&resize=350%2C200","width":350,"height":200,"srcset":"https:\/\/i0.wp.com\/cepronda.com\/blog\/wp-content\/uploads\/2023\/07\/DEFINITIVO-CDD-A1.jpg?fit=993%2C988&ssl=1&resize=350%2C200 1x, https:\/\/i0.wp.com\/cepronda.com\/blog\/wp-content\/uploads\/2023\/07\/DEFINITIVO-CDD-A1.jpg?fit=993%2C988&ssl=1&resize=525%2C300 1.5x, https:\/\/i0.wp.com\/cepronda.com\/blog\/wp-content\/uploads\/2023\/07\/DEFINITIVO-CDD-A1.jpg?fit=993%2C988&ssl=1&resize=700%2C400 2x"},"classes":[]},{"id":7786,"url":"https:\/\/cepronda.com\/blog\/diseno-y-elaboracion-del-plan-de-lectura-planificada-en-los-centros-educativos-codigo-252923ge602\/","url_meta":{"origin":5636,"position":4},"title":"DISE\u00d1O Y ELABORACI\u00d3N DEL PLAN DE LECTURA PLANIFICADA EN LOS CENTROS EDUCATIVOS, c\u00f3digo 252923GE602.","author":"Inmaculada Garc\u00eda","date":"9 octubre, 2024","format":false,"excerpt":"Abierto el plazo de inscripci\u00f3n para el curso semipresencial provincial: DISE\u00d1O Y ELABORACI\u00d3N DEL PLAN DE LECTURA PLANIFICADA EN LOS CENTROS EDUCATIVOS, con c\u00f3digo 252923GE602, correspondiente a la Fase I del itinerario provincial de apoyo y dinamizaci\u00f3n del plan de lectura. De especial inter\u00e9s para los grupos de trabajo que\u2026","rel":"","context":"En \u00abFormaciones\u00bb","block_context":{"text":"Formaciones","link":"https:\/\/cepronda.com\/blog\/category\/formaciones\/"},"img":{"alt_text":"","src":"https:\/\/i0.wp.com\/cepronda.com\/blog\/wp-content\/uploads\/2024\/10\/unnamed.png?fit=800%2C800&ssl=1&resize=350%2C200","width":350,"height":200,"srcset":"https:\/\/i0.wp.com\/cepronda.com\/blog\/wp-content\/uploads\/2024\/10\/unnamed.png?fit=800%2C800&ssl=1&resize=350%2C200 1x, https:\/\/i0.wp.com\/cepronda.com\/blog\/wp-content\/uploads\/2024\/10\/unnamed.png?fit=800%2C800&ssl=1&resize=525%2C300 1.5x, https:\/\/i0.wp.com\/cepronda.com\/blog\/wp-content\/uploads\/2024\/10\/unnamed.png?fit=800%2C800&ssl=1&resize=700%2C400 2x"},"classes":[]},{"id":7834,"url":"https:\/\/cepronda.com\/blog\/curso-provincial-gestion-economica-para-secretarias-con-codigo-259924kpf230\/","url_meta":{"origin":5636,"position":5},"title":"Curso provincial: \u00abGESTI\u00d3N ECON\u00d3MICA PARA SECRETAR\u00cdAS\u00bb, con c\u00f3digo 259924KPF230.","author":"Inmaculada Garc\u00eda","date":"4 noviembre, 2024","format":false,"excerpt":"Informamos que se ha abierto el plazo de inscripci\u00f3n en el curso provincial: \"GESTI\u00d3N ECON\u00d3MICA PARA SECRETAR\u00cdAS\", con c\u00f3digo 259924KPF230. \u270f\ufe0fFecha inscripci\u00f3n: 04\/11\/2024 hasta 22\/11\/2024. Fecha actividad: 26\/11\/2024 hasta 21\/01\/2025 \u27a1\ufe0fLugar: Aula Virtual de Formaci\u00f3n del Profesorado. Duraci\u00f3n del curso: 40 horas M\u00e1s informaci\u00f3n e inscripci\u00f3n:\u00a0https:\/\/www.juntadeandalucia.es\/educacion\/secretariavirtual\/consultaCEP\/actividad\/259924KPF230\/","rel":"","context":"En \u00abFormaciones\u00bb","block_context":{"text":"Formaciones","link":"https:\/\/cepronda.com\/blog\/category\/formaciones\/"},"img":{"alt_text":"","src":"https:\/\/i0.wp.com\/cepronda.com\/blog\/wp-content\/uploads\/2024\/11\/CARTEL-GESTION-ECONOMICA-PARA-SECRETARIAS.jpg?fit=848%2C1200&ssl=1&resize=350%2C200","width":350,"height":200,"srcset":"https:\/\/i0.wp.com\/cepronda.com\/blog\/wp-content\/uploads\/2024\/11\/CARTEL-GESTION-ECONOMICA-PARA-SECRETARIAS.jpg?fit=848%2C1200&ssl=1&resize=350%2C200 1x, https:\/\/i0.wp.com\/cepronda.com\/blog\/wp-content\/uploads\/2024\/11\/CARTEL-GESTION-ECONOMICA-PARA-SECRETARIAS.jpg?fit=848%2C1200&ssl=1&resize=525%2C300 1.5x, https:\/\/i0.wp.com\/cepronda.com\/blog\/wp-content\/uploads\/2024\/11\/CARTEL-GESTION-ECONOMICA-PARA-SECRETARIAS.jpg?fit=848%2C1200&ssl=1&resize=700%2C400 2x"},"classes":[]}],"jetpack_sharing_enabled":true,"_links":{"self":[{"href":"https:\/\/cepronda.com\/blog\/wp-json\/wp\/v2\/posts\/5636","targetHints":{"allow":["GET"]}}],"collection":[{"href":"https:\/\/cepronda.com\/blog\/wp-json\/wp\/v2\/posts"}],"about":[{"href":"https:\/\/cepronda.com\/blog\/wp-json\/wp\/v2\/types\/post"}],"author":[{"embeddable":true,"href":"https:\/\/cepronda.com\/blog\/wp-json\/wp\/v2\/users\/9"}],"replies":[{"embeddable":true,"href":"https:\/\/cepronda.com\/blog\/wp-json\/wp\/v2\/comments?post=5636"}],"version-history":[{"count":1,"href":"https:\/\/cepronda.com\/blog\/wp-json\/wp\/v2\/posts\/5636\/revisions"}],"predecessor-version":[{"id":5638,"href":"https:\/\/cepronda.com\/blog\/wp-json\/wp\/v2\/posts\/5636\/revisions\/5638"}],"wp:featuredmedia":[{"embeddable":true,"href":"https:\/\/cepronda.com\/blog\/wp-json\/wp\/v2\/media\/5637"}],"wp:attachment":[{"href":"https:\/\/cepronda.com\/blog\/wp-json\/wp\/v2\/media?parent=5636"}],"wp:term":[{"taxonomy":"category","embeddable":true,"href":"https:\/\/cepronda.com\/blog\/wp-json\/wp\/v2\/categories?post=5636"},{"taxonomy":"post_tag","embeddable":true,"href":"https:\/\/cepronda.com\/blog\/wp-json\/wp\/v2\/tags?post=5636"}],"curies":[{"name":"wp","href":"https:\/\/api.w.org\/{rel}","templated":true}]}}