{"id":5633,"date":"2022-12-02T13:35:26","date_gmt":"2022-12-02T12:35:26","guid":{"rendered":"https:\/\/cepronda.com\/blog\/?p=5633"},"modified":"2025-04-28T12:05:53","modified_gmt":"2025-04-28T10:05:53","slug":"jornadas-informativas-para-profesorado-tutor-de-funcionariado-en-practicas-en-su-centro","status":"publish","type":"post","link":"https:\/\/cepronda.com\/blog\/jornadas-informativas-para-profesorado-tutor-de-funcionariado-en-practicas-en-su-centro\/","title":{"rendered":"JORNADAS INFORMATIVAS PARA PROFESORADO TUTOR DE FUNCIONARIADO EN PR\u00c1CTICAS EN SU CENTRO"},"content":{"rendered":"<div class=\"\" data-block=\"true\" data-editor=\"faoh8\" data-offset-key=\"83odn-0-0\">\n<div class=\"_1mf _1mj\" data-offset-key=\"83odn-0-0\"><span data-offset-key=\"83odn-0-0\">Est\u00e1 abierto el plazo para la inscripci\u00f3n a las JORNADAS INFORMATIVAS PARA PROFESORADO TUTOR DE FUNCIONARIADO EN PR\u00c1CTICAS EN SU CENTRO. \u00abNOCIONES B\u00c1SICAS SOBRE LA OBSERVACI\u00d3N ENTRE PARES\u00bb (239923PF008)<\/span><\/div>\n<div data-offset-key=\"83odn-0-0\">\n<ul class=\"list-group\">\n<li class=\"list-group-item\"><b>Fecha actividad:<\/b> 19\/12\/2022&nbsp;<\/li>\n<li class=\"list-group-item\"><b>Fecha inscripci\u00f3n:<\/b>&nbsp;02\/12\/2022 hasta 13\/12\/2022<\/li>\n<li><strong>Duraci\u00f3n:<\/strong> 3 horas<\/li>\n<li><strong>\u00c1mbito Provincial<\/strong><\/li>\n<\/ul>\n<\/div>\n<\/div>\n<div class=\"\" data-block=\"true\" data-editor=\"faoh8\" data-offset-key=\"bm1cf-0-0\">\n<div class=\"_1mf _1mj\" data-offset-key=\"bm1cf-0-0\"><span data-offset-key=\"bm1cf-0-0\">El pr\u00f3ximo d\u00eda 19 de diciembre se realizar\u00e1 esta jornada informativa, voluntaria, de tres horas, a trav\u00e9s de videoconferencia, donde se abordar\u00e1n nociones b\u00e1sicas relativas a la observaci\u00f3n docente entre pares. <\/span><\/div>\n<\/div>\n<div class=\"\" data-block=\"true\" data-editor=\"faoh8\" data-offset-key=\"6cm1i-0-0\">\n<div class=\"_1mf _1mj\" data-offset-key=\"6cm1i-0-0\"><span data-offset-key=\"6cm1i-0-0\">&nbsp;<\/span><\/div>\n<\/div>\n<div class=\"\" data-block=\"true\" data-editor=\"faoh8\" data-offset-key=\"asouk-0-0\">\n<div class=\"_1mf _1mj\" data-offset-key=\"asouk-0-0\"><span data-offset-key=\"asouk-0-0\">\u270fLa sesi\u00f3n ser\u00e1 impartida por el inspector D. Manuel Rebollo. Se contempla tambi\u00e9n una parte pr\u00e1ctica entre los participantes, donde se puedan generar dudas y cuestiones a las que se pueda dar respuesta en la misma sesi\u00f3n. <\/span><\/div>\n<div class=\"_1mf _1mj\" data-offset-key=\"asouk-0-0\"><span data-offset-key=\"asouk-0-0\">Para m\u00e1s informaci\u00f3n: <\/span><a style=\"font-weight: inherit;\" href=\"https:\/\/www.juntadeandalucia.es\/educacion\/secretariavirtual\/consultaCEP\/actividad\/239923PF008\/\">https:\/\/www.juntadeandalucia.es\/educacion\/secretariavirtual\/consultaCEP\/actividad\/239923PF008\/<\/a><\/div>\n<\/div>\n<div class=\"\" data-block=\"true\" data-editor=\"faoh8\" data-offset-key=\"dhj9p-0-0\">\n<div class=\"_1mf _1mj\" data-offset-key=\"dhj9p-0-0\"><span data-offset-key=\"dhj9p-0-0\">La participaci\u00f3n no conlleva certificaci\u00f3n. Esperamos que sea de vuestro inter\u00e9s.<\/span><\/div>\n<div class=\"_1mf _1mj\" data-offset-key=\"dhj9p-0-0\"><span data-offset-key=\"dhj9p-0-0\"><img data-recalc-dims=\"1\" loading=\"lazy\" decoding=\"async\" class=\"size-medium wp-image-5634 aligncenter\" src=\"https:\/\/i0.wp.com\/cepronda.com\/blog\/wp-content\/uploads\/2022\/12\/Copia-de-ESTANCIAS-FORMATIVAS-EN-EMPRESAS-PARA-EL-PROFESORADO-DE-FORMACION-PROFESIONAL-8.png?resize=300%2C300&#038;ssl=1\" alt=\"\" width=\"300\" height=\"300\" srcset=\"https:\/\/i0.wp.com\/cepronda.com\/blog\/wp-content\/uploads\/2022\/12\/Copia-de-ESTANCIAS-FORMATIVAS-EN-EMPRESAS-PARA-EL-PROFESORADO-DE-FORMACION-PROFESIONAL-8.png?resize=300%2C300&amp;ssl=1 300w, https:\/\/i0.wp.com\/cepronda.com\/blog\/wp-content\/uploads\/2022\/12\/Copia-de-ESTANCIAS-FORMATIVAS-EN-EMPRESAS-PARA-EL-PROFESORADO-DE-FORMACION-PROFESIONAL-8.png?resize=1024%2C1024&amp;ssl=1 1024w, https:\/\/i0.wp.com\/cepronda.com\/blog\/wp-content\/uploads\/2022\/12\/Copia-de-ESTANCIAS-FORMATIVAS-EN-EMPRESAS-PARA-EL-PROFESORADO-DE-FORMACION-PROFESIONAL-8.png?resize=150%2C150&amp;ssl=1 150w, https:\/\/i0.wp.com\/cepronda.com\/blog\/wp-content\/uploads\/2022\/12\/Copia-de-ESTANCIAS-FORMATIVAS-EN-EMPRESAS-PARA-EL-PROFESORADO-DE-FORMACION-PROFESIONAL-8.png?resize=768%2C768&amp;ssl=1 768w, https:\/\/i0.wp.com\/cepronda.com\/blog\/wp-content\/uploads\/2022\/12\/Copia-de-ESTANCIAS-FORMATIVAS-EN-EMPRESAS-PARA-EL-PROFESORADO-DE-FORMACION-PROFESIONAL-8.png?resize=50%2C50&amp;ssl=1 50w, https:\/\/i0.wp.com\/cepronda.com\/blog\/wp-content\/uploads\/2022\/12\/Copia-de-ESTANCIAS-FORMATIVAS-EN-EMPRESAS-PARA-EL-PROFESORADO-DE-FORMACION-PROFESIONAL-8.png?w=1080&amp;ssl=1 1080w\" sizes=\"auto, (max-width: 300px) 100vw, 300px\" \/><\/span><\/div>\n<\/div>\n","protected":false},"excerpt":{"rendered":"<p>Est\u00e1 abierto el plazo para la inscripci\u00f3n a las JORNADAS INFORMATIVAS PARA PROFESORADO TUTOR DE FUNCIONARIADO EN PR\u00c1CTICAS EN SU CENTRO. \u00abNOCIONES B\u00c1SICAS SOBRE LA OBSERVACI\u00d3N ENTRE PARES\u00bb (239923PF008) Fecha actividad: 19\/12\/2022&nbsp; Fecha inscripci\u00f3n:&nbsp;02\/12\/2022 hasta 13\/12\/2022 Duraci\u00f3n: 3 horas \u00c1mbito Provincial El pr\u00f3ximo d\u00eda 19 de diciembre se realizar\u00e1 esta jornada informativa, voluntaria, de tres [&hellip;]<\/p>\n","protected":false},"author":9,"featured_media":5634,"comment_status":"closed","ping_status":"open","sticky":false,"template":"","format":"standard","meta":{"_crdt_document":"","advanced_seo_description":"","jetpack_seo_html_title":"","jetpack_seo_noindex":false,"jetpack_post_was_ever_published":false,"_jetpack_newsletter_access":"","_jetpack_dont_email_post_to_subs":false,"_jetpack_newsletter_tier_id":0,"_jetpack_memberships_contains_paywalled_content":false,"_jetpack_memberships_contains_paid_content":false,"footnotes":"","jetpack_publicize_message":"","jetpack_publicize_feature_enabled":true,"jetpack_social_post_already_shared":false,"jetpack_social_options":{"image_generator_settings":{"template":"highway","default_image_id":0,"font":"","enabled":false},"version":2}},"categories":[5],"tags":[174],"class_list":{"0":"post-5633","1":"post","2":"type-post","3":"status-publish","4":"format-standard","5":"has-post-thumbnail","7":"category-noticias","8":"tag-jornadas","9":"czr-hentry"},"jetpack_publicize_connections":[],"jetpack_featured_media_url":"https:\/\/i0.wp.com\/cepronda.com\/blog\/wp-content\/uploads\/2022\/12\/Copia-de-ESTANCIAS-FORMATIVAS-EN-EMPRESAS-PARA-EL-PROFESORADO-DE-FORMACION-PROFESIONAL-8.png?fit=1080%2C1080&ssl=1","jetpack_shortlink":"https:\/\/wp.me\/p8M4X7-1sR","jetpack-related-posts":[{"id":8981,"url":"https:\/\/cepronda.com\/blog\/nociones-basicas-sobre-la-observacion-entrepares-para-tutores-de-funcionarios-en-practicas-de-resoluciones-2025-y-2021-codigo-269925pf003\/","url_meta":{"origin":5633,"position":0},"title":"NOCIONES B\u00c1SICAS SOBRE LA OBSERVACI\u00d3N ENTREPARES (PARA TUTORES DE FUNCIONARIOS EN PR\u00c1CTICAS DE RESOLUCIONES 2025 Y 2021).","author":"Inmaculada Garc\u00eda","date":"29 octubre, 2025","format":false,"excerpt":"Informamos que se encuentra abierta la inscripci\u00f3n para el curso a distancia provincial,organizado por el CEP de Antequera: \u00a0 Inscripciones: desde el 27\/10\/2025 hasta 13\/11\/2025 Fecha de realizaci\u00f3n: 19\/11\/2025 Lugar de realizaci\u00f3n: Aula Virtual de Formaci\u00f3n del Profesorado \u00a0 Detalle e inscripci\u00f3n: https:\/\/www.juntadeandalucia.es\/educacion\/secretariavirtual\/consultaCEP\/actividad\/269925PF003\/","rel":"","context":"En \u00abFormaciones\u00bb","block_context":{"text":"Formaciones","link":"https:\/\/cepronda.com\/blog\/category\/formaciones\/"},"img":{"alt_text":"","src":"https:\/\/i0.wp.com\/cepronda.com\/blog\/wp-content\/uploads\/2025\/10\/Nociones-basicas.png?fit=848%2C1200&ssl=1&resize=350%2C200","width":350,"height":200,"srcset":"https:\/\/i0.wp.com\/cepronda.com\/blog\/wp-content\/uploads\/2025\/10\/Nociones-basicas.png?fit=848%2C1200&ssl=1&resize=350%2C200 1x, https:\/\/i0.wp.com\/cepronda.com\/blog\/wp-content\/uploads\/2025\/10\/Nociones-basicas.png?fit=848%2C1200&ssl=1&resize=525%2C300 1.5x, https:\/\/i0.wp.com\/cepronda.com\/blog\/wp-content\/uploads\/2025\/10\/Nociones-basicas.png?fit=848%2C1200&ssl=1&resize=700%2C400 2x"},"classes":[]},{"id":7591,"url":"https:\/\/cepronda.com\/blog\/i-jornadas-provinciales-profesorado-de-educacion-plastica-visual-y-audiovisual\/","url_meta":{"origin":5633,"position":1},"title":"I JORNADAS PROVINCIALES PROFESORADO DE EDUCACI\u00d3N PL\u00c1STICA, VISUAL Y AUDIOVISUAL.","author":"Mamen Moreno","date":"22 abril, 2024","format":false,"excerpt":"Abierto el plazo de solicitudes de las I JORNADAS PROVINCIALES PROFESORADO DE EDUCACI\u00d3N PL\u00c1STICA, VISUAL Y AUDIOVISUAL. 8 horas presenciales (Lugar: Colecci\u00f3n del Museo Ruso de M\u00e1laga). Fecha inscripci\u00f3n: 22\/04\/2024 hasta 06\/05\/2024. Fecha actividad: 16\/05\/2024. M\u00e1s informaci\u00f3n e inscripci\u00f3n: https:\/\/www.juntadeandalucia.es\/educacion\/secretariavirtual\/consultaCEP\/actividad\/242922GE257\/","rel":"","context":"En \u00abNoticias\u00bb","block_context":{"text":"Noticias","link":"https:\/\/cepronda.com\/blog\/category\/noticias\/"},"img":{"alt_text":"","src":"https:\/\/i0.wp.com\/cepronda.com\/blog\/wp-content\/uploads\/2024\/04\/WhatsApp-Image-2024-04-20-at-11.09.52.jpeg?fit=942%2C787&ssl=1&resize=350%2C200","width":350,"height":200,"srcset":"https:\/\/i0.wp.com\/cepronda.com\/blog\/wp-content\/uploads\/2024\/04\/WhatsApp-Image-2024-04-20-at-11.09.52.jpeg?fit=942%2C787&ssl=1&resize=350%2C200 1x, https:\/\/i0.wp.com\/cepronda.com\/blog\/wp-content\/uploads\/2024\/04\/WhatsApp-Image-2024-04-20-at-11.09.52.jpeg?fit=942%2C787&ssl=1&resize=525%2C300 1.5x, https:\/\/i0.wp.com\/cepronda.com\/blog\/wp-content\/uploads\/2024\/04\/WhatsApp-Image-2024-04-20-at-11.09.52.jpeg?fit=942%2C787&ssl=1&resize=700%2C400 2x"},"classes":[]},{"id":1414,"url":"https:\/\/cepronda.com\/blog\/fase-presencial-obligatoria-del-funcionariado-en-practicas\/","url_meta":{"origin":5633,"position":2},"title":"Fase presencial obligatoria del Funcionariado en Pr\u00e1cticas","author":"V\u00edctor Caballero","date":"10 noviembre, 2017","format":false,"excerpt":"\u00a1Muy buenas! Ya est\u00e1 abierto el plazo de inscripci\u00f3n para el curso\u00a0curso se realiza para dar cumplimiento a la formaci\u00f3n presencial (10 horas) establecida en la Resoluci\u00f3n de Resoluci\u00f3n del 6 de octubre de 2017, por la que se regula la fase de pr\u00e1cticas del personal seleccionado en el procedimiento\u2026","rel":"","context":"En \u00abFormaciones\u00bb","block_context":{"text":"Formaciones","link":"https:\/\/cepronda.com\/blog\/category\/formaciones\/"},"img":{"alt_text":"","src":"https:\/\/i0.wp.com\/cepronda.com\/blog\/wp-content\/uploads\/2017\/11\/back-to-school-2629361_640.jpg?fit=640%2C426&ssl=1&resize=350%2C200","width":350,"height":200,"srcset":"https:\/\/i0.wp.com\/cepronda.com\/blog\/wp-content\/uploads\/2017\/11\/back-to-school-2629361_640.jpg?fit=640%2C426&ssl=1&resize=350%2C200 1x, https:\/\/i0.wp.com\/cepronda.com\/blog\/wp-content\/uploads\/2017\/11\/back-to-school-2629361_640.jpg?fit=640%2C426&ssl=1&resize=525%2C300 1.5x"},"classes":[]},{"id":8072,"url":"https:\/\/cepronda.com\/blog\/jornadas-soft-skills-in-the-english-language-classroom-codigo259925kpi371\/","url_meta":{"origin":5633,"position":3},"title":"JORNADAS: SOFT SKILLS IN THE ENGLISH LANGUAGE CLASSROOM, c\u00f3digo:259925KPI371.","author":"Inmaculada Garc\u00eda","date":"22 enero, 2025","format":false,"excerpt":"Se abre plazo para la inscripci\u00f3n en la jornada Dirigido a Profesorado de Ingl\u00e9s Lengua Extranjera y de ANL en ingl\u00e9s de centros docentes sostenidos con fondos p\u00fablicos. Duraci\u00f3n: 10 horas no presenciales. Inscripciones: 22\/01\/2025 hasta 03\/02\/2025 Fecha actividad: 11\/02\/2025 hasta 11\/03\/2025 Lugar: Aula Virtual de Formaci\u00f3n del profesorado. Para\u2026","rel":"","context":"En \u00abFormaciones\u00bb","block_context":{"text":"Formaciones","link":"https:\/\/cepronda.com\/blog\/category\/formaciones\/"},"img":{"alt_text":"","src":"https:\/\/i0.wp.com\/cepronda.com\/blog\/wp-content\/uploads\/2025\/01\/11-de-Febrero.jpg?fit=1080%2C1080&ssl=1&resize=350%2C200","width":350,"height":200,"srcset":"https:\/\/i0.wp.com\/cepronda.com\/blog\/wp-content\/uploads\/2025\/01\/11-de-Febrero.jpg?fit=1080%2C1080&ssl=1&resize=350%2C200 1x, https:\/\/i0.wp.com\/cepronda.com\/blog\/wp-content\/uploads\/2025\/01\/11-de-Febrero.jpg?fit=1080%2C1080&ssl=1&resize=525%2C300 1.5x, https:\/\/i0.wp.com\/cepronda.com\/blog\/wp-content\/uploads\/2025\/01\/11-de-Febrero.jpg?fit=1080%2C1080&ssl=1&resize=700%2C400 2x, https:\/\/i0.wp.com\/cepronda.com\/blog\/wp-content\/uploads\/2025\/01\/11-de-Febrero.jpg?fit=1080%2C1080&ssl=1&resize=1050%2C600 3x"},"classes":[]},{"id":8411,"url":"https:\/\/cepronda.com\/blog\/jornadas-provinciales-de-practicas-educativas-de-exito\/","url_meta":{"origin":5633,"position":4},"title":"JORNADAS PROVINCIALES DE PR\u00c1CTICAS EDUCATIVAS DE \u00c9XITO","author":"Mamen Moreno","date":"31 marzo, 2025","format":false,"excerpt":"Se abre el plazo de inscripci\u00f3n para las \"JORNADAS PROVINCIALES DE PR\u00c1CTICAS EDUCATIVAS DE \u00c9XITO\" con C\u00d3DIGO: 252925GE600, dirigido al profesorado de todas las etapas de la provincia de M\u00e1laga. \u00a0 Las sesiones se realizar\u00e1n en directo en formato ONLINE a trav\u00e9s de la plataforma de Youtube y Webex. \u00a0\u2026","rel":"","context":"En \u00abNoticias\u00bb","block_context":{"text":"Noticias","link":"https:\/\/cepronda.com\/blog\/category\/noticias\/"},"img":{"alt_text":"","src":"https:\/\/i0.wp.com\/cepronda.com\/blog\/wp-content\/uploads\/2025\/03\/j-experiencias-educativas-de-exito-2-4.png?fit=848%2C1200&ssl=1&resize=350%2C200","width":350,"height":200,"srcset":"https:\/\/i0.wp.com\/cepronda.com\/blog\/wp-content\/uploads\/2025\/03\/j-experiencias-educativas-de-exito-2-4.png?fit=848%2C1200&ssl=1&resize=350%2C200 1x, https:\/\/i0.wp.com\/cepronda.com\/blog\/wp-content\/uploads\/2025\/03\/j-experiencias-educativas-de-exito-2-4.png?fit=848%2C1200&ssl=1&resize=525%2C300 1.5x, https:\/\/i0.wp.com\/cepronda.com\/blog\/wp-content\/uploads\/2025\/03\/j-experiencias-educativas-de-exito-2-4.png?fit=848%2C1200&ssl=1&resize=700%2C400 2x"},"classes":[]},{"id":5200,"url":"https:\/\/cepronda.com\/blog\/reunion-informativa-v-premios-bibliotecas-escolares-y-fomento-de-la-lectura-2\/","url_meta":{"origin":5633,"position":5},"title":"JORNADAS REDES PROVINCIALES DE BIBLIOTECAS ESCOLARES","author":"Maribel Mu\u00f1oz","date":"29 marzo, 2022","format":false,"excerpt":"Buenas tardes compa\u00f1eras y compa\u00f1eros Os informamos que est\u00e1 abierto el plazo de inscripci\u00f3n en las JORNADAS REDES PROVINCIALES DE BIBLIOTECAS ESCOLARES, con c\u00f3digo 229922BE001. Estas jornadas est\u00e1n dirigidas al profesorado de los centros docentes p\u00fablicos que imparten Educaci\u00f3n Infantil, Educaci\u00f3n Primaria y Educaci\u00f3n Secundaria. Las fechas son las siguientes:\u2026","rel":"","context":"En \u00abNoticias\u00bb","block_context":{"text":"Noticias","link":"https:\/\/cepronda.com\/blog\/category\/noticias\/"},"img":{"alt_text":"","src":"https:\/\/i0.wp.com\/cepronda.com\/blog\/wp-content\/uploads\/2022\/03\/Jornadas-provinciales-BBEE-19-20-de-abril.jpg?fit=577%2C824&ssl=1&resize=350%2C200","width":350,"height":200,"srcset":"https:\/\/i0.wp.com\/cepronda.com\/blog\/wp-content\/uploads\/2022\/03\/Jornadas-provinciales-BBEE-19-20-de-abril.jpg?fit=577%2C824&ssl=1&resize=350%2C200 1x, https:\/\/i0.wp.com\/cepronda.com\/blog\/wp-content\/uploads\/2022\/03\/Jornadas-provinciales-BBEE-19-20-de-abril.jpg?fit=577%2C824&ssl=1&resize=525%2C300 1.5x"},"classes":[]}],"jetpack_sharing_enabled":true,"_links":{"self":[{"href":"https:\/\/cepronda.com\/blog\/wp-json\/wp\/v2\/posts\/5633","targetHints":{"allow":["GET"]}}],"collection":[{"href":"https:\/\/cepronda.com\/blog\/wp-json\/wp\/v2\/posts"}],"about":[{"href":"https:\/\/cepronda.com\/blog\/wp-json\/wp\/v2\/types\/post"}],"author":[{"embeddable":true,"href":"https:\/\/cepronda.com\/blog\/wp-json\/wp\/v2\/users\/9"}],"replies":[{"embeddable":true,"href":"https:\/\/cepronda.com\/blog\/wp-json\/wp\/v2\/comments?post=5633"}],"version-history":[{"count":1,"href":"https:\/\/cepronda.com\/blog\/wp-json\/wp\/v2\/posts\/5633\/revisions"}],"predecessor-version":[{"id":5635,"href":"https:\/\/cepronda.com\/blog\/wp-json\/wp\/v2\/posts\/5633\/revisions\/5635"}],"wp:featuredmedia":[{"embeddable":true,"href":"https:\/\/cepronda.com\/blog\/wp-json\/wp\/v2\/media\/5634"}],"wp:attachment":[{"href":"https:\/\/cepronda.com\/blog\/wp-json\/wp\/v2\/media?parent=5633"}],"wp:term":[{"taxonomy":"category","embeddable":true,"href":"https:\/\/cepronda.com\/blog\/wp-json\/wp\/v2\/categories?post=5633"},{"taxonomy":"post_tag","embeddable":true,"href":"https:\/\/cepronda.com\/blog\/wp-json\/wp\/v2\/tags?post=5633"}],"curies":[{"name":"wp","href":"https:\/\/api.w.org\/{rel}","templated":true}]}}