{"id":5628,"date":"2022-11-23T13:25:34","date_gmt":"2022-11-23T12:25:34","guid":{"rendered":"https:\/\/cepronda.com\/blog\/?p=5628"},"modified":"2025-04-25T12:06:14","modified_gmt":"2025-04-25T10:06:14","slug":"enhorabuena-por-vuestro-premio-en-la-campana-entonces-quien","status":"publish","type":"post","link":"https:\/\/cepronda.com\/blog\/enhorabuena-por-vuestro-premio-en-la-campana-entonces-quien\/","title":{"rendered":"Enhorabuena por vuestro premio en la Campa\u00f1a \u00ab\u00bfEntonces Qui\u00e9n?\u00bb"},"content":{"rendered":"<p>La Delegaci\u00f3n del Gobierno contra la violencia de g\u00e9nero hizo ayer oficial el nombre de las personas premiadas con motivo de la Campa\u00f1a \u00ab\u00bfEntonces qui\u00e9n?\u00bb, con motivo del 25 N, D\u00eda internacional para la eliminaci\u00f3n de la Violencia contra las mujeres.&nbsp;<\/p>\n<p><span class=\"Justificado\">La secretaria de Estado de Igualdad y contra la Violencia d<\/span><span class=\"Justificado\">e G\u00e9nero, \u00c1ngela Rodr\u00edguez; y la delegada del Gobierno contra la Violencia de G\u00e9nero, Victoria Rosell, han comparecido ante los medios de comunicaci\u00f3n para presentar la campa\u00f1a del Ministerio de Igualdad con motivo del 25N, D\u00eda Internacional para la Eliminaci\u00f3n de la Violencia contra las Mujeres. Tambi\u00e9n han dado a conocer los \u00faltimos datos sobre violencia de g\u00e9nero en Espa\u00f1a y el servicio 016.<\/span><\/p>\n<p class=\"Justificado\"><a href=\"https:\/\/drive.google.com\/drive\/folders\/1Gu4dpMOPIbT3W-AombBRS8jSo8MWwxN_?usp=share_link\">La campa\u00f1a de concienciaci\u00f3n social se dirige, por primera vez en 25N, a los hombres a trav\u00e9s del lema en forma de pregunta \u00ab\u00bfEntonces Qui\u00e9n?\u00bb,<\/a>&nbsp;para interpelarlos como causantes de las violencias contra las mujeres y, al mismo tiempo, como parte imprescindible para el fin de estas violencias.<\/p>\n<p>Nuestra compa\u00f1era <strong>Paz Dom\u00ednguez Ca\u00f1estro, <\/strong>profesora del IES \u00abP\u00e9rez de Guzm\u00e1n\u00bb de Ronda, ha sido premiada por la labor realizada con su alumnado para el fomento de las actitudes favorables para la promoci\u00f3n de la igualdad entre hombres y mujeres y el rechazo a todo forma de violencia que esta pueda provocar hacia las mujeres.<\/p>\n<p>Enhorabuena.<\/p>\n<p><a href=\"https:\/\/www.igualdad.gob.es\/comunicacion\/notasprensa\/Paginas\/igualdad-presenta-campana-25n-entonces-quien.aspx\">ENLACE A LA NOTICIA<\/a><img data-recalc-dims=\"1\" loading=\"lazy\" decoding=\"async\" class=\"size-medium wp-image-5629 aligncenter\" style=\"font-weight: inherit;\" src=\"https:\/\/i0.wp.com\/cepronda.com\/blog\/wp-content\/uploads\/2022\/11\/Post-de-Instagram-para-rebajas-y-ofertas-tiendas-azul-y-terracota.png?resize=300%2C300&#038;ssl=1\" alt=\"\" width=\"300\" height=\"300\" srcset=\"https:\/\/i0.wp.com\/cepronda.com\/blog\/wp-content\/uploads\/2022\/11\/Post-de-Instagram-para-rebajas-y-ofertas-tiendas-azul-y-terracota.png?resize=300%2C300&amp;ssl=1 300w, https:\/\/i0.wp.com\/cepronda.com\/blog\/wp-content\/uploads\/2022\/11\/Post-de-Instagram-para-rebajas-y-ofertas-tiendas-azul-y-terracota.png?resize=1024%2C1024&amp;ssl=1 1024w, https:\/\/i0.wp.com\/cepronda.com\/blog\/wp-content\/uploads\/2022\/11\/Post-de-Instagram-para-rebajas-y-ofertas-tiendas-azul-y-terracota.png?resize=150%2C150&amp;ssl=1 150w, https:\/\/i0.wp.com\/cepronda.com\/blog\/wp-content\/uploads\/2022\/11\/Post-de-Instagram-para-rebajas-y-ofertas-tiendas-azul-y-terracota.png?resize=768%2C768&amp;ssl=1 768w, https:\/\/i0.wp.com\/cepronda.com\/blog\/wp-content\/uploads\/2022\/11\/Post-de-Instagram-para-rebajas-y-ofertas-tiendas-azul-y-terracota.png?resize=50%2C50&amp;ssl=1 50w, https:\/\/i0.wp.com\/cepronda.com\/blog\/wp-content\/uploads\/2022\/11\/Post-de-Instagram-para-rebajas-y-ofertas-tiendas-azul-y-terracota.png?w=1080&amp;ssl=1 1080w\" sizes=\"auto, (max-width: 300px) 100vw, 300px\" \/><\/p>\n","protected":false},"excerpt":{"rendered":"<p>La Delegaci\u00f3n del Gobierno contra la violencia de g\u00e9nero hizo ayer oficial el nombre de las personas premiadas con motivo de la Campa\u00f1a \u00ab\u00bfEntonces qui\u00e9n?\u00bb, con motivo del 25 N, D\u00eda internacional para la eliminaci\u00f3n de la Violencia contra las mujeres.&nbsp; La secretaria de Estado de Igualdad y contra la Violencia de G\u00e9nero, \u00c1ngela Rodr\u00edguez; [&hellip;]<\/p>\n","protected":false},"author":9,"featured_media":5629,"comment_status":"closed","ping_status":"open","sticky":false,"template":"","format":"standard","meta":{"_crdt_document":"","advanced_seo_description":"","jetpack_seo_html_title":"","jetpack_seo_noindex":false,"jetpack_post_was_ever_published":false,"_jetpack_newsletter_access":"","_jetpack_dont_email_post_to_subs":false,"_jetpack_newsletter_tier_id":0,"_jetpack_memberships_contains_paywalled_content":false,"_jetpack_memberships_contains_paid_content":false,"footnotes":"","jetpack_publicize_message":"","jetpack_publicize_feature_enabled":true,"jetpack_social_post_already_shared":false,"jetpack_social_options":{"image_generator_settings":{"template":"highway","default_image_id":0,"font":"","enabled":false},"version":2}},"categories":[5],"tags":[180],"class_list":{"0":"post-5628","1":"post","2":"type-post","3":"status-publish","4":"format-standard","5":"has-post-thumbnail","7":"category-noticias","8":"tag-concursos","9":"czr-hentry"},"jetpack_publicize_connections":[],"jetpack_featured_media_url":"https:\/\/i0.wp.com\/cepronda.com\/blog\/wp-content\/uploads\/2022\/11\/Post-de-Instagram-para-rebajas-y-ofertas-tiendas-azul-y-terracota.png?fit=1080%2C1080&ssl=1","jetpack_shortlink":"https:\/\/wp.me\/p8M4X7-1sM","jetpack-related-posts":[{"id":2474,"url":"https:\/\/cepronda.com\/blog\/video-contra-la-violencia-de-genero-del-ies-profesor-goznalo-huesa\/","url_meta":{"origin":5628,"position":0},"title":"V\u00eddeo contra la violencia de g\u00e9nero del IES Profesor Goznalo Huesa","author":"V\u00edctor Caballero","date":"27 noviembre, 2018","format":false,"excerpt":"Hola de nuevo, Desde el IES Profesor Gonzalo Huesa nos mandan este v\u00eddeo donde podemos ver como el alumnado se pronuncia contra la violencia de g\u00e9nero. Desde el CEP queremos dar la enhorabuena a todo el profesorado y alumnado participante, ya que han hecho un trabajo excelente.\u00a0 Enlace al v\u00eddeo","rel":"","context":"En \u00abNoticias\u00bb","block_context":{"text":"Noticias","link":"https:\/\/cepronda.com\/blog\/category\/noticias\/"},"img":{"alt_text":"","src":"https:\/\/i0.wp.com\/cepronda.com\/blog\/wp-content\/uploads\/2018\/11\/man-101001_1920.jpg?fit=1200%2C848&ssl=1&resize=350%2C200","width":350,"height":200,"srcset":"https:\/\/i0.wp.com\/cepronda.com\/blog\/wp-content\/uploads\/2018\/11\/man-101001_1920.jpg?fit=1200%2C848&ssl=1&resize=350%2C200 1x, https:\/\/i0.wp.com\/cepronda.com\/blog\/wp-content\/uploads\/2018\/11\/man-101001_1920.jpg?fit=1200%2C848&ssl=1&resize=525%2C300 1.5x, https:\/\/i0.wp.com\/cepronda.com\/blog\/wp-content\/uploads\/2018\/11\/man-101001_1920.jpg?fit=1200%2C848&ssl=1&resize=700%2C400 2x, https:\/\/i0.wp.com\/cepronda.com\/blog\/wp-content\/uploads\/2018\/11\/man-101001_1920.jpg?fit=1200%2C848&ssl=1&resize=1050%2C600 3x"},"classes":[]},{"id":400,"url":"https:\/\/cepronda.com\/blog\/pildora-formate-en-5-minutos-en-materia-de-genero\/","url_meta":{"origin":5628,"position":1},"title":"P\u00edldora: F\u00f3rmate en 5 minutos en materia de g\u00e9nero","author":"V\u00edctor Caballero","date":"1 diciembre, 2016","format":false,"excerpt":"La violencia de g\u00e9nero es la expresi\u00f3n m\u00e1s grave de la discriminaci\u00f3n y de la situaci\u00f3n de desigualdad de las mujeres, ya que se ejerce sobre \u00e9stas por el hecho de serlo. Es un problema que requiere para su erradicaci\u00f3n de la implicaci\u00f3n de toda la sociedad y de respuestas\u2026","rel":"","context":"En \u00abNoticias\u00bb","block_context":{"text":"Noticias","link":"https:\/\/cepronda.com\/blog\/category\/noticias\/"},"img":{"alt_text":"","src":"","width":0,"height":0},"classes":[]},{"id":2547,"url":"https:\/\/cepronda.com\/blog\/2-fotografias-de-nuestros-centros-en-el-calendario-stop-violencia-de-genero\/","url_meta":{"origin":5628,"position":2},"title":"2 fotograf\u00edas de nuestros centros en el calendario STOP Violencia de G\u00e9nero","author":"V\u00edctor Caballero","date":"20 diciembre, 2018","format":false,"excerpt":"Un nuevo calendario recoge los trabajos presentados a la novena edici\u00f3n del Concurso de Fotograf\u00eda \u201c\u00a1Stop! Violencia de g\u00e9nero\u201d. La delegada territorial de Educaci\u00f3n, Patricia Alba, la coordinadora provincial del Instituto Andaluz de la Mujer, Mar\u00eda del Carmen Moreno, y la responsable de la Unidad de Solidaridad Social y Educaci\u00f3n\u2026","rel":"","context":"En \u00abNoticias\u00bb","block_context":{"text":"Noticias","link":"https:\/\/cepronda.com\/blog\/category\/noticias\/"},"img":{"alt_text":"","src":"https:\/\/i0.wp.com\/cepronda.com\/blog\/wp-content\/uploads\/2018\/12\/calendario-2019-final-1-2.jpg?resize=350%2C200&ssl=1","width":350,"height":200,"srcset":"https:\/\/i0.wp.com\/cepronda.com\/blog\/wp-content\/uploads\/2018\/12\/calendario-2019-final-1-2.jpg?resize=350%2C200&ssl=1 1x, https:\/\/i0.wp.com\/cepronda.com\/blog\/wp-content\/uploads\/2018\/12\/calendario-2019-final-1-2.jpg?resize=525%2C300&ssl=1 1.5x, https:\/\/i0.wp.com\/cepronda.com\/blog\/wp-content\/uploads\/2018\/12\/calendario-2019-final-1-2.jpg?resize=700%2C400&ssl=1 2x, https:\/\/i0.wp.com\/cepronda.com\/blog\/wp-content\/uploads\/2018\/12\/calendario-2019-final-1-2.jpg?resize=1050%2C600&ssl=1 3x, https:\/\/i0.wp.com\/cepronda.com\/blog\/wp-content\/uploads\/2018\/12\/calendario-2019-final-1-2.jpg?resize=1400%2C800&ssl=1 4x"},"classes":[]},{"id":2486,"url":"https:\/\/cepronda.com\/blog\/otro-nuevo-ejemplo-del-trabajo-en-los-centros-contra-la-violencia-de-genero\/","url_meta":{"origin":5628,"position":3},"title":"Otro nuevo ejemplo del trabajo en los centros contra la violencia de g\u00e9nero","author":"V\u00edctor Caballero","date":"27 noviembre, 2018","format":false,"excerpt":"Muy buenas de nuevo,\u00a0 Me llegan nuevos ejemplos de como han trabajado con el alumnado y la comunidad educativa en distintos centros de nuestra zona con motivo del 25 de noviembre. En este caso me llega el v\u00eddeo elaborado por el CEIP Hermanos Aguilera, en el que han usado dibujos\u2026","rel":"","context":"En \u00abNoticias\u00bb","block_context":{"text":"Noticias","link":"https:\/\/cepronda.com\/blog\/category\/noticias\/"},"img":{"alt_text":"","src":"https:\/\/i0.wp.com\/cepronda.com\/blog\/wp-content\/uploads\/2017\/09\/man-2660414_640.jpg?fit=640%2C640&ssl=1&resize=350%2C200","width":350,"height":200,"srcset":"https:\/\/i0.wp.com\/cepronda.com\/blog\/wp-content\/uploads\/2017\/09\/man-2660414_640.jpg?fit=640%2C640&ssl=1&resize=350%2C200 1x, https:\/\/i0.wp.com\/cepronda.com\/blog\/wp-content\/uploads\/2017\/09\/man-2660414_640.jpg?fit=640%2C640&ssl=1&resize=525%2C300 1.5x"},"classes":[]},{"id":3381,"url":"https:\/\/cepronda.com\/blog\/i-certamen-de-pintura-y-dibujo-2020-hacer-lo-invisible-visible\/","url_meta":{"origin":5628,"position":4},"title":"I CERTAMEN DE PINTURA Y DIBUJO 2020 Hacer lo Invisible, Visible","author":"V\u00edctor Caballero","date":"3 febrero, 2020","format":false,"excerpt":"Muy buenas, Comenzamos la semana compartiendo este certamen por parte de la Concejal\u00eda de Mujer del Ayuntamiento de Ronda que convoca el I Certamen de Pintura y dibujo \u201cHacer lo invisible, visible\u201d, contra la violencia hacia las mujeres, con el fin de plasmar la situaci\u00f3n de maltrato f\u00edsico, psicol\u00f3gico, sexual\u2026","rel":"","context":"En \u00abNoticias\u00bb","block_context":{"text":"Noticias","link":"https:\/\/cepronda.com\/blog\/category\/noticias\/"},"img":{"alt_text":"","src":"https:\/\/i0.wp.com\/cepronda.com\/blog\/wp-content\/uploads\/2020\/02\/Certamen-dibujo.jpg?fit=534%2C800&ssl=1&resize=350%2C200","width":350,"height":200,"srcset":"https:\/\/i0.wp.com\/cepronda.com\/blog\/wp-content\/uploads\/2020\/02\/Certamen-dibujo.jpg?fit=534%2C800&ssl=1&resize=350%2C200 1x, https:\/\/i0.wp.com\/cepronda.com\/blog\/wp-content\/uploads\/2020\/02\/Certamen-dibujo.jpg?fit=534%2C800&ssl=1&resize=525%2C300 1.5x"},"classes":[]},{"id":3374,"url":"https:\/\/cepronda.com\/blog\/crecer-con-miedo-ninos-y-ninas-ante-la-violencia-de-genero\/","url_meta":{"origin":5628,"position":5},"title":"CRECER CON MIEDO: NI\u00d1OS Y NI\u00d1AS ANTE LA VIOLENCIA DE G\u00c9NERO","author":"V\u00edctor Caballero","date":"28 enero, 2020","format":false,"excerpt":"Muy buenas familia, Desde el Centro Municipal de Informaci\u00f3n a la Mujer de Ronda nos hacen llegar esta informaci\u00f3n y la queremos compartir con todas y todos vosotros porque creemos que puede resultar de gran inter\u00e9s para vuestra albor docente y para vuestro alumnado. Os invitamos a visitar la exposici\u00f3n\u2026","rel":"","context":"En \u00abNoticias\u00bb","block_context":{"text":"Noticias","link":"https:\/\/cepronda.com\/blog\/category\/noticias\/"},"img":{"alt_text":"","src":"https:\/\/i0.wp.com\/cepronda.com\/blog\/wp-content\/uploads\/2020\/01\/Crecer-con-miedo-scaled.jpg?fit=890%2C1200&ssl=1&resize=350%2C200","width":350,"height":200,"srcset":"https:\/\/i0.wp.com\/cepronda.com\/blog\/wp-content\/uploads\/2020\/01\/Crecer-con-miedo-scaled.jpg?fit=890%2C1200&ssl=1&resize=350%2C200 1x, https:\/\/i0.wp.com\/cepronda.com\/blog\/wp-content\/uploads\/2020\/01\/Crecer-con-miedo-scaled.jpg?fit=890%2C1200&ssl=1&resize=525%2C300 1.5x, https:\/\/i0.wp.com\/cepronda.com\/blog\/wp-content\/uploads\/2020\/01\/Crecer-con-miedo-scaled.jpg?fit=890%2C1200&ssl=1&resize=700%2C400 2x"},"classes":[]}],"jetpack_sharing_enabled":true,"_links":{"self":[{"href":"https:\/\/cepronda.com\/blog\/wp-json\/wp\/v2\/posts\/5628","targetHints":{"allow":["GET"]}}],"collection":[{"href":"https:\/\/cepronda.com\/blog\/wp-json\/wp\/v2\/posts"}],"about":[{"href":"https:\/\/cepronda.com\/blog\/wp-json\/wp\/v2\/types\/post"}],"author":[{"embeddable":true,"href":"https:\/\/cepronda.com\/blog\/wp-json\/wp\/v2\/users\/9"}],"replies":[{"embeddable":true,"href":"https:\/\/cepronda.com\/blog\/wp-json\/wp\/v2\/comments?post=5628"}],"version-history":[{"count":1,"href":"https:\/\/cepronda.com\/blog\/wp-json\/wp\/v2\/posts\/5628\/revisions"}],"predecessor-version":[{"id":5630,"href":"https:\/\/cepronda.com\/blog\/wp-json\/wp\/v2\/posts\/5628\/revisions\/5630"}],"wp:featuredmedia":[{"embeddable":true,"href":"https:\/\/cepronda.com\/blog\/wp-json\/wp\/v2\/media\/5629"}],"wp:attachment":[{"href":"https:\/\/cepronda.com\/blog\/wp-json\/wp\/v2\/media?parent=5628"}],"wp:term":[{"taxonomy":"category","embeddable":true,"href":"https:\/\/cepronda.com\/blog\/wp-json\/wp\/v2\/categories?post=5628"},{"taxonomy":"post_tag","embeddable":true,"href":"https:\/\/cepronda.com\/blog\/wp-json\/wp\/v2\/tags?post=5628"}],"curies":[{"name":"wp","href":"https:\/\/api.w.org\/{rel}","templated":true}]}}