{"id":5610,"date":"2022-11-11T14:29:05","date_gmt":"2022-11-11T13:29:05","guid":{"rendered":"https:\/\/cepronda.com\/blog\/?p=5610"},"modified":"2025-04-28T11:55:16","modified_gmt":"2025-04-28T09:55:16","slug":"plataforma-iseneca-ipasen-ensenanzas-artisticas-de-musica-cuaderno-de-clase","status":"publish","type":"post","link":"https:\/\/cepronda.com\/blog\/plataforma-iseneca-ipasen-ensenanzas-artisticas-de-musica-cuaderno-de-clase\/","title":{"rendered":"PLATAFORMA ISENECA\/IPASEN ENSE\u00d1ANZAS ART\u00cdSTICAS DE M\u00daSICA. CUADERNO DE CLASE."},"content":{"rendered":"<p>Buenas tardes compa\u00f1eras y compa\u00f1eros,<\/p>\n<p>Os&nbsp; informamos que est\u00e1 abierto el plazo de inscripci\u00f3n en el curso provincial&nbsp; <strong>PLATAFORMA ISENECA\/IPASEN ENSE\u00d1ANZAS ART\u00cdSTICAS DE M\u00daSICA. CUADERNO DE CLASE<\/strong> con c\u00f3digo <strong>232924GE031<\/strong>.<\/p>\n<p><strong>Fechas de inscripci\u00f3n<\/strong> : del 11\/11\/2022 al 25\/11\/2022<\/p>\n<p><strong>Fecha de inicio<\/strong>: 1\/12\/2022<\/p>\n<p><strong>Fecha finalizaci\u00f3n<\/strong>: 23\/01\/2023<\/p>\n<p><strong>Horas<\/strong>: 15&nbsp; ( 8h de videoconferencias y 7 h de tarea online)<\/p>\n<p>Formaci\u00f3n dirigida a todo el profesorado de Ense\u00f1anzas Musicales de R\u00e9gimen Especial.<\/p>\n<p>Para m\u00e1s informaci\u00f3n e inscripci\u00f3n, consulta el siguiente&nbsp;<a href=\"https:\/\/www.juntadeandalucia.es\/educacion\/secretariavirtual\/consultaCEP\/actividad\/232924GE031\/\">enlace<\/a> .&nbsp;<\/p>\n<p>Deseamos que sea de vuestro inter\u00e9s.<\/p>\n<p>Un saludo.<\/p>\n<p>&nbsp; <a href=\"https:\/\/cepronda.com\/blog\/wp-content\/uploads\/2022\/11\/232924GE031-ISENECA-IPASEN.-CONSERVATORIOS-MUSICA.CUADERNO-SENECA-.pdf\">232924GE031 ISENECA IPASEN. CONSERVATORIOS M\u00daSICA.CUADERNO S\u00c9NECA<\/a><\/p>\n<p>&nbsp;<\/p>\n<p><img data-recalc-dims=\"1\" loading=\"lazy\" decoding=\"async\" class=\"wp-image-5612 size-medium aligncenter\" src=\"https:\/\/i0.wp.com\/cepronda.com\/blog\/wp-content\/uploads\/2022\/11\/WhatsApp-Image-2022-11-10-at-17.04.44.jpeg?resize=212%2C300&#038;ssl=1\" alt=\"\" width=\"212\" height=\"300\" srcset=\"https:\/\/i0.wp.com\/cepronda.com\/blog\/wp-content\/uploads\/2022\/11\/WhatsApp-Image-2022-11-10-at-17.04.44.jpeg?resize=212%2C300&amp;ssl=1 212w, https:\/\/i0.wp.com\/cepronda.com\/blog\/wp-content\/uploads\/2022\/11\/WhatsApp-Image-2022-11-10-at-17.04.44.jpeg?resize=724%2C1024&amp;ssl=1 724w, https:\/\/i0.wp.com\/cepronda.com\/blog\/wp-content\/uploads\/2022\/11\/WhatsApp-Image-2022-11-10-at-17.04.44.jpeg?resize=768%2C1086&amp;ssl=1 768w, https:\/\/i0.wp.com\/cepronda.com\/blog\/wp-content\/uploads\/2022\/11\/WhatsApp-Image-2022-11-10-at-17.04.44.jpeg?resize=1086%2C1536&amp;ssl=1 1086w, https:\/\/i0.wp.com\/cepronda.com\/blog\/wp-content\/uploads\/2022\/11\/WhatsApp-Image-2022-11-10-at-17.04.44.jpeg?w=1131&amp;ssl=1 1131w\" sizes=\"auto, (max-width: 212px) 100vw, 212px\" \/><\/p>\n","protected":false},"excerpt":{"rendered":"<p>Buenas tardes compa\u00f1eras y compa\u00f1eros, Os&nbsp; informamos que est\u00e1 abierto el plazo de inscripci\u00f3n en el curso provincial&nbsp; PLATAFORMA ISENECA\/IPASEN ENSE\u00d1ANZAS ART\u00cdSTICAS DE M\u00daSICA. CUADERNO DE CLASE con c\u00f3digo 232924GE031. Fechas de inscripci\u00f3n : del 11\/11\/2022 al 25\/11\/2022 Fecha de inicio: 1\/12\/2022 Fecha finalizaci\u00f3n: 23\/01\/2023 Horas: 15&nbsp; ( 8h de videoconferencias y 7 h de [&hellip;]<\/p>\n","protected":false},"author":10,"featured_media":5612,"comment_status":"closed","ping_status":"open","sticky":false,"template":"","format":"standard","meta":{"_crdt_document":"","advanced_seo_description":"","jetpack_seo_html_title":"","jetpack_seo_noindex":false,"jetpack_post_was_ever_published":false,"_jetpack_newsletter_access":"","_jetpack_dont_email_post_to_subs":false,"_jetpack_newsletter_tier_id":0,"_jetpack_memberships_contains_paywalled_content":false,"_jetpack_memberships_contains_paid_content":false,"footnotes":"","jetpack_publicize_message":"","jetpack_publicize_feature_enabled":true,"jetpack_social_post_already_shared":false,"jetpack_social_options":{"image_generator_settings":{"template":"highway","default_image_id":0,"font":"","enabled":false},"version":2}},"categories":[3,5],"tags":[159,313],"class_list":{"0":"post-5610","1":"post","2":"type-post","3":"status-publish","4":"format-standard","5":"has-post-thumbnail","7":"category-formaciones","8":"category-noticias","9":"tag-ensenanzas-de-regimen-especial","10":"tag-ensenanzas-musicales","11":"czr-hentry"},"jetpack_publicize_connections":[],"jetpack_featured_media_url":"https:\/\/i0.wp.com\/cepronda.com\/blog\/wp-content\/uploads\/2022\/11\/WhatsApp-Image-2022-11-10-at-17.04.44.jpeg?fit=1131%2C1600&ssl=1","jetpack_shortlink":"https:\/\/wp.me\/p8M4X7-1su","jetpack-related-posts":[{"id":3769,"url":"https:\/\/cepronda.com\/blog\/cuaderno-del-profesor-comunicaciones-iseneca-e-ipasen\/","url_meta":{"origin":5610,"position":0},"title":"Cuaderno del profesor, comunicaciones, iS\u00e9neca e iPasen","author":"Maribel Mu\u00f1oz","date":"23 septiembre, 2020","format":false,"excerpt":"Buenas tardes compa\u00f1eras y compa\u00f1eros, Os informamos que est\u00e1 abierto el plazo de inscripci\u00f3n de la formaci\u00f3n CUADERNO DEL PROFESOR, COMUNICACIONES, iS\u00c9NECA E iPASEN\u00a0 a nivel provincial y que comenzar\u00e1 a desarrollarse el pr\u00f3ximo\u00a0 1 de octubre. Adjuntamos cartel informativo. EL PLAZO DE INSCRIPCI\u00d3N TERMINA ESTE VIERNES. Deseamos que sea\u2026","rel":"","context":"En \u00abFormaciones\u00bb","block_context":{"text":"Formaciones","link":"https:\/\/cepronda.com\/blog\/category\/formaciones\/"},"img":{"alt_text":"","src":"https:\/\/i0.wp.com\/cepronda.com\/blog\/wp-content\/uploads\/2020\/09\/WhatsApp-Image-2020-09-23-at-16.52.45.jpeg?resize=350%2C200&ssl=1","width":350,"height":200,"srcset":"https:\/\/i0.wp.com\/cepronda.com\/blog\/wp-content\/uploads\/2020\/09\/WhatsApp-Image-2020-09-23-at-16.52.45.jpeg?resize=350%2C200&ssl=1 1x, https:\/\/i0.wp.com\/cepronda.com\/blog\/wp-content\/uploads\/2020\/09\/WhatsApp-Image-2020-09-23-at-16.52.45.jpeg?resize=525%2C300&ssl=1 1.5x, https:\/\/i0.wp.com\/cepronda.com\/blog\/wp-content\/uploads\/2020\/09\/WhatsApp-Image-2020-09-23-at-16.52.45.jpeg?resize=700%2C400&ssl=1 2x, https:\/\/i0.wp.com\/cepronda.com\/blog\/wp-content\/uploads\/2020\/09\/WhatsApp-Image-2020-09-23-at-16.52.45.jpeg?resize=1050%2C600&ssl=1 3x"},"classes":[]},{"id":8450,"url":"https:\/\/cepronda.com\/blog\/actualizacion-normativa-ensenanzas-artisticas-superiores\/","url_meta":{"origin":5610,"position":1},"title":"ACTUALIZACI\u00d3N NORMATIVA EN ENSE\u00d1ANZAS ART\u00cdSTICAS SUPERIORES:","author":"Mamen Moreno","date":"7 abril, 2025","format":false,"excerpt":"Os informamos que est\u00e1 abierto el plazo de solicitudes para la actividad ACTUALIZACI\u00d3N NORMATIVA EN ENSE\u00d1ANZAS ART\u00cdSTICAS SUPERIORES: NOVEDADES Y ENFOQUE COMPETENCIAL, de 11 horas de formaci\u00f3n online, con c\u00f3digo 252318GE066 dirigido a profesorado de ense\u00f1anzas art\u00edsticas, principalmente en relaci\u00f3n a m\u00fasica y artes esc\u00e9nicas superiores.Fecha de inscripci\u00f3n: hasta el\u2026","rel":"","context":"En \u00abFormaciones\u00bb","block_context":{"text":"Formaciones","link":"https:\/\/cepronda.com\/blog\/category\/formaciones\/"},"img":{"alt_text":"","src":"https:\/\/i0.wp.com\/cepronda.com\/blog\/wp-content\/uploads\/2025\/04\/DIPTICO.png?fit=1080%2C1080&ssl=1&resize=350%2C200","width":350,"height":200,"srcset":"https:\/\/i0.wp.com\/cepronda.com\/blog\/wp-content\/uploads\/2025\/04\/DIPTICO.png?fit=1080%2C1080&ssl=1&resize=350%2C200 1x, https:\/\/i0.wp.com\/cepronda.com\/blog\/wp-content\/uploads\/2025\/04\/DIPTICO.png?fit=1080%2C1080&ssl=1&resize=525%2C300 1.5x, https:\/\/i0.wp.com\/cepronda.com\/blog\/wp-content\/uploads\/2025\/04\/DIPTICO.png?fit=1080%2C1080&ssl=1&resize=700%2C400 2x, https:\/\/i0.wp.com\/cepronda.com\/blog\/wp-content\/uploads\/2025\/04\/DIPTICO.png?fit=1080%2C1080&ssl=1&resize=1050%2C600 3x"},"classes":[]},{"id":7522,"url":"https:\/\/cepronda.com\/blog\/jornadas-formativas-provinciales-de-ensenanzas-de-regimen-especial-para-profesionales-de-la-orientacion-educativa-242922ge253\/","url_meta":{"origin":5610,"position":2},"title":"JORNADAS FORMATIVAS PROVINCIALES DE ENSE\u00d1ANZAS DE R\u00c9GIMEN ESPECIAL PARA PROFESIONALES DE LA ORIENTACI\u00d3N EDUCATIVA. (242922GE253)","author":"Inmaculada Garc\u00eda","date":"18 marzo, 2024","format":false,"excerpt":"Se encuentra abierto el plazo de inscripci\u00f3n de la actividad provincial \u201cJORNADAS FORMATIVAS PROVINCIALES DE ENSE\u00d1ANZAS DE R\u00c9GIMEN ESPECIAL PARA PROFESIONALES DE LA ORIENTACI\u00d3N EDUCATIVA\u201d, dirigida a orientadores y orientadoras de centros p\u00fablicos dependientes de la Junta de Andaluc\u00eda. T\u00edtulo: JORNADAS FORMATIVAS PROVINCIALES DE ENSE\u00d1ANZAS DE R\u00c9GIMEN ESPECIAL PARA PROFESIONALES\u2026","rel":"","context":"En \u00abFormaciones\u00bb","block_context":{"text":"Formaciones","link":"https:\/\/cepronda.com\/blog\/category\/formaciones\/"},"img":{"alt_text":"","src":"https:\/\/i0.wp.com\/cepronda.com\/blog\/wp-content\/uploads\/2024\/03\/WhatsApp-Image-2024-03-18-at-13.32.28.jpeg?fit=1199%2C1200&ssl=1&resize=350%2C200","width":350,"height":200,"srcset":"https:\/\/i0.wp.com\/cepronda.com\/blog\/wp-content\/uploads\/2024\/03\/WhatsApp-Image-2024-03-18-at-13.32.28.jpeg?fit=1199%2C1200&ssl=1&resize=350%2C200 1x, https:\/\/i0.wp.com\/cepronda.com\/blog\/wp-content\/uploads\/2024\/03\/WhatsApp-Image-2024-03-18-at-13.32.28.jpeg?fit=1199%2C1200&ssl=1&resize=525%2C300 1.5x, https:\/\/i0.wp.com\/cepronda.com\/blog\/wp-content\/uploads\/2024\/03\/WhatsApp-Image-2024-03-18-at-13.32.28.jpeg?fit=1199%2C1200&ssl=1&resize=700%2C400 2x, https:\/\/i0.wp.com\/cepronda.com\/blog\/wp-content\/uploads\/2024\/03\/WhatsApp-Image-2024-03-18-at-13.32.28.jpeg?fit=1199%2C1200&ssl=1&resize=1050%2C600 3x"},"classes":[]},{"id":7851,"url":"https:\/\/cepronda.com\/blog\/formaciones-para-ensenanzas-artisticas-danza\/","url_meta":{"origin":5610,"position":3},"title":"FORMACIONES PARA ENSE\u00d1ANZAS ART\u00cdSTICAS. DANZA.","author":"Mamen Moreno","date":"6 noviembre, 2024","format":false,"excerpt":"\u00a0III JORNADAS DE INVESTIGACI\u00d3N EN DANZA DEL CONSERVATORIO SUPERIOR \u00c1NGEL PERICET \u00a0Inscripci\u00f3n: hasta el 14\/11\/2024 \u00a0Actividad: 27\/11\/2024 - 28\/11\/2024 \u00a0Duraci\u00f3n: 10 horas presenciales \u00a0M\u00e1s informaci\u00f3n:\u00a0https:\/\/www.juntadeandalucia.es\/educacion\/secretariavirtual\/consultaCEP\/actividad\/252922GE080\/ \u00a0RECOPILACI\u00d3N DEL REPERTORIO DE LA DANZA ESPA\u00d1OLA \u00a0Inscripci\u00f3n: hasta el 11\/11\/2024 \u00a0Actividad: 19\/11\/2024 - 22\/11\/2024 \u00a0Duraci\u00f3n: 12 Presenciales \u00a0M\u00e1s informaci\u00f3n:\u00a0https:\/\/www.juntadeandalucia.es\/educacion\/secretariavirtual\/consultaCEP\/actividad\/252922GE081\/ \u00a0 \u00a0METODOLOG\u00cdA DE LA DANZA\u2026","rel":"","context":"En \u00abFormaciones\u00bb","block_context":{"text":"Formaciones","link":"https:\/\/cepronda.com\/blog\/category\/formaciones\/"},"img":{"alt_text":"","src":"https:\/\/i0.wp.com\/cepronda.com\/blog\/wp-content\/uploads\/2024\/11\/WhatsApp-Image-2024-10-31-at-12.46.27.jpeg?fit=1080%2C1080&ssl=1&resize=350%2C200","width":350,"height":200,"srcset":"https:\/\/i0.wp.com\/cepronda.com\/blog\/wp-content\/uploads\/2024\/11\/WhatsApp-Image-2024-10-31-at-12.46.27.jpeg?fit=1080%2C1080&ssl=1&resize=350%2C200 1x, https:\/\/i0.wp.com\/cepronda.com\/blog\/wp-content\/uploads\/2024\/11\/WhatsApp-Image-2024-10-31-at-12.46.27.jpeg?fit=1080%2C1080&ssl=1&resize=525%2C300 1.5x, https:\/\/i0.wp.com\/cepronda.com\/blog\/wp-content\/uploads\/2024\/11\/WhatsApp-Image-2024-10-31-at-12.46.27.jpeg?fit=1080%2C1080&ssl=1&resize=700%2C400 2x, https:\/\/i0.wp.com\/cepronda.com\/blog\/wp-content\/uploads\/2024\/11\/WhatsApp-Image-2024-10-31-at-12.46.27.jpeg?fit=1080%2C1080&ssl=1&resize=1050%2C600 3x"},"classes":[]},{"id":8255,"url":"https:\/\/cepronda.com\/blog\/jornadas-formativas-de-ensenanzas-de-regimen-especial-y-de-educacion-permanente-de-la-orientacion-educativa-con-codigo-259922oe010\/","url_meta":{"origin":5610,"position":4},"title":"JORNADAS FORMATIVAS DE ENSE\u00d1ANZAS DE R\u00c9GIMEN ESPECIAL Y DE EDUCACI\u00d3N PERMANENTE","author":"Inmaculada Garc\u00eda","date":"3 marzo, 2025","format":false,"excerpt":"Abierto el plazo de inscripci\u00f3n a las Jornadas Provinciales: JORNADAS FORMATIVAS DE ENSE\u00d1ANZAS DE R\u00c9GIMEN ESPECIAL Y DE EDUCACI\u00d3N PERMANENTE DE LA ORIENTACI\u00d3N EDUCATIVA, con c\u00f3digo: 259922OE010. Con una duraci\u00f3n de 8 horas presenciales. Dirigido a Profesorado de la especialidad de Orientaci\u00f3n Educativa, de centros p\u00fablicos y concertados (sostenidos con\u2026","rel":"","context":"En \u00abFormaciones\u00bb","block_context":{"text":"Formaciones","link":"https:\/\/cepronda.com\/blog\/category\/formaciones\/"},"img":{"alt_text":"","src":"https:\/\/i0.wp.com\/cepronda.com\/blog\/wp-content\/uploads\/2025\/03\/WhatsApp-Image-2025-03-03-at-13.03.49.jpeg?fit=1080%2C1080&ssl=1&resize=350%2C200","width":350,"height":200,"srcset":"https:\/\/i0.wp.com\/cepronda.com\/blog\/wp-content\/uploads\/2025\/03\/WhatsApp-Image-2025-03-03-at-13.03.49.jpeg?fit=1080%2C1080&ssl=1&resize=350%2C200 1x, https:\/\/i0.wp.com\/cepronda.com\/blog\/wp-content\/uploads\/2025\/03\/WhatsApp-Image-2025-03-03-at-13.03.49.jpeg?fit=1080%2C1080&ssl=1&resize=525%2C300 1.5x, https:\/\/i0.wp.com\/cepronda.com\/blog\/wp-content\/uploads\/2025\/03\/WhatsApp-Image-2025-03-03-at-13.03.49.jpeg?fit=1080%2C1080&ssl=1&resize=700%2C400 2x, https:\/\/i0.wp.com\/cepronda.com\/blog\/wp-content\/uploads\/2025\/03\/WhatsApp-Image-2025-03-03-at-13.03.49.jpeg?fit=1080%2C1080&ssl=1&resize=1050%2C600 3x"},"classes":[]},{"id":1597,"url":"https:\/\/cepronda.com\/blog\/cuaderno-iseneca-en-el-ceip-juan-martin-pinzon\/","url_meta":{"origin":5610,"position":5},"title":"CUADERNO ISENECA EN EL CEIP JUAN MART\u00cdN PINZ\u00d3N","author":"V\u00edctor Caballero","date":"6 febrero, 2018","format":false,"excerpt":"Hola familia,\u00a0 Abrimos este curso para resto de profesorado interesado en conocer el uso del cuaderno IS\u00e9neca. Est\u00e1 orientado para profesorado de Educaci\u00f3n Primaria e Infantil.\u00a0 Toda la informaci\u00f3n la ten\u00e9is en el siguiente enlace o bien haciendo clic en la imagen.","rel":"","context":"En \u00abFormaciones\u00bb","block_context":{"text":"Formaciones","link":"https:\/\/cepronda.com\/blog\/category\/formaciones\/"},"img":{"alt_text":"","src":"https:\/\/i0.wp.com\/cepronda.com\/blog\/wp-content\/uploads\/2017\/05\/CvIM0y6WcAA7hen.jpg?fit=673%2C305&ssl=1&resize=350%2C200","width":350,"height":200,"srcset":"https:\/\/i0.wp.com\/cepronda.com\/blog\/wp-content\/uploads\/2017\/05\/CvIM0y6WcAA7hen.jpg?fit=673%2C305&ssl=1&resize=350%2C200 1x, https:\/\/i0.wp.com\/cepronda.com\/blog\/wp-content\/uploads\/2017\/05\/CvIM0y6WcAA7hen.jpg?fit=673%2C305&ssl=1&resize=525%2C300 1.5x"},"classes":[]}],"jetpack_sharing_enabled":true,"_links":{"self":[{"href":"https:\/\/cepronda.com\/blog\/wp-json\/wp\/v2\/posts\/5610","targetHints":{"allow":["GET"]}}],"collection":[{"href":"https:\/\/cepronda.com\/blog\/wp-json\/wp\/v2\/posts"}],"about":[{"href":"https:\/\/cepronda.com\/blog\/wp-json\/wp\/v2\/types\/post"}],"author":[{"embeddable":true,"href":"https:\/\/cepronda.com\/blog\/wp-json\/wp\/v2\/users\/10"}],"replies":[{"embeddable":true,"href":"https:\/\/cepronda.com\/blog\/wp-json\/wp\/v2\/comments?post=5610"}],"version-history":[{"count":2,"href":"https:\/\/cepronda.com\/blog\/wp-json\/wp\/v2\/posts\/5610\/revisions"}],"predecessor-version":[{"id":5614,"href":"https:\/\/cepronda.com\/blog\/wp-json\/wp\/v2\/posts\/5610\/revisions\/5614"}],"wp:featuredmedia":[{"embeddable":true,"href":"https:\/\/cepronda.com\/blog\/wp-json\/wp\/v2\/media\/5612"}],"wp:attachment":[{"href":"https:\/\/cepronda.com\/blog\/wp-json\/wp\/v2\/media?parent=5610"}],"wp:term":[{"taxonomy":"category","embeddable":true,"href":"https:\/\/cepronda.com\/blog\/wp-json\/wp\/v2\/categories?post=5610"},{"taxonomy":"post_tag","embeddable":true,"href":"https:\/\/cepronda.com\/blog\/wp-json\/wp\/v2\/tags?post=5610"}],"curies":[{"name":"wp","href":"https:\/\/api.w.org\/{rel}","templated":true}]}}