{"id":5543,"date":"2022-10-31T17:19:47","date_gmt":"2022-10-31T16:19:47","guid":{"rendered":"http:\/\/cepronda.com\/blog\/?p=5543"},"modified":"2025-04-28T12:14:29","modified_gmt":"2025-04-28T10:14:29","slug":"5543-2","status":"publish","type":"post","link":"https:\/\/cepronda.com\/blog\/5543-2\/","title":{"rendered":"PRIMEROS AUXILIOS Y PREVENCI\u00d3N DE INCENDIOS. AUTOPROTECCI\u00d3N EN CENTROS."},"content":{"rendered":"<p>Os informamos que est\u00e1 abierto el plazo de inscripci\u00f3n en el curso&nbsp;<strong>Primeros auxilios y Prevenci\u00f3n de incendios. Autoprotecci\u00f3n en centros <\/strong>con c\u00f3digo 232924GE027.<\/p>\n<p><strong>Fechas de inscripci\u00f3n<\/strong> : 31\/10\/2022 hasta el 4\/11\/2022.<\/p>\n<p><strong>Fecha de inicio<\/strong>: 07\/11\/2022<\/p>\n<p><strong>Fecha finalizaci\u00f3n<\/strong>: 28\/11\/2022<\/p>\n<p><strong>Horas<\/strong>: 10 horas (9 hora presenciales y 1 hora no presencial)<\/p>\n<p><strong>Lugar de realizaci\u00f3n<\/strong>: CEIP Guzm\u00e1n el Bueno (GAUC\u00cdN).<\/p>\n<p>Para m\u00e1s informaci\u00f3n e inscripci\u00f3n, consulta el siguiente&nbsp;<a href=\"https:\/\/www.juntadeandalucia.es\/educacion\/secretariavirtual\/consultaCEP\/actividad\/232924GE027\/\">enlace<\/a>&nbsp;.&nbsp;<\/p>\n<p>Un saludo.<\/p>\n<div id=\"genially-animated-e237c4ae-4a1b-4eff-ab98-f4f691f04fa0\" class=\"genially-animated-wrapper\" data-initial-left=\"27.172582616867345px\" data-initial-top=\"172.56249106121282px\" data-genially-animation-target-with-slot=\"e237c4ae-4a1b-4eff-ab98-f4f691f04fa0;0\">\n<div id=\"e237c4ae-4a1b-4eff-ab98-f4f691f04fa0\" class=\"genially-view-item genially-view-text text-align-left interparagraph_small genially-view-text-indent-list-v4 genially-view-text-indent-paragraph-v5\" data-cy=\"textItemView\" data-genially-id=\"62ce7e2f89ac780018ecba71\">\n<p><img data-recalc-dims=\"1\" loading=\"lazy\" decoding=\"async\" class=\"size-medium wp-image-5544 aligncenter\" src=\"https:\/\/i0.wp.com\/cepronda.com\/blog\/wp-content\/uploads\/2022\/10\/803ccdc3-6c7f-47bf-a726-059afc0ee7f2-212x300.jpg?resize=212%2C300\" alt=\"\" width=\"212\" height=\"300\" srcset=\"https:\/\/i0.wp.com\/cepronda.com\/blog\/wp-content\/uploads\/2022\/10\/803ccdc3-6c7f-47bf-a726-059afc0ee7f2.jpg?resize=212%2C300&amp;ssl=1 212w, https:\/\/i0.wp.com\/cepronda.com\/blog\/wp-content\/uploads\/2022\/10\/803ccdc3-6c7f-47bf-a726-059afc0ee7f2.jpg?resize=724%2C1024&amp;ssl=1 724w, https:\/\/i0.wp.com\/cepronda.com\/blog\/wp-content\/uploads\/2022\/10\/803ccdc3-6c7f-47bf-a726-059afc0ee7f2.jpg?resize=768%2C1086&amp;ssl=1 768w, https:\/\/i0.wp.com\/cepronda.com\/blog\/wp-content\/uploads\/2022\/10\/803ccdc3-6c7f-47bf-a726-059afc0ee7f2.jpg?resize=1086%2C1536&amp;ssl=1 1086w, https:\/\/i0.wp.com\/cepronda.com\/blog\/wp-content\/uploads\/2022\/10\/803ccdc3-6c7f-47bf-a726-059afc0ee7f2.jpg?w=1131&amp;ssl=1 1131w\" sizes=\"auto, (max-width: 212px) 100vw, 212px\" \/><\/p>\n<\/div>\n<\/div>\n","protected":false},"excerpt":{"rendered":"<p>Os informamos que est\u00e1 abierto el plazo de inscripci\u00f3n en el curso&nbsp;Primeros auxilios y Prevenci\u00f3n de incendios. Autoprotecci\u00f3n en centros con c\u00f3digo 232924GE027. Fechas de inscripci\u00f3n : 31\/10\/2022 hasta el 4\/11\/2022. Fecha de inicio: 07\/11\/2022 Fecha finalizaci\u00f3n: 28\/11\/2022 Horas: 10 horas (9 hora presenciales y 1 hora no presencial) Lugar de realizaci\u00f3n: CEIP Guzm\u00e1n el [&hellip;]<\/p>\n","protected":false},"author":13,"featured_media":5544,"comment_status":"closed","ping_status":"open","sticky":false,"template":"","format":"standard","meta":{"_crdt_document":"","advanced_seo_description":"","jetpack_seo_html_title":"","jetpack_seo_noindex":false,"jetpack_post_was_ever_published":false,"_jetpack_newsletter_access":"","_jetpack_dont_email_post_to_subs":false,"_jetpack_newsletter_tier_id":0,"_jetpack_memberships_contains_paywalled_content":false,"_jetpack_memberships_contains_paid_content":false,"footnotes":"","jetpack_publicize_message":"","jetpack_publicize_feature_enabled":true,"jetpack_social_post_already_shared":false,"jetpack_social_options":{"image_generator_settings":{"template":"highway","default_image_id":0,"font":"","enabled":false},"version":2}},"categories":[3],"tags":[116],"class_list":{"0":"post-5543","1":"post","2":"type-post","3":"status-publish","4":"format-standard","5":"has-post-thumbnail","7":"category-formaciones","8":"tag-primeros-auxilios","9":"czr-hentry"},"jetpack_publicize_connections":[],"jetpack_featured_media_url":"https:\/\/i0.wp.com\/cepronda.com\/blog\/wp-content\/uploads\/2022\/10\/803ccdc3-6c7f-47bf-a726-059afc0ee7f2.jpg?fit=1131%2C1600&ssl=1","jetpack_shortlink":"https:\/\/wp.me\/p8M4X7-1rp","jetpack-related-posts":[{"id":7199,"url":"https:\/\/cepronda.com\/blog\/primeros-auxilios-y-prevencion-de-incendios-1a-edicion\/","url_meta":{"origin":5543,"position":0},"title":"PRIMEROS AUXILIOS Y PREVENCI\u00d3N DE INCENDIOS. 1\u00aa EDICI\u00d3N","author":"Mamen Moreno","date":"7 noviembre, 2023","format":false,"excerpt":"Abierto el plazo de inscripci\u00f3n para la formaci\u00f3n \u201cPRIMEROS AUXILIOS Y PREVENCI\u00d3N DE INCENDIOS. 1\u00aa EDICI\u00d3N\u201d (242924GE028) Duraci\u00f3n de la actividad 8 horas: 6 horas presenciales y 2 no presenciales. Lugar de realizaci\u00f3n: Sal\u00f3n de Actos del CEP de Ronda y Parque de bomberos. Fecha inscripci\u00f3n: 7\/11\/2023 hasta 27\/11\/2023 Fecha\u2026","rel":"","context":"En \u00abFormaciones\u00bb","block_context":{"text":"Formaciones","link":"https:\/\/cepronda.com\/blog\/category\/formaciones\/"},"img":{"alt_text":"","src":"https:\/\/i0.wp.com\/cepronda.com\/blog\/wp-content\/uploads\/2023\/11\/Copia-de-Nuevo-taller-ceramica-y-hh-codigo-242924GE020.jpg?fit=1080%2C1080&ssl=1&resize=350%2C200","width":350,"height":200,"srcset":"https:\/\/i0.wp.com\/cepronda.com\/blog\/wp-content\/uploads\/2023\/11\/Copia-de-Nuevo-taller-ceramica-y-hh-codigo-242924GE020.jpg?fit=1080%2C1080&ssl=1&resize=350%2C200 1x, https:\/\/i0.wp.com\/cepronda.com\/blog\/wp-content\/uploads\/2023\/11\/Copia-de-Nuevo-taller-ceramica-y-hh-codigo-242924GE020.jpg?fit=1080%2C1080&ssl=1&resize=525%2C300 1.5x, https:\/\/i0.wp.com\/cepronda.com\/blog\/wp-content\/uploads\/2023\/11\/Copia-de-Nuevo-taller-ceramica-y-hh-codigo-242924GE020.jpg?fit=1080%2C1080&ssl=1&resize=700%2C400 2x, https:\/\/i0.wp.com\/cepronda.com\/blog\/wp-content\/uploads\/2023\/11\/Copia-de-Nuevo-taller-ceramica-y-hh-codigo-242924GE020.jpg?fit=1080%2C1080&ssl=1&resize=1050%2C600 3x"},"classes":[]},{"id":7351,"url":"https:\/\/cepronda.com\/blog\/primeros-auxilios-y-prevencion-de-incendios-2a-edicion\/","url_meta":{"origin":5543,"position":1},"title":"PRIMEROS AUXILIOS Y PREVENCI\u00d3N DE INCENDIOS. 2\u00aa EDICI\u00d3N","author":"Mamen Moreno","date":"15 enero, 2024","format":false,"excerpt":"Os informamos que se encuentra abierto el plazo de inscripci\u00f3n para la formaci\u00f3n \u201cPRIMEROS AUXILIOS Y PREVENCI\u00d3N DE INCENDIOS. 2\u00aa EDICI\u00d3N\u201d (242924GE029) Duraci\u00f3n de la actividad\u00a08 horas: 6 horas presenciales y 2 no presenciales. Lugar de realizaci\u00f3n: Sal\u00f3n de Actos del CEP de Ronda y Parque de bomberos. Fecha inscripci\u00f3n:\u2026","rel":"","context":"En \u00abFormaciones\u00bb","block_context":{"text":"Formaciones","link":"https:\/\/cepronda.com\/blog\/category\/formaciones\/"},"img":{"alt_text":"","src":"https:\/\/i0.wp.com\/cepronda.com\/blog\/wp-content\/uploads\/2024\/01\/PRIMEROS-AXILIOS.jpg?fit=1080%2C1080&ssl=1&resize=350%2C200","width":350,"height":200,"srcset":"https:\/\/i0.wp.com\/cepronda.com\/blog\/wp-content\/uploads\/2024\/01\/PRIMEROS-AXILIOS.jpg?fit=1080%2C1080&ssl=1&resize=350%2C200 1x, https:\/\/i0.wp.com\/cepronda.com\/blog\/wp-content\/uploads\/2024\/01\/PRIMEROS-AXILIOS.jpg?fit=1080%2C1080&ssl=1&resize=525%2C300 1.5x, https:\/\/i0.wp.com\/cepronda.com\/blog\/wp-content\/uploads\/2024\/01\/PRIMEROS-AXILIOS.jpg?fit=1080%2C1080&ssl=1&resize=700%2C400 2x, https:\/\/i0.wp.com\/cepronda.com\/blog\/wp-content\/uploads\/2024\/01\/PRIMEROS-AXILIOS.jpg?fit=1080%2C1080&ssl=1&resize=1050%2C600 3x"},"classes":[]},{"id":9381,"url":"https:\/\/cepronda.com\/blog\/primeros-auxilios-y-prevencion-del-consumo-de-nicotina-en-la-comunidad-educativa\/","url_meta":{"origin":5543,"position":2},"title":"PRIMEROS AUXILIOS Y PREVENCI\u00d3N DEL CONSUMO DE NICOTINA EN LA COMUNIDAD EDUCATIVA","author":"Inmaculada Garc\u00eda","date":"18 febrero, 2026","format":false,"excerpt":"Se encuentra abierto el plazo de inscripci\u00f3n a la actividad \"PRIMEROS AUXILIOS Y PREVENCI\u00d3N DEL CONSUMO DE NICOTINA EN LA COMUNIDAD EDUCATIVA'', con c\u00f3digo: 262924GE054. \u00a0 \u00a0Inscripci\u00f3n: del 18\/02\/2026 al 06\/03\/2026. \u00a0 Fecha de la actividad: 10 y 11 de marzo de 2026. \u00a0 \u23f1 Duraci\u00f3n: 6 h presenciales +\u2026","rel":"","context":"En \u00abFormaciones\u00bb","block_context":{"text":"Formaciones","link":"https:\/\/cepronda.com\/blog\/category\/formaciones\/"},"img":{"alt_text":"","src":"https:\/\/i0.wp.com\/cepronda.com\/blog\/wp-content\/uploads\/2026\/02\/WhatsApp-Image-2026-02-18-at-09.42.13.jpeg?fit=960%2C1200&ssl=1&resize=350%2C200","width":350,"height":200,"srcset":"https:\/\/i0.wp.com\/cepronda.com\/blog\/wp-content\/uploads\/2026\/02\/WhatsApp-Image-2026-02-18-at-09.42.13.jpeg?fit=960%2C1200&ssl=1&resize=350%2C200 1x, https:\/\/i0.wp.com\/cepronda.com\/blog\/wp-content\/uploads\/2026\/02\/WhatsApp-Image-2026-02-18-at-09.42.13.jpeg?fit=960%2C1200&ssl=1&resize=525%2C300 1.5x, https:\/\/i0.wp.com\/cepronda.com\/blog\/wp-content\/uploads\/2026\/02\/WhatsApp-Image-2026-02-18-at-09.42.13.jpeg?fit=960%2C1200&ssl=1&resize=700%2C400 2x"},"classes":[]},{"id":2581,"url":"https:\/\/cepronda.com\/blog\/primeros-auxilios-y-actuacion-en-incendios-en-centros-educativos\/","url_meta":{"origin":5543,"position":3},"title":"PRIMEROS AUXILIOS Y ACTUACI\u00d3N EN INCENDIOS EN CENTROS EDUCATIVOS","author":"V\u00edctor Caballero","date":"15 enero, 2019","format":false,"excerpt":"\u00a1Hola! Sabemos que una de vuestras peticiones de formaci\u00f3n cada curso, casi siempre va relacionada con los primeros auxilios. Es por ello por lo que se ha decidido dise\u00f1ar esta actividad formativa. Para ver los detalles e inscribiros en la misma, s\u00f3lo ten\u00e9is que seguir este enlace.","rel":"","context":"En \u00abNoticias\u00bb","block_context":{"text":"Noticias","link":"https:\/\/cepronda.com\/blog\/category\/noticias\/"},"img":{"alt_text":"","src":"https:\/\/i0.wp.com\/cepronda.com\/blog\/wp-content\/uploads\/2019\/01\/first-aid-3082670_1920.jpg?resize=350%2C200&ssl=1","width":350,"height":200,"srcset":"https:\/\/i0.wp.com\/cepronda.com\/blog\/wp-content\/uploads\/2019\/01\/first-aid-3082670_1920.jpg?resize=350%2C200&ssl=1 1x, https:\/\/i0.wp.com\/cepronda.com\/blog\/wp-content\/uploads\/2019\/01\/first-aid-3082670_1920.jpg?resize=525%2C300&ssl=1 1.5x, https:\/\/i0.wp.com\/cepronda.com\/blog\/wp-content\/uploads\/2019\/01\/first-aid-3082670_1920.jpg?resize=700%2C400&ssl=1 2x, https:\/\/i0.wp.com\/cepronda.com\/blog\/wp-content\/uploads\/2019\/01\/first-aid-3082670_1920.jpg?resize=1050%2C600&ssl=1 3x, https:\/\/i0.wp.com\/cepronda.com\/blog\/wp-content\/uploads\/2019\/01\/first-aid-3082670_1920.jpg?resize=1400%2C800&ssl=1 4x"},"classes":[]},{"id":5706,"url":"https:\/\/cepronda.com\/blog\/plan-de-autoproteccion-de-los-centros-y-modulo-de-prevencion-de-riesgos-laborales-en-seneca-taller-practico-para-las-coordinaciones-del-plan-de-seguridad-y-salud-laboral-232922ge104\/","url_meta":{"origin":5543,"position":4},"title":"PLAN DE AUTOPROTECCI\u00d3N DE LOS CENTROS Y M\u00d3DULO DE PREVENCI\u00d3N DE RIESGOS LABORALES EN S\u00c9NECA: TALLER PR\u00c1CTICO PARA LAS COORDINACIONES DEL PLAN DE SEGURIDAD Y SALUD LABORAL (232922GE104)","author":"Inmaculada Garc\u00eda","date":"18 enero, 2023","format":false,"excerpt":"Estimado\/a compa\u00f1ero\/a, Te informo que se encuentra abierta la inscripci\u00f3n al curso provincial, organizado por el CEP de M\u00e1laga: PLAN DE AUTOPROTECCI\u00d3N DE LOS CENTROS Y M\u00d3DULO DE PREVENCI\u00d3N DE RIESGOS LABORALES EN S\u00c9NECA: TALLER PR\u00c1CTICO PARA LAS COORDINACIONES DEL PLAN DE SEGURIDAD Y SALUD LABORAL C\u00f3digo: 232922GE104 Inscripciones: desde\u2026","rel":"","context":"En \u00abFormaciones\u00bb","block_context":{"text":"Formaciones","link":"https:\/\/cepronda.com\/blog\/category\/formaciones\/"},"img":{"alt_text":"","src":"https:\/\/i0.wp.com\/cepronda.com\/blog\/wp-content\/uploads\/2023\/01\/WhatsApp-Image-2023-01-18-at-13.32.01.jpeg?fit=1080%2C1080&ssl=1&resize=350%2C200","width":350,"height":200,"srcset":"https:\/\/i0.wp.com\/cepronda.com\/blog\/wp-content\/uploads\/2023\/01\/WhatsApp-Image-2023-01-18-at-13.32.01.jpeg?fit=1080%2C1080&ssl=1&resize=350%2C200 1x, https:\/\/i0.wp.com\/cepronda.com\/blog\/wp-content\/uploads\/2023\/01\/WhatsApp-Image-2023-01-18-at-13.32.01.jpeg?fit=1080%2C1080&ssl=1&resize=525%2C300 1.5x, https:\/\/i0.wp.com\/cepronda.com\/blog\/wp-content\/uploads\/2023\/01\/WhatsApp-Image-2023-01-18-at-13.32.01.jpeg?fit=1080%2C1080&ssl=1&resize=700%2C400 2x, https:\/\/i0.wp.com\/cepronda.com\/blog\/wp-content\/uploads\/2023\/01\/WhatsApp-Image-2023-01-18-at-13.32.01.jpeg?fit=1080%2C1080&ssl=1&resize=1050%2C600 3x"},"classes":[]},{"id":3368,"url":"https:\/\/cepronda.com\/blog\/primeros-auxilios-en-centros-docentes\/","url_meta":{"origin":5543,"position":5},"title":"PRIMEROS AUXILIOS EN CENTROS DOCENTES","author":"V\u00edctor Caballero","date":"27 enero, 2020","format":false,"excerpt":"Muy buenas familia, Abrimos la inscripci\u00f3n para esta actividad, que sabemos que ser\u00e1 de vuestro inter\u00e9s. Con el curso se persigue integrar los conocimientos te\u00f3ricos y metodol\u00f3gicos adecuados sobre los primeros auxilios, para resolver cualquier situaci\u00f3n inesperada en el \u00e1mbito escolar, as\u00ed como en nuestra vida diaria, adem\u00e1s de adquirir\u2026","rel":"","context":"En \u00abFormaciones\u00bb","block_context":{"text":"Formaciones","link":"https:\/\/cepronda.com\/blog\/category\/formaciones\/"},"img":{"alt_text":"","src":"https:\/\/i0.wp.com\/cepronda.com\/blog\/wp-content\/uploads\/2018\/02\/first-aid-1040283_640.png?fit=639%2C640&ssl=1&resize=350%2C200","width":350,"height":200,"srcset":"https:\/\/i0.wp.com\/cepronda.com\/blog\/wp-content\/uploads\/2018\/02\/first-aid-1040283_640.png?fit=639%2C640&ssl=1&resize=350%2C200 1x, https:\/\/i0.wp.com\/cepronda.com\/blog\/wp-content\/uploads\/2018\/02\/first-aid-1040283_640.png?fit=639%2C640&ssl=1&resize=525%2C300 1.5x"},"classes":[]}],"jetpack_sharing_enabled":true,"_links":{"self":[{"href":"https:\/\/cepronda.com\/blog\/wp-json\/wp\/v2\/posts\/5543","targetHints":{"allow":["GET"]}}],"collection":[{"href":"https:\/\/cepronda.com\/blog\/wp-json\/wp\/v2\/posts"}],"about":[{"href":"https:\/\/cepronda.com\/blog\/wp-json\/wp\/v2\/types\/post"}],"author":[{"embeddable":true,"href":"https:\/\/cepronda.com\/blog\/wp-json\/wp\/v2\/users\/13"}],"replies":[{"embeddable":true,"href":"https:\/\/cepronda.com\/blog\/wp-json\/wp\/v2\/comments?post=5543"}],"version-history":[{"count":2,"href":"https:\/\/cepronda.com\/blog\/wp-json\/wp\/v2\/posts\/5543\/revisions"}],"predecessor-version":[{"id":5546,"href":"https:\/\/cepronda.com\/blog\/wp-json\/wp\/v2\/posts\/5543\/revisions\/5546"}],"wp:featuredmedia":[{"embeddable":true,"href":"https:\/\/cepronda.com\/blog\/wp-json\/wp\/v2\/media\/5544"}],"wp:attachment":[{"href":"https:\/\/cepronda.com\/blog\/wp-json\/wp\/v2\/media?parent=5543"}],"wp:term":[{"taxonomy":"category","embeddable":true,"href":"https:\/\/cepronda.com\/blog\/wp-json\/wp\/v2\/categories?post=5543"},{"taxonomy":"post_tag","embeddable":true,"href":"https:\/\/cepronda.com\/blog\/wp-json\/wp\/v2\/tags?post=5543"}],"curies":[{"name":"wp","href":"https:\/\/api.w.org\/{rel}","templated":true}]}}