{"id":5515,"date":"2022-09-28T11:42:50","date_gmt":"2022-09-28T09:42:50","guid":{"rendered":"http:\/\/cepronda.com\/blog\/?p=5515"},"modified":"2025-02-21T11:09:22","modified_gmt":"2025-02-21T10:09:22","slug":"estrategias-de-implementacion-de-un-saac-desde-la-metodologia-del-lenguaje-natural-asistido-software-verbo-nivel-1","status":"publish","type":"post","link":"https:\/\/cepronda.com\/blog\/estrategias-de-implementacion-de-un-saac-desde-la-metodologia-del-lenguaje-natural-asistido-software-verbo-nivel-1\/","title":{"rendered":"Estrategias de implementaci\u00f3n de un SAAC desde la metodolog\u00eda del lenguaje natural asistido (Software VERBO). Nivel 1"},"content":{"rendered":"<p>Buenas d\u00edas, compa\u00f1eras y compa\u00f1eros.<\/p>\n<p>Os&nbsp; informamos que est\u00e1 abierto el plazo de inscripci\u00f3n en el curso provincial presencial:&nbsp; \u00ab<strong>Estrategias de implementaci\u00f3n de un SAAC desde la metodolog\u00eda del lenguaje natural asistido (Software VERBO). Nivel 1&#8243;<\/strong>, con c\u00f3digo <strong>232922GE064<\/strong>, de 30 horas de duraci\u00f3n.<\/p>\n<ul class=\"list-group\">\n<li class=\"list-group-item\"><b>Fecha inscripci\u00f3n:<\/b> 19\/09\/22 al 30\/09\/22<\/li>\n<li><b>Fecha actividad:<\/b> 20\/10\/22 al 25\/05\/2023<\/li>\n<\/ul>\n<p>Para m\u00e1s informaci\u00f3n e inscripci\u00f3n, consulta el siguiente&nbsp;<a href=\"https:\/\/www.juntadeandalucia.es\/educacion\/secretariavirtual\/consultaCEP\/actividad\/232922GE064\/\">enlace&nbsp;&nbsp;<\/a><\/p>\n<p>Deseamos que sea de vuestro inter\u00e9s.<\/p>\n<p>Un saludo<\/p>\n<p><img data-recalc-dims=\"1\" loading=\"lazy\" decoding=\"async\" class=\" wp-image-5517 aligncenter\" src=\"https:\/\/i0.wp.com\/cepronda.com\/blog\/wp-content\/uploads\/2022\/09\/WhatsApp-Image-2022-09-16-at-13.18.39-300x300.jpeg?resize=426%2C426\" alt=\"\" width=\"426\" height=\"426\" srcset=\"https:\/\/i0.wp.com\/cepronda.com\/blog\/wp-content\/uploads\/2022\/09\/WhatsApp-Image-2022-09-16-at-13.18.39.jpeg?resize=300%2C300&amp;ssl=1 300w, https:\/\/i0.wp.com\/cepronda.com\/blog\/wp-content\/uploads\/2022\/09\/WhatsApp-Image-2022-09-16-at-13.18.39.jpeg?resize=1024%2C1024&amp;ssl=1 1024w, https:\/\/i0.wp.com\/cepronda.com\/blog\/wp-content\/uploads\/2022\/09\/WhatsApp-Image-2022-09-16-at-13.18.39.jpeg?resize=150%2C150&amp;ssl=1 150w, https:\/\/i0.wp.com\/cepronda.com\/blog\/wp-content\/uploads\/2022\/09\/WhatsApp-Image-2022-09-16-at-13.18.39.jpeg?resize=768%2C768&amp;ssl=1 768w, https:\/\/i0.wp.com\/cepronda.com\/blog\/wp-content\/uploads\/2022\/09\/WhatsApp-Image-2022-09-16-at-13.18.39.jpeg?resize=50%2C50&amp;ssl=1 50w, https:\/\/i0.wp.com\/cepronda.com\/blog\/wp-content\/uploads\/2022\/09\/WhatsApp-Image-2022-09-16-at-13.18.39.jpeg?w=1080&amp;ssl=1 1080w\" sizes=\"auto, (max-width: 426px) 100vw, 426px\" \/><\/p>\n<p>&nbsp;<\/p>\n","protected":false},"excerpt":{"rendered":"<p>Buenas d\u00edas, compa\u00f1eras y compa\u00f1eros. Os&nbsp; informamos que est\u00e1 abierto el plazo de inscripci\u00f3n en el curso provincial presencial:&nbsp; \u00abEstrategias de implementaci\u00f3n de un SAAC desde la metodolog\u00eda del lenguaje natural asistido (Software VERBO). Nivel 1&#8243;, con c\u00f3digo 232922GE064, de 30 horas de duraci\u00f3n. Fecha inscripci\u00f3n: 19\/09\/22 al 30\/09\/22 Fecha actividad: 20\/10\/22 al 25\/05\/2023 Para [&hellip;]<\/p>\n","protected":false},"author":9,"featured_media":5517,"comment_status":"closed","ping_status":"open","sticky":false,"template":"","format":"standard","meta":{"_crdt_document":"","advanced_seo_description":"","jetpack_seo_html_title":"","jetpack_seo_noindex":false,"jetpack_post_was_ever_published":false,"_jetpack_newsletter_access":"","_jetpack_dont_email_post_to_subs":false,"_jetpack_newsletter_tier_id":0,"_jetpack_memberships_contains_paywalled_content":false,"_jetpack_memberships_contains_paid_content":false,"footnotes":"","jetpack_publicize_message":"","jetpack_publicize_feature_enabled":true,"jetpack_social_post_already_shared":false,"jetpack_social_options":{"image_generator_settings":{"template":"highway","default_image_id":0,"font":"","enabled":false},"version":2}},"categories":[3],"tags":[126],"class_list":{"0":"post-5515","1":"post","2":"type-post","3":"status-publish","4":"format-standard","5":"has-post-thumbnail","7":"category-formaciones","8":"tag-atencion-a-la-diversidad","9":"czr-hentry"},"jetpack_publicize_connections":[],"jetpack_featured_media_url":"https:\/\/i0.wp.com\/cepronda.com\/blog\/wp-content\/uploads\/2022\/09\/WhatsApp-Image-2022-09-16-at-13.18.39.jpeg?fit=1080%2C1080&ssl=1","jetpack_shortlink":"https:\/\/wp.me\/p8M4X7-1qX","jetpack-related-posts":[{"id":8018,"url":"https:\/\/cepronda.com\/blog\/curso-estrategias-de-implementacion-de-un-saac-desde-la-metodologia-del-lenguaje-natural-asistido-software-verbo-nivel-i-con-codigo-252923ge802\/","url_meta":{"origin":5515,"position":0},"title":"CURSO ESTRATEGIAS DE IMPLEMENTACI\u00d3N DE UN SAAC DESDE LA METODOLOG\u00cdA DEL LENGUAJE NATURAL ASISTIDO (Software verbo) NIVEL I, con c\u00f3digo 252923GE802.","author":"Inmaculada Garc\u00eda","date":"9 enero, 2025","format":false,"excerpt":"Abierto el plazo de inscripci\u00f3n para la actividad a distancia provincial: ESTRATEGIAS DE IMPLEMENTACI\u00d3N DE UN SAAC DESDE LA METODOLOG\u00cdA DEL LENGUAJE NATURAL ASISTIDO (Software verbo) NIVEL I, con c\u00f3digo 252923GE802. Lugar de realizaci\u00f3n: AVFP. \u00a0 Fecha actividad: 30\/01\/2025 hasta 27\/03\/2025 Fecha inscripci\u00f3n: 09\/01\/2025 hasta 22\/01\/2025 \u00a0 M\u00e1s informaci\u00f3n e\u2026","rel":"","context":"En \u00abFormaciones\u00bb","block_context":{"text":"Formaciones","link":"https:\/\/cepronda.com\/blog\/category\/formaciones\/"},"img":{"alt_text":"","src":"https:\/\/i0.wp.com\/cepronda.com\/blog\/wp-content\/uploads\/2025\/01\/cartel-estrategias-saac.jpeg?fit=1000%2C1000&ssl=1&resize=350%2C200","width":350,"height":200,"srcset":"https:\/\/i0.wp.com\/cepronda.com\/blog\/wp-content\/uploads\/2025\/01\/cartel-estrategias-saac.jpeg?fit=1000%2C1000&ssl=1&resize=350%2C200 1x, https:\/\/i0.wp.com\/cepronda.com\/blog\/wp-content\/uploads\/2025\/01\/cartel-estrategias-saac.jpeg?fit=1000%2C1000&ssl=1&resize=525%2C300 1.5x, https:\/\/i0.wp.com\/cepronda.com\/blog\/wp-content\/uploads\/2025\/01\/cartel-estrategias-saac.jpeg?fit=1000%2C1000&ssl=1&resize=700%2C400 2x"},"classes":[]},{"id":7230,"url":"https:\/\/cepronda.com\/blog\/estrategias-de-implementacion-de-un-saac-desde-la-metodologia-del-lenguaje-natural-asistido-software-verbo-nivel-i-242925ic001\/","url_meta":{"origin":5515,"position":1},"title":"ESTRATEGIAS DE IMPLEMENTACI\u00d3N DE UN SAAC DESDE LA METODOLOG\u00cdA DEL LENGUAJE NATURAL ASISTIDO (software VERBO). Nivel I. 242925IC001","author":"Inmaculada Garc\u00eda","date":"28 noviembre, 2023","format":false,"excerpt":"Se ha abierto el plazo de inscripci\u00f3n para el curso a distancia \"Estrategias de implementaci\u00f3n de un SAAC desde la metodolog\u00eda del lenguaje natural asistido (software VERBO) Nivel I\", de 30 horas, que se realizar\u00e1 en el Aula Virtual de Formaci\u00f3n del Profesorado. C\u00f3digo: 242925IC001 Plazo de inscripci\u00f3n: del 28\u2026","rel":"","context":"En \u00abFormaciones\u00bb","block_context":{"text":"Formaciones","link":"https:\/\/cepronda.com\/blog\/category\/formaciones\/"},"img":{"alt_text":"","src":"https:\/\/i0.wp.com\/cepronda.com\/blog\/wp-content\/uploads\/2023\/11\/CURSO-SAAC-I.png?fit=960%2C1200&ssl=1&resize=350%2C200","width":350,"height":200,"srcset":"https:\/\/i0.wp.com\/cepronda.com\/blog\/wp-content\/uploads\/2023\/11\/CURSO-SAAC-I.png?fit=960%2C1200&ssl=1&resize=350%2C200 1x, https:\/\/i0.wp.com\/cepronda.com\/blog\/wp-content\/uploads\/2023\/11\/CURSO-SAAC-I.png?fit=960%2C1200&ssl=1&resize=525%2C300 1.5x, https:\/\/i0.wp.com\/cepronda.com\/blog\/wp-content\/uploads\/2023\/11\/CURSO-SAAC-I.png?fit=960%2C1200&ssl=1&resize=700%2C400 2x"},"classes":[]},{"id":7262,"url":"https:\/\/cepronda.com\/blog\/formacion-estrategias-de-implementacion-de-un-saac-nivel-ii-242922ge048\/","url_meta":{"origin":5515,"position":2},"title":"FORMACI\u00d3N: ESTRATEGIAS DE IMPLEMENTACI\u00d3N DE UN SAAC NIVEL II (242922GE048)","author":"Inmaculada Garc\u00eda","date":"11 diciembre, 2023","format":false,"excerpt":"Abierto el plazo de inscripci\u00f3n para el curso a distancia, provincial: ESTRATEGIAS DE IMPLEMENTACI\u00d3N DE UN SAAC NIVEL II (242922GE048) Duraci\u00f3n: 30 horas Fecha actividad:\u00a022\/01\/2024 hasta 22\/03\/2024 Fecha inscripci\u00f3n: 11\/12\/2023 hasta 11\/01\/2024 Lugar: AVFP( aula virtual de formaci\u00f3n de profesorado) M\u00e1s informaci\u00f3n e inscripci\u00f3n en: https:\/\/bit.ly\/40WsnTT","rel":"","context":"En \u00abFormaciones\u00bb","block_context":{"text":"Formaciones","link":"https:\/\/cepronda.com\/blog\/category\/formaciones\/"},"img":{"alt_text":"","src":"https:\/\/i0.wp.com\/cepronda.com\/blog\/wp-content\/uploads\/2023\/12\/WhatsApp-Image-2023-12-11-at-09.52.45.jpeg?fit=1080%2C1080&ssl=1&resize=350%2C200","width":350,"height":200,"srcset":"https:\/\/i0.wp.com\/cepronda.com\/blog\/wp-content\/uploads\/2023\/12\/WhatsApp-Image-2023-12-11-at-09.52.45.jpeg?fit=1080%2C1080&ssl=1&resize=350%2C200 1x, https:\/\/i0.wp.com\/cepronda.com\/blog\/wp-content\/uploads\/2023\/12\/WhatsApp-Image-2023-12-11-at-09.52.45.jpeg?fit=1080%2C1080&ssl=1&resize=525%2C300 1.5x, https:\/\/i0.wp.com\/cepronda.com\/blog\/wp-content\/uploads\/2023\/12\/WhatsApp-Image-2023-12-11-at-09.52.45.jpeg?fit=1080%2C1080&ssl=1&resize=700%2C400 2x, https:\/\/i0.wp.com\/cepronda.com\/blog\/wp-content\/uploads\/2023\/12\/WhatsApp-Image-2023-12-11-at-09.52.45.jpeg?fit=1080%2C1080&ssl=1&resize=1050%2C600 3x"},"classes":[]},{"id":7757,"url":"https:\/\/cepronda.com\/blog\/curso-estrategias-de-implementacion-de-un-saac-nivel-ii-con-codigo-252925ic001\/","url_meta":{"origin":5515,"position":3},"title":"CURSO: \u00abESTRATEGIAS\u00a0DE\u00a0IMPLEMENTACI\u00d3N\u00a0DE\u00a0UN\u00a0SAAC\u00a0NIVEL\u00a0II\u00bb,\u00a0con\u00a0c\u00f3digo 252925IC001.","author":"Inmaculada Garc\u00eda","date":"27 septiembre, 2024","format":false,"excerpt":"Os informamos que se encuentra abierta la inscripci\u00f3n en el\u00a0curso InterCEP, organizado por el CEP de Antequera:\u00a0 \"ESTRATEGIAS\u00a0DE\u00a0IMPLEMENTACI\u00d3N\u00a0DE\u00a0UN\u00a0SAAC\u00a0NIVEL\u00a0II\",\u00a0con\u00a0c\u00f3digo 252925IC001, que se desarrollar\u00e1 en modalidad a distancia en el Aula Virtual de Formaci\u00f3n del Profesorado. \u00a0 Curso dirigido al profesorado de las zonas de los CEPs de Ronda, Velez-M\u00e1laga y Antequera.\u2026","rel":"","context":"En \u00abFormaciones\u00bb","block_context":{"text":"Formaciones","link":"https:\/\/cepronda.com\/blog\/category\/formaciones\/"},"img":{"alt_text":"","src":"https:\/\/i0.wp.com\/cepronda.com\/blog\/wp-content\/uploads\/2024\/09\/SAAC-NIVEL-II.png?fit=960%2C1200&ssl=1&resize=350%2C200","width":350,"height":200,"srcset":"https:\/\/i0.wp.com\/cepronda.com\/blog\/wp-content\/uploads\/2024\/09\/SAAC-NIVEL-II.png?fit=960%2C1200&ssl=1&resize=350%2C200 1x, https:\/\/i0.wp.com\/cepronda.com\/blog\/wp-content\/uploads\/2024\/09\/SAAC-NIVEL-II.png?fit=960%2C1200&ssl=1&resize=525%2C300 1.5x, https:\/\/i0.wp.com\/cepronda.com\/blog\/wp-content\/uploads\/2024\/09\/SAAC-NIVEL-II.png?fit=960%2C1200&ssl=1&resize=700%2C400 2x"},"classes":[]},{"id":5529,"url":"https:\/\/cepronda.com\/blog\/oralidad-en-el-aula-recursos-y-estrategias\/","url_meta":{"origin":5515,"position":4},"title":"ORALIDAD EN EL AULA. RECURSOS Y ESTRATEGIAS","author":"Maribel Mu\u00f1oz","date":"13 octubre, 2022","format":false,"excerpt":"Buenos d\u00edas compa\u00f1eras y compa\u00f1eros, Os\u00a0 informamos que est\u00e1 abierto el plazo de inscripci\u00f3n en el curso ORALIDAD EN EL AULA. RECURSOS Y ESTRATEGIAS con c\u00f3digo 232924GE15. Fechas de inscripci\u00f3n : del 11\/10\/2022 al 27\/10\/2022 Fecha de inicio: 02\/11\/2022 Fecha finalizaci\u00f3n: 30\/11\/2022 Horas: 12\u00a0 ( 10h de videoconferencias y 2\u2026","rel":"","context":"En \u00abFormaciones\u00bb","block_context":{"text":"Formaciones","link":"https:\/\/cepronda.com\/blog\/category\/formaciones\/"},"img":{"alt_text":"","src":"https:\/\/i0.wp.com\/cepronda.com\/blog\/wp-content\/uploads\/2022\/10\/WhatsApp-Image-2022-10-13-at-09.57.49.jpeg?fit=848%2C1200&ssl=1&resize=350%2C200","width":350,"height":200,"srcset":"https:\/\/i0.wp.com\/cepronda.com\/blog\/wp-content\/uploads\/2022\/10\/WhatsApp-Image-2022-10-13-at-09.57.49.jpeg?fit=848%2C1200&ssl=1&resize=350%2C200 1x, https:\/\/i0.wp.com\/cepronda.com\/blog\/wp-content\/uploads\/2022\/10\/WhatsApp-Image-2022-10-13-at-09.57.49.jpeg?fit=848%2C1200&ssl=1&resize=525%2C300 1.5x, https:\/\/i0.wp.com\/cepronda.com\/blog\/wp-content\/uploads\/2022\/10\/WhatsApp-Image-2022-10-13-at-09.57.49.jpeg?fit=848%2C1200&ssl=1&resize=700%2C400 2x"},"classes":[]},{"id":9068,"url":"https:\/\/cepronda.com\/blog\/atencion-al-alumnado-tdah-estrategias-de-intervencion-en-primaria\/","url_meta":{"origin":5515,"position":5},"title":"ATENCI\u00d3N AL ALUMNADO TDAH: ESTRATEGIAS DE INTERVENCI\u00d3N EN PRIMARIA.","author":"Inmaculada Garc\u00eda","date":"1 diciembre, 2025","format":false,"excerpt":"Se encuentra abierto el plazo de inscripci\u00f3n en el curso provincial a distancias: ATENCI\u00d3N AL ALUMNADO TDAH: ESTRATEGIAS DE INTERVENCI\u00d3N EN PRIMARIA (40h). C\u00f3digo: 262922GE033. Dirigido preferentemente al profesorado de educaci\u00f3n primaria, con una dedicaci\u00f3n de 40 horas. \u00a0 Inscripci\u00f3n: 01\/12\/2025 al 14\/12\/2025. Fecha de actividad 09\/01\/2026 hasta 19\/03\/2026. \u00a0\u2026","rel":"","context":"En \u00abFormaciones\u00bb","block_context":{"text":"Formaciones","link":"https:\/\/cepronda.com\/blog\/category\/formaciones\/"},"img":{"alt_text":"","src":"https:\/\/i0.wp.com\/cepronda.com\/blog\/wp-content\/uploads\/2025\/12\/WhatsApp-Image-2025-12-01-at-11.15.25.jpeg?fit=1080%2C1080&ssl=1&resize=350%2C200","width":350,"height":200,"srcset":"https:\/\/i0.wp.com\/cepronda.com\/blog\/wp-content\/uploads\/2025\/12\/WhatsApp-Image-2025-12-01-at-11.15.25.jpeg?fit=1080%2C1080&ssl=1&resize=350%2C200 1x, https:\/\/i0.wp.com\/cepronda.com\/blog\/wp-content\/uploads\/2025\/12\/WhatsApp-Image-2025-12-01-at-11.15.25.jpeg?fit=1080%2C1080&ssl=1&resize=525%2C300 1.5x, https:\/\/i0.wp.com\/cepronda.com\/blog\/wp-content\/uploads\/2025\/12\/WhatsApp-Image-2025-12-01-at-11.15.25.jpeg?fit=1080%2C1080&ssl=1&resize=700%2C400 2x, https:\/\/i0.wp.com\/cepronda.com\/blog\/wp-content\/uploads\/2025\/12\/WhatsApp-Image-2025-12-01-at-11.15.25.jpeg?fit=1080%2C1080&ssl=1&resize=1050%2C600 3x"},"classes":[]}],"jetpack_sharing_enabled":true,"_links":{"self":[{"href":"https:\/\/cepronda.com\/blog\/wp-json\/wp\/v2\/posts\/5515","targetHints":{"allow":["GET"]}}],"collection":[{"href":"https:\/\/cepronda.com\/blog\/wp-json\/wp\/v2\/posts"}],"about":[{"href":"https:\/\/cepronda.com\/blog\/wp-json\/wp\/v2\/types\/post"}],"author":[{"embeddable":true,"href":"https:\/\/cepronda.com\/blog\/wp-json\/wp\/v2\/users\/9"}],"replies":[{"embeddable":true,"href":"https:\/\/cepronda.com\/blog\/wp-json\/wp\/v2\/comments?post=5515"}],"version-history":[{"count":2,"href":"https:\/\/cepronda.com\/blog\/wp-json\/wp\/v2\/posts\/5515\/revisions"}],"predecessor-version":[{"id":5518,"href":"https:\/\/cepronda.com\/blog\/wp-json\/wp\/v2\/posts\/5515\/revisions\/5518"}],"wp:featuredmedia":[{"embeddable":true,"href":"https:\/\/cepronda.com\/blog\/wp-json\/wp\/v2\/media\/5517"}],"wp:attachment":[{"href":"https:\/\/cepronda.com\/blog\/wp-json\/wp\/v2\/media?parent=5515"}],"wp:term":[{"taxonomy":"category","embeddable":true,"href":"https:\/\/cepronda.com\/blog\/wp-json\/wp\/v2\/categories?post=5515"},{"taxonomy":"post_tag","embeddable":true,"href":"https:\/\/cepronda.com\/blog\/wp-json\/wp\/v2\/tags?post=5515"}],"curies":[{"name":"wp","href":"https:\/\/api.w.org\/{rel}","templated":true}]}}