{"id":5513,"date":"2022-09-28T09:37:52","date_gmt":"2022-09-28T07:37:52","guid":{"rendered":"http:\/\/cepronda.com\/blog\/?p=5513"},"modified":"2025-04-28T11:55:16","modified_gmt":"2025-04-28T09:55:16","slug":"acompanando-la-labor-docente-herramientas-de-autogestion-del-aula","status":"publish","type":"post","link":"https:\/\/cepronda.com\/blog\/acompanando-la-labor-docente-herramientas-de-autogestion-del-aula\/","title":{"rendered":"ACOMPA\u00d1ANDO LA LABOR DOCENTE: HERRAMIENTAS DE AUTOGESTI\u00d3N DEL AULA"},"content":{"rendered":"<p>Buenas d\u00edas, compa\u00f1eras y compa\u00f1eros.<\/p>\n<p>Os&nbsp; informamos que est\u00e1 abierto el plazo de inscripci\u00f3n en el curso presencial:&nbsp; <strong>ACOMPA\u00d1ANDO LA LABOR DOCENTE: HERRAMIENTAS DE AUTOGESTI\u00d3N DEL AULA,<\/strong> con c\u00f3digo <strong>232924GE006<\/strong>, de 20 horas de duraci\u00f3n.<\/p>\n<ul class=\"list-group\">\n<li class=\"list-group-item\"><b>Fecha inscripci\u00f3n:<\/b>&nbsp;27\/09\/2022 hasta 21\/10\/2022<\/li>\n<li><b>Fecha actividad:<\/b>&nbsp;26\/10\/2022 hasta 10\/05\/2023<\/li>\n<\/ul>\n<p>Una formaci\u00f3n creada con la intenci\u00f3n de dotar de estrategias concretas y pr\u00e1cticas al profesorado para afrontar los retos que se presentan cada curso escolar, as\u00ed como motivarlo a dar lo mejor de s\u00ed y favorecer la comunicaci\u00f3n y las relaciones entre la comunidad educativa, fomentando la mejorar de la salud emocional del profesorado.<\/p>\n<p>Para m\u00e1s informaci\u00f3n e inscripci\u00f3n, consulta el siguiente&nbsp;<a href=\"https:\/\/www.juntadeandalucia.es\/educacion\/secretariavirtual\/consultaCEP\/actividad\/232924GE006\/\">enlace&nbsp;&nbsp;<\/a><\/p>\n<p>Deseamos que sea de vuestro inter\u00e9s.<\/p>\n<p>Un saludo<a href=\"https:\/\/www.juntadeandalucia.es\/educacion\/secretariavirtual\/consultaCEP\/actividad\/232924GE006\/\"><img data-recalc-dims=\"1\" loading=\"lazy\" decoding=\"async\" class=\" wp-image-5512 aligncenter\" src=\"https:\/\/i0.wp.com\/cepronda.com\/blog\/wp-content\/uploads\/2022\/09\/WhatsApp-Image-2022-09-27-at-19.10.53-212x300.jpeg?resize=312%2C442\" alt=\"\" width=\"312\" height=\"442\" srcset=\"https:\/\/i0.wp.com\/cepronda.com\/blog\/wp-content\/uploads\/2022\/09\/WhatsApp-Image-2022-09-27-at-19.10.53.jpeg?resize=212%2C300&amp;ssl=1 212w, https:\/\/i0.wp.com\/cepronda.com\/blog\/wp-content\/uploads\/2022\/09\/WhatsApp-Image-2022-09-27-at-19.10.53.jpeg?resize=724%2C1024&amp;ssl=1 724w, https:\/\/i0.wp.com\/cepronda.com\/blog\/wp-content\/uploads\/2022\/09\/WhatsApp-Image-2022-09-27-at-19.10.53.jpeg?resize=768%2C1086&amp;ssl=1 768w, https:\/\/i0.wp.com\/cepronda.com\/blog\/wp-content\/uploads\/2022\/09\/WhatsApp-Image-2022-09-27-at-19.10.53.jpeg?resize=1086%2C1536&amp;ssl=1 1086w, https:\/\/i0.wp.com\/cepronda.com\/blog\/wp-content\/uploads\/2022\/09\/WhatsApp-Image-2022-09-27-at-19.10.53.jpeg?w=1131&amp;ssl=1 1131w\" sizes=\"auto, (max-width: 312px) 100vw, 312px\" \/><\/a><\/p>\n","protected":false},"excerpt":{"rendered":"<p>Buenas d\u00edas, compa\u00f1eras y compa\u00f1eros. Os&nbsp; informamos que est\u00e1 abierto el plazo de inscripci\u00f3n en el curso presencial:&nbsp; ACOMPA\u00d1ANDO LA LABOR DOCENTE: HERRAMIENTAS DE AUTOGESTI\u00d3N DEL AULA, con c\u00f3digo 232924GE006, de 20 horas de duraci\u00f3n. Fecha inscripci\u00f3n:&nbsp;27\/09\/2022 hasta 21\/10\/2022 Fecha actividad:&nbsp;26\/10\/2022 hasta 10\/05\/2023 Una formaci\u00f3n creada con la intenci\u00f3n de dotar de estrategias concretas y [&hellip;]<\/p>\n","protected":false},"author":9,"featured_media":5512,"comment_status":"closed","ping_status":"open","sticky":false,"template":"","format":"standard","meta":{"_crdt_document":"","advanced_seo_description":"","jetpack_seo_html_title":"","jetpack_seo_noindex":false,"jetpack_post_was_ever_published":false,"_jetpack_newsletter_access":"","_jetpack_dont_email_post_to_subs":false,"_jetpack_newsletter_tier_id":0,"_jetpack_memberships_contains_paywalled_content":false,"_jetpack_memberships_contains_paid_content":false,"footnotes":"","jetpack_publicize_message":"","jetpack_publicize_feature_enabled":true,"jetpack_social_post_already_shared":false,"jetpack_social_options":{"image_generator_settings":{"template":"highway","default_image_id":0,"font":"","enabled":false},"version":2}},"categories":[3,5],"tags":[],"class_list":{"0":"post-5513","1":"post","2":"type-post","3":"status-publish","4":"format-standard","5":"has-post-thumbnail","7":"category-formaciones","8":"category-noticias","9":"czr-hentry"},"jetpack_publicize_connections":[],"jetpack_featured_media_url":"https:\/\/i0.wp.com\/cepronda.com\/blog\/wp-content\/uploads\/2022\/09\/WhatsApp-Image-2022-09-27-at-19.10.53.jpeg?fit=1131%2C1600&ssl=1","jetpack_shortlink":"https:\/\/wp.me\/p8M4X7-1qV","jetpack-related-posts":[{"id":6013,"url":"https:\/\/cepronda.com\/blog\/kit-de-herramientas-digitales-para-el-profesorado-ii-232924ge043\/","url_meta":{"origin":5513,"position":0},"title":"KIT DE HERRAMIENTAS DIGITALES PARA EL PROFESORADO II (232924GE043)","author":"Inmaculada Garc\u00eda","date":"17 abril, 2023","format":false,"excerpt":"Abierto el plazo de inscripci\u00f3n del CURSO A DISTANCIA: KIT DE HERRAMIENTAS DIGITALES PARA EL PROFESORADO II (232924GE043). Curso a distancia en el Aula Virtual del Profesorado, con una duraci\u00f3n de 30h. M\u00e1s informaci\u00f3n e inscripci\u00f3n: https:\/\/www.juntadeandalucia.es\/educacion\/secretariavirtual\/consultaCEP\/actividad\/232924GE043\/ Fecha actividad:\u00a004\/05\/2023 hasta 23\/06\/2023 Fecha inscripci\u00f3n:\u00a017\/04\/2023 hasta 26\/04\/2023 \u00a0","rel":"","context":"En \u00abFormaciones\u00bb","block_context":{"text":"Formaciones","link":"https:\/\/cepronda.com\/blog\/category\/formaciones\/"},"img":{"alt_text":"","src":"https:\/\/i0.wp.com\/cepronda.com\/blog\/wp-content\/uploads\/2023\/02\/Colorful-Illustration-Technology-Assists-in-Learning-Poster.jpg?fit=848%2C1200&ssl=1&resize=350%2C200","width":350,"height":200,"srcset":"https:\/\/i0.wp.com\/cepronda.com\/blog\/wp-content\/uploads\/2023\/02\/Colorful-Illustration-Technology-Assists-in-Learning-Poster.jpg?fit=848%2C1200&ssl=1&resize=350%2C200 1x, https:\/\/i0.wp.com\/cepronda.com\/blog\/wp-content\/uploads\/2023\/02\/Colorful-Illustration-Technology-Assists-in-Learning-Poster.jpg?fit=848%2C1200&ssl=1&resize=525%2C300 1.5x, https:\/\/i0.wp.com\/cepronda.com\/blog\/wp-content\/uploads\/2023\/02\/Colorful-Illustration-Technology-Assists-in-Learning-Poster.jpg?fit=848%2C1200&ssl=1&resize=700%2C400 2x"},"classes":[]},{"id":5598,"url":"https:\/\/cepronda.com\/blog\/competencia-digital-docente-nivel-a1\/","url_meta":{"origin":5513,"position":1},"title":"COMPETENCIA DIGITAL DOCENTE NIVEL A1","author":"Inmaculada Garc\u00eda","date":"10 noviembre, 2022","format":false,"excerpt":"Os informamos que est\u00e1 abierto el plazo de inscripci\u00f3n en el curso COMPETENCIA DIGITAL DOCENTE NIVEL A1\u00a0con c\u00f3digo239924KPF420. Fechas de inscripci\u00f3n : 10\/11\/2022 hasta el 25\/11\/2022 Fecha de realizaci\u00f3n: 01\/12\/2022 hasta 15\/02\/2023 Horas: 40 horas no presenciales. Lugar de realizaci\u00f3n: Aula Virtual de Formaci\u00f3n del Profesorado. Para m\u00e1s informaci\u00f3n e\u2026","rel":"","context":"En \u00abNoticias\u00bb","block_context":{"text":"Noticias","link":"https:\/\/cepronda.com\/blog\/category\/noticias\/"},"img":{"alt_text":"","src":"https:\/\/i0.wp.com\/cepronda.com\/blog\/wp-content\/uploads\/2022\/11\/Copia-de-CDD-A1.jpg?fit=1000%2C1000&ssl=1&resize=350%2C200","width":350,"height":200,"srcset":"https:\/\/i0.wp.com\/cepronda.com\/blog\/wp-content\/uploads\/2022\/11\/Copia-de-CDD-A1.jpg?fit=1000%2C1000&ssl=1&resize=350%2C200 1x, https:\/\/i0.wp.com\/cepronda.com\/blog\/wp-content\/uploads\/2022\/11\/Copia-de-CDD-A1.jpg?fit=1000%2C1000&ssl=1&resize=525%2C300 1.5x, https:\/\/i0.wp.com\/cepronda.com\/blog\/wp-content\/uploads\/2022\/11\/Copia-de-CDD-A1.jpg?fit=1000%2C1000&ssl=1&resize=700%2C400 2x"},"classes":[]},{"id":5115,"url":"https:\/\/cepronda.com\/blog\/uso-de-herramientas-office-365-en-el-aula-2\/","url_meta":{"origin":5513,"position":2},"title":"USO DE HERRAMIENTAS OFFICE 365 EN EL AULA","author":"Maribel Mu\u00f1oz","date":"15 febrero, 2022","format":false,"excerpt":"Buenas tardes compa\u00f1eras y compa\u00f1eros Os informamos que se encuentra abierta la inscripci\u00f3n del curso a distancia provincial USO DE HERRAMIENTAS OFFICE 365 EN EL AULA C\u00f3digo: 222925GE610 Inscripciones: Del 14\/2\/22 hasta el 07\/03\/2022 Comienzo del curso: 14\/03\/2022 Lugar de realizaci\u00f3n: AVFP (Aula virtual de formaci\u00f3n del Profesorado) M\u00e1s informaci\u00f3n\u2026","rel":"","context":"En \u00abFormaciones\u00bb","block_context":{"text":"Formaciones","link":"https:\/\/cepronda.com\/blog\/category\/formaciones\/"},"img":{"alt_text":"","src":"https:\/\/i0.wp.com\/cepronda.com\/blog\/wp-content\/uploads\/2022\/02\/WhatsApp-Image-2022-02-15-at-13.41.18.jpeg?fit=848%2C1200&ssl=1&resize=350%2C200","width":350,"height":200,"srcset":"https:\/\/i0.wp.com\/cepronda.com\/blog\/wp-content\/uploads\/2022\/02\/WhatsApp-Image-2022-02-15-at-13.41.18.jpeg?fit=848%2C1200&ssl=1&resize=350%2C200 1x, https:\/\/i0.wp.com\/cepronda.com\/blog\/wp-content\/uploads\/2022\/02\/WhatsApp-Image-2022-02-15-at-13.41.18.jpeg?fit=848%2C1200&ssl=1&resize=525%2C300 1.5x, https:\/\/i0.wp.com\/cepronda.com\/blog\/wp-content\/uploads\/2022\/02\/WhatsApp-Image-2022-02-15-at-13.41.18.jpeg?fit=848%2C1200&ssl=1&resize=700%2C400 2x"},"classes":[]},{"id":5802,"url":"https:\/\/cepronda.com\/blog\/kit-de-herramientas-digitales-para-el-profesorado-i\/","url_meta":{"origin":5513,"position":3},"title":"KIT DE HERRAMIENTAS DIGITALES PARA EL PROFESORADO I","author":"Inmaculada Garc\u00eda","date":"24 febrero, 2023","format":false,"excerpt":"Abierto el plazo de inscripci\u00f3n del CURSO A DISTANCIA: KIT DE HERRAMIENTAS DIGITALES PARA EL PROFESORADO I (232924GE022) M\u00e1s informaci\u00f3n e inscripci\u00f3n: https:\/\/www.juntadeandalucia.es\/educacion\/secretariavirtual\/consultaCEP\/actividad\/232924GE022\/ Fechas de inscripci\u00f3n: 21\/02\/2023 hasta 06\/03\/2023 Fecha actividad: 13\/03\/2023 hasta 21\/04\/2023 \u00a0","rel":"","context":"En \u00abFormaciones\u00bb","block_context":{"text":"Formaciones","link":"https:\/\/cepronda.com\/blog\/category\/formaciones\/"},"img":{"alt_text":"","src":"https:\/\/i0.wp.com\/cepronda.com\/blog\/wp-content\/uploads\/2023\/02\/Colorful-Illustration-Technology-Assists-in-Learning-Poster.png?fit=848%2C1200&ssl=1&resize=350%2C200","width":350,"height":200,"srcset":"https:\/\/i0.wp.com\/cepronda.com\/blog\/wp-content\/uploads\/2023\/02\/Colorful-Illustration-Technology-Assists-in-Learning-Poster.png?fit=848%2C1200&ssl=1&resize=350%2C200 1x, https:\/\/i0.wp.com\/cepronda.com\/blog\/wp-content\/uploads\/2023\/02\/Colorful-Illustration-Technology-Assists-in-Learning-Poster.png?fit=848%2C1200&ssl=1&resize=525%2C300 1.5x, https:\/\/i0.wp.com\/cepronda.com\/blog\/wp-content\/uploads\/2023\/02\/Colorful-Illustration-Technology-Assists-in-Learning-Poster.png?fit=848%2C1200&ssl=1&resize=700%2C400 2x"},"classes":[]},{"id":5902,"url":"https:\/\/cepronda.com\/blog\/curso-uso-de-herramientas-digitales-en-el-aula\/","url_meta":{"origin":5513,"position":4},"title":"CURSO \u00abUSO DE HERRAMIENTAS DIGITALES EN EL AULA\u00bb","author":"V\u00edctor Caballero","date":"10 abril, 2023","format":false,"excerpt":"Os Informamos de que se encuentra abierto el plazo de inscripci\u00f3n del CURSO \"USO DE HERRAMIENTAS DIGITALES EN EL AULA\" con c\u00f3digo: 232924GE045. \u00a0 Fecha inscripci\u00f3n: \u00a1\u00a1\u00a1\u00a1 10\/04\/2023 hasta 12\/04\/2023 !!!! Fecha actividad: 13\/04\/2023 hasta 04\/05\/2023 \u00a0 Es una formaci\u00f3n de \u00faltima hora destinada al CEPER Constituci\u00f3n Espa\u00f1ola pero que\u2026","rel":"","context":"En \u00abFormaciones\u00bb","block_context":{"text":"Formaciones","link":"https:\/\/cepronda.com\/blog\/category\/formaciones\/"},"img":{"alt_text":"","src":"https:\/\/i0.wp.com\/cepronda.com\/blog\/wp-content\/uploads\/2023\/04\/Herramientas-digitales-en-el-aula-CEPER.jpg?fit=848%2C1200&ssl=1&resize=350%2C200","width":350,"height":200,"srcset":"https:\/\/i0.wp.com\/cepronda.com\/blog\/wp-content\/uploads\/2023\/04\/Herramientas-digitales-en-el-aula-CEPER.jpg?fit=848%2C1200&ssl=1&resize=350%2C200 1x, https:\/\/i0.wp.com\/cepronda.com\/blog\/wp-content\/uploads\/2023\/04\/Herramientas-digitales-en-el-aula-CEPER.jpg?fit=848%2C1200&ssl=1&resize=525%2C300 1.5x, https:\/\/i0.wp.com\/cepronda.com\/blog\/wp-content\/uploads\/2023\/04\/Herramientas-digitales-en-el-aula-CEPER.jpg?fit=848%2C1200&ssl=1&resize=700%2C400 2x"},"classes":[]},{"id":9185,"url":"https:\/\/cepronda.com\/blog\/9185-2\/","url_meta":{"origin":5513,"position":5},"title":"CURSO EL APRENDIZAJE COOPERATIVO COMO ESTRATEGIA DE GESTI\u00d3N DE AULA","author":"Encarni Jim\u00e9nez Rosado","date":"13 enero, 2026","format":false,"excerpt":"Abierto plazo de inscripci\u00f3n para el curso \u201cEL APRENDIZAJE COOPERATIVO COMO ESTRATEGIA DE GESTI\u00d3N DE AULA\u201d C\u00f3digo: 262925GE401 Inscripciones: desde el 09\/01\/2026 hasta 27\/01\/2026 Fecha de inicio y fin del curso: 02\/02\/2026 hasta 08\/04\/2026 Lugar de realizaci\u00f3n: Aula Virtual de Formaci\u00f3n del Profesorado (https:\/\/educacionadistancia.juntadeandalucia.es\/profesorado\/) Detalle e inscripci\u00f3n: https:\/\/secretariavirtual.juntadeandalucia.es\/secretariavirtual\/consultaCEP\/actividad\/262925GE401\/","rel":"","context":"En \u00abFormaciones\u00bb","block_context":{"text":"Formaciones","link":"https:\/\/cepronda.com\/blog\/category\/formaciones\/"},"img":{"alt_text":"","src":"https:\/\/i0.wp.com\/cepronda.com\/blog\/wp-content\/uploads\/2026\/01\/WhatsApp-Image-2026-01-13-at-12.20.28-e1768303479670.jpeg?fit=500%2C835&ssl=1&resize=350%2C200","width":350,"height":200},"classes":[]}],"jetpack_sharing_enabled":true,"_links":{"self":[{"href":"https:\/\/cepronda.com\/blog\/wp-json\/wp\/v2\/posts\/5513","targetHints":{"allow":["GET"]}}],"collection":[{"href":"https:\/\/cepronda.com\/blog\/wp-json\/wp\/v2\/posts"}],"about":[{"href":"https:\/\/cepronda.com\/blog\/wp-json\/wp\/v2\/types\/post"}],"author":[{"embeddable":true,"href":"https:\/\/cepronda.com\/blog\/wp-json\/wp\/v2\/users\/9"}],"replies":[{"embeddable":true,"href":"https:\/\/cepronda.com\/blog\/wp-json\/wp\/v2\/comments?post=5513"}],"version-history":[{"count":1,"href":"https:\/\/cepronda.com\/blog\/wp-json\/wp\/v2\/posts\/5513\/revisions"}],"predecessor-version":[{"id":5514,"href":"https:\/\/cepronda.com\/blog\/wp-json\/wp\/v2\/posts\/5513\/revisions\/5514"}],"wp:featuredmedia":[{"embeddable":true,"href":"https:\/\/cepronda.com\/blog\/wp-json\/wp\/v2\/media\/5512"}],"wp:attachment":[{"href":"https:\/\/cepronda.com\/blog\/wp-json\/wp\/v2\/media?parent=5513"}],"wp:term":[{"taxonomy":"category","embeddable":true,"href":"https:\/\/cepronda.com\/blog\/wp-json\/wp\/v2\/categories?post=5513"},{"taxonomy":"post_tag","embeddable":true,"href":"https:\/\/cepronda.com\/blog\/wp-json\/wp\/v2\/tags?post=5513"}],"curies":[{"name":"wp","href":"https:\/\/api.w.org\/{rel}","templated":true}]}}