{"id":551,"date":"2016-12-23T11:25:18","date_gmt":"2016-12-23T10:25:18","guid":{"rendered":"http:\/\/cepronda.com\/blog\/?p=551"},"modified":"2016-12-23T11:25:18","modified_gmt":"2016-12-23T10:25:18","slug":"nuevos-cursos-en-enero","status":"publish","type":"post","link":"https:\/\/cepronda.com\/blog\/nuevos-cursos-en-enero\/","title":{"rendered":"Nuevos cursos en enero"},"content":{"rendered":"<p>\u00a1Muy buenas!<\/p>\n<p>Despedimos el a\u00f1o 2016 recordando todas las opciones de cursos que ten\u00e9is que comienzan en enero, y que seguro que os resultan interesantes. Si hac\u00e9is clic en cada una de las pesta\u00f1as de abajo podr\u00e9is ver la informaci\u00f3n de cada uno.<\/p>\n<div class=\"osc-res-tab tabbable   osc-tabs-left\"><div style=\"clear:both;width: 100%;\"><ul class=\"nav osc-res-nav nav-tabs osc-tabs-left-ul\" id=\"oscitas-restabs-1-nuevos-cursos-en-enero-93367\"><li class=\"active\"><a href=\"#ert_pane1-0\" data-toggle=\"tab\">Altas capacidades<\/a><\/li><li class=\"\"><a href=\"#ert_pane1-1\" data-toggle=\"tab\">Gesti\u00f3n econ\u00f3mica<\/a><\/li><li class=\"\"><a href=\"#ert_pane1-2\" data-toggle=\"tab\">Cuentacuentos<\/a><\/li><li class=\"\"><a href=\"#ert_pane1-3\" data-toggle=\"tab\">Disciplina positiva Primaria<\/a><\/li><li class=\"\"><a href=\"#ert_pane1-4\" data-toggle=\"tab\">Disciplina positiva Secundaria<\/a><\/li><li class=\"\"><a href=\"#ert_pane1-5\" data-toggle=\"tab\">Competencia matem\u00e1tica<\/a><\/li><li class=\"\"><a href=\"#ert_pane1-6\" data-toggle=\"tab\">Lengua de Signos<\/a><\/li><\/ul><\/div><div style=\"clear:both;width: 100%;\"><ul class=\"tab-content\" id=\"oscitas-restabcontent-1-nuevos-cursos-en-enero-93367\"><li class=\"tab-pane active\" id=\"ert_pane1-0\"><\/p>\n<p>Curso dirigido a aquellos docentes que est\u00e9n interesados en la atenci\u00f3n al alumnado con altas capacidades intelectuales, con el objetivo principal de adquirir los mecanismos y medios adecuados para dar una \u00f3ptima respuesta a las necesidades educativas de este alumnado.<\/p>\n<p>Este curso constar\u00e1 de una formaci\u00f3n de 10 horas presenciales y 10 horas no presenciales, y tenemos la gran suerte de contar con dos grandes ponentes en esta materia, como son Ricardo Hern\u00e1ndez D\u00edaz y Diego Jes\u00fas Luque Parra. <a href=\"https:\/\/www.juntadeandalucia.es\/educacion\/secretariavirtual\/consultaCEP\/actividad\/172924GE152\/\" target=\"_blank\">INFO DEL CURSO<\/a><\/p>\n<p>.<\/li><li class=\"tab-pane \" id=\"ert_pane1-1\"><\/p>\n<p><a href=\"https:\/\/www.juntadeandalucia.es\/educacion\/secretariavirtual\/consultaCEP\/actividad\/172924FC152\/\" target=\"_blank\">Curso con seguimiento<\/a> dirigido a las personas responsables de las secretar\u00edas en los centros y al resto de los miembros de los Equipos Directivos para su actualizaci\u00f3n a la hora de aplicar la legislaci\u00f3n educativa como norma para la mejora de la gesti\u00f3n econ\u00f3mica en los centros educativos p\u00fablicos de nivel no universitario en Andaluc\u00eda.<\/p>\n<p>Se trata de un curso muy interesante dirigido a aquellas personas responsables en los centros de la gesti\u00f3n econ\u00f3mica a trav\u00e9s de la aplicaci\u00f3n S\u00e9neca, ya que nos van a permitir responder a todas aquellas dudas que nos surgen d\u00eda a d\u00eda en el trabajo administrativo.<\/p>\n<p>.<\/li><li class=\"tab-pane \" id=\"ert_pane1-2\"><\/p>\n<p>Con este<a href=\"http:\/\/www.juntadeandalucia.es\/educacion\/portals\/web\/cep-ronda\/cursos\" target=\"_blank\"> curso <\/a>pretendemos mejorar las habilidades del profesorado en este campo y <b>motivar la creaci\u00f3n de una red de cuentacuentos m\u00e1s o menos estable en la ciudad de Ronda <\/b>que permita compartir experiencias, dinamizar la vida de las bibliotecas de los centros de la zona, as\u00ed como de los distintos espacios p\u00fablicos de la comarca, desde parques, plazas\u2026 a salas de lectura de la Biblioteca P\u00fablica Comarcal recientemente inaugurada..<\/li><li class=\"tab-pane \" id=\"ert_pane1-3\"><\/p>\n<p>Este curso ya va por su segunda edici\u00f3n por el \u00e9xito cosechado en a\u00f1os anteriores. Impartido por <a href=\"https:\/\/www.facebook.com\/msotorueda\" target=\"_blank\">Macarena Soto<\/a>, una gran profesional, nos aportar\u00e1 distintas estrategias a aplicar con el alumnado de Primaria, teniendo siempre como base la neuropsicoeducaci\u00f3n. Macarena es una persona que transmite \u00a0de forma muy cercana y real, y aporta muchas soluciones y explicaciones para todas aquellas situaciones que nos encontramos d\u00eda a d\u00eda en nuestra tarea..<\/li><li class=\"tab-pane \" id=\"ert_pane1-4\"><\/p>\n<p>Hoy os queremos informar de un curso muy muy interesante para el profesorado de Secundaria, que comenzaremos a la vuelta de las vacaciones de Navidad. \u00a0Se trata de un curso sobre <a href=\"https:\/\/www.juntadeandalucia.es\/educacion\/secretariavirtual\/consultaCEP\/actividad\/172924GE202\/\" target=\"_blank\">disciplina positiva en Secundaria<\/a>, enfocado de forma espec\u00edfica a nuestros y nuestras adolescentes. La ponente es <a href=\"https:\/\/www.facebook.com\/msotorueda\" target=\"_blank\">Macarena Soto<\/a>, una gran profesional, que nos aportar\u00e1 distintas estrategias a aplicar con el alumnado, teniendo siempre como base la neuropsicoeducaci\u00f3n.<\/p>\n<p>Os animamos a participar en el curso, porque adem\u00e1s de ser una ponente que transmite \u00a0de forma muy especial y amena, nos va a aportar muchas soluciones y explicaciones para todas aquellas situaciones que nos encontramos d\u00eda a d\u00eda en nuestras aulas y pasillos.<\/p>\n<p>.<\/li><li class=\"tab-pane \" id=\"ert_pane1-5\"><\/p>\n<p>Curso formativo en <a href=\"https:\/\/www.juntadeandalucia.es\/educacion\/secretariavirtual\/consultaCEP\/actividad\/172924GE005\/\" target=\"_blank\">competencia matem\u00e1tica para Infantil y Primaria<\/a>. Este curso est\u00e1 dirigido preferentemente al profesorado del CEIP Vicente Espinel, pero existen plazas disponibles para el resto de profesorado interesado.<\/p>\n<p>El curso ser\u00e1 impartido por la ponente Luz Marina Joya y Sergio Florido, ambos miembros del equipo Kapic\u00faa liderado por <a href=\"https:\/\/www.facebook.com\/fdezbravo\/\" target=\"_blank\">Jos\u00e9 Antonio Fern\u00e1ndez Bravo<\/a>.<\/p>\n<p>Si tienes inter\u00e9s en c\u00f3mo poder introducir a nuestro alumnado en las matem\u00e1ticas a trav\u00e9s de un m\u00e9todo l\u00fadico, participativo, divertido, secuenciado y efectivo no dudes en apuntarte a este curso.<\/p>\n<p>.<\/li><li class=\"tab-pane \" id=\"ert_pane1-6\"><a href=\"https:\/\/www.juntadeandalucia.es\/educacion\/secretariavirtual\/consultaCEP\/actividad\/172924GE007\/\" target=\"_blank\">Curso de Lengua de Signos Espa\u00f1ola<\/a>, que se va a llevar a cabo en el CEP, preferentemente para el profesorado del IES Profesor Gonzalo Huesa, pero se han creado algunas plazas disponibles para aquellos otros docentes que est\u00e9is interesados en el mismo. Si hac\u00e9is clic en el enlace de arriba, o bien en la foto, pod\u00e9is acceder a los detalles del curso e inscribiros como de costumbre a trav\u00e9s de S\u00e9neca..<\/li><\/ul><\/div><\/div>\n<p>&nbsp;<\/p>\n<p>Adem\u00e1s aprovechamos para desearos FELICES FIESTAS de parte de todos los que formamos el equipo del CEP de Ronda.<\/p>\n<p>&nbsp;<\/p>\n<p>&nbsp;<\/p>\n","protected":false},"excerpt":{"rendered":"<p>\u00a1Muy buenas! Despedimos el a\u00f1o 2016 recordando todas las opciones de cursos que ten\u00e9is que comienzan en enero, y que seguro que os resultan interesantes. Si hac\u00e9is clic en cada una de las pesta\u00f1as de abajo podr\u00e9is ver la informaci\u00f3n de cada uno. &nbsp; Adem\u00e1s aprovechamos para desearos FELICES FIESTAS de parte de todos los [&hellip;]<\/p>\n","protected":false},"author":3,"featured_media":570,"comment_status":"open","ping_status":"open","sticky":false,"template":"","format":"standard","meta":{"_crdt_document":"","advanced_seo_description":"","jetpack_seo_html_title":"","jetpack_seo_noindex":false,"jetpack_post_was_ever_published":false,"_jetpack_newsletter_access":"","_jetpack_dont_email_post_to_subs":false,"_jetpack_newsletter_tier_id":0,"_jetpack_memberships_contains_paywalled_content":false,"_jetpack_memberships_contains_paid_content":false,"footnotes":"","jetpack_publicize_message":"","jetpack_publicize_feature_enabled":true,"jetpack_social_post_already_shared":false,"jetpack_social_options":{"image_generator_settings":{"template":"highway","default_image_id":0,"font":"","enabled":false},"version":2}},"categories":[3,5],"tags":[],"class_list":{"0":"post-551","1":"post","2":"type-post","3":"status-publish","4":"format-standard","5":"has-post-thumbnail","7":"category-formaciones","8":"category-noticias","9":"czr-hentry"},"jetpack_publicize_connections":[],"jetpack_featured_media_url":"","jetpack_shortlink":"https:\/\/wp.me\/p8M4X7-8T","jetpack-related-posts":[{"id":485,"url":"https:\/\/cepronda.com\/blog\/curso-trabajar-en-el-aula-con-alumnado-de-altas-capacidades\/","url_meta":{"origin":551,"position":0},"title":"Curso \u00abTrabajar en el aula con alumnado de altas capacidades\u00bb","author":"V\u00edctor Caballero","date":"13 diciembre, 2016","format":false,"excerpt":"\u00a1Y seguimos en marcha! \u00a1No nos paran! Ahora continuamos con otro curso dirigido a aquellos docentes que est\u00e9n interesados en la atenci\u00f3n al alumnado con altas capacidades intelectuales, con el objetivo principal de adquirir los mecanismos y medios adecuados para dar una \u00f3ptima respuesta a las necesidades educativas de este\u2026","rel":"","context":"En \u00abFormaciones\u00bb","block_context":{"text":"Formaciones","link":"https:\/\/cepronda.com\/blog\/category\/formaciones\/"},"img":{"alt_text":"sunset-485016_640","src":"https:\/\/i0.wp.com\/cepronda.com\/blog\/wp-content\/uploads\/2016\/12\/sunset-485016_640.png?resize=350%2C200","width":350,"height":200,"srcset":"https:\/\/i0.wp.com\/cepronda.com\/blog\/wp-content\/uploads\/2016\/12\/sunset-485016_640.png?resize=350%2C200 1x, https:\/\/i0.wp.com\/cepronda.com\/blog\/wp-content\/uploads\/2016\/12\/sunset-485016_640.png?resize=525%2C300 1.5x"},"classes":[]},{"id":4415,"url":"https:\/\/cepronda.com\/blog\/atencion-al-alumnado-con-altas-capacidades-intelectuales-aaccii\/","url_meta":{"origin":551,"position":1},"title":"ATENCI\u00d3N AL ALUMNADO CON ALTAS CAPACIDADES INTELECTUALES (AACCII)","author":"Inmaculada Garc\u00eda","date":"15 abril, 2021","format":false,"excerpt":"Os informamos que est\u00e1 abierto el plazo de inscripci\u00f3n (hasta el 26 de abril) de la formaci\u00f3n \u201cATENCI\u00d3N AL ALUMNADO CON ALTAS CAPACIDADES INTELECTUALES (AACCII)(219908KOE278)\u201d. Es un curso a distancia que se desarrollar\u00e1 en el Aula Virtual de Formaci\u00f3n del Profesorado, de car\u00e1cter regional y gestionada por el CEP de\u2026","rel":"","context":"En \u00abFormaciones\u00bb","block_context":{"text":"Formaciones","link":"https:\/\/cepronda.com\/blog\/category\/formaciones\/"},"img":{"alt_text":"","src":"https:\/\/i0.wp.com\/cepronda.com\/blog\/wp-content\/uploads\/2021\/04\/article.jpg?resize=350%2C200","width":350,"height":200},"classes":[]},{"id":4378,"url":"https:\/\/cepronda.com\/blog\/atencion-educativa-al-alumnado-de-altas-capacidades\/","url_meta":{"origin":551,"position":2},"title":"Atenci\u00f3n Educativa al Alumnado de Altas Capacidades","author":"Inmaculada Garc\u00eda","date":"7 abril, 2021","format":false,"excerpt":"La pr\u00f3xima semana dar\u00e1 comienzo la formaci\u00f3n \"Atenci\u00f3n Educativa al Alumnado de Altas Capacidades\". En esta ocasi\u00f3n contamos con la Asociaci\u00f3n ASA- M\u00e1laga para impartirla. Entre nuestros ponentes vamos a tener a: Laura D\u00edaz (responsable de formaci\u00f3n de ASA- M\u00e1laga) Laura Caparr\u00f3s\u00a0 (especialista en atenci\u00f3n educativa a alumnado de AACC)\u2026","rel":"","context":"En \u00abFormaciones\u00bb","block_context":{"text":"Formaciones","link":"https:\/\/cepronda.com\/blog\/category\/formaciones\/"},"img":{"alt_text":"","src":"https:\/\/i0.wp.com\/cepronda.com\/blog\/wp-content\/uploads\/2021\/04\/212924GE025-CARTEL-ALTAS-CAPACIDADES.jpg?fit=848%2C1200&ssl=1&resize=350%2C200","width":350,"height":200,"srcset":"https:\/\/i0.wp.com\/cepronda.com\/blog\/wp-content\/uploads\/2021\/04\/212924GE025-CARTEL-ALTAS-CAPACIDADES.jpg?fit=848%2C1200&ssl=1&resize=350%2C200 1x, https:\/\/i0.wp.com\/cepronda.com\/blog\/wp-content\/uploads\/2021\/04\/212924GE025-CARTEL-ALTAS-CAPACIDADES.jpg?fit=848%2C1200&ssl=1&resize=525%2C300 1.5x, https:\/\/i0.wp.com\/cepronda.com\/blog\/wp-content\/uploads\/2021\/04\/212924GE025-CARTEL-ALTAS-CAPACIDADES.jpg?fit=848%2C1200&ssl=1&resize=700%2C400 2x"},"classes":[]},{"id":9263,"url":"https:\/\/cepronda.com\/blog\/9263-2\/","url_meta":{"origin":551,"position":3},"title":"RESPUESTA EDUCATIVA AL ALUMNADO CON ALTAS CAPACIDADES: PROGRAMAS DE PROFUNDIZACI\u00d3N","author":"Encarni Jim\u00e9nez Rosado","date":"28 enero, 2026","format":false,"excerpt":"Se abre plazo de inscripci\u00f3n para el curso \u201cRESPUESTA EDUCATIVA AL ALUMNADO CON ALTAS CAPACIDADES: PROGRAMAS DE PROFUNDIZACI\u00d3N\u201d, con c\u00f3digo: 262923GE801. Duraci\u00f3n: 3 sesiones por videoconferencia. 6 horas de tareas tutorizadas en el AVFP Inscripci\u00f3n:\u00a027 enero - 17 febrero Sesiones: 11, 18, 25 marzo - 17:00 a 19:00 Informaci\u00f3n e\u2026","rel":"","context":"En \u00abFormaciones\u00bb","block_context":{"text":"Formaciones","link":"https:\/\/cepronda.com\/blog\/category\/formaciones\/"},"img":{"alt_text":"","src":"https:\/\/i0.wp.com\/cepronda.com\/blog\/wp-content\/uploads\/2026\/01\/aci.png?fit=822%2C818&ssl=1&resize=350%2C200","width":350,"height":200,"srcset":"https:\/\/i0.wp.com\/cepronda.com\/blog\/wp-content\/uploads\/2026\/01\/aci.png?fit=822%2C818&ssl=1&resize=350%2C200 1x, https:\/\/i0.wp.com\/cepronda.com\/blog\/wp-content\/uploads\/2026\/01\/aci.png?fit=822%2C818&ssl=1&resize=525%2C300 1.5x, https:\/\/i0.wp.com\/cepronda.com\/blog\/wp-content\/uploads\/2026\/01\/aci.png?fit=822%2C818&ssl=1&resize=700%2C400 2x"},"classes":[]},{"id":7768,"url":"https:\/\/cepronda.com\/blog\/cursos-areas-5-y-6-de-cdd-empodera-digitalmente-a-tu-alumnado-y-desarrolla-la-competencia-digital-de-tu-alumnado\/","url_meta":{"origin":551,"position":4},"title":"Cursos \u00e1reas 5 y 6 de CDD: \u00abEMPODERA DIGITALMENTE A TU ALUMNADO\u00bb y \u00abDESARROLLA LA COMPETENCIA DIGITAL DE TU ALUMNADO\u00bb","author":"V\u00edctor Caballero","date":"30 septiembre, 2024","format":false,"excerpt":"Abierto el plazo de inscripciones para certificar un nivel de Competencia Digital Docente para las \u00e1reas 5 y 6 del MRDD: 532. \"EMPODERA DIGITALMENTE A TU ALUMNADO\" (Desarrolla el \u00e1rea 5 del MRDD) con c\u00f3digo 259924KPF532 Enlace para la inscripci\u00f3n y m\u00e1s informaci\u00f3n: https:\/\/www.juntadeandalucia.es\/educacion\/secretariavirtual\/consultaCEP\/actividad\/259924KPF532\/ \u00a0 531. \"DESARROLLA LA COMPETENCIA DIGITAL\u2026","rel":"","context":"En \u00abFormaciones\u00bb","block_context":{"text":"Formaciones","link":"https:\/\/cepronda.com\/blog\/category\/formaciones\/"},"img":{"alt_text":"","src":"https:\/\/i0.wp.com\/cepronda.com\/blog\/wp-content\/uploads\/2024\/09\/259924KPF531_Cartel-5-Y-6.jpg?fit=1200%2C675&ssl=1&resize=350%2C200","width":350,"height":200,"srcset":"https:\/\/i0.wp.com\/cepronda.com\/blog\/wp-content\/uploads\/2024\/09\/259924KPF531_Cartel-5-Y-6.jpg?fit=1200%2C675&ssl=1&resize=350%2C200 1x, https:\/\/i0.wp.com\/cepronda.com\/blog\/wp-content\/uploads\/2024\/09\/259924KPF531_Cartel-5-Y-6.jpg?fit=1200%2C675&ssl=1&resize=525%2C300 1.5x, https:\/\/i0.wp.com\/cepronda.com\/blog\/wp-content\/uploads\/2024\/09\/259924KPF531_Cartel-5-Y-6.jpg?fit=1200%2C675&ssl=1&resize=700%2C400 2x, https:\/\/i0.wp.com\/cepronda.com\/blog\/wp-content\/uploads\/2024\/09\/259924KPF531_Cartel-5-Y-6.jpg?fit=1200%2C675&ssl=1&resize=1050%2C600 3x"},"classes":[]},{"id":4409,"url":"https:\/\/cepronda.com\/blog\/atencion-al-alumnado-con-discapacidad-auditiva-en-el-aula-ordinaria\/","url_meta":{"origin":551,"position":5},"title":"ATENCI\u00d3N AL ALUMNADO CON DISCAPACIDAD AUDITIVA EN EL AULA ORDINARIA","author":"Inmaculada Garc\u00eda","date":"15 abril, 2021","format":false,"excerpt":"Buenos d\u00edas, compa\u00f1eras y compa\u00f1eros, Os informamos que est\u00e1 abierto el plazo de inscripci\u00f3n (hasta el 26 de abril) de la formaci\u00f3n \u201c ATENCI\u00d3N AL ALUMNADO CON DISCAPACIDAD AUDITIVA EN EL AULA ORDINARIA (219903KOE275)\u201d. Es un curso a distancia que se desarrollar\u00e1 en el Aula Virtual de Formaci\u00f3n del Profesorado,\u2026","rel":"","context":"En \u00abFormaciones\u00bb","block_context":{"text":"Formaciones","link":"https:\/\/cepronda.com\/blog\/category\/formaciones\/"},"img":{"alt_text":"","src":"https:\/\/i0.wp.com\/cepronda.com\/blog\/wp-content\/uploads\/2021\/04\/7-discapacidad-auditiva-FREELIBROS.ORG_.jpg?fit=949%2C935&ssl=1&resize=350%2C200","width":350,"height":200,"srcset":"https:\/\/i0.wp.com\/cepronda.com\/blog\/wp-content\/uploads\/2021\/04\/7-discapacidad-auditiva-FREELIBROS.ORG_.jpg?fit=949%2C935&ssl=1&resize=350%2C200 1x, https:\/\/i0.wp.com\/cepronda.com\/blog\/wp-content\/uploads\/2021\/04\/7-discapacidad-auditiva-FREELIBROS.ORG_.jpg?fit=949%2C935&ssl=1&resize=525%2C300 1.5x, https:\/\/i0.wp.com\/cepronda.com\/blog\/wp-content\/uploads\/2021\/04\/7-discapacidad-auditiva-FREELIBROS.ORG_.jpg?fit=949%2C935&ssl=1&resize=700%2C400 2x"},"classes":[]}],"jetpack_sharing_enabled":true,"_links":{"self":[{"href":"https:\/\/cepronda.com\/blog\/wp-json\/wp\/v2\/posts\/551","targetHints":{"allow":["GET"]}}],"collection":[{"href":"https:\/\/cepronda.com\/blog\/wp-json\/wp\/v2\/posts"}],"about":[{"href":"https:\/\/cepronda.com\/blog\/wp-json\/wp\/v2\/types\/post"}],"author":[{"embeddable":true,"href":"https:\/\/cepronda.com\/blog\/wp-json\/wp\/v2\/users\/3"}],"replies":[{"embeddable":true,"href":"https:\/\/cepronda.com\/blog\/wp-json\/wp\/v2\/comments?post=551"}],"version-history":[{"count":0,"href":"https:\/\/cepronda.com\/blog\/wp-json\/wp\/v2\/posts\/551\/revisions"}],"wp:featuredmedia":[{"embeddable":true,"href":"https:\/\/cepronda.com\/blog\/wp-json\/"}],"wp:attachment":[{"href":"https:\/\/cepronda.com\/blog\/wp-json\/wp\/v2\/media?parent=551"}],"wp:term":[{"taxonomy":"category","embeddable":true,"href":"https:\/\/cepronda.com\/blog\/wp-json\/wp\/v2\/categories?post=551"},{"taxonomy":"post_tag","embeddable":true,"href":"https:\/\/cepronda.com\/blog\/wp-json\/wp\/v2\/tags?post=551"}],"curies":[{"name":"wp","href":"https:\/\/api.w.org\/{rel}","templated":true}]}}