{"id":5496,"date":"2022-09-21T18:37:44","date_gmt":"2022-09-21T16:37:44","guid":{"rendered":"http:\/\/cepronda.com\/blog\/?p=5496"},"modified":"2022-09-21T18:37:44","modified_gmt":"2022-09-21T16:37:44","slug":"proyecto-proyectoedia-ies-perez-de-guzman-ronda","status":"publish","type":"post","link":"https:\/\/cepronda.com\/blog\/proyecto-proyectoedia-ies-perez-de-guzman-ronda\/","title":{"rendered":"PROYECTO @proyectoEDIA. IES P\u00e9rez de Guzm\u00e1n. Ronda."},"content":{"rendered":"<div>\n<div class=\"g4tp4svg mfclru0v om3e55n1 p8bdhjjv\">\n<div class=\"g4tp4svg om3e55n1\">\n<div class=\"\">\n<div class=\"\">\n<div class=\"icdlwmnq\" role=\"article\" aria-posinset=\"3\" aria-describedby=\"jsc_c_7u jsc_c_7v jsc_c_7w jsc_c_7y jsc_c_7x\" aria-labelledby=\"jsc_c_7t\">\n<div class=\"alzwoclg cqf1kptm\">\n<div class=\"bdao358l om3e55n1 g4tp4svg\">\n<div class=\"alzwoclg om3e55n1 mfclru0v\">\n<div class=\"bdao358l om3e55n1 g4tp4svg oab4agdp g6da2mms yn3a2qjl b52o6v01 a96hb305 mfclru0v lq84ybu9 hf30pyar b3dzj11p\">\n<div>\n<div class=\"\" dir=\"auto\">\n<div id=\"jsc_c_7v\" class=\"d2hqwtrz r227ecj6 ez8dtbzv gt60zsk1\" data-ad-comet-preview=\"message\" data-ad-preview=\"message\">\n<div class=\"alzwoclg cqf1kptm siwo0mpr gu5uzgus\">\n<div class=\"jroqu855 nthtkgg5\">\n<div class=\"m8h3af8h l7ghb35v kjdc1dyq kmwttqpk gh25dzvf n3t5jt4f\">\n<div dir=\"auto\">Felicidades por vuestra participaci\u00f3n en el INTEF del Ministerio de Educaci\u00f3n compartiendo vuestra experiencia de uso de los REA, recursos educativos abiertos del #proyectoEDIA como v\u00eda para la mejora del aprendizaje competencial, de la motivaci\u00f3n, de la convivencia y de la autonom\u00eda del alumnado @educaINTEF, @proyectoEDIA, @exelearning_sp #5JE_REAventura.<\/div>\n<div dir=\"auto\">&nbsp;<\/div>\n<\/div>\n<\/div>\n<\/div>\n<\/div>\n<\/div>\n<div id=\"jsc_c_7w\" class=\"om3e55n1\">\n<div class=\"om3e55n1\">\n<div class=\"om3e55n1\">\n<div class=\"om3e55n1\">\n<div class=\"lq84ybu9 hf30pyar s8sjc6am\">\n<div class=\"hf30pyar lq84ybu9\">\n<div class=\"nuz1ool1 lq84ybu9 hf30pyar om3e55n1\">\n<div class=\"s8sjc6am ekq1a7f9\"><img decoding=\"async\" class=\"z6erz7xo on4d8346 pytsy3co s8sjc6am myo4itp8 ekq1a7f9 mfclru0v aligncenter\" src=\"https:\/\/scontent.fsvq1-1.fna.fbcdn.net\/v\/t39.30808-6\/302545866_1225219891358916_8588385042584351171_n.jpg?stp=dst-jpg_s600x600&amp;_nc_cat=107&amp;ccb=1-7&amp;_nc_sid=8bfeb9&amp;_nc_ohc=gEutQ1bVW1QAX-pT931&amp;_nc_ht=scontent.fsvq1-1.fna&amp;oh=00_AT9-apMV7yeJYnb2yIVxxqUUjtuoQKlf7p0Dhzfs1bV7Vg&amp;oe=632FE0D9\" alt=\"\"><\/div>\n<\/div>\n<div class=\"ekq1a7f9 myo4itp8 s8sjc6am l10tt5db on4d8346 bdao358l z6erz7xo r8vnayig a05blw6y\">&nbsp;<\/div>\n<\/div>\n<div class=\"o9erhkwx dzqi5evh hupbnkgi hvb2xoa8 z6erz7xo on4d8346 jkp44r48 l10tt5db s8sjc6am myo4itp8 ekq1a7f9 pym4i58u ldembo95 mwa1sm0y\" data-visualcompletion=\"ignore\">&nbsp;<\/div>\n<\/div>\n<\/div>\n<\/div>\n<\/div>\n<\/div>\n<\/div>\n<\/div>\n<\/div>\n<\/div>\n<\/div>\n<\/div>\n<\/div>\n<\/div>\n<\/div>\n<\/div>\n<\/div>\n","protected":false},"excerpt":{"rendered":"<p>Felicidades por vuestra participaci\u00f3n en el INTEF del Ministerio de Educaci\u00f3n compartiendo vuestra experiencia de uso de los REA, recursos educativos abiertos del #proyectoEDIA como v\u00eda para la mejora del aprendizaje competencial, de la motivaci\u00f3n, de la convivencia y de la autonom\u00eda del alumnado @educaINTEF, @proyectoEDIA, @exelearning_sp #5JE_REAventura. &nbsp; &nbsp; &nbsp;<\/p>\n","protected":false},"author":13,"featured_media":5497,"comment_status":"closed","ping_status":"open","sticky":false,"template":"","format":"standard","meta":{"_crdt_document":"","advanced_seo_description":"","jetpack_seo_html_title":"","jetpack_seo_noindex":false,"jetpack_post_was_ever_published":false,"_jetpack_newsletter_access":"","_jetpack_dont_email_post_to_subs":false,"_jetpack_newsletter_tier_id":0,"_jetpack_memberships_contains_paywalled_content":false,"_jetpack_memberships_contains_paid_content":false,"footnotes":"","jetpack_publicize_message":"","jetpack_publicize_feature_enabled":true,"jetpack_social_post_already_shared":false,"jetpack_social_options":{"image_generator_settings":{"template":"highway","default_image_id":0,"font":"","enabled":false},"version":2}},"categories":[5],"tags":[],"class_list":{"0":"post-5496","1":"post","2":"type-post","3":"status-publish","4":"format-standard","5":"has-post-thumbnail","7":"category-noticias","8":"czr-hentry"},"jetpack_publicize_connections":[],"jetpack_featured_media_url":"https:\/\/i0.wp.com\/cepronda.com\/blog\/wp-content\/uploads\/2022\/09\/302545866_1225219891358916_8588385042584351171_n.jpg?fit=600%2C450&ssl=1","jetpack_shortlink":"https:\/\/wp.me\/p8M4X7-1qE","jetpack-related-posts":[{"id":4082,"url":"https:\/\/cepronda.com\/blog\/creando-aulas-resilientes-3\/","url_meta":{"origin":5496,"position":0},"title":"CREANDO AULAS RESILIENTES.","author":"Inmaculada Garc\u00eda","date":"7 enero, 2021","format":false,"excerpt":"Hola compa\u00f1eros y compa\u00f1eras. Feliz a\u00f1o! Despu\u00e9s de este merecido descanso, comenzamos este trimestre con nuevas actividades formativas. Os recordamos que son los \u00faltimos d\u00edas para realizar vuestra inscripci\u00f3n en el curso \"CREANDO AULAS RESILIENTES\" con Macarena Soto. Os dejamos el cartel informativo y enlace para realizar vuestra solicitud. Esperamos\u2026","rel":"","context":"En \u00abNoticias\u00bb","block_context":{"text":"Noticias","link":"https:\/\/cepronda.com\/blog\/category\/noticias\/"},"img":{"alt_text":"","src":"https:\/\/i0.wp.com\/cepronda.com\/blog\/wp-content\/uploads\/2020\/12\/CREANDO-AULAS-RESILENTES.jpg?fit=848%2C1200&ssl=1&resize=350%2C200","width":350,"height":200,"srcset":"https:\/\/i0.wp.com\/cepronda.com\/blog\/wp-content\/uploads\/2020\/12\/CREANDO-AULAS-RESILENTES.jpg?fit=848%2C1200&ssl=1&resize=350%2C200 1x, https:\/\/i0.wp.com\/cepronda.com\/blog\/wp-content\/uploads\/2020\/12\/CREANDO-AULAS-RESILENTES.jpg?fit=848%2C1200&ssl=1&resize=525%2C300 1.5x, https:\/\/i0.wp.com\/cepronda.com\/blog\/wp-content\/uploads\/2020\/12\/CREANDO-AULAS-RESILENTES.jpg?fit=848%2C1200&ssl=1&resize=700%2C400 2x"},"classes":[]},{"id":1228,"url":"https:\/\/cepronda.com\/blog\/material-para-prestamos\/","url_meta":{"origin":5496,"position":1},"title":"Material para pr\u00e9stamos","author":"V\u00edctor Caballero","date":"15 septiembre, 2017","format":false,"excerpt":"Muy buenas, Hoy queremos aprovechar esta entrada para recordaros que todos los centros de \u00a0nuestra zona ten\u00e9is a vuestra disposici\u00f3n un amplio material bibliogr\u00e1fico y de consulta del CEP. Y adem\u00e1s para los y las docentes de Educaci\u00f3n F\u00edsica os recordamos que ten\u00e9is a vuestra disposici\u00f3n material de SpeedStacks y\u2026","rel":"","context":"En \u00abNoticias\u00bb","block_context":{"text":"Noticias","link":"https:\/\/cepronda.com\/blog\/category\/noticias\/"},"img":{"alt_text":"","src":"https:\/\/i0.wp.com\/cepronda.com\/blog\/wp-content\/uploads\/2017\/09\/SPEEDSTACKSSportPackof30Sets_XL.jpg?fit=1000%2C1000&ssl=1&resize=350%2C200","width":350,"height":200,"srcset":"https:\/\/i0.wp.com\/cepronda.com\/blog\/wp-content\/uploads\/2017\/09\/SPEEDSTACKSSportPackof30Sets_XL.jpg?fit=1000%2C1000&ssl=1&resize=350%2C200 1x, https:\/\/i0.wp.com\/cepronda.com\/blog\/wp-content\/uploads\/2017\/09\/SPEEDSTACKSSportPackof30Sets_XL.jpg?fit=1000%2C1000&ssl=1&resize=525%2C300 1.5x, https:\/\/i0.wp.com\/cepronda.com\/blog\/wp-content\/uploads\/2017\/09\/SPEEDSTACKSSportPackof30Sets_XL.jpg?fit=1000%2C1000&ssl=1&resize=700%2C400 2x"},"classes":[]},{"id":3664,"url":"https:\/\/cepronda.com\/blog\/bienvenida-al-curso-2020-21\/","url_meta":{"origin":5496,"position":2},"title":"Bienvenida al curso 2020\/21","author":"Maribel Mu\u00f1oz","date":"2 septiembre, 2020","format":false,"excerpt":"Buenos d\u00edas compa\u00f1eras y compa\u00f1eros, Desde el CEP de Ronda os damos la bienvenida a este nuevo curso. Sabemos que es un a\u00f1o acad\u00e9mico complejo y, por eso, todo el equipo del CEP estamos, como siempre, a vuestra plena disposici\u00f3n. Aprovechamos para informar que en breve nos pondremos en contacto\u2026","rel":"","context":"En \u00abNoticias\u00bb","block_context":{"text":"Noticias","link":"https:\/\/cepronda.com\/blog\/category\/noticias\/"},"img":{"alt_text":"","src":"","width":0,"height":0},"classes":[]},{"id":1192,"url":"https:\/\/cepronda.com\/blog\/nuevo-curso\/","url_meta":{"origin":5496,"position":3},"title":"Nuevo curso","author":"V\u00edctor Caballero","date":"4 septiembre, 2017","format":false,"excerpt":"Muy buenas a todas y a todos, Ya estamos de vuelta en un nuevo curso que promete ser apasionante, ilusionante y motivador. Por parte del CEP prometemos poner de nuestra parte todos los esfuerzos posibles para que nuestra oferta formativa se adapte todo lo posible a vuestras necesidades. Para cualquier\u2026","rel":"","context":"En \u00abNoticias\u00bb","block_context":{"text":"Noticias","link":"https:\/\/cepronda.com\/blog\/category\/noticias\/"},"img":{"alt_text":"","src":"https:\/\/i0.wp.com\/cepronda.com\/blog\/wp-content\/uploads\/2017\/09\/b9415ce57ebb1781bab48f67d7505fcd-cotton-quotes.jpg?fit=736%2C776&ssl=1&resize=350%2C200","width":350,"height":200,"srcset":"https:\/\/i0.wp.com\/cepronda.com\/blog\/wp-content\/uploads\/2017\/09\/b9415ce57ebb1781bab48f67d7505fcd-cotton-quotes.jpg?fit=736%2C776&ssl=1&resize=350%2C200 1x, https:\/\/i0.wp.com\/cepronda.com\/blog\/wp-content\/uploads\/2017\/09\/b9415ce57ebb1781bab48f67d7505fcd-cotton-quotes.jpg?fit=736%2C776&ssl=1&resize=525%2C300 1.5x, https:\/\/i0.wp.com\/cepronda.com\/blog\/wp-content\/uploads\/2017\/09\/b9415ce57ebb1781bab48f67d7505fcd-cotton-quotes.jpg?fit=736%2C776&ssl=1&resize=700%2C400 2x"},"classes":[]},{"id":1814,"url":"https:\/\/cepronda.com\/blog\/juegos-de-mesa-a-vuestra-disposicion\/","url_meta":{"origin":5496,"position":4},"title":"Juegos de mesa a vuestra disposici\u00f3n","author":"V\u00edctor Caballero","date":"14 mayo, 2018","format":false,"excerpt":"\u00a1Hola! Sabemos que se acerca el final de curso, y puede ser que os resulte interesante trabajar con vuestro alumnado con juegos de mesa para repasar todo lo trabajado en el curso de una forma m\u00e1s l\u00fadica. Para esto y para que los teng\u00e1is a vuestra disposici\u00f3n durante todo el\u2026","rel":"","context":"En \u00abNoticias\u00bb","block_context":{"text":"Noticias","link":"https:\/\/cepronda.com\/blog\/category\/noticias\/"},"img":{"alt_text":"","src":"https:\/\/i0.wp.com\/cepronda.com\/blog\/wp-content\/uploads\/2018\/05\/IMG_20180514_114702.jpg?fit=1200%2C900&ssl=1&resize=350%2C200","width":350,"height":200,"srcset":"https:\/\/i0.wp.com\/cepronda.com\/blog\/wp-content\/uploads\/2018\/05\/IMG_20180514_114702.jpg?fit=1200%2C900&ssl=1&resize=350%2C200 1x, https:\/\/i0.wp.com\/cepronda.com\/blog\/wp-content\/uploads\/2018\/05\/IMG_20180514_114702.jpg?fit=1200%2C900&ssl=1&resize=525%2C300 1.5x, https:\/\/i0.wp.com\/cepronda.com\/blog\/wp-content\/uploads\/2018\/05\/IMG_20180514_114702.jpg?fit=1200%2C900&ssl=1&resize=700%2C400 2x, https:\/\/i0.wp.com\/cepronda.com\/blog\/wp-content\/uploads\/2018\/05\/IMG_20180514_114702.jpg?fit=1200%2C900&ssl=1&resize=1050%2C600 3x"},"classes":[]},{"id":1505,"url":"https:\/\/cepronda.com\/blog\/felices-fiestas\/","url_meta":{"origin":5496,"position":5},"title":"Felices fiestas","author":"V\u00edctor Caballero","date":"21 diciembre, 2017","format":false,"excerpt":"Muy buenas,\u00a0 No queremos olvidarnos de todos y todas vosotras en estos d\u00edas. Deseando sobre todo que descans\u00e9is y que pas\u00e9is unos d\u00edas felices con vuestra gente, recibid nuestros mejores deseos de parte de todo el equipo que formamos el Centro de Profesorado de Ronda.","rel":"","context":"En \u00abNoticias\u00bb","block_context":{"text":"Noticias","link":"https:\/\/cepronda.com\/blog\/category\/noticias\/"},"img":{"alt_text":"","src":"https:\/\/i0.wp.com\/cepronda.com\/blog\/wp-content\/uploads\/2017\/12\/FELIZ-NAVIDAD-CEP-RONDA.png?resize=350%2C200","width":350,"height":200,"srcset":"https:\/\/i0.wp.com\/cepronda.com\/blog\/wp-content\/uploads\/2017\/12\/FELIZ-NAVIDAD-CEP-RONDA.png?resize=350%2C200 1x, https:\/\/i0.wp.com\/cepronda.com\/blog\/wp-content\/uploads\/2017\/12\/FELIZ-NAVIDAD-CEP-RONDA.png?resize=525%2C300 1.5x"},"classes":[]}],"jetpack_sharing_enabled":true,"_links":{"self":[{"href":"https:\/\/cepronda.com\/blog\/wp-json\/wp\/v2\/posts\/5496","targetHints":{"allow":["GET"]}}],"collection":[{"href":"https:\/\/cepronda.com\/blog\/wp-json\/wp\/v2\/posts"}],"about":[{"href":"https:\/\/cepronda.com\/blog\/wp-json\/wp\/v2\/types\/post"}],"author":[{"embeddable":true,"href":"https:\/\/cepronda.com\/blog\/wp-json\/wp\/v2\/users\/13"}],"replies":[{"embeddable":true,"href":"https:\/\/cepronda.com\/blog\/wp-json\/wp\/v2\/comments?post=5496"}],"version-history":[{"count":1,"href":"https:\/\/cepronda.com\/blog\/wp-json\/wp\/v2\/posts\/5496\/revisions"}],"predecessor-version":[{"id":5498,"href":"https:\/\/cepronda.com\/blog\/wp-json\/wp\/v2\/posts\/5496\/revisions\/5498"}],"wp:featuredmedia":[{"embeddable":true,"href":"https:\/\/cepronda.com\/blog\/wp-json\/wp\/v2\/media\/5497"}],"wp:attachment":[{"href":"https:\/\/cepronda.com\/blog\/wp-json\/wp\/v2\/media?parent=5496"}],"wp:term":[{"taxonomy":"category","embeddable":true,"href":"https:\/\/cepronda.com\/blog\/wp-json\/wp\/v2\/categories?post=5496"},{"taxonomy":"post_tag","embeddable":true,"href":"https:\/\/cepronda.com\/blog\/wp-json\/wp\/v2\/tags?post=5496"}],"curies":[{"name":"wp","href":"https:\/\/api.w.org\/{rel}","templated":true}]}}