{"id":5479,"date":"2022-09-16T19:17:19","date_gmt":"2022-09-16T17:17:19","guid":{"rendered":"http:\/\/cepronda.com\/blog\/?p=5479"},"modified":"2025-02-21T11:09:23","modified_gmt":"2025-02-21T10:09:23","slug":"5479-2","status":"publish","type":"post","link":"https:\/\/cepronda.com\/blog\/5479-2\/","title":{"rendered":"JORNADAS PROVINCIALES DE ATENCI\u00d3N A LA DIVERSIDAD"},"content":{"rendered":"<p>Nos es muy grato informaros de que han salido publicadas las <strong>JORNADAS PROVINCIALES DE ATENCI\u00d3N A LA DIVERSIDAD <em>#JADIM.<\/em><\/strong><\/p>\n<p style=\"text-align: left;\">Ser\u00e1n el d\u00eda <strong>26 de octubre del 2022<\/strong> en el <strong>Palacios de Exposiciones de Torremolinos<\/strong>. Contaremos con la participaci\u00f3n de grandes profesionales del campo de la atenci\u00f3n a la diversidad.<\/p>\n<p>La inscripci\u00f3n es como una actividad formativa en S\u00c9NECA a partir del <strong>19 al 29 de septiembre del 2022.<\/strong><\/p>\n<p style=\"text-align: left;\">Os invitamos a conocer la programaci\u00f3n de las Jornadas en su p\u00e1gina web: <a href=\"https:\/\/jadim.formacioncepmalaga.es\/\">https:\/\/jadim.formacioncepmalaga.es\/<\/a><\/p>\n<p style=\"text-align: left;\">: Centros del Profesorado de la provincia de M\u00e1laga<\/p>\n<p>Esperamos que sean de vuestro inter\u00e9s.<\/p>\n<p><a href=\"https:\/\/jadim.formacioncepmalaga.es\/\"><img data-recalc-dims=\"1\" loading=\"lazy\" decoding=\"async\" class=\"size-medium wp-image-5480 aligncenter\" src=\"https:\/\/i0.wp.com\/cepronda.com\/blog\/wp-content\/uploads\/2022\/09\/WhatsApp-Image-2022-09-16-at-14.27.14-212x300.jpeg?resize=212%2C300\" alt=\"\" width=\"212\" height=\"300\" srcset=\"https:\/\/i0.wp.com\/cepronda.com\/blog\/wp-content\/uploads\/2022\/09\/WhatsApp-Image-2022-09-16-at-14.27.14.jpeg?resize=212%2C300&amp;ssl=1 212w, https:\/\/i0.wp.com\/cepronda.com\/blog\/wp-content\/uploads\/2022\/09\/WhatsApp-Image-2022-09-16-at-14.27.14.jpeg?resize=724%2C1024&amp;ssl=1 724w, https:\/\/i0.wp.com\/cepronda.com\/blog\/wp-content\/uploads\/2022\/09\/WhatsApp-Image-2022-09-16-at-14.27.14.jpeg?resize=768%2C1086&amp;ssl=1 768w, https:\/\/i0.wp.com\/cepronda.com\/blog\/wp-content\/uploads\/2022\/09\/WhatsApp-Image-2022-09-16-at-14.27.14.jpeg?resize=1086%2C1536&amp;ssl=1 1086w, https:\/\/i0.wp.com\/cepronda.com\/blog\/wp-content\/uploads\/2022\/09\/WhatsApp-Image-2022-09-16-at-14.27.14.jpeg?w=1131&amp;ssl=1 1131w\" sizes=\"auto, (max-width: 212px) 100vw, 212px\" \/><\/a><\/p>\n","protected":false},"excerpt":{"rendered":"<p>Nos es muy grato informaros de que han salido publicadas las JORNADAS PROVINCIALES DE ATENCI\u00d3N A LA DIVERSIDAD #JADIM. Ser\u00e1n el d\u00eda 26 de octubre del 2022 en el Palacios de Exposiciones de Torremolinos. Contaremos con la participaci\u00f3n de grandes profesionales del campo de la atenci\u00f3n a la diversidad. La inscripci\u00f3n es como una actividad [&hellip;]<\/p>\n","protected":false},"author":9,"featured_media":5480,"comment_status":"closed","ping_status":"open","sticky":false,"template":"","format":"standard","meta":{"_crdt_document":"","advanced_seo_description":"","jetpack_seo_html_title":"","jetpack_seo_noindex":false,"jetpack_post_was_ever_published":false,"_jetpack_newsletter_access":"","_jetpack_dont_email_post_to_subs":false,"_jetpack_newsletter_tier_id":0,"_jetpack_memberships_contains_paywalled_content":false,"_jetpack_memberships_contains_paid_content":false,"footnotes":"","jetpack_publicize_message":"","jetpack_publicize_feature_enabled":true,"jetpack_social_post_already_shared":false,"jetpack_social_options":{"image_generator_settings":{"template":"highway","default_image_id":0,"font":"","enabled":false},"version":2}},"categories":[3],"tags":[126],"class_list":{"0":"post-5479","1":"post","2":"type-post","3":"status-publish","4":"format-standard","5":"has-post-thumbnail","7":"category-formaciones","8":"tag-atencion-a-la-diversidad","9":"czr-hentry"},"jetpack_publicize_connections":[],"jetpack_featured_media_url":"https:\/\/i0.wp.com\/cepronda.com\/blog\/wp-content\/uploads\/2022\/09\/WhatsApp-Image-2022-09-16-at-14.27.14.jpeg?fit=1131%2C1600&ssl=1","jetpack_shortlink":"https:\/\/wp.me\/p8M4X7-1qn","jetpack-related-posts":[{"id":4650,"url":"https:\/\/cepronda.com\/blog\/4650-2\/","url_meta":{"origin":5479,"position":0},"title":"JORNADAS \u00abLA DIVERSIDAD: ADAPTACIONES B\u00c1SICAS DE LA VIDA ESCOLAR\u00bb","author":"Inmaculada Garc\u00eda","date":"23 septiembre, 2021","format":false,"excerpt":"Buenos d\u00edas\u00a0 compa\u00f1eras y compa\u00f1eros, Desde el CEP de Ronda os informamos que est\u00e1 abierto el plazo de inscripci\u00f3n a las Jornadas Provinciales \"LA DIVERSIDAD: ADAPTACIONES B\u00c1SICAS DE LA VIDA ESCOLAR( C\u00f3digo actividad 22923GJ751). El d\u00eda 29 de septiembre tendr\u00e1n lugar las Jornadas \"LA DIVERSIDAD: ADAPTACIONES B\u00c1SICAS DE LA VIDA\u2026","rel":"","context":"En \u00abFormaciones\u00bb","block_context":{"text":"Formaciones","link":"https:\/\/cepronda.com\/blog\/category\/formaciones\/"},"img":{"alt_text":"","src":"https:\/\/i0.wp.com\/cepronda.com\/blog\/wp-content\/uploads\/2021\/09\/WhatsApp-Image-2021-09-23-at-11.29.13.jpeg?fit=865%2C1200&ssl=1&resize=350%2C200","width":350,"height":200,"srcset":"https:\/\/i0.wp.com\/cepronda.com\/blog\/wp-content\/uploads\/2021\/09\/WhatsApp-Image-2021-09-23-at-11.29.13.jpeg?fit=865%2C1200&ssl=1&resize=350%2C200 1x, https:\/\/i0.wp.com\/cepronda.com\/blog\/wp-content\/uploads\/2021\/09\/WhatsApp-Image-2021-09-23-at-11.29.13.jpeg?fit=865%2C1200&ssl=1&resize=525%2C300 1.5x, https:\/\/i0.wp.com\/cepronda.com\/blog\/wp-content\/uploads\/2021\/09\/WhatsApp-Image-2021-09-23-at-11.29.13.jpeg?fit=865%2C1200&ssl=1&resize=700%2C400 2x"},"classes":[]},{"id":1946,"url":"https:\/\/cepronda.com\/blog\/presentacion-de-las-jornadas-el-papel-de-las-tutorias-en-la-atencion-a-la-diversidad\/","url_meta":{"origin":5479,"position":1},"title":"Presentaci\u00f3n de las Jornadas  \u00abEl papel de las tutor\u00edas en la atenci\u00f3n a la diversidad\u00bb","author":"V\u00edctor Caballero","date":"25 mayo, 2018","format":false,"excerpt":"\u00a1Hola de nuevo! Compartimos la presentaci\u00f3n usada por el Equipo de Lecto-escritura de la Delegaci\u00f3n de M\u00e1laga en las jornadas que han tenido lugar estos dos mi\u00e9rcoles pasados, y que consideramos muy interesantes. Desde el CEP queremos dar las gracias a Yolanda Parra y Juan Manuel Fern\u00e1ndez por su profesionalidad\u2026","rel":"","context":"En \u00abFormaciones\u00bb","block_context":{"text":"Formaciones","link":"https:\/\/cepronda.com\/blog\/category\/formaciones\/"},"img":{"alt_text":"","src":"https:\/\/i0.wp.com\/cepronda.com\/blog\/wp-content\/uploads\/2018\/04\/crayon-215873_640.jpg?fit=640%2C480&ssl=1&resize=350%2C200","width":350,"height":200,"srcset":"https:\/\/i0.wp.com\/cepronda.com\/blog\/wp-content\/uploads\/2018\/04\/crayon-215873_640.jpg?fit=640%2C480&ssl=1&resize=350%2C200 1x, https:\/\/i0.wp.com\/cepronda.com\/blog\/wp-content\/uploads\/2018\/04\/crayon-215873_640.jpg?fit=640%2C480&ssl=1&resize=525%2C300 1.5x"},"classes":[]},{"id":7522,"url":"https:\/\/cepronda.com\/blog\/jornadas-formativas-provinciales-de-ensenanzas-de-regimen-especial-para-profesionales-de-la-orientacion-educativa-242922ge253\/","url_meta":{"origin":5479,"position":2},"title":"JORNADAS FORMATIVAS PROVINCIALES DE ENSE\u00d1ANZAS DE R\u00c9GIMEN ESPECIAL PARA PROFESIONALES DE LA ORIENTACI\u00d3N EDUCATIVA. (242922GE253)","author":"Inmaculada Garc\u00eda","date":"18 marzo, 2024","format":false,"excerpt":"Se encuentra abierto el plazo de inscripci\u00f3n de la actividad provincial \u201cJORNADAS FORMATIVAS PROVINCIALES DE ENSE\u00d1ANZAS DE R\u00c9GIMEN ESPECIAL PARA PROFESIONALES DE LA ORIENTACI\u00d3N EDUCATIVA\u201d, dirigida a orientadores y orientadoras de centros p\u00fablicos dependientes de la Junta de Andaluc\u00eda. T\u00edtulo: JORNADAS FORMATIVAS PROVINCIALES DE ENSE\u00d1ANZAS DE R\u00c9GIMEN ESPECIAL PARA PROFESIONALES\u2026","rel":"","context":"En \u00abFormaciones\u00bb","block_context":{"text":"Formaciones","link":"https:\/\/cepronda.com\/blog\/category\/formaciones\/"},"img":{"alt_text":"","src":"https:\/\/i0.wp.com\/cepronda.com\/blog\/wp-content\/uploads\/2024\/03\/WhatsApp-Image-2024-03-18-at-13.32.28.jpeg?fit=1199%2C1200&ssl=1&resize=350%2C200","width":350,"height":200,"srcset":"https:\/\/i0.wp.com\/cepronda.com\/blog\/wp-content\/uploads\/2024\/03\/WhatsApp-Image-2024-03-18-at-13.32.28.jpeg?fit=1199%2C1200&ssl=1&resize=350%2C200 1x, https:\/\/i0.wp.com\/cepronda.com\/blog\/wp-content\/uploads\/2024\/03\/WhatsApp-Image-2024-03-18-at-13.32.28.jpeg?fit=1199%2C1200&ssl=1&resize=525%2C300 1.5x, https:\/\/i0.wp.com\/cepronda.com\/blog\/wp-content\/uploads\/2024\/03\/WhatsApp-Image-2024-03-18-at-13.32.28.jpeg?fit=1199%2C1200&ssl=1&resize=700%2C400 2x, https:\/\/i0.wp.com\/cepronda.com\/blog\/wp-content\/uploads\/2024\/03\/WhatsApp-Image-2024-03-18-at-13.32.28.jpeg?fit=1199%2C1200&ssl=1&resize=1050%2C600 3x"},"classes":[]},{"id":2337,"url":"https:\/\/cepronda.com\/blog\/jornadas-provinciales-objetivo-visibilizar-el-autismo\/","url_meta":{"origin":5479,"position":3},"title":"Jornadas Provinciales OBJETIVO: VISIBILIZAR EL AUTISMO","author":"V\u00edctor Caballero","date":"25 septiembre, 2018","format":false,"excerpt":"El pr\u00f3ximo 17 de octubre tendr\u00e1n lugar en la Facultad de Ciencias de la Educaci\u00f3n de M\u00e1laga, en horario de 9 a 14 horas, unas Jornadas Provinciales que tienen como objetivo principal\u00a0 visibilizar el autismo as\u00ed como\u00a0 informar, concienciar y sensibilizar al profesorado sobre el trastornos del espectro autista. Las\u2026","rel":"","context":"En \u00abNoticias\u00bb","block_context":{"text":"Noticias","link":"https:\/\/cepronda.com\/blog\/category\/noticias\/"},"img":{"alt_text":"","src":"https:\/\/i0.wp.com\/cepronda.com\/blog\/wp-content\/uploads\/2018\/09\/445739172_317870.jpg?resize=350%2C200&ssl=1","width":350,"height":200,"srcset":"https:\/\/i0.wp.com\/cepronda.com\/blog\/wp-content\/uploads\/2018\/09\/445739172_317870.jpg?resize=350%2C200&ssl=1 1x, https:\/\/i0.wp.com\/cepronda.com\/blog\/wp-content\/uploads\/2018\/09\/445739172_317870.jpg?resize=525%2C300&ssl=1 1.5x, https:\/\/i0.wp.com\/cepronda.com\/blog\/wp-content\/uploads\/2018\/09\/445739172_317870.jpg?resize=700%2C400&ssl=1 2x"},"classes":[]},{"id":1694,"url":"https:\/\/cepronda.com\/blog\/el-papel-de-la-tutoria-en-la-atencion-a-la-diversidad-marco-normativo-y-evaluacion\/","url_meta":{"origin":5479,"position":4},"title":"EL PAPEL DE LA TUTOR\u00cdA EN LA ATENCI\u00d3N A LA DIVERSIDAD: MARCO NORMATIVO Y EVALUACI\u00d3N","author":"V\u00edctor Caballero","date":"17 abril, 2018","format":false,"excerpt":"\u00a1Hola! Desde principios de curso uno de nuestros objetivos era centrarnos en el \u00e1mbito de la atenci\u00f3n a la diversidad, y no tanto desde la perspectiva de las personas especialistas de PT y AL, y los equipos de orientaci\u00f3n, sino desde las tutor\u00edas y el d\u00eda a d\u00eda en el\u2026","rel":"","context":"En \u00abNoticias\u00bb","block_context":{"text":"Noticias","link":"https:\/\/cepronda.com\/blog\/category\/noticias\/"},"img":{"alt_text":"","src":"https:\/\/i0.wp.com\/cepronda.com\/blog\/wp-content\/uploads\/2018\/04\/crayon-215873_640.jpg?fit=640%2C480&ssl=1&resize=350%2C200","width":350,"height":200,"srcset":"https:\/\/i0.wp.com\/cepronda.com\/blog\/wp-content\/uploads\/2018\/04\/crayon-215873_640.jpg?fit=640%2C480&ssl=1&resize=350%2C200 1x, https:\/\/i0.wp.com\/cepronda.com\/blog\/wp-content\/uploads\/2018\/04\/crayon-215873_640.jpg?fit=640%2C480&ssl=1&resize=525%2C300 1.5x"},"classes":[]},{"id":6098,"url":"https:\/\/cepronda.com\/blog\/jornadas-provinciales-para-pt-y-al-construyendo-aulas-inclusivas\/","url_meta":{"origin":5479,"position":5},"title":"JORNADAS PROVINCIALES PARA PT Y AL: CONSTRUYENDO AULAS INCLUSIVAS","author":"Inmaculada Garc\u00eda","date":"9 octubre, 2023","format":false,"excerpt":"\u00a1\u00a1\u00a1\u00a1\u00a1\u00a1Tenemos evento a la vista!!!!!! Ya est\u00e1 disponible la inscripci\u00f3n para asistir a las JORNADAS PROVINCIALES PARA PT Y AL: CONSTRUYENDO AULAS INCLUSIVAS. (C\u00f3digo: 242922GE042)\u00a0 Tendr\u00e1 lugar el d\u00eda 15 de noviembre de 2023, en la Escuela de Ingenier\u00edas Industriales\u00a0de la Universidad de M\u00e1laga. (C\/Arquitecto Francisco Pe\u00f1alosa, 6, M\u00e1laga) El\u2026","rel":"","context":"En \u00abNoticias\u00bb","block_context":{"text":"Noticias","link":"https:\/\/cepronda.com\/blog\/category\/noticias\/"},"img":{"alt_text":"","src":"https:\/\/i0.wp.com\/cepronda.com\/blog\/wp-content\/uploads\/2023\/10\/WhatsApp-Image-2023-10-09-at-17.33.35.jpeg?fit=848%2C1200&ssl=1&resize=350%2C200","width":350,"height":200,"srcset":"https:\/\/i0.wp.com\/cepronda.com\/blog\/wp-content\/uploads\/2023\/10\/WhatsApp-Image-2023-10-09-at-17.33.35.jpeg?fit=848%2C1200&ssl=1&resize=350%2C200 1x, https:\/\/i0.wp.com\/cepronda.com\/blog\/wp-content\/uploads\/2023\/10\/WhatsApp-Image-2023-10-09-at-17.33.35.jpeg?fit=848%2C1200&ssl=1&resize=525%2C300 1.5x, https:\/\/i0.wp.com\/cepronda.com\/blog\/wp-content\/uploads\/2023\/10\/WhatsApp-Image-2023-10-09-at-17.33.35.jpeg?fit=848%2C1200&ssl=1&resize=700%2C400 2x"},"classes":[]}],"jetpack_sharing_enabled":true,"_links":{"self":[{"href":"https:\/\/cepronda.com\/blog\/wp-json\/wp\/v2\/posts\/5479","targetHints":{"allow":["GET"]}}],"collection":[{"href":"https:\/\/cepronda.com\/blog\/wp-json\/wp\/v2\/posts"}],"about":[{"href":"https:\/\/cepronda.com\/blog\/wp-json\/wp\/v2\/types\/post"}],"author":[{"embeddable":true,"href":"https:\/\/cepronda.com\/blog\/wp-json\/wp\/v2\/users\/9"}],"replies":[{"embeddable":true,"href":"https:\/\/cepronda.com\/blog\/wp-json\/wp\/v2\/comments?post=5479"}],"version-history":[{"count":2,"href":"https:\/\/cepronda.com\/blog\/wp-json\/wp\/v2\/posts\/5479\/revisions"}],"predecessor-version":[{"id":5482,"href":"https:\/\/cepronda.com\/blog\/wp-json\/wp\/v2\/posts\/5479\/revisions\/5482"}],"wp:featuredmedia":[{"embeddable":true,"href":"https:\/\/cepronda.com\/blog\/wp-json\/wp\/v2\/media\/5480"}],"wp:attachment":[{"href":"https:\/\/cepronda.com\/blog\/wp-json\/wp\/v2\/media?parent=5479"}],"wp:term":[{"taxonomy":"category","embeddable":true,"href":"https:\/\/cepronda.com\/blog\/wp-json\/wp\/v2\/categories?post=5479"},{"taxonomy":"post_tag","embeddable":true,"href":"https:\/\/cepronda.com\/blog\/wp-json\/wp\/v2\/tags?post=5479"}],"curies":[{"name":"wp","href":"https:\/\/api.w.org\/{rel}","templated":true}]}}