{"id":5443,"date":"2022-09-20T12:00:15","date_gmt":"2022-09-20T10:00:15","guid":{"rendered":"http:\/\/cepronda.com\/blog\/?p=5443"},"modified":"2025-04-25T11:59:10","modified_gmt":"2025-04-25T09:59:10","slug":"convocatoria-regional-infantil-primer-ciclo-0-3-anos","status":"publish","type":"post","link":"https:\/\/cepronda.com\/blog\/convocatoria-regional-infantil-primer-ciclo-0-3-anos\/","title":{"rendered":"CONVOCATORIA REGIONAL INFANTIL (Primer Ciclo 0-3 a\u00f1os)"},"content":{"rendered":"<p>Os informamos de que el pr\u00f3ximo viernes<strong> 23 de septiembre<\/strong> se abrir\u00e1 el plazo para solicitar la inscripci\u00f3n en las formaciones ofertadas en la <strong>Convocatoria Regional Infantil (Primer Ciclo 0-3 a\u00f1os)<\/strong>, del Servicio de Planes de Formaci\u00f3n de la&nbsp;D.G. de Tecnolog\u00edas Avanzadas y Transformaci\u00f3n Educativa de la&nbsp;Consejer\u00eda de Desarrollo Educativo y Formaci\u00f3n Profesional.<\/p>\n<p>Una oferta total de <a href=\"https:\/\/www.juntadeandalucia.es\/educacion\/secretariavirtual\/consultaCEP\/?X_CATMODACT=3&amp;C_EDIACTFOR=23IK99\">4 cursos en la modalidad<\/a> a distancia destinados al <strong>personal de atenci\u00f3n educativa y asistencial del primer ciclo de educaci\u00f3n infantil en los centros adheridos al Programa de ayuda a las familias para el fomento de la escolarizaci\u00f3n de la Consejer\u00eda de Educaci\u00f3n y Deporte y docentes de 0-3 de las Escuelas Infantiles de titularidad de la Junta de Andaluc\u00eda<\/strong>, cuyo <strong>p<\/strong><b style=\"color: #2b2b2b;\">lazo de inscripci\u00f3n&nbsp;<\/b>ser\u00e1 el comprendido entre el viernes 23 de septiembre, a partir de las 11 horas, hasta el viernes 30&nbsp; de septiembre, a las 11 horas.<\/p>\n<div id=\"genially-animated-e237c4ae-4a1b-4eff-ab98-f4f691f04fa0\" class=\"genially-animated-wrapper\" data-initial-left=\"27.172582616867345px\" data-initial-top=\"172.56249106121282px\" data-genially-animation-target-with-slot=\"e237c4ae-4a1b-4eff-ab98-f4f691f04fa0;0\">\n<div id=\"e237c4ae-4a1b-4eff-ab98-f4f691f04fa0\" class=\"genially-view-item genially-view-text text-align-left interparagraph_small genially-view-text-indent-list-v4 genially-view-text-indent-paragraph-v5\" data-cy=\"textItemView\" data-genially-id=\"62ce7e2f89ac780018ecba71\">\n<p>Las listas de admitidos se publicar\u00e1n el d\u00eda 7 de octubre del 2022.&nbsp;<\/p>\n<p>Los detalles de cada curso se podr\u00e1n consultar en este <a href=\"https:\/\/portals.ced.junta-andalucia.es\/educacion\/portals\/web\/cep-ronda\/novedades\/-\/contenidos\/detalle\/convocatoria-regional-de-cursos-de-formacion-a-distancia-2022-23-especial-etapa-infantil-0-3-anos\">enlace.<\/a><\/p>\n<p>&nbsp;<\/p>\n<p>&nbsp; &nbsp; &nbsp; &nbsp; &nbsp; &nbsp; &nbsp; &nbsp; &nbsp; &nbsp; &nbsp; &nbsp; &nbsp; &nbsp; &nbsp; &nbsp; &nbsp; &nbsp; &nbsp; &nbsp; &nbsp; &nbsp; &nbsp; &nbsp; &nbsp; &nbsp; &nbsp; &nbsp; &nbsp; &nbsp; &nbsp; &nbsp; &nbsp; &nbsp; &nbsp; &nbsp; &nbsp; &nbsp; &nbsp; &nbsp; &nbsp; &nbsp; &nbsp; &nbsp; &nbsp; &nbsp; &nbsp; &nbsp; &nbsp; &nbsp; &nbsp; &nbsp; <img data-recalc-dims=\"1\" loading=\"lazy\" decoding=\"async\" class=\"wp-image-5488 aligncenter\" src=\"https:\/\/i0.wp.com\/cepronda.com\/blog\/wp-content\/uploads\/2022\/09\/CONVOCATORIA-REGIONAL-0-3-300x169.jpg?resize=578%2C326\" alt=\"\" width=\"578\" height=\"326\" srcset=\"https:\/\/i0.wp.com\/cepronda.com\/blog\/wp-content\/uploads\/2022\/09\/CONVOCATORIA-REGIONAL-0-3.jpg?resize=300%2C169&amp;ssl=1 300w, https:\/\/i0.wp.com\/cepronda.com\/blog\/wp-content\/uploads\/2022\/09\/CONVOCATORIA-REGIONAL-0-3.jpg?resize=1024%2C576&amp;ssl=1 1024w, https:\/\/i0.wp.com\/cepronda.com\/blog\/wp-content\/uploads\/2022\/09\/CONVOCATORIA-REGIONAL-0-3.jpg?resize=768%2C432&amp;ssl=1 768w, https:\/\/i0.wp.com\/cepronda.com\/blog\/wp-content\/uploads\/2022\/09\/CONVOCATORIA-REGIONAL-0-3.jpg?w=1455&amp;ssl=1 1455w\" sizes=\"auto, (max-width: 578px) 100vw, 578px\" \/>&nbsp; &nbsp; &nbsp; &nbsp; &nbsp; &nbsp; &nbsp;&nbsp;<\/p>\n<p>&nbsp;<\/p>\n<\/div>\n<\/div>\n","protected":false},"excerpt":{"rendered":"<p>Os informamos de que el pr\u00f3ximo viernes 23 de septiembre se abrir\u00e1 el plazo para solicitar la inscripci\u00f3n en las formaciones ofertadas en la Convocatoria Regional Infantil (Primer Ciclo 0-3 a\u00f1os), del Servicio de Planes de Formaci\u00f3n de la&nbsp;D.G. de Tecnolog\u00edas Avanzadas y Transformaci\u00f3n Educativa de la&nbsp;Consejer\u00eda de Desarrollo Educativo y Formaci\u00f3n Profesional. Una oferta [&hellip;]<\/p>\n","protected":false},"author":13,"featured_media":5488,"comment_status":"closed","ping_status":"open","sticky":false,"template":"","format":"standard","meta":{"_crdt_document":"","advanced_seo_description":"","jetpack_seo_html_title":"","jetpack_seo_noindex":false,"jetpack_post_was_ever_published":false,"_jetpack_newsletter_access":"","_jetpack_dont_email_post_to_subs":false,"_jetpack_newsletter_tier_id":0,"_jetpack_memberships_contains_paywalled_content":false,"_jetpack_memberships_contains_paid_content":false,"footnotes":"","jetpack_publicize_message":"","jetpack_publicize_feature_enabled":true,"jetpack_social_post_already_shared":false,"jetpack_social_options":{"image_generator_settings":{"template":"highway","default_image_id":0,"font":"","enabled":false},"version":2}},"categories":[3,5],"tags":[],"class_list":{"0":"post-5443","1":"post","2":"type-post","3":"status-publish","4":"format-standard","5":"has-post-thumbnail","7":"category-formaciones","8":"category-noticias","9":"czr-hentry"},"jetpack_publicize_connections":[],"jetpack_featured_media_url":"https:\/\/i0.wp.com\/cepronda.com\/blog\/wp-content\/uploads\/2022\/09\/CONVOCATORIA-REGIONAL-0-3.jpg?fit=1455%2C819&ssl=1","jetpack_shortlink":"https:\/\/wp.me\/p8M4X7-1pN","jetpack-related-posts":[{"id":9372,"url":"https:\/\/cepronda.com\/blog\/9372-2\/","url_meta":{"origin":5443,"position":0},"title":"COMPETENCIA LECTORA NIVEL PROFUNDIZACI\u00d3N INFANTIL Y PRIMARIA","author":"Encarni Jim\u00e9nez Rosado","date":"12 febrero, 2026","format":false,"excerpt":"Abierto plazo de inscripci\u00f3n para curso \u00a0\u201cCOMPETENCIA LECTORA NIVEL PROFUNDIZACI\u00d3N INFANTIL Y PRIMARIA\u201d con c\u00f3digo 269904KPF575. El enlace a la convocatoria, inscripci\u00f3n y encuesta es el siguiente: https:\/\/www.juntadeandalucia.es\/educacion\/secretariavirtual\/consultaCEP\/actividad\/269904KPF575\/ Esta formaci\u00f3n va dirigida al profesorado que imparta docencia en Educaci\u00f3n Infantil y Primaria de cualquier \u00e1rea o materia. \u00a0","rel":"","context":"En \u00abFormaciones\u00bb","block_context":{"text":"Formaciones","link":"https:\/\/cepronda.com\/blog\/category\/formaciones\/"},"img":{"alt_text":"","src":"https:\/\/i0.wp.com\/cepronda.com\/blog\/wp-content\/uploads\/2026\/02\/COMPETEN-1.png?fit=749%2C753&ssl=1&resize=350%2C200","width":350,"height":200,"srcset":"https:\/\/i0.wp.com\/cepronda.com\/blog\/wp-content\/uploads\/2026\/02\/COMPETEN-1.png?fit=749%2C753&ssl=1&resize=350%2C200 1x, https:\/\/i0.wp.com\/cepronda.com\/blog\/wp-content\/uploads\/2026\/02\/COMPETEN-1.png?fit=749%2C753&ssl=1&resize=525%2C300 1.5x, https:\/\/i0.wp.com\/cepronda.com\/blog\/wp-content\/uploads\/2026\/02\/COMPETEN-1.png?fit=749%2C753&ssl=1&resize=700%2C400 2x"},"classes":[]},{"id":4134,"url":"https:\/\/cepronda.com\/blog\/2a-convocatoria-regional-oferta-formativa\/","url_meta":{"origin":5443,"position":1},"title":"2\u00aa Convocatoria Regional. Oferta formativa","author":"Maribel Mu\u00f1oz","date":"1 febrero, 2021","format":false,"excerpt":"Buenas tardes compa\u00f1eras y compa\u00f1eros , Os informamos que ya es posible consultar la oferta formativa de la 2\u00aa Convocatoria Regional de la Consejer\u00eda de Educaci\u00f3n y Deporte. El plazo de inscripci\u00f3n ser\u00e1 del 8 de febrero\u00a0 a las 15:00 h, hasta el\u00a0 11 de febrero\u00a0 a las 15:00h. Deseamos\u2026","rel":"","context":"En \u00abFormaciones\u00bb","block_context":{"text":"Formaciones","link":"https:\/\/cepronda.com\/blog\/category\/formaciones\/"},"img":{"alt_text":"","src":"https:\/\/i0.wp.com\/cepronda.com\/blog\/wp-content\/uploads\/2020\/09\/Logo-progamas-de-formacion-oficial.jpg?resize=350%2C200","width":350,"height":200},"classes":[]},{"id":3816,"url":"https:\/\/cepronda.com\/blog\/1o-convocatoria-regional-oferta-formativa\/","url_meta":{"origin":5443,"position":2},"title":"1\u00ba Convocatoria Regional. Oferta formativa.","author":"Maribel Mu\u00f1oz","date":"7 octubre, 2020","format":false,"excerpt":"Buenas tardes compa\u00f1eras y compa\u00f1eros , Os informamos que ya es posible consultar la oferta formativa de la 1\u00aa Convocatoria Regional de la Consejer\u00eda de Educaci\u00f3n y Deporte. El plazo de inscripci\u00f3n ser\u00e1 del 15 de octubre a las 15: 00 h hasta el 19 de octubre a las 15:00h.\u2026","rel":"","context":"En \u00abFormaciones\u00bb","block_context":{"text":"Formaciones","link":"https:\/\/cepronda.com\/blog\/category\/formaciones\/"},"img":{"alt_text":"","src":"https:\/\/i0.wp.com\/cepronda.com\/blog\/wp-content\/uploads\/2020\/10\/Cursos-oferta-formativa-300x130.jpg?resize=350%2C200","width":350,"height":200},"classes":[]},{"id":5421,"url":"https:\/\/cepronda.com\/blog\/convocatoria-provincial-para-el-desarrollo-de-la-competencia-digital-docente\/","url_meta":{"origin":5443,"position":3},"title":"CONVOCATORIA PROVINCIAL PARA EL DESARROLLO DE LA COMPETENCIA DIGITAL DOCENTE.","author":"Inmaculada Garc\u00eda","date":"20 septiembre, 2022","format":false,"excerpt":"Os informamos de que el pr\u00f3ximo viernes \u00a023 de septiembre se abrir\u00e1 el plazo para solicitar la inscripci\u00f3n en las formaciones ofertadas en la Convocatoria Provincial para el desarrollo de la Competencia Digital Docente, dentro del plan de formaci\u00f3n del profesorado de la Consejer\u00eda de Desarrollo Educativo y Formaci\u00f3n Profesional.\u2026","rel":"","context":"En \u00abFormaciones\u00bb","block_context":{"text":"Formaciones","link":"https:\/\/cepronda.com\/blog\/category\/formaciones\/"},"img":{"alt_text":"","src":"https:\/\/i0.wp.com\/cepronda.com\/blog\/wp-content\/uploads\/2022\/09\/convocatoria-provincial-para-el-desarrollo-de-la-competencia-digital.png?fit=1200%2C705&ssl=1&resize=350%2C200","width":350,"height":200,"srcset":"https:\/\/i0.wp.com\/cepronda.com\/blog\/wp-content\/uploads\/2022\/09\/convocatoria-provincial-para-el-desarrollo-de-la-competencia-digital.png?fit=1200%2C705&ssl=1&resize=350%2C200 1x, https:\/\/i0.wp.com\/cepronda.com\/blog\/wp-content\/uploads\/2022\/09\/convocatoria-provincial-para-el-desarrollo-de-la-competencia-digital.png?fit=1200%2C705&ssl=1&resize=525%2C300 1.5x, https:\/\/i0.wp.com\/cepronda.com\/blog\/wp-content\/uploads\/2022\/09\/convocatoria-provincial-para-el-desarrollo-de-la-competencia-digital.png?fit=1200%2C705&ssl=1&resize=700%2C400 2x, https:\/\/i0.wp.com\/cepronda.com\/blog\/wp-content\/uploads\/2022\/09\/convocatoria-provincial-para-el-desarrollo-de-la-competencia-digital.png?fit=1200%2C705&ssl=1&resize=1050%2C600 3x"},"classes":[]},{"id":2536,"url":"https:\/\/cepronda.com\/blog\/metodologia-abn-para-infantil\/","url_meta":{"origin":5443,"position":4},"title":"METODOLOG\u00cdA ABN PARA INFANTIL","author":"V\u00edctor Caballero","date":"10 diciembre, 2018","format":false,"excerpt":"\u00a1Hola de nuevo! Acabamos de abrir el plazo de inscripci\u00f3n para la actividad \"Metodolog\u00eda ABN para Educaci\u00f3n Infantil\", con el objetivo de acercar al profesorado de Educaci\u00f3n infantil al m\u00e9todo ABN con la intenci\u00f3n de desarrollar y mejorar la competencia matem\u00e1tica en el alumnado de esta etapa educativa. Para poder\u2026","rel":"","context":"En \u00abFormaciones\u00bb","block_context":{"text":"Formaciones","link":"https:\/\/cepronda.com\/blog\/category\/formaciones\/"},"img":{"alt_text":"","src":"https:\/\/i0.wp.com\/cepronda.com\/blog\/wp-content\/uploads\/2018\/12\/mathematics-1044087_1920.jpg?fit=1200%2C1200&ssl=1&resize=350%2C200","width":350,"height":200,"srcset":"https:\/\/i0.wp.com\/cepronda.com\/blog\/wp-content\/uploads\/2018\/12\/mathematics-1044087_1920.jpg?fit=1200%2C1200&ssl=1&resize=350%2C200 1x, https:\/\/i0.wp.com\/cepronda.com\/blog\/wp-content\/uploads\/2018\/12\/mathematics-1044087_1920.jpg?fit=1200%2C1200&ssl=1&resize=525%2C300 1.5x, https:\/\/i0.wp.com\/cepronda.com\/blog\/wp-content\/uploads\/2018\/12\/mathematics-1044087_1920.jpg?fit=1200%2C1200&ssl=1&resize=700%2C400 2x, https:\/\/i0.wp.com\/cepronda.com\/blog\/wp-content\/uploads\/2018\/12\/mathematics-1044087_1920.jpg?fit=1200%2C1200&ssl=1&resize=1050%2C600 3x"},"classes":[]},{"id":5468,"url":"https:\/\/cepronda.com\/blog\/aproximacion-al-marco-general-de-la-lomloe-educacion-infantil\/","url_meta":{"origin":5443,"position":5},"title":"APROXIMACI\u00d3N AL MARCO GENERAL DE LA LOMLOE.EDUCACI\u00d3N INFANTIL.","author":"Maribel Mu\u00f1oz","date":"16 septiembre, 2022","format":false,"excerpt":"Buenas tardes compa\u00f1eras y compa\u00f1eros, Os\u00a0 informamos que est\u00e1 abierto el plazo de inscripci\u00f3n en el curso a distancia APROXIMACI\u00d3N AL MARCO GENERAL DE LA LOMLOE. EDUCACI\u00d3N INFANTIL con c\u00f3digo 232924PF403. Fechas de inscripci\u00f3n : del 16\/09\/2022 al 03\/10\/2022 Fecha de inicio: 10\/10\/2022 Fecha finalizaci\u00f3n: 10\/11\/2022 Horas: 15\u00a0 ( online\u2026","rel":"","context":"En \u00abFormaciones\u00bb","block_context":{"text":"Formaciones","link":"https:\/\/cepronda.com\/blog\/category\/formaciones\/"},"img":{"alt_text":"","src":"https:\/\/i0.wp.com\/cepronda.com\/blog\/wp-content\/uploads\/2022\/09\/WhatsApp-Image-2022-09-16-at-11.24.09.jpeg?fit=1200%2C675&ssl=1&resize=350%2C200","width":350,"height":200,"srcset":"https:\/\/i0.wp.com\/cepronda.com\/blog\/wp-content\/uploads\/2022\/09\/WhatsApp-Image-2022-09-16-at-11.24.09.jpeg?fit=1200%2C675&ssl=1&resize=350%2C200 1x, https:\/\/i0.wp.com\/cepronda.com\/blog\/wp-content\/uploads\/2022\/09\/WhatsApp-Image-2022-09-16-at-11.24.09.jpeg?fit=1200%2C675&ssl=1&resize=525%2C300 1.5x, https:\/\/i0.wp.com\/cepronda.com\/blog\/wp-content\/uploads\/2022\/09\/WhatsApp-Image-2022-09-16-at-11.24.09.jpeg?fit=1200%2C675&ssl=1&resize=700%2C400 2x, https:\/\/i0.wp.com\/cepronda.com\/blog\/wp-content\/uploads\/2022\/09\/WhatsApp-Image-2022-09-16-at-11.24.09.jpeg?fit=1200%2C675&ssl=1&resize=1050%2C600 3x"},"classes":[]}],"jetpack_sharing_enabled":true,"_links":{"self":[{"href":"https:\/\/cepronda.com\/blog\/wp-json\/wp\/v2\/posts\/5443","targetHints":{"allow":["GET"]}}],"collection":[{"href":"https:\/\/cepronda.com\/blog\/wp-json\/wp\/v2\/posts"}],"about":[{"href":"https:\/\/cepronda.com\/blog\/wp-json\/wp\/v2\/types\/post"}],"author":[{"embeddable":true,"href":"https:\/\/cepronda.com\/blog\/wp-json\/wp\/v2\/users\/13"}],"replies":[{"embeddable":true,"href":"https:\/\/cepronda.com\/blog\/wp-json\/wp\/v2\/comments?post=5443"}],"version-history":[{"count":5,"href":"https:\/\/cepronda.com\/blog\/wp-json\/wp\/v2\/posts\/5443\/revisions"}],"predecessor-version":[{"id":5489,"href":"https:\/\/cepronda.com\/blog\/wp-json\/wp\/v2\/posts\/5443\/revisions\/5489"}],"wp:featuredmedia":[{"embeddable":true,"href":"https:\/\/cepronda.com\/blog\/wp-json\/wp\/v2\/media\/5488"}],"wp:attachment":[{"href":"https:\/\/cepronda.com\/blog\/wp-json\/wp\/v2\/media?parent=5443"}],"wp:term":[{"taxonomy":"category","embeddable":true,"href":"https:\/\/cepronda.com\/blog\/wp-json\/wp\/v2\/categories?post=5443"},{"taxonomy":"post_tag","embeddable":true,"href":"https:\/\/cepronda.com\/blog\/wp-json\/wp\/v2\/tags?post=5443"}],"curies":[{"name":"wp","href":"https:\/\/api.w.org\/{rel}","templated":true}]}}