{"id":5439,"date":"2022-09-12T13:40:01","date_gmt":"2022-09-12T11:40:01","guid":{"rendered":"http:\/\/cepronda.com\/blog\/?p=5439"},"modified":"2025-04-28T11:55:17","modified_gmt":"2025-04-28T09:55:17","slug":"jornada-informativa-sobre-el-proyecto-linguistico-de-centro","status":"publish","type":"post","link":"https:\/\/cepronda.com\/blog\/jornada-informativa-sobre-el-proyecto-linguistico-de-centro\/","title":{"rendered":"JORNADA INFORMATIVA SOBRE EL PROYECTO LING\u00dc\u00cdSTICO DE CENTRO"},"content":{"rendered":"<p>Buenas tardes compa\u00f1eras y compa\u00f1eros,<\/p>\n<p>Os&nbsp; informamos que est\u00e1 abierto el plazo de inscripci\u00f3n en la <strong>JORNADA INFORMATIVA SOBRE EL PROYECTO LING\u00dc\u00cdSTICO DE CENTRO.<\/strong><\/p>\n<p>Solicita un PLC para tu centro.<br \/>\nLl\u00e9vate un Proyecto Inicial elaborado con garant\u00edas.<br \/>\nIntroduce situaciones de aprendizaje que mejoren la competencia ling\u00fc\u00edstica.<\/p>\n<p>&#x1f5a5; Jornada para conocer los m\u00faltiples beneficios de PLC y ayudar con la presentaci\u00f3n del Proyecto. Se llevar\u00e1 a cabo el d\u00eda 21 de septiembre de 16:30 a 19:30 horas, en sala de videoconferencias &nbsp;WEBEX.<br \/>\n&#x270f;&#xfe0f;Inscripci\u00f3n desde el 12 al 20 de septiembre de 2022.<br \/>\nC\u00f3digo: 232923GE400<br \/>\n&#x1f3af; M\u00e1s informaci\u00f3n e inscripci\u00f3n en este <a href=\"https:\/\/www.juntadeandalucia.es\/educacion\/secretariavirtual\/consultaCEP\/actividad\/232923GE400\/\">enlace<\/a>&nbsp;<\/p>\n<p>Deseamos que sea de vuestro inter\u00e9s.<\/p>\n<p>Un saludo<\/p>\n<p>&nbsp;<\/p>\n<p>&nbsp; <img data-recalc-dims=\"1\" loading=\"lazy\" decoding=\"async\" class=\"wp-image-5458 size-medium aligncenter\" src=\"https:\/\/i0.wp.com\/cepronda.com\/blog\/wp-content\/uploads\/2022\/09\/WhatsApp-Image-2022-09-14-at-13.47.37-212x300.jpeg?resize=212%2C300\" alt=\"\" width=\"212\" height=\"300\" srcset=\"https:\/\/i0.wp.com\/cepronda.com\/blog\/wp-content\/uploads\/2022\/09\/WhatsApp-Image-2022-09-14-at-13.47.37.jpeg?resize=212%2C300&amp;ssl=1 212w, https:\/\/i0.wp.com\/cepronda.com\/blog\/wp-content\/uploads\/2022\/09\/WhatsApp-Image-2022-09-14-at-13.47.37.jpeg?resize=724%2C1024&amp;ssl=1 724w, https:\/\/i0.wp.com\/cepronda.com\/blog\/wp-content\/uploads\/2022\/09\/WhatsApp-Image-2022-09-14-at-13.47.37.jpeg?resize=768%2C1086&amp;ssl=1 768w, https:\/\/i0.wp.com\/cepronda.com\/blog\/wp-content\/uploads\/2022\/09\/WhatsApp-Image-2022-09-14-at-13.47.37.jpeg?resize=1086%2C1536&amp;ssl=1 1086w, https:\/\/i0.wp.com\/cepronda.com\/blog\/wp-content\/uploads\/2022\/09\/WhatsApp-Image-2022-09-14-at-13.47.37.jpeg?w=1131&amp;ssl=1 1131w\" sizes=\"auto, (max-width: 212px) 100vw, 212px\" \/><\/p>\n","protected":false},"excerpt":{"rendered":"<p>Buenas tardes compa\u00f1eras y compa\u00f1eros, Os&nbsp; informamos que est\u00e1 abierto el plazo de inscripci\u00f3n en la JORNADA INFORMATIVA SOBRE EL PROYECTO LING\u00dc\u00cdSTICO DE CENTRO. Solicita un PLC para tu centro. Ll\u00e9vate un Proyecto Inicial elaborado con garant\u00edas. Introduce situaciones de aprendizaje que mejoren la competencia ling\u00fc\u00edstica. &#x1f5a5; Jornada para conocer los m\u00faltiples beneficios de PLC [&hellip;]<\/p>\n","protected":false},"author":10,"featured_media":5458,"comment_status":"closed","ping_status":"open","sticky":false,"template":"","format":"standard","meta":{"_crdt_document":"","advanced_seo_description":"","jetpack_seo_html_title":"","jetpack_seo_noindex":false,"jetpack_post_was_ever_published":false,"_jetpack_newsletter_access":"","_jetpack_dont_email_post_to_subs":false,"_jetpack_newsletter_tier_id":0,"_jetpack_memberships_contains_paywalled_content":false,"_jetpack_memberships_contains_paid_content":false,"footnotes":"","jetpack_publicize_message":"","jetpack_publicize_feature_enabled":true,"jetpack_social_post_already_shared":false,"jetpack_social_options":{"image_generator_settings":{"template":"highway","default_image_id":0,"font":"","enabled":false},"version":2}},"categories":[3,5],"tags":[259,248],"class_list":{"0":"post-5439","1":"post","2":"type-post","3":"status-publish","4":"format-standard","5":"has-post-thumbnail","7":"category-formaciones","8":"category-noticias","9":"tag-ambito-linguistico","10":"tag-plc","11":"czr-hentry"},"jetpack_publicize_connections":[],"jetpack_featured_media_url":"https:\/\/i0.wp.com\/cepronda.com\/blog\/wp-content\/uploads\/2022\/09\/WhatsApp-Image-2022-09-14-at-13.47.37.jpeg?fit=1131%2C1600&ssl=1","jetpack_shortlink":"https:\/\/wp.me\/p8M4X7-1pJ","jetpack-related-posts":[{"id":4633,"url":"https:\/\/cepronda.com\/blog\/jornada-de-sensibilizacion-del-proyecto-linguistico-de-centro-plc-provincial\/","url_meta":{"origin":5439,"position":0},"title":"JORNADA DE SENSIBILIZACI\u00d3N DEL PROYECTO LING\u00dc\u00cdSTICO DE CENTRO (PLC) PROVINCIAL","author":"Maribel Mu\u00f1oz","date":"21 septiembre, 2021","format":false,"excerpt":"Buenas tardes compa\u00f1eras y compa\u00f1eros, Os informamos que est\u00e1 abierto el plazo de inscripci\u00f3n en la JORNADA DE SENSIBILIZACI\u00d3N DEL PROYECTO LING\u00dc\u00cdSTICO DE CENTRO (PLC) PROVINCIAL, con c\u00f3digo 222922IC001 . La modalidad es: Jornada online 5h (2h presenciales y 3h no presenciales). Fecha actividad: 27\/09\/2021 Fecha inscripci\u00f3n: 20\/09\/2021 hasta las\u2026","rel":"","context":"En \u00abFormaciones\u00bb","block_context":{"text":"Formaciones","link":"https:\/\/cepronda.com\/blog\/category\/formaciones\/"},"img":{"alt_text":"","src":"https:\/\/i0.wp.com\/cepronda.com\/blog\/wp-content\/uploads\/2021\/09\/FOMENTO-DE-LA-COMUNICACION-LINGUISTICA-EN-LOS-CENTROS-EDUCATIVOS-1.png?fit=512%2C800&ssl=1&resize=350%2C200","width":350,"height":200},"classes":[]},{"id":4656,"url":"https:\/\/cepronda.com\/blog\/jornada-de-sensibilizacion-del-proyecto-linguistico-de-centro-plc-provincial-2\/","url_meta":{"origin":5439,"position":1},"title":"ESTRATEGIAS DE EVALUACI\u00d3N EN SECUNDARIA Y BACHILLERATO:  PR\u00c1CTICAS DE \u00c9XITO","author":"Maribel Mu\u00f1oz","date":"23 septiembre, 2021","format":false,"excerpt":"Buenas tardes compa\u00f1eras y compa\u00f1eros, Os informamos que est\u00e1 abierto el plazo de inscripci\u00f3n en la actividad ESTRATEGIAS DE EVALUACI\u00d3N EN SECUNDARIA Y BACHILLERATO:PR\u00c1CTICAS DE \u00c9XITO\u00a0 con c\u00f3digo 222924GE023. La formaci\u00f3n es online, con un total de 10 horas. Es de \u00e1mbito CEP.\u00a0 La fechas son:\u00a0 \u00a0 Plazo de inscripci\u00f3n:\u2026","rel":"","context":"En \u00abFormaciones\u00bb","block_context":{"text":"Formaciones","link":"https:\/\/cepronda.com\/blog\/category\/formaciones\/"},"img":{"alt_text":"","src":"https:\/\/i0.wp.com\/cepronda.com\/blog\/wp-content\/uploads\/2021\/09\/RECURSOS-DIGITALES-1.png?fit=848%2C1200&ssl=1&resize=350%2C200","width":350,"height":200,"srcset":"https:\/\/i0.wp.com\/cepronda.com\/blog\/wp-content\/uploads\/2021\/09\/RECURSOS-DIGITALES-1.png?fit=848%2C1200&ssl=1&resize=350%2C200 1x, https:\/\/i0.wp.com\/cepronda.com\/blog\/wp-content\/uploads\/2021\/09\/RECURSOS-DIGITALES-1.png?fit=848%2C1200&ssl=1&resize=525%2C300 1.5x, https:\/\/i0.wp.com\/cepronda.com\/blog\/wp-content\/uploads\/2021\/09\/RECURSOS-DIGITALES-1.png?fit=848%2C1200&ssl=1&resize=700%2C400 2x"},"classes":[]},{"id":7714,"url":"https:\/\/cepronda.com\/blog\/secretarias-noveles-proyecto-de-gestion-del-centro-2\/","url_meta":{"origin":5439,"position":2},"title":"SECRETAR\u00cdAS NOVELES: PROYECTO DE GESTI\u00d3N DEL CENTRO","author":"Mamen Moreno","date":"19 septiembre, 2024","format":false,"excerpt":"Se encuentra abierto el plazo de inscripci\u00f3n para el curso SECRETAR\u00cdAS NOVELES: PROYECTO DE GESTI\u00d3N DEL CENTRO, destinado a formar a las personas que se incorporan a las secretar\u00edas de los centros. Inscripci\u00f3n: Del 19 al 26 de septiembre de 2024. Fechas y lugar de Realizaci\u00f3n: 24, 25 y 26\u2026","rel":"","context":"En \u00abFormaciones\u00bb","block_context":{"text":"Formaciones","link":"https:\/\/cepronda.com\/blog\/category\/formaciones\/"},"img":{"alt_text":"","src":"https:\/\/i0.wp.com\/cepronda.com\/blog\/wp-content\/uploads\/2024\/09\/Post-Instagram-Anuncio-Servicios-Electricos-Profesional-Azul.jpg?fit=1080%2C1080&ssl=1&resize=350%2C200","width":350,"height":200,"srcset":"https:\/\/i0.wp.com\/cepronda.com\/blog\/wp-content\/uploads\/2024\/09\/Post-Instagram-Anuncio-Servicios-Electricos-Profesional-Azul.jpg?fit=1080%2C1080&ssl=1&resize=350%2C200 1x, https:\/\/i0.wp.com\/cepronda.com\/blog\/wp-content\/uploads\/2024\/09\/Post-Instagram-Anuncio-Servicios-Electricos-Profesional-Azul.jpg?fit=1080%2C1080&ssl=1&resize=525%2C300 1.5x, https:\/\/i0.wp.com\/cepronda.com\/blog\/wp-content\/uploads\/2024\/09\/Post-Instagram-Anuncio-Servicios-Electricos-Profesional-Azul.jpg?fit=1080%2C1080&ssl=1&resize=700%2C400 2x, https:\/\/i0.wp.com\/cepronda.com\/blog\/wp-content\/uploads\/2024\/09\/Post-Instagram-Anuncio-Servicios-Electricos-Profesional-Azul.jpg?fit=1080%2C1080&ssl=1&resize=1050%2C600 3x"},"classes":[]},{"id":6024,"url":"https:\/\/cepronda.com\/blog\/secretarias-noveles-proyecto-de-gestion-del-centro\/","url_meta":{"origin":5439,"position":3},"title":"SECRETAR\u00cdAS NOVELES: PROYECTO DE GESTI\u00d3N DEL CENTRO","author":"Mamen Moreno","date":"1 septiembre, 2023","format":false,"excerpt":"Buenos d\u00edas compa\u00f1eras y compa\u00f1eros. Est\u00e1 abierto el plazo de inscripci\u00f3n para el curso SECRETAR\u00cdAS NOVELES: PROYECTO DE GESTI\u00d3N DEL CENTRO, destinado a formar a las personas que se incorporan a las secretar\u00edas de vuestros centros. M\u00e1s informaci\u00f3n e inscripci\u00f3n: https:\/\/www.juntadeandalucia.es\/educacion\/secretariavirtual\/consultaCEP\/actividad\/242924FC001\/ Fecha y lugar de la actividad:\u00a0 7, 12 Y\u2026","rel":"","context":"En \u00abFormaciones\u00bb","block_context":{"text":"Formaciones","link":"https:\/\/cepronda.com\/blog\/category\/formaciones\/"},"img":{"alt_text":"","src":"https:\/\/i0.wp.com\/cepronda.com\/blog\/wp-content\/uploads\/2023\/09\/Diseno-sin-titulo-3.png?fit=1080%2C1080&ssl=1&resize=350%2C200","width":350,"height":200,"srcset":"https:\/\/i0.wp.com\/cepronda.com\/blog\/wp-content\/uploads\/2023\/09\/Diseno-sin-titulo-3.png?fit=1080%2C1080&ssl=1&resize=350%2C200 1x, https:\/\/i0.wp.com\/cepronda.com\/blog\/wp-content\/uploads\/2023\/09\/Diseno-sin-titulo-3.png?fit=1080%2C1080&ssl=1&resize=525%2C300 1.5x, https:\/\/i0.wp.com\/cepronda.com\/blog\/wp-content\/uploads\/2023\/09\/Diseno-sin-titulo-3.png?fit=1080%2C1080&ssl=1&resize=700%2C400 2x, https:\/\/i0.wp.com\/cepronda.com\/blog\/wp-content\/uploads\/2023\/09\/Diseno-sin-titulo-3.png?fit=1080%2C1080&ssl=1&resize=1050%2C600 3x"},"classes":[]},{"id":1225,"url":"https:\/\/cepronda.com\/blog\/jornada-informativa-sobre-los-grupos-de-trabajo-y-formaciones-en-centro\/","url_meta":{"origin":5439,"position":4},"title":"Jornada informativa sobre los Grupos de Trabajo y Formaciones en Centro","author":"V\u00edctor Caballero","date":"13 septiembre, 2017","format":false,"excerpt":"Muy buenas, Hoy queremos contaros que el pr\u00f3ximo mi\u00e9rcoles d\u00eda 20, de 16'30 a 19'30, tendremos una sesi\u00f3n informativa sobre la normativa que regula los Grupos de Trabajo, las Formaciones en Centro, y la formaci\u00f3n vinculada a los distintos Planes y Programas Educativos. En esta jornada podremos informaros de esta\u2026","rel":"","context":"En \u00abNoticias\u00bb","block_context":{"text":"Noticias","link":"https:\/\/cepronda.com\/blog\/category\/noticias\/"},"img":{"alt_text":"","src":"https:\/\/i0.wp.com\/cepronda.com\/blog\/wp-content\/uploads\/2017\/05\/cropped-LogoCep02-2.png?fit=512%2C512&ssl=1&resize=350%2C200","width":350,"height":200},"classes":[]},{"id":4949,"url":"https:\/\/cepronda.com\/blog\/jornada-de-formacion-cambridge-student-centred-learning\/","url_meta":{"origin":5439,"position":5},"title":"JORNADA DE FORMACI\u00d3N CAMBRIDGE: STUDENT-CENTRED LEARNING","author":"Maribel Mu\u00f1oz","date":"11 enero, 2022","format":false,"excerpt":"Buenos d\u00edas compa\u00f1eras y compa\u00f1eros, Os informamos que est\u00e1 abierto el plazo de inscripci\u00f3n de la actividad provincial online: JORNADA DE FORMACI\u00d3N CAMBRIDGE: STUDENT-CENTRED LEARNING, con c\u00f3digo 229926KPI268, con una duraci\u00f3n de 7 H. Dicha actividad se desarrollar\u00e1 mediante videoconferencias en directo de 1h15 de duraci\u00f3n, a cargo de David\u2026","rel":"","context":"En \u00abFormaciones\u00bb","block_context":{"text":"Formaciones","link":"https:\/\/cepronda.com\/blog\/category\/formaciones\/"},"img":{"alt_text":"","src":"https:\/\/i0.wp.com\/cepronda.com\/blog\/wp-content\/uploads\/2022\/01\/WhatsApp-Image-2022-01-11-at-13.10.51.jpeg?fit=848%2C1200&ssl=1&resize=350%2C200","width":350,"height":200,"srcset":"https:\/\/i0.wp.com\/cepronda.com\/blog\/wp-content\/uploads\/2022\/01\/WhatsApp-Image-2022-01-11-at-13.10.51.jpeg?fit=848%2C1200&ssl=1&resize=350%2C200 1x, https:\/\/i0.wp.com\/cepronda.com\/blog\/wp-content\/uploads\/2022\/01\/WhatsApp-Image-2022-01-11-at-13.10.51.jpeg?fit=848%2C1200&ssl=1&resize=525%2C300 1.5x, https:\/\/i0.wp.com\/cepronda.com\/blog\/wp-content\/uploads\/2022\/01\/WhatsApp-Image-2022-01-11-at-13.10.51.jpeg?fit=848%2C1200&ssl=1&resize=700%2C400 2x"},"classes":[]}],"jetpack_sharing_enabled":true,"_links":{"self":[{"href":"https:\/\/cepronda.com\/blog\/wp-json\/wp\/v2\/posts\/5439","targetHints":{"allow":["GET"]}}],"collection":[{"href":"https:\/\/cepronda.com\/blog\/wp-json\/wp\/v2\/posts"}],"about":[{"href":"https:\/\/cepronda.com\/blog\/wp-json\/wp\/v2\/types\/post"}],"author":[{"embeddable":true,"href":"https:\/\/cepronda.com\/blog\/wp-json\/wp\/v2\/users\/10"}],"replies":[{"embeddable":true,"href":"https:\/\/cepronda.com\/blog\/wp-json\/wp\/v2\/comments?post=5439"}],"version-history":[{"count":3,"href":"https:\/\/cepronda.com\/blog\/wp-json\/wp\/v2\/posts\/5439\/revisions"}],"predecessor-version":[{"id":5460,"href":"https:\/\/cepronda.com\/blog\/wp-json\/wp\/v2\/posts\/5439\/revisions\/5460"}],"wp:featuredmedia":[{"embeddable":true,"href":"https:\/\/cepronda.com\/blog\/wp-json\/wp\/v2\/media\/5458"}],"wp:attachment":[{"href":"https:\/\/cepronda.com\/blog\/wp-json\/wp\/v2\/media?parent=5439"}],"wp:term":[{"taxonomy":"category","embeddable":true,"href":"https:\/\/cepronda.com\/blog\/wp-json\/wp\/v2\/categories?post=5439"},{"taxonomy":"post_tag","embeddable":true,"href":"https:\/\/cepronda.com\/blog\/wp-json\/wp\/v2\/tags?post=5439"}],"curies":[{"name":"wp","href":"https:\/\/api.w.org\/{rel}","templated":true}]}}