{"id":5428,"date":"2022-09-02T00:39:48","date_gmt":"2022-09-01T22:39:48","guid":{"rendered":"http:\/\/cepronda.com\/blog\/?p=5428"},"modified":"2025-04-28T11:57:07","modified_gmt":"2025-04-28T09:57:07","slug":"estancias-formativas-en-empresas-para-el-profesorado-de-formacion-profesional-2","status":"publish","type":"post","link":"https:\/\/cepronda.com\/blog\/estancias-formativas-en-empresas-para-el-profesorado-de-formacion-profesional-2\/","title":{"rendered":"ESTANCIAS FORMATIVAS EN EMPRESAS PARA EL PROFESORADO DE FORMACI\u00d3N PROFESIONAL"},"content":{"rendered":"<div>Se convocan <strong>estancias formativas en empresas para el profesorad<\/strong><strong>o&nbsp;<\/strong>de Formaci\u00f3n Profesional, destinados a actualizar su formaci\u00f3n y reforzar sus competencias profesionales en el primer trimestre del curso escolar 2022-2023. (Resoluci\u00f3n de 24 de mayo de 2022, de la Direcci\u00f3n General de Formaci\u00f3n Profesional)<\/div>\n<div>Ver resoluci\u00f3n:&nbsp;<a href=\"https:\/\/www.juntadeandalucia.es\/boja\/2022\/105\/44\" target=\"_blank\" rel=\"noopener\" data-saferedirecturl=\"https:\/\/www.google.com\/url?q=https:\/\/www.juntadeandalucia.es\/boja\/2022\/105\/44&amp;source=gmail&amp;ust=1662760134712000&amp;usg=AOvVaw0uR-p53RLSUqHUa8uRHXJS\">pinchar aqu\u00ed<\/a><\/div>\n<div>\n<ul>\n<li>Presentaci\u00f3n de solicitudes: del&nbsp;1 al 30 de septiembre de 2022<\/li>\n<li>Cada profesor o profesora podr\u00e1 presentar un proyecto de estancia formativa en empresas.<\/li>\n<li>Fuera del horario lectivo o solicitando un permiso por razones de formaci\u00f3n.<\/li>\n<li>Duraci\u00f3n de la estancia formativa&nbsp; 25, 50, 75 o 100 horas de certificaci\u00f3n.<\/li>\n<li>Los proyectos deber\u00e1n finalizar antes del 22 de diciembre de 2022<\/li>\n<li>Gastos financiables:&nbsp;dietas y desplazamientos,&nbsp;gastos directos de material entendido como la adquisici\u00f3n de bienes o art\u00edculos de consumo general que no pueden ser reutilizables, es decir, bienes o art\u00edculos fungibles y no inventariables que&nbsp; resulten necesarios para la ejecuci\u00f3n de la estancia formativa.<\/li>\n<\/ul>\n<\/div>\n","protected":false},"excerpt":{"rendered":"<p>Se convocan estancias formativas en empresas para el profesorado&nbsp;de Formaci\u00f3n Profesional, destinados a actualizar su formaci\u00f3n y reforzar sus competencias profesionales en el primer trimestre del curso escolar 2022-2023. (Resoluci\u00f3n de 24 de mayo de 2022, de la Direcci\u00f3n General de Formaci\u00f3n Profesional) Ver resoluci\u00f3n:&nbsp;pinchar aqu\u00ed Presentaci\u00f3n de solicitudes: del&nbsp;1 al 30 de septiembre de [&hellip;]<\/p>\n","protected":false},"author":9,"featured_media":5430,"comment_status":"closed","ping_status":"open","sticky":false,"template":"","format":"standard","meta":{"_crdt_document":"","advanced_seo_description":"","jetpack_seo_html_title":"","jetpack_seo_noindex":false,"jetpack_post_was_ever_published":false,"_jetpack_newsletter_access":"","_jetpack_dont_email_post_to_subs":false,"_jetpack_newsletter_tier_id":0,"_jetpack_memberships_contains_paywalled_content":false,"_jetpack_memberships_contains_paid_content":false,"footnotes":"","jetpack_publicize_message":"","jetpack_publicize_feature_enabled":true,"jetpack_social_post_already_shared":false,"jetpack_social_options":{"image_generator_settings":{"template":"highway","default_image_id":0,"font":"","enabled":false},"version":2}},"categories":[3,5],"tags":[],"class_list":{"0":"post-5428","1":"post","2":"type-post","3":"status-publish","4":"format-standard","5":"has-post-thumbnail","7":"category-formaciones","8":"category-noticias","9":"czr-hentry"},"jetpack_publicize_connections":[],"jetpack_featured_media_url":"https:\/\/i0.wp.com\/cepronda.com\/blog\/wp-content\/uploads\/2022\/09\/Copia-de-ESTANCIAS-FORMATIVAS-EN-EMPRESAS-PARA-EL-PROFESORADO-DE-FORMACION-PROFESIONAL-4.png?fit=1080%2C1080&ssl=1","jetpack_shortlink":"https:\/\/wp.me\/p8M4X7-1py","jetpack-related-posts":[{"id":5024,"url":"https:\/\/cepronda.com\/blog\/estancias-formativas-en-empresas-para-el-profesorado-de-formacion-profesional\/","url_meta":{"origin":5428,"position":0},"title":"ESTANCIAS FORMATIVAS EN EMPRESAS\u00a0PARA EL PROFESORADO DE FORMACI\u00d3N PROFESIONAL","author":"Maribel Mu\u00f1oz","date":"25 enero, 2022","format":false,"excerpt":"Buenos d\u00edas compa\u00f1eras y compa\u00f1eros Os informamos que se ha publicado la RESOLUCI\u00d3N DE 24 DE ENERO DE 2022, DE LA DIRECCI\u00d3N GENERAL DE FORMACI\u00d3N PROFESIONAL, POR LA QUE SE CONVOCAN\u00a0ESTANCIAS FORMATIVAS EN EMPRESAS\u00a0PARA EL PROFESORADO DE FORMACI\u00d3N PROFESIONAL, DESTINADOS A ACTUALIZAR SU FORMACI\u00d3N Y REFORZAR SUS COMPETENCIAS PROFESIONALES EN\u2026","rel":"","context":"En \u00abFormaciones\u00bb","block_context":{"text":"Formaciones","link":"https:\/\/cepronda.com\/blog\/category\/formaciones\/"},"img":{"alt_text":"","src":"https:\/\/i0.wp.com\/cepronda.com\/blog\/wp-content\/uploads\/2020\/03\/S%C2%B0mbolo-gen%C3%87rico-RRSS-redondo-negativo.png?fit=1200%2C1200&ssl=1&resize=350%2C200","width":350,"height":200,"srcset":"https:\/\/i0.wp.com\/cepronda.com\/blog\/wp-content\/uploads\/2020\/03\/S%C2%B0mbolo-gen%C3%87rico-RRSS-redondo-negativo.png?fit=1200%2C1200&ssl=1&resize=350%2C200 1x, https:\/\/i0.wp.com\/cepronda.com\/blog\/wp-content\/uploads\/2020\/03\/S%C2%B0mbolo-gen%C3%87rico-RRSS-redondo-negativo.png?fit=1200%2C1200&ssl=1&resize=525%2C300 1.5x, https:\/\/i0.wp.com\/cepronda.com\/blog\/wp-content\/uploads\/2020\/03\/S%C2%B0mbolo-gen%C3%87rico-RRSS-redondo-negativo.png?fit=1200%2C1200&ssl=1&resize=700%2C400 2x, https:\/\/i0.wp.com\/cepronda.com\/blog\/wp-content\/uploads\/2020\/03\/S%C2%B0mbolo-gen%C3%87rico-RRSS-redondo-negativo.png?fit=1200%2C1200&ssl=1&resize=1050%2C600 3x"},"classes":[]},{"id":4355,"url":"https:\/\/cepronda.com\/blog\/convocatoria-estancia-profesional-en-europa\/","url_meta":{"origin":5428,"position":1},"title":"CONVOCATORIA ESTANCIA PROFESIONAL EN EUROPA","author":"Maribel Mu\u00f1oz","date":"24 marzo, 2021","format":false,"excerpt":"\u00a0Buenas tardes compa\u00f1eras y compa\u00f1eros,\u00a0 Os informamos que se ha abierto el plazo de solicitudes para la participaci\u00f3n en la convocatoria de 117 plazas para aquellos docentes que deseen realizar una Estancia Profesional en un centro educativo europeo para el curso acad\u00e9mico 2021\/2022. Al tratarse de una convocatoria con a\u00f1os\u2026","rel":"","context":"En \u00abFormaciones\u00bb","block_context":{"text":"Formaciones","link":"https:\/\/cepronda.com\/blog\/category\/formaciones\/"},"img":{"alt_text":"","src":"https:\/\/i0.wp.com\/cepronda.com\/blog\/wp-content\/uploads\/2021\/03\/bandera-europea.jpg?resize=350%2C200","width":350,"height":200},"classes":[]},{"id":2563,"url":"https:\/\/cepronda.com\/blog\/conoce-la-fp-dual\/","url_meta":{"origin":5428,"position":2},"title":"CONOCE LA FP DUAL","author":"V\u00edctor Caballero","date":"8 enero, 2019","format":false,"excerpt":"Muy buenas de nuevo, Queremos comentaros a todas aquellas personas interesadas en la FP Dual que el CEP de Antequera ha organizado el pr\u00f3ximo d\u00eda 17 de enero, jueves, una jornada informativa sobre la misma. La finalidad de la actividad es que el profesorado conozca en qu\u00e9 consiste esta modalidad\u2026","rel":"","context":"En \u00abFormaciones\u00bb","block_context":{"text":"Formaciones","link":"https:\/\/cepronda.com\/blog\/category\/formaciones\/"},"img":{"alt_text":"","src":"https:\/\/i0.wp.com\/cepronda.com\/blog\/wp-content\/uploads\/2019\/01\/achievement-3520015_1920.jpg?fit=1200%2C847&ssl=1&resize=350%2C200","width":350,"height":200,"srcset":"https:\/\/i0.wp.com\/cepronda.com\/blog\/wp-content\/uploads\/2019\/01\/achievement-3520015_1920.jpg?fit=1200%2C847&ssl=1&resize=350%2C200 1x, https:\/\/i0.wp.com\/cepronda.com\/blog\/wp-content\/uploads\/2019\/01\/achievement-3520015_1920.jpg?fit=1200%2C847&ssl=1&resize=525%2C300 1.5x, https:\/\/i0.wp.com\/cepronda.com\/blog\/wp-content\/uploads\/2019\/01\/achievement-3520015_1920.jpg?fit=1200%2C847&ssl=1&resize=700%2C400 2x, https:\/\/i0.wp.com\/cepronda.com\/blog\/wp-content\/uploads\/2019\/01\/achievement-3520015_1920.jpg?fit=1200%2C847&ssl=1&resize=1050%2C600 3x"},"classes":[]},{"id":5382,"url":"https:\/\/cepronda.com\/blog\/estancias-docentes-extranjeros\/","url_meta":{"origin":5428,"position":3},"title":"ESTANCIAS DOCENTES EXTRANJEROS","author":"Maribel Mu\u00f1oz","date":"27 junio, 2022","format":false,"excerpt":"Buenas tardes compa\u00f1eras y compa\u00f1eros, Os recordamos que\u00a0hasta el 6 de julio est\u00e1 abierta la convocatoria del Ministerio de Educaci\u00f3n y Formaci\u00f3n Profesional para centros educativos sostenidos con fondos p\u00fablicos que deseen acoger a un docente extranjero para una estancia de dos semanas durante el curso 2022-23.\u00a0 Para m\u00e1s informaci\u00f3n\u2026","rel":"","context":"En \u00abFormaciones\u00bb","block_context":{"text":"Formaciones","link":"https:\/\/cepronda.com\/blog\/category\/formaciones\/"},"img":{"alt_text":"","src":"https:\/\/i0.wp.com\/cepronda.com\/blog\/wp-content\/uploads\/2022\/06\/1280px-Logotipo_del_Ministerio_de_Educacion_y_Formacion_Profesional.svg_-1.png?fit=1200%2C300&ssl=1&resize=350%2C200","width":350,"height":200,"srcset":"https:\/\/i0.wp.com\/cepronda.com\/blog\/wp-content\/uploads\/2022\/06\/1280px-Logotipo_del_Ministerio_de_Educacion_y_Formacion_Profesional.svg_-1.png?fit=1200%2C300&ssl=1&resize=350%2C200 1x, https:\/\/i0.wp.com\/cepronda.com\/blog\/wp-content\/uploads\/2022\/06\/1280px-Logotipo_del_Ministerio_de_Educacion_y_Formacion_Profesional.svg_-1.png?fit=1200%2C300&ssl=1&resize=525%2C300 1.5x, https:\/\/i0.wp.com\/cepronda.com\/blog\/wp-content\/uploads\/2022\/06\/1280px-Logotipo_del_Ministerio_de_Educacion_y_Formacion_Profesional.svg_-1.png?fit=1200%2C300&ssl=1&resize=700%2C400 2x, https:\/\/i0.wp.com\/cepronda.com\/blog\/wp-content\/uploads\/2022\/06\/1280px-Logotipo_del_Ministerio_de_Educacion_y_Formacion_Profesional.svg_-1.png?fit=1200%2C300&ssl=1&resize=1050%2C600 3x"},"classes":[]},{"id":5435,"url":"https:\/\/cepronda.com\/blog\/proyectos-destinados-a-fomentar-el-espiritu-emprendedor-y-el-autoempleo-en-el-alumnado-de-formacion-profesional\/","url_meta":{"origin":5428,"position":4},"title":"PROYECTOS DESTINADOS A FOMENTAR EL ESP\u00cdRITU EMPRENDEDOR Y EL AUTOEMPLEO EN EL ALUMNADO DE FORMACI\u00d3N PROFESIONAL.","author":"Inmaculada Garc\u00eda","date":"2 septiembre, 2022","format":false,"excerpt":"Se convocan, por la Resoluci\u00f3n de 24 de mayo de 2022, de la Direcci\u00f3n General de Formaci\u00f3n Profesional, proyectos destinados a fomentar el esp\u00edritu emprendedor y el autoempleo\u00a0en el alumnado de Formaci\u00f3n Profesional en el primer trimestre del Curso Escolar 2022-2023 en colaboraci\u00f3n con las empresas. Ver resoluci\u00f3n:\u00a0pinchar aqu\u00ed Presentaci\u00f3n\u2026","rel":"","context":"En \u00abFormaciones\u00bb","block_context":{"text":"Formaciones","link":"https:\/\/cepronda.com\/blog\/category\/formaciones\/"},"img":{"alt_text":"","src":"https:\/\/i0.wp.com\/cepronda.com\/blog\/wp-content\/uploads\/2022\/09\/Copia-de-ESTANCIAS-FORMATIVAS-EN-EMPRESAS-PARA-EL-PROFESORADO-DE-FORMACION-PROFESIONAL-6.png?fit=1080%2C1080&ssl=1&resize=350%2C200","width":350,"height":200,"srcset":"https:\/\/i0.wp.com\/cepronda.com\/blog\/wp-content\/uploads\/2022\/09\/Copia-de-ESTANCIAS-FORMATIVAS-EN-EMPRESAS-PARA-EL-PROFESORADO-DE-FORMACION-PROFESIONAL-6.png?fit=1080%2C1080&ssl=1&resize=350%2C200 1x, https:\/\/i0.wp.com\/cepronda.com\/blog\/wp-content\/uploads\/2022\/09\/Copia-de-ESTANCIAS-FORMATIVAS-EN-EMPRESAS-PARA-EL-PROFESORADO-DE-FORMACION-PROFESIONAL-6.png?fit=1080%2C1080&ssl=1&resize=525%2C300 1.5x, https:\/\/i0.wp.com\/cepronda.com\/blog\/wp-content\/uploads\/2022\/09\/Copia-de-ESTANCIAS-FORMATIVAS-EN-EMPRESAS-PARA-EL-PROFESORADO-DE-FORMACION-PROFESIONAL-6.png?fit=1080%2C1080&ssl=1&resize=700%2C400 2x, https:\/\/i0.wp.com\/cepronda.com\/blog\/wp-content\/uploads\/2022\/09\/Copia-de-ESTANCIAS-FORMATIVAS-EN-EMPRESAS-PARA-EL-PROFESORADO-DE-FORMACION-PROFESIONAL-6.png?fit=1080%2C1080&ssl=1&resize=1050%2C600 3x"},"classes":[]},{"id":6105,"url":"https:\/\/cepronda.com\/blog\/cuaderno-seneca-para-formacion-profesional-242923fp153\/","url_meta":{"origin":5428,"position":5},"title":"CUADERNO S\u00c9NECA PARA FORMACI\u00d3N PROFESIONAL (242923FP153)","author":"Inmaculada Garc\u00eda","date":"18 octubre, 2023","format":false,"excerpt":"Abierto plazo de inscripci\u00f3n para el Curso a Distancia, gestionado por el CEP de Marbella- Co\u00edn: \"CUADERNO S\u00c9NECA PARA FORMACI\u00d3N PROFESIONAL (242923FP153)\" Destinados a profesorado de Formaci\u00f3n profesional de la provincia de M\u00e1laga. Inscripci\u00f3n del 18 al 27 de octubre. Realizaci\u00f3n entre el 6 de Noviembre y el 15 de\u2026","rel":"","context":"En \u00abNoticias\u00bb","block_context":{"text":"Noticias","link":"https:\/\/cepronda.com\/blog\/category\/noticias\/"},"img":{"alt_text":"","src":"https:\/\/i0.wp.com\/cepronda.com\/blog\/wp-content\/uploads\/2023\/10\/WhatsApp-Image-2023-10-17-at-20.51.07.jpeg?fit=1080%2C1080&ssl=1&resize=350%2C200","width":350,"height":200,"srcset":"https:\/\/i0.wp.com\/cepronda.com\/blog\/wp-content\/uploads\/2023\/10\/WhatsApp-Image-2023-10-17-at-20.51.07.jpeg?fit=1080%2C1080&ssl=1&resize=350%2C200 1x, https:\/\/i0.wp.com\/cepronda.com\/blog\/wp-content\/uploads\/2023\/10\/WhatsApp-Image-2023-10-17-at-20.51.07.jpeg?fit=1080%2C1080&ssl=1&resize=525%2C300 1.5x, https:\/\/i0.wp.com\/cepronda.com\/blog\/wp-content\/uploads\/2023\/10\/WhatsApp-Image-2023-10-17-at-20.51.07.jpeg?fit=1080%2C1080&ssl=1&resize=700%2C400 2x, https:\/\/i0.wp.com\/cepronda.com\/blog\/wp-content\/uploads\/2023\/10\/WhatsApp-Image-2023-10-17-at-20.51.07.jpeg?fit=1080%2C1080&ssl=1&resize=1050%2C600 3x"},"classes":[]}],"jetpack_sharing_enabled":true,"_links":{"self":[{"href":"https:\/\/cepronda.com\/blog\/wp-json\/wp\/v2\/posts\/5428","targetHints":{"allow":["GET"]}}],"collection":[{"href":"https:\/\/cepronda.com\/blog\/wp-json\/wp\/v2\/posts"}],"about":[{"href":"https:\/\/cepronda.com\/blog\/wp-json\/wp\/v2\/types\/post"}],"author":[{"embeddable":true,"href":"https:\/\/cepronda.com\/blog\/wp-json\/wp\/v2\/users\/9"}],"replies":[{"embeddable":true,"href":"https:\/\/cepronda.com\/blog\/wp-json\/wp\/v2\/comments?post=5428"}],"version-history":[{"count":2,"href":"https:\/\/cepronda.com\/blog\/wp-json\/wp\/v2\/posts\/5428\/revisions"}],"predecessor-version":[{"id":5431,"href":"https:\/\/cepronda.com\/blog\/wp-json\/wp\/v2\/posts\/5428\/revisions\/5431"}],"wp:featuredmedia":[{"embeddable":true,"href":"https:\/\/cepronda.com\/blog\/wp-json\/wp\/v2\/media\/5430"}],"wp:attachment":[{"href":"https:\/\/cepronda.com\/blog\/wp-json\/wp\/v2\/media?parent=5428"}],"wp:term":[{"taxonomy":"category","embeddable":true,"href":"https:\/\/cepronda.com\/blog\/wp-json\/wp\/v2\/categories?post=5428"},{"taxonomy":"post_tag","embeddable":true,"href":"https:\/\/cepronda.com\/blog\/wp-json\/wp\/v2\/tags?post=5428"}],"curies":[{"name":"wp","href":"https:\/\/api.w.org\/{rel}","templated":true}]}}