{"id":5425,"date":"2022-09-07T00:19:52","date_gmt":"2022-09-06T22:19:52","guid":{"rendered":"http:\/\/cepronda.com\/blog\/?p=5425"},"modified":"2022-09-09T00:35:00","modified_gmt":"2022-09-08T22:35:00","slug":"programas-para-la-innovacion-educativa-2","status":"publish","type":"post","link":"https:\/\/cepronda.com\/blog\/programas-para-la-innovacion-educativa-2\/","title":{"rendered":"PROGRAMAS PARA LA INNOVACI\u00d3N EDUCATIVA."},"content":{"rendered":"<p>Buenos d\u00edas compa\u00f1eras y compa\u00f1eros<\/p>\n<p>Os informamos que se ha publicado la convocatoria de Programas para la Innovaci\u00f3n Educativa, regulados por las Instrucciones de 30 de junio de 2014 de la Secretar\u00eda General de Educaci\u00f3n, para el curso acad\u00e9mico 2022\/2023, tal y como establece la <a href=\"https:\/\/www.adideandalucia.es\/normas\/resoluc\/Resolucion31agosto2022ConvocatoriaProgramasInnovacion.pdf\"><b>31 DE AGOSTO DE 2<\/b><b>0<\/b><b>22<\/b><\/a>.<\/p>\n<p>Podr\u00e1 participar cualquier centro docente del sistema educativo de Andaluc\u00eda, de ense\u00f1anzas no universitarias, sostenido con fondos p\u00fablicos.<br \/>\nLa inscripci\u00f3n se efectuar\u00e1 a trav\u00e9s del <strong>Portal S\u00e9neca<\/strong>, del 1 al 30 de septiembre de 2022, ambos inclusive.<\/p>\n<p>Para m\u00e1s informaci\u00f3n pod\u00e9is contactar en :<\/p>\n<p><strong>Servicio de Innovaci\u00f3n Educativa<\/strong><\/p>\n<p>Email:&nbsp;<a href=\"mailto:innovacion.ced@juntadeandalucia.es\">innovacion.ced@juntadeandalucia.es<\/a><\/p>\n<p>Tel\u00e9fonos: 955 06 40 71 \/ 955 04 32 91<\/p>\n<p>&nbsp;<\/p>\n<p>Deseamos que sea de vuestro inter\u00e9s.<\/p>\n<p>Un saludo<\/p>\n<p>&nbsp;<\/p>\n","protected":false},"excerpt":{"rendered":"<p>Buenos d\u00edas compa\u00f1eras y compa\u00f1eros Os informamos que se ha publicado la convocatoria de Programas para la Innovaci\u00f3n Educativa, regulados por las Instrucciones de 30 de junio de 2014 de la Secretar\u00eda General de Educaci\u00f3n, para el curso acad\u00e9mico 2022\/2023, tal y como establece la 31 DE AGOSTO DE 2022. Podr\u00e1 participar cualquier centro docente [&hellip;]<\/p>\n","protected":false},"author":9,"featured_media":5426,"comment_status":"closed","ping_status":"open","sticky":false,"template":"","format":"standard","meta":{"_crdt_document":"","advanced_seo_description":"","jetpack_seo_html_title":"","jetpack_seo_noindex":false,"jetpack_post_was_ever_published":false,"_jetpack_newsletter_access":"","_jetpack_dont_email_post_to_subs":false,"_jetpack_newsletter_tier_id":0,"_jetpack_memberships_contains_paywalled_content":false,"_jetpack_memberships_contains_paid_content":false,"footnotes":"","jetpack_publicize_message":"","jetpack_publicize_feature_enabled":true,"jetpack_social_post_already_shared":false,"jetpack_social_options":{"image_generator_settings":{"template":"highway","default_image_id":0,"font":"","enabled":false},"version":2}},"categories":[5],"tags":[],"class_list":{"0":"post-5425","1":"post","2":"type-post","3":"status-publish","4":"format-standard","5":"has-post-thumbnail","7":"category-noticias","8":"czr-hentry"},"jetpack_publicize_connections":[],"jetpack_featured_media_url":"https:\/\/i0.wp.com\/cepronda.com\/blog\/wp-content\/uploads\/2022\/09\/Copia-de-ESTANCIAS-FORMATIVAS-EN-EMPRESAS-PARA-EL-PROFESORADO-DE-FORMACION-PROFESIONAL-3.png?fit=1080%2C1080&ssl=1","jetpack_shortlink":"https:\/\/wp.me\/p8M4X7-1pv","jetpack-related-posts":[{"id":3731,"url":"https:\/\/cepronda.com\/blog\/programas-para-la-innovacion-educativa\/","url_meta":{"origin":5425,"position":0},"title":"Programas para la Innovaci\u00f3n Educativa","author":"Mar\u00eda Jos\u00e9 M\u00e1rquez","date":"10 septiembre, 2020","format":false,"excerpt":"Buenos d\u00edas compa\u00f1eras y compa\u00f1eros, os recordamos que , hasta el 30 de septiembre, est\u00e1 abierto el plazo de inscripci\u00f3n para participar en la convocatoria de los Programas para la Innovaci\u00f3n Educativa para el curso 2020\/2021. Se solicitar\u00e1n a trav\u00e9s de la plataforma S\u00e9neca siguiendo la ruta: Centro\/Planes y Proyectos\u2026","rel":"","context":"En \u00abNoticias\u00bb","block_context":{"text":"Noticias","link":"https:\/\/cepronda.com\/blog\/category\/noticias\/"},"img":{"alt_text":"","src":"https:\/\/i0.wp.com\/cepronda.com\/blog\/wp-content\/uploads\/2020\/09\/Programas-educativos.png?fit=795%2C794&ssl=1&resize=350%2C200","width":350,"height":200,"srcset":"https:\/\/i0.wp.com\/cepronda.com\/blog\/wp-content\/uploads\/2020\/09\/Programas-educativos.png?fit=795%2C794&ssl=1&resize=350%2C200 1x, https:\/\/i0.wp.com\/cepronda.com\/blog\/wp-content\/uploads\/2020\/09\/Programas-educativos.png?fit=795%2C794&ssl=1&resize=525%2C300 1.5x, https:\/\/i0.wp.com\/cepronda.com\/blog\/wp-content\/uploads\/2020\/09\/Programas-educativos.png?fit=795%2C794&ssl=1&resize=700%2C400 2x"},"classes":[]},{"id":4943,"url":"https:\/\/cepronda.com\/blog\/proyectos-de-investigacion-innovacion-y-materiales\/","url_meta":{"origin":5425,"position":1},"title":"PROYECTOS DE INVESTIGACI\u00d3N, INNOVACI\u00d3N Y MATERIALES","author":"Maribel Mu\u00f1oz","date":"11 enero, 2022","format":false,"excerpt":"Buenos d\u00edas compa\u00f1eras y compa\u00f1eros Os informamos que est\u00e1 abierto el plazo para solicitar proyectos de investigaci\u00f3n educativa, innovaci\u00f3n educativa y desarrollo curricular y elaboraci\u00f3n de materiales, tal y como establece la\u00a0Orden de 14 de enero de 2009. Las solicitudes recibidas se bareman de acuerdo a los criterios indicados en\u2026","rel":"","context":"En \u00abFormaciones\u00bb","block_context":{"text":"Formaciones","link":"https:\/\/cepronda.com\/blog\/category\/formaciones\/"},"img":{"alt_text":"","src":"https:\/\/i0.wp.com\/cepronda.com\/blog\/wp-content\/uploads\/2020\/03\/S%C2%B0mbolo-gen%C3%87rico-RRSS-redondo-negativo.png?fit=1200%2C1200&ssl=1&resize=350%2C200","width":350,"height":200,"srcset":"https:\/\/i0.wp.com\/cepronda.com\/blog\/wp-content\/uploads\/2020\/03\/S%C2%B0mbolo-gen%C3%87rico-RRSS-redondo-negativo.png?fit=1200%2C1200&ssl=1&resize=350%2C200 1x, https:\/\/i0.wp.com\/cepronda.com\/blog\/wp-content\/uploads\/2020\/03\/S%C2%B0mbolo-gen%C3%87rico-RRSS-redondo-negativo.png?fit=1200%2C1200&ssl=1&resize=525%2C300 1.5x, https:\/\/i0.wp.com\/cepronda.com\/blog\/wp-content\/uploads\/2020\/03\/S%C2%B0mbolo-gen%C3%87rico-RRSS-redondo-negativo.png?fit=1200%2C1200&ssl=1&resize=700%2C400 2x, https:\/\/i0.wp.com\/cepronda.com\/blog\/wp-content\/uploads\/2020\/03\/S%C2%B0mbolo-gen%C3%87rico-RRSS-redondo-negativo.png?fit=1200%2C1200&ssl=1&resize=1050%2C600 3x"},"classes":[]},{"id":3777,"url":"https:\/\/cepronda.com\/blog\/grupos-de-trabajo-formacion-en-centros-programas-para-la-innovacion-educativa\/","url_meta":{"origin":5425,"position":2},"title":"Grupos de trabajo. Formaci\u00f3n en centros. Programas para la innovaci\u00f3n educativa.","author":"Maribel Mu\u00f1oz","date":"28 septiembre, 2020","format":false,"excerpt":"Buenos d\u00edas compa\u00f1eras y compa\u00f1eros, Os informamos que est\u00e1 abierto el plazo para solicitar Grupos de Trabajo y as\u00ed como Formaci\u00f3n en Centros. Estas dos modalidades de autoformaci\u00f3n se solicitan v\u00eda S\u00e9neca. Adjuntamos las instrucciones publicadas ( GT y FC) . Tambi\u00e9n os hacemos llegar las instrucciones relativas a la\u2026","rel":"","context":"En \u00abFormaciones\u00bb","block_context":{"text":"Formaciones","link":"https:\/\/cepronda.com\/blog\/category\/formaciones\/"},"img":{"alt_text":"","src":"https:\/\/i0.wp.com\/cepronda.com\/blog\/wp-content\/uploads\/2020\/09\/Logo-progamas-de-formacion-oficial.jpg?resize=350%2C200","width":350,"height":200},"classes":[]},{"id":2964,"url":"https:\/\/cepronda.com\/blog\/catalogo-de-programas-para-la-innovacion-educativa-2019-2020\/","url_meta":{"origin":5425,"position":3},"title":"Cat\u00e1logo de programas para la innovaci\u00f3n educativa 2019-2020","author":"V\u00edctor Caballero","date":"4 septiembre, 2019","format":false,"excerpt":"Muy buenas de nuevo, Os informamos de que Del 1 al 30 de septiembre\u00a0est\u00e1 abierto el periodo para\u00a0solicitar\u00a0los\u00a0Programas para la Innovaci\u00f3n Educativa\u00a0regulados por las Instrucciones de 30 de junio de 2014 de la Secretar\u00eda General de Educaci\u00f3n, y las\u00a0Instrucciones Complementarias\u00a0de 15 de julio de 2015 de la Secretar\u00eda General de\u2026","rel":"","context":"En \u00abNoticias\u00bb","block_context":{"text":"Noticias","link":"https:\/\/cepronda.com\/blog\/category\/noticias\/"},"img":{"alt_text":"","src":"https:\/\/i0.wp.com\/cepronda.com\/blog\/wp-content\/uploads\/2019\/09\/PyP.jpg?fit=982%2C1200&ssl=1&resize=350%2C200","width":350,"height":200,"srcset":"https:\/\/i0.wp.com\/cepronda.com\/blog\/wp-content\/uploads\/2019\/09\/PyP.jpg?fit=982%2C1200&ssl=1&resize=350%2C200 1x, https:\/\/i0.wp.com\/cepronda.com\/blog\/wp-content\/uploads\/2019\/09\/PyP.jpg?fit=982%2C1200&ssl=1&resize=525%2C300 1.5x, https:\/\/i0.wp.com\/cepronda.com\/blog\/wp-content\/uploads\/2019\/09\/PyP.jpg?fit=982%2C1200&ssl=1&resize=700%2C400 2x"},"classes":[]},{"id":3037,"url":"https:\/\/cepronda.com\/blog\/aplazadas-al-jueves-26-de-septiembre-las-jornadas-informativas-sobre-la-convocatoria-de-grupos-de-trabajo-formacion-en-centros-y-programas-de-innovacion-educativa\/","url_meta":{"origin":5425,"position":4},"title":"APLAZADAS AL JUEVES 26 DE SEPTIEMBRE LAS \u00abJORNADAS INFORMATIVAS SOBRE LA CONVOCATORIA DE GRUPOS DE TRABAJO, FORMACI\u00d3N EN CENTROS Y PROGRAMAS DE INNOVACI\u00d3N EDUCATIVA\u00bb","author":"V\u00edctor Caballero","date":"24 septiembre, 2019","format":false,"excerpt":"Buenas tardes, Debido al retraso en la salida de las Instrucciones que regulan las convocatorias para los Grupos de Trabajo, Formaci\u00f3n en Centros y Programas de innovaci\u00f3n Educativa, nos hemos visto obligados a retrasar las jornadas informativas a este jueves 26 de septiembre en horario de 16:30 a 19:30h en\u2026","rel":"","context":"En \u00abNoticias\u00bb","block_context":{"text":"Noticias","link":"https:\/\/cepronda.com\/blog\/category\/noticias\/"},"img":{"alt_text":"","src":"https:\/\/i0.wp.com\/cepronda.com\/blog\/wp-content\/uploads\/2019\/09\/gt.jpeg?fit=849%2C1200&ssl=1&resize=350%2C200","width":350,"height":200,"srcset":"https:\/\/i0.wp.com\/cepronda.com\/blog\/wp-content\/uploads\/2019\/09\/gt.jpeg?fit=849%2C1200&ssl=1&resize=350%2C200 1x, https:\/\/i0.wp.com\/cepronda.com\/blog\/wp-content\/uploads\/2019\/09\/gt.jpeg?fit=849%2C1200&ssl=1&resize=525%2C300 1.5x, https:\/\/i0.wp.com\/cepronda.com\/blog\/wp-content\/uploads\/2019\/09\/gt.jpeg?fit=849%2C1200&ssl=1&resize=700%2C400 2x"},"classes":[]},{"id":7203,"url":"https:\/\/cepronda.com\/blog\/ii-congreso-internacional-de-innovacion-educativa-2ciieand\/","url_meta":{"origin":5425,"position":5},"title":"II Congreso Internacional de Innovaci\u00f3n Educativa #2CIIEAND.","author":"Inmaculada Garc\u00eda","date":"10 noviembre, 2023","format":false,"excerpt":"El 15 y el 16 de diciembre tendr\u00e1 lugar en M\u00e1laga el II Congreso Internacional de Innovaci\u00f3n Educativa #2CIIEAND. Hoy se abre la inscripci\u00f3n en la web de la Consejer\u00eda. Solicita tu plaza aqu\u00ed. https:\/\/lajunta.es\/4gvmb","rel":"","context":"En \u00abNoticias\u00bb","block_context":{"text":"Noticias","link":"https:\/\/cepronda.com\/blog\/category\/noticias\/"},"img":{"alt_text":"","src":"https:\/\/i0.wp.com\/cepronda.com\/blog\/wp-content\/uploads\/2023\/11\/II-congrso-internacionesl.jpg?fit=680%2C589&ssl=1&resize=350%2C200","width":350,"height":200,"srcset":"https:\/\/i0.wp.com\/cepronda.com\/blog\/wp-content\/uploads\/2023\/11\/II-congrso-internacionesl.jpg?fit=680%2C589&ssl=1&resize=350%2C200 1x, https:\/\/i0.wp.com\/cepronda.com\/blog\/wp-content\/uploads\/2023\/11\/II-congrso-internacionesl.jpg?fit=680%2C589&ssl=1&resize=525%2C300 1.5x"},"classes":[]}],"jetpack_sharing_enabled":true,"_links":{"self":[{"href":"https:\/\/cepronda.com\/blog\/wp-json\/wp\/v2\/posts\/5425","targetHints":{"allow":["GET"]}}],"collection":[{"href":"https:\/\/cepronda.com\/blog\/wp-json\/wp\/v2\/posts"}],"about":[{"href":"https:\/\/cepronda.com\/blog\/wp-json\/wp\/v2\/types\/post"}],"author":[{"embeddable":true,"href":"https:\/\/cepronda.com\/blog\/wp-json\/wp\/v2\/users\/9"}],"replies":[{"embeddable":true,"href":"https:\/\/cepronda.com\/blog\/wp-json\/wp\/v2\/comments?post=5425"}],"version-history":[{"count":1,"href":"https:\/\/cepronda.com\/blog\/wp-json\/wp\/v2\/posts\/5425\/revisions"}],"predecessor-version":[{"id":5427,"href":"https:\/\/cepronda.com\/blog\/wp-json\/wp\/v2\/posts\/5425\/revisions\/5427"}],"wp:featuredmedia":[{"embeddable":true,"href":"https:\/\/cepronda.com\/blog\/wp-json\/wp\/v2\/media\/5426"}],"wp:attachment":[{"href":"https:\/\/cepronda.com\/blog\/wp-json\/wp\/v2\/media?parent=5425"}],"wp:term":[{"taxonomy":"category","embeddable":true,"href":"https:\/\/cepronda.com\/blog\/wp-json\/wp\/v2\/categories?post=5425"},{"taxonomy":"post_tag","embeddable":true,"href":"https:\/\/cepronda.com\/blog\/wp-json\/wp\/v2\/tags?post=5425"}],"curies":[{"name":"wp","href":"https:\/\/api.w.org\/{rel}","templated":true}]}}