{"id":5421,"date":"2022-09-20T12:38:46","date_gmt":"2022-09-20T10:38:46","guid":{"rendered":"http:\/\/cepronda.com\/blog\/?p=5421"},"modified":"2025-04-25T11:59:09","modified_gmt":"2025-04-25T09:59:09","slug":"convocatoria-provincial-para-el-desarrollo-de-la-competencia-digital-docente","status":"publish","type":"post","link":"https:\/\/cepronda.com\/blog\/convocatoria-provincial-para-el-desarrollo-de-la-competencia-digital-docente\/","title":{"rendered":"CONVOCATORIA PROVINCIAL PARA EL DESARROLLO DE LA COMPETENCIA DIGITAL DOCENTE."},"content":{"rendered":"<p>Os informamos de que el pr\u00f3ximo viernes <strong>&nbsp;23 de septiembre<\/strong> se abrir\u00e1 el plazo para solicitar la inscripci\u00f3n en las formaciones ofertadas en la <strong>Convocatoria Provincial para el desarrollo de la Competencia Digital Docente<\/strong>, dentro del plan de formaci\u00f3n del profesorado de la Consejer\u00eda de Desarrollo Educativo y Formaci\u00f3n Profesional.<\/p>\n<p>Una oferta total de <a href=\"https:\/\/www.juntadeandalucia.es\/educacion\/secretariavirtual\/consultaCEP\/?X_CATMODACT=3&amp;C_EDIACTFOR=23DK&amp;\">17 cursos<\/a> destinados al <strong>p<\/strong><b>rofesorado de los centros docentes andaluces no universitarios sostenidos con fondos p\u00fablicos<\/b>, cuyo <strong>p<\/strong><b style=\"color: #2b2b2b;\">lazo de inscripci\u00f3n&nbsp;<\/b>ser\u00e1 el comprendido entre el viernes 23 de septiembre, a partir de las 11 horas, hasta el viernes 30 de septiembre, a las 11 horas.<\/p>\n<div id=\"genially-animated-e237c4ae-4a1b-4eff-ab98-f4f691f04fa0\" class=\"genially-animated-wrapper\" data-initial-left=\"27.172582616867345px\" data-initial-top=\"172.56249106121282px\" data-genially-animation-target-with-slot=\"e237c4ae-4a1b-4eff-ab98-f4f691f04fa0;0\">\n<div id=\"e237c4ae-4a1b-4eff-ab98-f4f691f04fa0\" class=\"genially-view-item genially-view-text text-align-left interparagraph_small genially-view-text-indent-list-v4 genially-view-text-indent-paragraph-v5\" data-cy=\"textItemView\" data-genially-id=\"62ce7e2f89ac780018ecba71\">\n<ul>\n<li>Publicaci\u00f3n de listas de admisi\u00f3n en los cursos: 7 de octubre de 2022.<\/li>\n<li>Fechas de realizaci\u00f3n: Los cursos se iniciar\u00e1n el 17 de octubre de 2022. La fecha de finalizaci\u00f3n estar\u00e1 en funci\u00f3n de la duraci\u00f3n de cada curso.<\/li>\n<li>Destinatarios: Profesorado de los centros docentes andaluces no universitarios sostenidos con fondos p\u00fablicos.<\/li>\n<li>Pincha en el enlace&nbsp; para consultar los cursos convocados en la provincia de <a style=\"color: #1a8d43; text-decoration-line: underline;\" href=\"https:\/\/www.juntadeandalucia.es\/educacion\/secretariavirtual\/consultaCEP\/?X_CATMODACT=3&amp;C_EDIACTFOR=23DK29&amp;\">M\u00e1laga.<\/a><\/li>\n<\/ul>\n<p>Para m\u00e1s informaci\u00f3n, visita la <a href=\"https:\/\/portals.ced.junta-andalucia.es\/educacion\/portals\/web\/ced\/novedades\/-\/novedades\/detalle\/ep332ikUb0dM\/convocatoria-provincial-de-cursos-para-la-competencia-digital-docente-2022\">publicaci\u00f3n en la Consejer\u00eda de Desarrollo Educativo y Formaci\u00f3n profesional.&nbsp;<\/a><\/p>\n<p><iframe class=\"wp-embedded-content\" sandbox=\"allow-scripts\" security=\"restricted\" title=\"Convocatoria Provincial CDD 22\/23\" frameborder='0' width='720' height='405' src='https:\/\/view.genial.ly\/62ce7e2f89ac780018ecba71#?secret=fgtGM8LHyX' data-secret='fgtGM8LHyX' scrolling='yes'><\/iframe><\/p>\n<\/div>\n<\/div>\n","protected":false},"excerpt":{"rendered":"<p>Os informamos de que el pr\u00f3ximo viernes &nbsp;23 de septiembre se abrir\u00e1 el plazo para solicitar la inscripci\u00f3n en las formaciones ofertadas en la Convocatoria Provincial para el desarrollo de la Competencia Digital Docente, dentro del plan de formaci\u00f3n del profesorado de la Consejer\u00eda de Desarrollo Educativo y Formaci\u00f3n Profesional. Una oferta total de 17 [&hellip;]<\/p>\n","protected":false},"author":9,"featured_media":5423,"comment_status":"closed","ping_status":"open","sticky":false,"template":"","format":"standard","meta":{"_crdt_document":"","advanced_seo_description":"","jetpack_seo_html_title":"","jetpack_seo_noindex":false,"jetpack_post_was_ever_published":false,"_jetpack_newsletter_access":"","_jetpack_dont_email_post_to_subs":false,"_jetpack_newsletter_tier_id":0,"_jetpack_memberships_contains_paywalled_content":false,"_jetpack_memberships_contains_paid_content":false,"footnotes":"","jetpack_publicize_message":"","jetpack_publicize_feature_enabled":true,"jetpack_social_post_already_shared":false,"jetpack_social_options":{"image_generator_settings":{"template":"highway","default_image_id":0,"font":"","enabled":false},"version":2}},"categories":[3,5],"tags":[],"class_list":{"0":"post-5421","1":"post","2":"type-post","3":"status-publish","4":"format-standard","5":"has-post-thumbnail","7":"category-formaciones","8":"category-noticias","9":"czr-hentry"},"jetpack_publicize_connections":[],"jetpack_featured_media_url":"https:\/\/i0.wp.com\/cepronda.com\/blog\/wp-content\/uploads\/2022\/09\/convocatoria-provincial-para-el-desarrollo-de-la-competencia-digital.png?fit=1257%2C739&ssl=1","jetpack_shortlink":"https:\/\/wp.me\/p8M4X7-1pr","jetpack-related-posts":[{"id":7916,"url":"https:\/\/cepronda.com\/blog\/actividades-para-el-desarrollo-de-la-competencia-digital-docente\/","url_meta":{"origin":5421,"position":0},"title":"ACTIVIDADES PARA EL DESARROLLO DE LA COMPETENCIA DIGITAL DOCENTE","author":"Mamen Moreno","date":"5 diciembre, 2024","format":false,"excerpt":"Abierto el plazo de inscripciones de las ACTIVIDADES PARA EL DESARROLLO DE LA COMPETENCIA DIGITAL DOCENTE Inscripci\u00f3n del 5 de diciembre hasta el 8 de enero Realizaci\u00f3n entre el 16 de enero y 17 de marzo de 2025 a trav\u00e9s del Aula Virtual de Formaci\u00f3n del Profesorado M\u00e1s informaci\u00f3n e\u2026","rel":"","context":"En \u00abFormaciones\u00bb","block_context":{"text":"Formaciones","link":"https:\/\/cepronda.com\/blog\/category\/formaciones\/"},"img":{"alt_text":"","src":"https:\/\/i0.wp.com\/cepronda.com\/blog\/wp-content\/uploads\/2024\/12\/WhatsApp-Image-2024-12-04-at-18.13.35.jpeg?fit=1000%2C1000&ssl=1&resize=350%2C200","width":350,"height":200,"srcset":"https:\/\/i0.wp.com\/cepronda.com\/blog\/wp-content\/uploads\/2024\/12\/WhatsApp-Image-2024-12-04-at-18.13.35.jpeg?fit=1000%2C1000&ssl=1&resize=350%2C200 1x, https:\/\/i0.wp.com\/cepronda.com\/blog\/wp-content\/uploads\/2024\/12\/WhatsApp-Image-2024-12-04-at-18.13.35.jpeg?fit=1000%2C1000&ssl=1&resize=525%2C300 1.5x, https:\/\/i0.wp.com\/cepronda.com\/blog\/wp-content\/uploads\/2024\/12\/WhatsApp-Image-2024-12-04-at-18.13.35.jpeg?fit=1000%2C1000&ssl=1&resize=700%2C400 2x"},"classes":[]},{"id":8274,"url":"https:\/\/cepronda.com\/blog\/actividades-para-el-desarrollo-de-la-competencia-digital-docente-2\/","url_meta":{"origin":5421,"position":1},"title":"ACTIVIDADES PARA EL DESARROLLO DE LA COMPETENCIA DIGITAL","author":"Mamen Moreno","date":"6 marzo, 2025","format":false,"excerpt":"Abierto el plazo de inscripciones de las ACTIVIDADES PARA EL DESARROLLO DE LA COMPETENCIA DIGITAL DOCENTE \u00a0 - Inscripci\u00f3n del 6 de marzo hasta el 16 de marzo. \u00a0 - Realizaci\u00f3n entre el 24 de marzo y 25 de mayo de 2025 a trav\u00e9s del Aula Virtual de Formaci\u00f3n del\u2026","rel":"","context":"En \u00abFormaciones\u00bb","block_context":{"text":"Formaciones","link":"https:\/\/cepronda.com\/blog\/category\/formaciones\/"},"img":{"alt_text":"","src":"https:\/\/i0.wp.com\/cepronda.com\/blog\/wp-content\/uploads\/2025\/03\/Post-de-Facebook-Inmobiliaria-Fotografico-Moderno-Azul-y-Gris-1.png?fit=940%2C788&ssl=1&resize=350%2C200","width":350,"height":200,"srcset":"https:\/\/i0.wp.com\/cepronda.com\/blog\/wp-content\/uploads\/2025\/03\/Post-de-Facebook-Inmobiliaria-Fotografico-Moderno-Azul-y-Gris-1.png?fit=940%2C788&ssl=1&resize=350%2C200 1x, https:\/\/i0.wp.com\/cepronda.com\/blog\/wp-content\/uploads\/2025\/03\/Post-de-Facebook-Inmobiliaria-Fotografico-Moderno-Azul-y-Gris-1.png?fit=940%2C788&ssl=1&resize=525%2C300 1.5x, https:\/\/i0.wp.com\/cepronda.com\/blog\/wp-content\/uploads\/2025\/03\/Post-de-Facebook-Inmobiliaria-Fotografico-Moderno-Azul-y-Gris-1.png?fit=940%2C788&ssl=1&resize=700%2C400 2x"},"classes":[]},{"id":7196,"url":"https:\/\/cepronda.com\/blog\/competencia-digital-docente-nivel-b2-competencias-profesionales-especificas\/","url_meta":{"origin":5421,"position":2},"title":"COMPETENCIA DIGITAL DOCENTE NIVEL B2. COMPETENCIAS PROFESIONALES ESPEC\u00cdFICAS","author":"Mamen Moreno","date":"6 noviembre, 2023","format":false,"excerpt":"Se abre el plazo de inscripci\u00f3n para la formaci\u00f3n online COMPETENCIA DIGITAL DOCENTE NIVEL B2. COMPETENCIAS PROFESIONALES ESPEC\u00cdFICAS. Dicho curso va destinado a personal docente que en la actualidad no se encuentra desempe\u00f1ando labores educativas directas con el alumnado, tales como: 1\u00ba Direcciones y asesor\u00edas de los Centros del Profesorado.\u2026","rel":"","context":"En \u00abFormaciones\u00bb","block_context":{"text":"Formaciones","link":"https:\/\/cepronda.com\/blog\/category\/formaciones\/"},"img":{"alt_text":"","src":"https:\/\/i0.wp.com\/cepronda.com\/blog\/wp-content\/uploads\/2023\/11\/WhatsApp-Image-2023-11-06-at-10.31.56.jpeg?fit=1200%2C675&ssl=1&resize=350%2C200","width":350,"height":200,"srcset":"https:\/\/i0.wp.com\/cepronda.com\/blog\/wp-content\/uploads\/2023\/11\/WhatsApp-Image-2023-11-06-at-10.31.56.jpeg?fit=1200%2C675&ssl=1&resize=350%2C200 1x, https:\/\/i0.wp.com\/cepronda.com\/blog\/wp-content\/uploads\/2023\/11\/WhatsApp-Image-2023-11-06-at-10.31.56.jpeg?fit=1200%2C675&ssl=1&resize=525%2C300 1.5x, https:\/\/i0.wp.com\/cepronda.com\/blog\/wp-content\/uploads\/2023\/11\/WhatsApp-Image-2023-11-06-at-10.31.56.jpeg?fit=1200%2C675&ssl=1&resize=700%2C400 2x, https:\/\/i0.wp.com\/cepronda.com\/blog\/wp-content\/uploads\/2023\/11\/WhatsApp-Image-2023-11-06-at-10.31.56.jpeg?fit=1200%2C675&ssl=1&resize=1050%2C600 3x"},"classes":[]},{"id":5687,"url":"https:\/\/cepronda.com\/blog\/convocatoria-de-curso-cdd-nivel-b2-competencias-profesionales-especificas\/","url_meta":{"origin":5421,"position":3},"title":"CONVOCATORIA DE CURSO CDD NIVEL B2. COMPETENCIAS PROFESIONALES ESPEC\u00cdFICAS","author":"Inmaculada Garc\u00eda","date":"10 enero, 2023","format":false,"excerpt":"Est\u00e1 abierto el plazo para el curso de Competencia Digital Docente NIVEL B2, competencias Profesionales Espec\u00edficas, dirigido a: 1\u00ba Direcciones y asesor\u00edas de los Centros del Profesorado 2\u00ba Directores\/as de centros sostenidos con fondos p\u00fablicos 3\u00ba Coordinadores\/as TDE, responsables #CompDigEdu y ATD 4\u00ba Inspecci\u00f3n 5\u00ba Personal docente adscrito a los\u2026","rel":"","context":"En \u00abFormaciones\u00bb","block_context":{"text":"Formaciones","link":"https:\/\/cepronda.com\/blog\/category\/formaciones\/"},"img":{"alt_text":"","src":"https:\/\/i0.wp.com\/cepronda.com\/blog\/wp-content\/uploads\/2023\/01\/FmBHKZeWIAE4o-.jpg?fit=679%2C382&ssl=1&resize=350%2C200","width":350,"height":200,"srcset":"https:\/\/i0.wp.com\/cepronda.com\/blog\/wp-content\/uploads\/2023\/01\/FmBHKZeWIAE4o-.jpg?fit=679%2C382&ssl=1&resize=350%2C200 1x, https:\/\/i0.wp.com\/cepronda.com\/blog\/wp-content\/uploads\/2023\/01\/FmBHKZeWIAE4o-.jpg?fit=679%2C382&ssl=1&resize=525%2C300 1.5x"},"classes":[]},{"id":5598,"url":"https:\/\/cepronda.com\/blog\/competencia-digital-docente-nivel-a1\/","url_meta":{"origin":5421,"position":4},"title":"COMPETENCIA DIGITAL DOCENTE NIVEL A1","author":"Inmaculada Garc\u00eda","date":"10 noviembre, 2022","format":false,"excerpt":"Os informamos que est\u00e1 abierto el plazo de inscripci\u00f3n en el curso COMPETENCIA DIGITAL DOCENTE NIVEL A1\u00a0con c\u00f3digo239924KPF420. Fechas de inscripci\u00f3n : 10\/11\/2022 hasta el 25\/11\/2022 Fecha de realizaci\u00f3n: 01\/12\/2022 hasta 15\/02\/2023 Horas: 40 horas no presenciales. Lugar de realizaci\u00f3n: Aula Virtual de Formaci\u00f3n del Profesorado. Para m\u00e1s informaci\u00f3n e\u2026","rel":"","context":"En \u00abNoticias\u00bb","block_context":{"text":"Noticias","link":"https:\/\/cepronda.com\/blog\/category\/noticias\/"},"img":{"alt_text":"","src":"https:\/\/i0.wp.com\/cepronda.com\/blog\/wp-content\/uploads\/2022\/11\/Copia-de-CDD-A1.jpg?fit=1000%2C1000&ssl=1&resize=350%2C200","width":350,"height":200,"srcset":"https:\/\/i0.wp.com\/cepronda.com\/blog\/wp-content\/uploads\/2022\/11\/Copia-de-CDD-A1.jpg?fit=1000%2C1000&ssl=1&resize=350%2C200 1x, https:\/\/i0.wp.com\/cepronda.com\/blog\/wp-content\/uploads\/2022\/11\/Copia-de-CDD-A1.jpg?fit=1000%2C1000&ssl=1&resize=525%2C300 1.5x, https:\/\/i0.wp.com\/cepronda.com\/blog\/wp-content\/uploads\/2022\/11\/Copia-de-CDD-A1.jpg?fit=1000%2C1000&ssl=1&resize=700%2C400 2x"},"classes":[]},{"id":8895,"url":"https:\/\/cepronda.com\/blog\/competencia-digital-docente-nivel-a1-funcionarios-en-practicas-voluntario-269903kpf420\/","url_meta":{"origin":5421,"position":5},"title":"COMPETENCIA DIGITAL DOCENTE NIVEL A1 (FUNCIONARIOS EN PR\u00c1CTICAS: VOLUNTARIO).","author":"Inmaculada Garc\u00eda","date":"9 octubre, 2025","format":false,"excerpt":"Abierto el plazo de inscripci\u00f3n para la actividad formativa, a distancia, regional \"COMPETENCIA DIGITAL DOCENTE NIVEL A1 (FUNCIONARIOS EN PR\u00c1CTICAS: VOLUNTARIO)\", con c\u00f3digo 269903KPF420. Con un desempe\u00f1o de 40 horas, se desarrollar\u00e1 en el Aula Virtual de Formaci\u00f3n del Profesorado. \u00a0 Fecha inscripci\u00f3n: 07\/10\/2025 hasta 17\/10\/2025 Fecha actividad: 24\/10\/2025 hasta\u2026","rel":"","context":"En \u00abFormaciones\u00bb","block_context":{"text":"Formaciones","link":"https:\/\/cepronda.com\/blog\/category\/formaciones\/"},"img":{"alt_text":"","src":"https:\/\/i0.wp.com\/cepronda.com\/blog\/wp-content\/uploads\/2025\/10\/A1-Cuevas-Olula.jpg?fit=960%2C540&ssl=1&resize=350%2C200","width":350,"height":200,"srcset":"https:\/\/i0.wp.com\/cepronda.com\/blog\/wp-content\/uploads\/2025\/10\/A1-Cuevas-Olula.jpg?fit=960%2C540&ssl=1&resize=350%2C200 1x, https:\/\/i0.wp.com\/cepronda.com\/blog\/wp-content\/uploads\/2025\/10\/A1-Cuevas-Olula.jpg?fit=960%2C540&ssl=1&resize=525%2C300 1.5x, https:\/\/i0.wp.com\/cepronda.com\/blog\/wp-content\/uploads\/2025\/10\/A1-Cuevas-Olula.jpg?fit=960%2C540&ssl=1&resize=700%2C400 2x"},"classes":[]}],"jetpack_sharing_enabled":true,"_links":{"self":[{"href":"https:\/\/cepronda.com\/blog\/wp-json\/wp\/v2\/posts\/5421","targetHints":{"allow":["GET"]}}],"collection":[{"href":"https:\/\/cepronda.com\/blog\/wp-json\/wp\/v2\/posts"}],"about":[{"href":"https:\/\/cepronda.com\/blog\/wp-json\/wp\/v2\/types\/post"}],"author":[{"embeddable":true,"href":"https:\/\/cepronda.com\/blog\/wp-json\/wp\/v2\/users\/9"}],"replies":[{"embeddable":true,"href":"https:\/\/cepronda.com\/blog\/wp-json\/wp\/v2\/comments?post=5421"}],"version-history":[{"count":6,"href":"https:\/\/cepronda.com\/blog\/wp-json\/wp\/v2\/posts\/5421\/revisions"}],"predecessor-version":[{"id":5490,"href":"https:\/\/cepronda.com\/blog\/wp-json\/wp\/v2\/posts\/5421\/revisions\/5490"}],"wp:featuredmedia":[{"embeddable":true,"href":"https:\/\/cepronda.com\/blog\/wp-json\/wp\/v2\/media\/5423"}],"wp:attachment":[{"href":"https:\/\/cepronda.com\/blog\/wp-json\/wp\/v2\/media?parent=5421"}],"wp:term":[{"taxonomy":"category","embeddable":true,"href":"https:\/\/cepronda.com\/blog\/wp-json\/wp\/v2\/categories?post=5421"},{"taxonomy":"post_tag","embeddable":true,"href":"https:\/\/cepronda.com\/blog\/wp-json\/wp\/v2\/tags?post=5421"}],"curies":[{"name":"wp","href":"https:\/\/api.w.org\/{rel}","templated":true}]}}