{"id":5416,"date":"2022-09-08T11:06:41","date_gmt":"2022-09-08T09:06:41","guid":{"rendered":"http:\/\/cepronda.com\/blog\/?p=5416"},"modified":"2025-04-28T11:55:17","modified_gmt":"2025-04-28T09:55:17","slug":"cuerpo-y-movimiento-las-claves-del-bienestar-en-el-trabajo","status":"publish","type":"post","link":"https:\/\/cepronda.com\/blog\/cuerpo-y-movimiento-las-claves-del-bienestar-en-el-trabajo\/","title":{"rendered":"CUERPO Y MOVIMIENTO, LAS CLAVES DEL BIENESTAR EN EL TRABAJO."},"content":{"rendered":"<p style=\"font-style: inherit; font-weight: 400;\">Os informamos que se ha abierto el plazo de inscripci\u00f3n en el curso: <strong>CUERPO Y MOVIMIENTO, LAS CLAVES DEL BIENESTAR EN EL TRABAJO.<\/strong>(C\u00f3digo<strong>: 232924GE005<\/strong>).<\/p>\n<p>Curso <strong>Presencial<\/strong> de <strong>10 horas<\/strong> de duraci\u00f3n que se desarrollar\u00e1 en el <strong>Sal\u00f3n de Actos del CeP de Ronda, <\/strong>en horarios de<strong>16:30 a 18:00<\/strong> los d\u00edas:&nbsp;<\/p>\n<ul>\n<li>Martes&nbsp; &nbsp; 20\/09\/2022<\/li>\n<li>Mi\u00e9rcoles 21\/09\/2022<\/li>\n<li>Jueves 22\/09\/2022<\/li>\n<li>Martes 27\/09\/2022<\/li>\n<li>Mi\u00e9rcoles 28\/09\/2022<\/li>\n<li>Jueves 29\/09\/2022<\/li>\n<\/ul>\n<p style=\"font-style: inherit; font-weight: 400;\">Las personas interesadas podr\u00e1n rellenar la preinscripci\u00f3n a trav\u00e9s de S\u00e9neca (perfil formaci\u00f3n) o en el siguiente enlace:<a href=\"https:\/\/www.juntadeandalucia.es\/educacion\/secretariavirtual\/consultaCEP\/actividad\/232924GE005\/\">https:\/\/www.juntadeandalucia.es\/educacion\/secretariavirtual\/consultaCEP\/actividad\/232924GE005\/<\/a><\/p>\n<p style=\"font-style: inherit; font-weight: 400;\"><span style=\"font-weight: inherit;\">Esperamos que sea de vuestro inter\u00e9s.<\/span><\/p>\n<p><img data-recalc-dims=\"1\" loading=\"lazy\" decoding=\"async\" class=\"alignnone size-medium wp-image-5417 aligncenter\" src=\"https:\/\/i0.wp.com\/cepronda.com\/blog\/wp-content\/uploads\/2022\/09\/curso-cuerpo-y-movimiento-foto-212x300.jpg?resize=212%2C300\" alt=\"\" width=\"212\" height=\"300\" srcset=\"https:\/\/i0.wp.com\/cepronda.com\/blog\/wp-content\/uploads\/2022\/09\/curso-cuerpo-y-movimiento-foto.jpg?resize=212%2C300&amp;ssl=1 212w, https:\/\/i0.wp.com\/cepronda.com\/blog\/wp-content\/uploads\/2022\/09\/curso-cuerpo-y-movimiento-foto.jpg?resize=724%2C1024&amp;ssl=1 724w, https:\/\/i0.wp.com\/cepronda.com\/blog\/wp-content\/uploads\/2022\/09\/curso-cuerpo-y-movimiento-foto.jpg?resize=768%2C1086&amp;ssl=1 768w, https:\/\/i0.wp.com\/cepronda.com\/blog\/wp-content\/uploads\/2022\/09\/curso-cuerpo-y-movimiento-foto.jpg?resize=1086%2C1536&amp;ssl=1 1086w, https:\/\/i0.wp.com\/cepronda.com\/blog\/wp-content\/uploads\/2022\/09\/curso-cuerpo-y-movimiento-foto.jpg?w=1131&amp;ssl=1 1131w\" sizes=\"auto, (max-width: 212px) 100vw, 212px\" \/><\/p>\n","protected":false},"excerpt":{"rendered":"<p>Os informamos que se ha abierto el plazo de inscripci\u00f3n en el curso: CUERPO Y MOVIMIENTO, LAS CLAVES DEL BIENESTAR EN EL TRABAJO.(C\u00f3digo: 232924GE005). Curso Presencial de 10 horas de duraci\u00f3n que se desarrollar\u00e1 en el Sal\u00f3n de Actos del CeP de Ronda, en horarios de16:30 a 18:00 los d\u00edas:&nbsp; Martes&nbsp; &nbsp; 20\/09\/2022 Mi\u00e9rcoles 21\/09\/2022 [&hellip;]<\/p>\n","protected":false},"author":9,"featured_media":5417,"comment_status":"closed","ping_status":"open","sticky":false,"template":"","format":"standard","meta":{"_crdt_document":"","advanced_seo_description":"","jetpack_seo_html_title":"","jetpack_seo_noindex":false,"jetpack_post_was_ever_published":false,"_jetpack_newsletter_access":"","_jetpack_dont_email_post_to_subs":false,"_jetpack_newsletter_tier_id":0,"_jetpack_memberships_contains_paywalled_content":false,"_jetpack_memberships_contains_paid_content":false,"footnotes":"","jetpack_publicize_message":"","jetpack_publicize_feature_enabled":true,"jetpack_social_post_already_shared":false,"jetpack_social_options":{"image_generator_settings":{"template":"highway","default_image_id":0,"font":"","enabled":false},"version":2}},"categories":[3,5],"tags":[],"class_list":{"0":"post-5416","1":"post","2":"type-post","3":"status-publish","4":"format-standard","5":"has-post-thumbnail","7":"category-formaciones","8":"category-noticias","9":"czr-hentry"},"jetpack_publicize_connections":[],"jetpack_featured_media_url":"https:\/\/i0.wp.com\/cepronda.com\/blog\/wp-content\/uploads\/2022\/09\/curso-cuerpo-y-movimiento-foto.jpg?fit=1131%2C1600&ssl=1","jetpack_shortlink":"https:\/\/wp.me\/p8M4X7-1pm","jetpack-related-posts":[{"id":9230,"url":"https:\/\/cepronda.com\/blog\/9230-2\/","url_meta":{"origin":5416,"position":0},"title":"DISCIPLINA POSITIVA, NEUROEDUCACI\u00d3N Y BIENESTAR EMOCIONAL\u201d:  CLAVES PARA LA CONVIVENCIA Y LA GESTI\u00d3N DEL ESTR\u00c9S EN RESIDENCIAS ESCOLARES.","author":"Encarni Jim\u00e9nez Rosado","date":"19 enero, 2026","format":false,"excerpt":"Abierto plazo de inscripci\u00f3n para el curso \u00a0\u201cDISCIPLINA POSITIVA, NEUROEDUCACI\u00d3N Y BIENESTAR EMOCIONAL\u201d: \u00a0CLAVES PARA LA CONVIVENCIA Y LA GESTI\u00d3N DEL ESTR\u00c9S EN RESIDENCIAS ESCOLARES. C\u00f3digo 262922GE107. Curso dirigido exclusivamente a profesorado\/educadores de RESIDENCIAS ESCOLARES. Duraci\u00f3n: 12 horas presenciales de 10:00 a 13:00. Inscripci\u00f3n: 16\/01\/2026 hasta 23\/01\/2026. Realizaci\u00f3n: 06\/02\/2026 hasta\u2026","rel":"","context":"En \u00abFormaciones\u00bb","block_context":{"text":"Formaciones","link":"https:\/\/cepronda.com\/blog\/category\/formaciones\/"},"img":{"alt_text":"","src":"","width":0,"height":0},"classes":[]},{"id":8160,"url":"https:\/\/cepronda.com\/blog\/cuidando-cuerpo-y-mente-primeros-auxilios-y-bienestar-emocional-para-la-comunidad-educativa\/","url_meta":{"origin":5416,"position":1},"title":"CUIDANDO CUERPO Y MENTE: PRIMEROS AUXILIOS Y BIENESTAR EMOCIONAL PARA LA COMUNIDAD EDUCATIVA","author":"Mamen Moreno","date":"11 febrero, 2025","format":false,"excerpt":"Ya est\u00e1 abierto el plazo de inscripciones para el curso \"CUIDANDO CUERPO Y MENTE: PRIMEROS AUXILIOS Y BIENESTAR EMOCIONAL PARA LA COMUNIDAD EDUCATIVA\" C\u00f3digo 252924GE052 Fechas del curso: 6 y 18 de marzo de 2025 en horario de 16:30 a 19:30 Horas: 8 horas (6 presenciales y 2 no presenciales)\u2026","rel":"","context":"En \u00abFormaciones\u00bb","block_context":{"text":"Formaciones","link":"https:\/\/cepronda.com\/blog\/category\/formaciones\/"},"img":{"alt_text":"","src":"https:\/\/i0.wp.com\/cepronda.com\/blog\/wp-content\/uploads\/2025\/02\/cuidando-cuerpo-y-mente.-primeros-auxilios-y-bienestar-emocional-para-la-comunidad-educativa-1.png?fit=1200%2C1200&ssl=1&resize=350%2C200","width":350,"height":200,"srcset":"https:\/\/i0.wp.com\/cepronda.com\/blog\/wp-content\/uploads\/2025\/02\/cuidando-cuerpo-y-mente.-primeros-auxilios-y-bienestar-emocional-para-la-comunidad-educativa-1.png?fit=1200%2C1200&ssl=1&resize=350%2C200 1x, https:\/\/i0.wp.com\/cepronda.com\/blog\/wp-content\/uploads\/2025\/02\/cuidando-cuerpo-y-mente.-primeros-auxilios-y-bienestar-emocional-para-la-comunidad-educativa-1.png?fit=1200%2C1200&ssl=1&resize=525%2C300 1.5x, https:\/\/i0.wp.com\/cepronda.com\/blog\/wp-content\/uploads\/2025\/02\/cuidando-cuerpo-y-mente.-primeros-auxilios-y-bienestar-emocional-para-la-comunidad-educativa-1.png?fit=1200%2C1200&ssl=1&resize=700%2C400 2x, https:\/\/i0.wp.com\/cepronda.com\/blog\/wp-content\/uploads\/2025\/02\/cuidando-cuerpo-y-mente.-primeros-auxilios-y-bienestar-emocional-para-la-comunidad-educativa-1.png?fit=1200%2C1200&ssl=1&resize=1050%2C600 3x"},"classes":[]},{"id":5295,"url":"https:\/\/cepronda.com\/blog\/psicomotricidad-y-danza-en-infantil\/","url_meta":{"origin":5416,"position":2},"title":"PSICOMOTRICIDAD Y DANZA EN INFANTIL","author":"Inmaculada Garc\u00eda","date":"11 mayo, 2022","format":false,"excerpt":"Buenos d\u00edas. Os informamos que est\u00e1 abierto el plazo de solicitudes para\u00a0 el curso PSICOMOTRICIDAD Y DANZA EN INFANTIL con c\u00f3digo 222924GE048. En el que trabajaremos contenidos relacionados con: Bailes de canciones psicomotrices y gestuadas. Juegos psicomotrices y de expresi\u00f3n corporal para: conocimiento del espacio y de los compa\u00f1eros y\u2026","rel":"","context":"En \u00abFormaciones\u00bb","block_context":{"text":"Formaciones","link":"https:\/\/cepronda.com\/blog\/category\/formaciones\/"},"img":{"alt_text":"","src":"https:\/\/i0.wp.com\/cepronda.com\/blog\/wp-content\/uploads\/2022\/05\/CEP-DE-RONDA-1-212x300.png?resize=350%2C200","width":350,"height":200},"classes":[]},{"id":5406,"url":"https:\/\/cepronda.com\/blog\/curso-inmersion-moodle-22-23\/","url_meta":{"origin":5416,"position":3},"title":"CURSO \u00abINMERSI\u00d3N MOODLE 22-23\u00bb","author":"Inmaculada Garc\u00eda","date":"5 septiembre, 2022","format":false,"excerpt":"Os informamos que el CEP de M\u00e1laga ha abierto el plazo de inscripci\u00f3n en el curso de\u00a0INMERSI\u00d3N\u00a0MOODLE 2022-23, con c\u00f3digo: 232922GE080.\u00a0Es una formaci\u00f3n de car\u00e1cter provincial y es PRESENCIAL. Fecha de realizaci\u00f3n del 13 de octubre al 10 de noviembre del 2022. El curso se realizar\u00e1 todos los jueves comprendidos\u2026","rel":"","context":"En \u00abFormaciones\u00bb","block_context":{"text":"Formaciones","link":"https:\/\/cepronda.com\/blog\/category\/formaciones\/"},"img":{"alt_text":"","src":"https:\/\/i0.wp.com\/cepronda.com\/blog\/wp-content\/uploads\/2022\/09\/Copia-de-ESTANCIAS-FORMATIVAS-EN-EMPRESAS-PARA-EL-PROFESORADO-DE-FORMACION-PROFESIONAL-2.png?fit=1080%2C1080&ssl=1&resize=350%2C200","width":350,"height":200,"srcset":"https:\/\/i0.wp.com\/cepronda.com\/blog\/wp-content\/uploads\/2022\/09\/Copia-de-ESTANCIAS-FORMATIVAS-EN-EMPRESAS-PARA-EL-PROFESORADO-DE-FORMACION-PROFESIONAL-2.png?fit=1080%2C1080&ssl=1&resize=350%2C200 1x, https:\/\/i0.wp.com\/cepronda.com\/blog\/wp-content\/uploads\/2022\/09\/Copia-de-ESTANCIAS-FORMATIVAS-EN-EMPRESAS-PARA-EL-PROFESORADO-DE-FORMACION-PROFESIONAL-2.png?fit=1080%2C1080&ssl=1&resize=525%2C300 1.5x, https:\/\/i0.wp.com\/cepronda.com\/blog\/wp-content\/uploads\/2022\/09\/Copia-de-ESTANCIAS-FORMATIVAS-EN-EMPRESAS-PARA-EL-PROFESORADO-DE-FORMACION-PROFESIONAL-2.png?fit=1080%2C1080&ssl=1&resize=700%2C400 2x, https:\/\/i0.wp.com\/cepronda.com\/blog\/wp-content\/uploads\/2022\/09\/Copia-de-ESTANCIAS-FORMATIVAS-EN-EMPRESAS-PARA-EL-PROFESORADO-DE-FORMACION-PROFESIONAL-2.png?fit=1080%2C1080&ssl=1&resize=1050%2C600 3x"},"classes":[]},{"id":1427,"url":"https:\/\/cepronda.com\/blog\/semana-intensa-de-cursos-que-comienzan\/","url_meta":{"origin":5416,"position":4},"title":"Semana intensa de cursos que comienzan","author":"V\u00edctor Caballero","date":"13 noviembre, 2017","format":false,"excerpt":"\u00a1Muy buenas familia! Comenzamos otra de esas semanas donde varios cursos muy demandados y solicitados comienzan, siendo preparados con mucha ilusi\u00f3n y cari\u00f1o. As\u00ed... Ma\u00f1ana martes 14 de noviembre, la Red de Educaci\u00f3n Infantil tiene su primera reuni\u00f3n del curso, y entre otras cuestiones van a tener el lujo de\u2026","rel":"","context":"En \u00abNoticias\u00bb","block_context":{"text":"Noticias","link":"https:\/\/cepronda.com\/blog\/category\/noticias\/"},"img":{"alt_text":"","src":"https:\/\/i0.wp.com\/cepronda.com\/blog\/wp-content\/uploads\/2017\/11\/action-2277292_640.jpg?fit=640%2C436&ssl=1&resize=350%2C200","width":350,"height":200,"srcset":"https:\/\/i0.wp.com\/cepronda.com\/blog\/wp-content\/uploads\/2017\/11\/action-2277292_640.jpg?fit=640%2C436&ssl=1&resize=350%2C200 1x, https:\/\/i0.wp.com\/cepronda.com\/blog\/wp-content\/uploads\/2017\/11\/action-2277292_640.jpg?fit=640%2C436&ssl=1&resize=525%2C300 1.5x"},"classes":[]},{"id":8172,"url":"https:\/\/cepronda.com\/blog\/curso-provincial-bienestar-emocional-y-autocuidado-del-personal-docente-codigo-259925ci478\/","url_meta":{"origin":5416,"position":5},"title":"BIENESTAR EMOCIONAL Y AUTOCUIDADO DEL PERSONAL DOCENTE.","author":"Inmaculada Garc\u00eda","date":"19 febrero, 2025","format":false,"excerpt":"Se encuentra abierto el plazo de inscripci\u00f3n del curso provincial:\u00a0 \"BIENESTAR EMOCIONAL Y AUTOCUIDADO DEL PERSONAL DOCENTE.\"\u00a0\u00a0C\u00f3digo:\u00a0259925CI478 Curso\u00a0a distancia, de 30 horas de duraci\u00f3n, en el Aula Virtual de Formaci\u00f3n del Profesorado. Internivelar. Plazo de inscripci\u00f3n:\u00a0del 18 de febrero al 3 de marzo de 2025. Fechas\u00a0de\u00a0realizaci\u00f3n:\u00a0del 11 de marzo al\u2026","rel":"","context":"En \u00abFormaciones\u00bb","block_context":{"text":"Formaciones","link":"https:\/\/cepronda.com\/blog\/category\/formaciones\/"},"img":{"alt_text":"","src":"https:\/\/i0.wp.com\/cepronda.com\/blog\/wp-content\/uploads\/2025\/02\/BINESTAR-EMOCIONAL-Y-AUTOCUIDADO-DEL-PERSONAL-DOCENTE.jpg?fit=864%2C1080&ssl=1&resize=350%2C200","width":350,"height":200,"srcset":"https:\/\/i0.wp.com\/cepronda.com\/blog\/wp-content\/uploads\/2025\/02\/BINESTAR-EMOCIONAL-Y-AUTOCUIDADO-DEL-PERSONAL-DOCENTE.jpg?fit=864%2C1080&ssl=1&resize=350%2C200 1x, https:\/\/i0.wp.com\/cepronda.com\/blog\/wp-content\/uploads\/2025\/02\/BINESTAR-EMOCIONAL-Y-AUTOCUIDADO-DEL-PERSONAL-DOCENTE.jpg?fit=864%2C1080&ssl=1&resize=525%2C300 1.5x, https:\/\/i0.wp.com\/cepronda.com\/blog\/wp-content\/uploads\/2025\/02\/BINESTAR-EMOCIONAL-Y-AUTOCUIDADO-DEL-PERSONAL-DOCENTE.jpg?fit=864%2C1080&ssl=1&resize=700%2C400 2x"},"classes":[]}],"jetpack_sharing_enabled":true,"_links":{"self":[{"href":"https:\/\/cepronda.com\/blog\/wp-json\/wp\/v2\/posts\/5416","targetHints":{"allow":["GET"]}}],"collection":[{"href":"https:\/\/cepronda.com\/blog\/wp-json\/wp\/v2\/posts"}],"about":[{"href":"https:\/\/cepronda.com\/blog\/wp-json\/wp\/v2\/types\/post"}],"author":[{"embeddable":true,"href":"https:\/\/cepronda.com\/blog\/wp-json\/wp\/v2\/users\/9"}],"replies":[{"embeddable":true,"href":"https:\/\/cepronda.com\/blog\/wp-json\/wp\/v2\/comments?post=5416"}],"version-history":[{"count":1,"href":"https:\/\/cepronda.com\/blog\/wp-json\/wp\/v2\/posts\/5416\/revisions"}],"predecessor-version":[{"id":5418,"href":"https:\/\/cepronda.com\/blog\/wp-json\/wp\/v2\/posts\/5416\/revisions\/5418"}],"wp:featuredmedia":[{"embeddable":true,"href":"https:\/\/cepronda.com\/blog\/wp-json\/wp\/v2\/media\/5417"}],"wp:attachment":[{"href":"https:\/\/cepronda.com\/blog\/wp-json\/wp\/v2\/media?parent=5416"}],"wp:term":[{"taxonomy":"category","embeddable":true,"href":"https:\/\/cepronda.com\/blog\/wp-json\/wp\/v2\/categories?post=5416"},{"taxonomy":"post_tag","embeddable":true,"href":"https:\/\/cepronda.com\/blog\/wp-json\/wp\/v2\/tags?post=5416"}],"curies":[{"name":"wp","href":"https:\/\/api.w.org\/{rel}","templated":true}]}}