{"id":5410,"date":"2022-09-08T09:40:16","date_gmt":"2022-09-08T07:40:16","guid":{"rendered":"http:\/\/cepronda.com\/blog\/?p=5410"},"modified":"2025-04-28T12:16:02","modified_gmt":"2025-04-28T10:16:02","slug":"curso-el-museo-unicaja-joaquin-peinado-en-su-xx-aniversario-undecimo-curso-de-formacion","status":"publish","type":"post","link":"https:\/\/cepronda.com\/blog\/curso-el-museo-unicaja-joaquin-peinado-en-su-xx-aniversario-undecimo-curso-de-formacion\/","title":{"rendered":"CURSO: EL MUSEO UNICAJA JOAQU\u00cdN PEINADO EN SU XX ANIVERSARIO. UND\u00c9CIMO CURSO DE FORMACI\u00d3N"},"content":{"rendered":"<p style=\"font-style: inherit; font-weight: 400;\">Os informamos que se ha abierto el plazo de inscripci\u00f3n en el curso: <strong>EL MUSEO UNICAJA JOAQU\u00cdN PEINADO EN SU XX ANIVERSARIO. UND\u00c9CIMO CURSO DE FORMACI\u00d3N <\/strong>(C\u00f3digo<strong>: 232924GE004<\/strong>)<\/p>\n<p style=\"font-style: inherit; font-weight: 400;\">Fechas de realizaci\u00f3n: del <strong>20 de septiembre al 6 de octubre del 2022<\/strong><strong>,<\/strong> en horario de <strong>18:30 h a 20:00 h<\/strong>. Todas las sesiones tendr\u00e1n lugar en el <strong>Museo Unicaja Joaqu\u00edn Peinado<\/strong>.<\/p>\n<p style=\"font-style: inherit; font-weight: 400;\">Las personas interesadas podr\u00e1n rellenar la preinscripci\u00f3n a trav\u00e9s de S\u00e9neca (perfil formaci\u00f3n) o en el siguiente enlace:<a href=\"https:\/\/www.juntadeandalucia.es\/educacion\/secretariavirtual\/consultaCEP\/actividad\/232924GE004\/\"> https:\/\/www.juntadeandalucia.es\/educacion\/secretariavirtual\/consultaCEP\/actividad\/232924GE004\/<\/a><\/p>\n<p style=\"font-style: inherit; font-weight: 400;\"><span style=\"font-weight: inherit;\">Esperamos que sea de vuestro inter\u00e9s.<\/span><\/p>\n<p>&nbsp;<\/p>\n","protected":false},"excerpt":{"rendered":"<p>Os informamos que se ha abierto el plazo de inscripci\u00f3n en el curso: EL MUSEO UNICAJA JOAQU\u00cdN PEINADO EN SU XX ANIVERSARIO. UND\u00c9CIMO CURSO DE FORMACI\u00d3N (C\u00f3digo: 232924GE004) Fechas de realizaci\u00f3n: del 20 de septiembre al 6 de octubre del 2022, en horario de 18:30 h a 20:00 h. Todas las sesiones tendr\u00e1n lugar en [&hellip;]<\/p>\n","protected":false},"author":12,"featured_media":5412,"comment_status":"closed","ping_status":"open","sticky":false,"template":"","format":"standard","meta":{"_crdt_document":"","advanced_seo_description":"","jetpack_seo_html_title":"","jetpack_seo_noindex":false,"jetpack_post_was_ever_published":false,"_jetpack_newsletter_access":"","_jetpack_dont_email_post_to_subs":false,"_jetpack_newsletter_tier_id":0,"_jetpack_memberships_contains_paywalled_content":false,"_jetpack_memberships_contains_paid_content":false,"footnotes":"","jetpack_publicize_message":"","jetpack_publicize_feature_enabled":true,"jetpack_social_post_already_shared":false,"jetpack_social_options":{"image_generator_settings":{"template":"highway","default_image_id":0,"font":"","enabled":false},"version":2}},"categories":[3,5],"tags":[],"class_list":{"0":"post-5410","1":"post","2":"type-post","3":"status-publish","4":"format-standard","5":"has-post-thumbnail","7":"category-formaciones","8":"category-noticias","9":"czr-hentry"},"jetpack_publicize_connections":[],"jetpack_featured_media_url":"https:\/\/i0.wp.com\/cepronda.com\/blog\/wp-content\/uploads\/2022\/09\/232924GE004-MUSEO-JOAQUIN-PEINADO.png?fit=1587%2C2245&ssl=1","jetpack_shortlink":"https:\/\/wp.me\/p8M4X7-1pg","jetpack-related-posts":[{"id":6035,"url":"https:\/\/cepronda.com\/blog\/paisajes-artisticos-y-culturales-duodecimo-curso-de-formacion-aula-joaquin-peinado\/","url_meta":{"origin":5410,"position":0},"title":"PA\u00cdSAJES ART\u00cdSTICOS Y CULTURALES. DUOD\u00c9CIMO CURSO DE FORMACI\u00d3N AULA JOAQU\u00cdN PEINADO","author":"Mamen Moreno","date":"12 septiembre, 2023","format":false,"excerpt":"\u00a0 Abierto el plazo de inscripci\u00f3n al curso\u00a0PA\u00cdSAJES ART\u00cdSTICOS Y CULTURALES. DUOD\u00c9CIMO CURSO DE FORMACI\u00d3N AULA JOAQU\u00cdN PEINADO, organizado por Fundaci\u00f3n Unicaja. C\u00f3digo\u00a0242924GE002 Fecha de inscripci\u00f3n:\u00a012\/09\/2023 hasta 02\/10\/2023 Horas: 10 presenciales Fecha de la actividad:\u00a003\/10\/2023 hasta 24\/10\/2023 Lugar de realizaci\u00f3n:\u00a0Sal\u00f3n de actos de la Fundaci\u00f3n Unicaja (c\/Sor Angela de la\u2026","rel":"","context":"En \u00abFormaciones\u00bb","block_context":{"text":"Formaciones","link":"https:\/\/cepronda.com\/blog\/category\/formaciones\/"},"img":{"alt_text":"","src":"https:\/\/i0.wp.com\/cepronda.com\/blog\/wp-content\/uploads\/2023\/09\/paisajes-artisticos-y-culturales.-duodecimo-curso-de-formacion-aula-joaquin-peinado-1.jpg?fit=1080%2C1080&ssl=1&resize=350%2C200","width":350,"height":200,"srcset":"https:\/\/i0.wp.com\/cepronda.com\/blog\/wp-content\/uploads\/2023\/09\/paisajes-artisticos-y-culturales.-duodecimo-curso-de-formacion-aula-joaquin-peinado-1.jpg?fit=1080%2C1080&ssl=1&resize=350%2C200 1x, https:\/\/i0.wp.com\/cepronda.com\/blog\/wp-content\/uploads\/2023\/09\/paisajes-artisticos-y-culturales.-duodecimo-curso-de-formacion-aula-joaquin-peinado-1.jpg?fit=1080%2C1080&ssl=1&resize=525%2C300 1.5x, https:\/\/i0.wp.com\/cepronda.com\/blog\/wp-content\/uploads\/2023\/09\/paisajes-artisticos-y-culturales.-duodecimo-curso-de-formacion-aula-joaquin-peinado-1.jpg?fit=1080%2C1080&ssl=1&resize=700%2C400 2x, https:\/\/i0.wp.com\/cepronda.com\/blog\/wp-content\/uploads\/2023\/09\/paisajes-artisticos-y-culturales.-duodecimo-curso-de-formacion-aula-joaquin-peinado-1.jpg?fit=1080%2C1080&ssl=1&resize=1050%2C600 3x"},"classes":[]},{"id":8848,"url":"https:\/\/cepronda.com\/blog\/xiv-curso-de-formacion-aula-joaquin-peinado-una-mirada-a-las-otras-artes\/","url_meta":{"origin":5410,"position":1},"title":"XIV CURSO DE FORMACI\u00d3N AULA JOAQU\u00cdN PEINADO: UNA MIRADA A LAS OTRAS ARTES","author":"Mamen Moreno","date":"25 septiembre, 2025","format":false,"excerpt":"Abiertas inscripciones al curso: XIV Curso de Formaci\u00f3n Aula Joaqu\u00edn Peinado: Una mirada a las otras artes. C\u00f3digo: 262924GE051 Fechas del curso: del 21 de octubre al 11 de noviembre de 2025. Lugar de realizaci\u00f3n: Centro Cultural Fundaci\u00f3n Unicaja de Ronda Horario: 18:30 a 20:00 Plazo de inscripci\u00f3n: del 25\u2026","rel":"","context":"En \u00abFormaciones\u00bb","block_context":{"text":"Formaciones","link":"https:\/\/cepronda.com\/blog\/category\/formaciones\/"},"img":{"alt_text":"","src":"https:\/\/i0.wp.com\/cepronda.com\/blog\/wp-content\/uploads\/2025\/09\/ceramica-2.png?fit=900%2C1200&ssl=1&resize=350%2C200","width":350,"height":200,"srcset":"https:\/\/i0.wp.com\/cepronda.com\/blog\/wp-content\/uploads\/2025\/09\/ceramica-2.png?fit=900%2C1200&ssl=1&resize=350%2C200 1x, https:\/\/i0.wp.com\/cepronda.com\/blog\/wp-content\/uploads\/2025\/09\/ceramica-2.png?fit=900%2C1200&ssl=1&resize=525%2C300 1.5x, https:\/\/i0.wp.com\/cepronda.com\/blog\/wp-content\/uploads\/2025\/09\/ceramica-2.png?fit=900%2C1200&ssl=1&resize=700%2C400 2x"},"classes":[]},{"id":5143,"url":"https:\/\/cepronda.com\/blog\/conversaciones-en-el-museo\/","url_meta":{"origin":5410,"position":2},"title":"CONVERSACIONES EN EL MUSEO","author":"Maribel Mu\u00f1oz","date":"23 febrero, 2022","format":false,"excerpt":"Buenas tardes compa\u00f1eras y compa\u00f1eros, Os hacemos llegar la siguiente informaci\u00f3n procedente del Centro Andaluz de las Letras. \"Queremos informar\u00a0del estreno en Ronda del programa Conversaciones en el Museo, que se desarrolla con el patrocinio de la Fundaci\u00f3n Unicaja y tendr\u00e1 lugar el pr\u00f3ximo d\u00eda 3 de marzo a las\u2026","rel":"","context":"En \u00abNoticias\u00bb","block_context":{"text":"Noticias","link":"https:\/\/cepronda.com\/blog\/category\/noticias\/"},"img":{"alt_text":"","src":"https:\/\/i0.wp.com\/cepronda.com\/blog\/wp-content\/uploads\/2022\/02\/Carteleria-Museo-Peinado.jpg?fit=562%2C795&ssl=1&resize=350%2C200","width":350,"height":200,"srcset":"https:\/\/i0.wp.com\/cepronda.com\/blog\/wp-content\/uploads\/2022\/02\/Carteleria-Museo-Peinado.jpg?fit=562%2C795&ssl=1&resize=350%2C200 1x, https:\/\/i0.wp.com\/cepronda.com\/blog\/wp-content\/uploads\/2022\/02\/Carteleria-Museo-Peinado.jpg?fit=562%2C795&ssl=1&resize=525%2C300 1.5x"},"classes":[]},{"id":801,"url":"https:\/\/cepronda.com\/blog\/nuevo-curso-relaciones-entre-obra-de-arte-y-edificio-en-el-museo-joaquin-peinado\/","url_meta":{"origin":5410,"position":3},"title":"Nuevo curso \u00bb Relaciones entre obra de arte y edificio en el museo Joaqu\u00edn Peinado\u00bb","author":"V\u00edctor Caballero","date":"2 mayo, 2017","format":false,"excerpt":"\u00a1Muy buenas! Tras el merecido descanso que hemos tenido en estos tres d\u00edas comenzamos el mes de mayo con energ\u00edas renovadas, intentando responder a vuestras necesidades formativas. En este caso lanzamos la convocatoria del curso \" CONTENIDO-CONTINENTE. RELACIONES ENTRE OBRA DE ARTE Y EDIFICIO EN EL MUSEO JOAQU\u00cdN PEINADO\". Para\u2026","rel":"","context":"En \u00abFormaciones\u00bb","block_context":{"text":"Formaciones","link":"https:\/\/cepronda.com\/blog\/category\/formaciones\/"},"img":{"alt_text":"","src":"https:\/\/i0.wp.com\/cepronda.com\/blog\/wp-content\/uploads\/2017\/05\/museo-peinado-artesonado-mudejar-300x224.jpg?resize=350%2C200","width":350,"height":200},"classes":[]},{"id":9182,"url":"https:\/\/cepronda.com\/blog\/curso-formacion-en-debate-academico-jurados-curso-25-26\/","url_meta":{"origin":5410,"position":4},"title":"CURSO FORMACI\u00d3N EN DEBATE ACAD\u00c9MICO: JURADOS. CURSO 25-26","author":"Encarni Jim\u00e9nez Rosado","date":"13 enero, 2026","format":false,"excerpt":"Abierto el plazo de inscripci\u00f3n para el curso \"FORMACI\u00d3N EN DEBATE ACAD\u00c9MICO: JURADOS. CURSO 25-26\" Dirigido a: Profesorado de Educaci\u00f3n Secundaria Obligatoria, Bachillerato, FP de Grado Medio. Inscripci\u00f3n: desde 13\/01\/2026 a 23\/01\/2026 Actividad: 27\/01\/2026 a 27\/02\/2026 Duraci\u00f3n: 12 horas (9 presenciales + 3 no presenciales) Lugar: Webex (de 16:00 a\u2026","rel":"","context":"En \u00abNoticias\u00bb","block_context":{"text":"Noticias","link":"https:\/\/cepronda.com\/blog\/category\/noticias\/"},"img":{"alt_text":"","src":"","width":0,"height":0},"classes":[]},{"id":4028,"url":"https:\/\/cepronda.com\/blog\/funcion-directiva-curso-de-formacion\/","url_meta":{"origin":5410,"position":5},"title":"Funci\u00f3n directiva. Curso de formaci\u00f3n.","author":"Maribel Mu\u00f1oz","date":"10 diciembre, 2020","format":false,"excerpt":"Buenos d\u00edas compa\u00f1eras y compa\u00f1eros, Os informamos que est\u00e1 publicada la Resoluci\u00f3n de 30 de noviembre de 2020, de la Direcci\u00f3n General de Formaci\u00f3n del Profesorado e Innovaci\u00f3n Educativa, por la que se convoca curso de formaci\u00f3n sobre el desarrollo de la funci\u00f3n directiva establecido en el art\u00edculo 134.1 de\u2026","rel":"","context":"En \u00abFormaciones\u00bb","block_context":{"text":"Formaciones","link":"https:\/\/cepronda.com\/blog\/category\/formaciones\/"},"img":{"alt_text":"","src":"https:\/\/i0.wp.com\/cepronda.com\/blog\/wp-content\/uploads\/2020\/03\/S%C2%B0mbolo-gen%C3%87rico-RRSS-redondo-negativo.png?fit=1200%2C1200&ssl=1&resize=350%2C200","width":350,"height":200,"srcset":"https:\/\/i0.wp.com\/cepronda.com\/blog\/wp-content\/uploads\/2020\/03\/S%C2%B0mbolo-gen%C3%87rico-RRSS-redondo-negativo.png?fit=1200%2C1200&ssl=1&resize=350%2C200 1x, https:\/\/i0.wp.com\/cepronda.com\/blog\/wp-content\/uploads\/2020\/03\/S%C2%B0mbolo-gen%C3%87rico-RRSS-redondo-negativo.png?fit=1200%2C1200&ssl=1&resize=525%2C300 1.5x, https:\/\/i0.wp.com\/cepronda.com\/blog\/wp-content\/uploads\/2020\/03\/S%C2%B0mbolo-gen%C3%87rico-RRSS-redondo-negativo.png?fit=1200%2C1200&ssl=1&resize=700%2C400 2x, https:\/\/i0.wp.com\/cepronda.com\/blog\/wp-content\/uploads\/2020\/03\/S%C2%B0mbolo-gen%C3%87rico-RRSS-redondo-negativo.png?fit=1200%2C1200&ssl=1&resize=1050%2C600 3x"},"classes":[]}],"jetpack_sharing_enabled":true,"_links":{"self":[{"href":"https:\/\/cepronda.com\/blog\/wp-json\/wp\/v2\/posts\/5410","targetHints":{"allow":["GET"]}}],"collection":[{"href":"https:\/\/cepronda.com\/blog\/wp-json\/wp\/v2\/posts"}],"about":[{"href":"https:\/\/cepronda.com\/blog\/wp-json\/wp\/v2\/types\/post"}],"author":[{"embeddable":true,"href":"https:\/\/cepronda.com\/blog\/wp-json\/wp\/v2\/users\/12"}],"replies":[{"embeddable":true,"href":"https:\/\/cepronda.com\/blog\/wp-json\/wp\/v2\/comments?post=5410"}],"version-history":[{"count":2,"href":"https:\/\/cepronda.com\/blog\/wp-json\/wp\/v2\/posts\/5410\/revisions"}],"predecessor-version":[{"id":5414,"href":"https:\/\/cepronda.com\/blog\/wp-json\/wp\/v2\/posts\/5410\/revisions\/5414"}],"wp:featuredmedia":[{"embeddable":true,"href":"https:\/\/cepronda.com\/blog\/wp-json\/wp\/v2\/media\/5412"}],"wp:attachment":[{"href":"https:\/\/cepronda.com\/blog\/wp-json\/wp\/v2\/media?parent=5410"}],"wp:term":[{"taxonomy":"category","embeddable":true,"href":"https:\/\/cepronda.com\/blog\/wp-json\/wp\/v2\/categories?post=5410"},{"taxonomy":"post_tag","embeddable":true,"href":"https:\/\/cepronda.com\/blog\/wp-json\/wp\/v2\/tags?post=5410"}],"curies":[{"name":"wp","href":"https:\/\/api.w.org\/{rel}","templated":true}]}}