{"id":5406,"date":"2022-09-05T00:49:47","date_gmt":"2022-09-04T22:49:47","guid":{"rendered":"http:\/\/cepronda.com\/blog\/?p=5406"},"modified":"2025-04-28T12:16:02","modified_gmt":"2025-04-28T10:16:02","slug":"curso-inmersion-moodle-22-23","status":"publish","type":"post","link":"https:\/\/cepronda.com\/blog\/curso-inmersion-moodle-22-23\/","title":{"rendered":"CURSO \u00abINMERSI\u00d3N MOODLE 22-23\u00bb"},"content":{"rendered":"<p style=\"font-style: inherit; font-weight: 400;\">Os informamos que el CEP de M\u00e1laga ha abierto el plazo de inscripci\u00f3n en el curso de&nbsp;<strong>INMERSI\u00d3N&nbsp;MOODLE 2022-23<\/strong>, con c\u00f3digo: <strong>232922GE080.&nbsp;<\/strong>Es una formaci\u00f3n de car\u00e1cter provincial y es PRESENCIAL.<\/p>\n<p style=\"font-style: inherit; font-weight: 400;\">Fecha de realizaci\u00f3n del <strong>13 de octubre al 10 de noviembre del 2022. <\/strong>El curso se realizar\u00e1 todos los jueves comprendidos en ese plazo de<strong> 9:30h a 12:30h,<\/strong> en el aula n\u00famero 6 del CEP de M\u00e1laga. Est\u00e1 dirigida al personal docente destinado, durante este curso 2022-23, en <strong>SEMIPRESENCIAL<\/strong>&nbsp;de&nbsp;<strong>IES<\/strong>&nbsp;o de&nbsp;<strong>EEOOII<\/strong>, no se admitir\u00e1 a personal de CEPER ni de SEP.<\/p>\n<p style=\"font-style: inherit; font-weight: 400;\">&nbsp; &nbsp; &nbsp; &nbsp;Las personas interesadas podr\u00e1n rellenar la preinscripci\u00f3n a trav\u00e9s de S\u00e9neca (perfil formaci\u00f3n) o en el siguiente enlace: <a href=\"https:\/\/www.juntadeandalucia.es\/educacion\/secretariavirtual\/consultaCEP\/actividad\/232922GE080\/\">https:\/\/www.juntadeandalucia.es\/educacion\/secretariavirtual\/consultaCEP\/actividad\/232922GE080\/<\/a><\/p>\n<p style=\"font-style: inherit; font-weight: 400;\"><span style=\"font-weight: inherit;\"> &nbsp; &nbsp; &nbsp;Esperamos que sea de vuestro inter\u00e9s.<\/span><\/p>\n","protected":false},"excerpt":{"rendered":"<p>Os informamos que el CEP de M\u00e1laga ha abierto el plazo de inscripci\u00f3n en el curso de&nbsp;INMERSI\u00d3N&nbsp;MOODLE 2022-23, con c\u00f3digo: 232922GE080.&nbsp;Es una formaci\u00f3n de car\u00e1cter provincial y es PRESENCIAL. Fecha de realizaci\u00f3n del 13 de octubre al 10 de noviembre del 2022. El curso se realizar\u00e1 todos los jueves comprendidos en ese plazo de 9:30h [&hellip;]<\/p>\n","protected":false},"author":9,"featured_media":5407,"comment_status":"closed","ping_status":"open","sticky":false,"template":"","format":"standard","meta":{"_crdt_document":"","advanced_seo_description":"","jetpack_seo_html_title":"","jetpack_seo_noindex":false,"jetpack_post_was_ever_published":false,"_jetpack_newsletter_access":"","_jetpack_dont_email_post_to_subs":false,"_jetpack_newsletter_tier_id":0,"_jetpack_memberships_contains_paywalled_content":false,"_jetpack_memberships_contains_paid_content":false,"footnotes":"","jetpack_publicize_message":"","jetpack_publicize_feature_enabled":true,"jetpack_social_post_already_shared":true,"jetpack_social_options":{"image_generator_settings":{"template":"highway","default_image_id":0,"font":"","enabled":false},"version":2}},"categories":[3,5],"tags":[],"class_list":{"0":"post-5406","1":"post","2":"type-post","3":"status-publish","4":"format-standard","5":"has-post-thumbnail","7":"category-formaciones","8":"category-noticias","9":"czr-hentry"},"jetpack_publicize_connections":[],"jetpack_featured_media_url":"https:\/\/i0.wp.com\/cepronda.com\/blog\/wp-content\/uploads\/2022\/09\/Copia-de-ESTANCIAS-FORMATIVAS-EN-EMPRESAS-PARA-EL-PROFESORADO-DE-FORMACION-PROFESIONAL-2.png?fit=1080%2C1080&ssl=1","jetpack_shortlink":"https:\/\/wp.me\/p8M4X7-1pc","jetpack-related-posts":[{"id":8118,"url":"https:\/\/cepronda.com\/blog\/curso-eper-provincial-y-presencial-inteligencia-artificial-en-eper\/","url_meta":{"origin":5406,"position":0},"title":"CURSO EPER PROVINCIAL Y PRESENCIAL: \u00a0INTELIGENCIA ARTIFICIAL EN EPER","author":"Mamen Moreno","date":"6 febrero, 2025","format":false,"excerpt":"CURSO EPER PROVINCIAL Y PRESENCIAL: \u00a0INTELIGENCIA ARTIFICIAL EN EPER.\u00a0 C\u00f3digo: 252922GE101. (Dirigido prioritariamente a personal de EPER y \u00a0en segundo lugar a ARE y FP. En \u00faltima instancia al resto de niveles educativos) \u00c1mbito: Provincial. Duraci\u00f3n: 15 horas presenciales. Fechas de inscripci\u00f3n: 10\/02\/25 al 10\/03\/25. Fechas sesiones:\u00a0 2, 9, 23\u2026","rel":"","context":"En \u00abFormaciones\u00bb","block_context":{"text":"Formaciones","link":"https:\/\/cepronda.com\/blog\/category\/formaciones\/"},"img":{"alt_text":"","src":"https:\/\/i0.wp.com\/cepronda.com\/blog\/wp-content\/uploads\/2025\/02\/WhatsApp-Image-2025-02-06-at-12.44.15.jpeg?fit=940%2C788&ssl=1&resize=350%2C200","width":350,"height":200,"srcset":"https:\/\/i0.wp.com\/cepronda.com\/blog\/wp-content\/uploads\/2025\/02\/WhatsApp-Image-2025-02-06-at-12.44.15.jpeg?fit=940%2C788&ssl=1&resize=350%2C200 1x, https:\/\/i0.wp.com\/cepronda.com\/blog\/wp-content\/uploads\/2025\/02\/WhatsApp-Image-2025-02-06-at-12.44.15.jpeg?fit=940%2C788&ssl=1&resize=525%2C300 1.5x, https:\/\/i0.wp.com\/cepronda.com\/blog\/wp-content\/uploads\/2025\/02\/WhatsApp-Image-2025-02-06-at-12.44.15.jpeg?fit=940%2C788&ssl=1&resize=700%2C400 2x"},"classes":[]},{"id":8397,"url":"https:\/\/cepronda.com\/blog\/la-neurociencia-como-elemento-para-el-desarrollo-del-aprendizaje\/","url_meta":{"origin":5406,"position":1},"title":"LA NEUROCIENCIA COMO ELEMENTO PARA EL DESARROLLO DEL APRENDIZAJE","author":"Mamen Moreno","date":"24 marzo, 2025","format":false,"excerpt":"Abierto el plazo de inscripci\u00f3n para el curso provincial semipresencial online organizado por el CEP de V\u00e9lez-M\u00e1laga, dirigido a todo el profesorado: LA NEUROCIENCIA COMO ELEMENTO PARA EL DESARROLLO DEL APRENDIZAJE con c\u00f3digo 252926GE304. Lugar: AULA VIRTUAL DE FORMACI\u00d3N DEL PROFESORADO (AVFP) Plazo de inscripci\u00f3n: hasta el 31 de marzo\u2026","rel":"","context":"En \u00abFormaciones\u00bb","block_context":{"text":"Formaciones","link":"https:\/\/cepronda.com\/blog\/category\/formaciones\/"},"img":{"alt_text":"","src":"https:\/\/i0.wp.com\/cepronda.com\/blog\/wp-content\/uploads\/2025\/03\/neurociencia_cartel.jpeg?fit=848%2C1200&ssl=1&resize=350%2C200","width":350,"height":200,"srcset":"https:\/\/i0.wp.com\/cepronda.com\/blog\/wp-content\/uploads\/2025\/03\/neurociencia_cartel.jpeg?fit=848%2C1200&ssl=1&resize=350%2C200 1x, https:\/\/i0.wp.com\/cepronda.com\/blog\/wp-content\/uploads\/2025\/03\/neurociencia_cartel.jpeg?fit=848%2C1200&ssl=1&resize=525%2C300 1.5x, https:\/\/i0.wp.com\/cepronda.com\/blog\/wp-content\/uploads\/2025\/03\/neurociencia_cartel.jpeg?fit=848%2C1200&ssl=1&resize=700%2C400 2x"},"classes":[]},{"id":9365,"url":"https:\/\/cepronda.com\/blog\/formacion-sobre-riesgos-y-emergencias-de-proteccion-civil\/","url_meta":{"origin":5406,"position":2},"title":"FORMACI\u00d3N SOBRE RIESGOS Y EMERGENCIAS DE PROTECCI\u00d3N CIVIL.","author":"Inmaculada Garc\u00eda","date":"19 febrero, 2026","format":false,"excerpt":"Abierto plazo de inscripci\u00f3n para el curso a distancia: FORMACI\u00d3N SOBRE RIESGOS Y EMERGENCIAS DE PROTECCI\u00d3N CIVIL, dirigido al profesorado de todas las etapas educativas. 2\u00aa Convocatoria. \u00a0 Fecha inscripci\u00f3n: 19\/02\/2026 hasta 03\/03\/2026. Fecha actividad: 09\/03\/2026 hasta 07\/04\/2026. \u00a0 Total horas: 10 horas a desarrollar en el Aula virtual de\u2026","rel":"","context":"En \u00abFormaciones\u00bb","block_context":{"text":"Formaciones","link":"https:\/\/cepronda.com\/blog\/category\/formaciones\/"},"img":{"alt_text":"","src":"https:\/\/i0.wp.com\/cepronda.com\/blog\/wp-content\/uploads\/2026\/02\/FORMACION-SOBRE-RIESGOS-Y-EMERGENCIAS-DE-PROTECCION-CIVIL.jpg?fit=1200%2C1200&ssl=1&resize=350%2C200","width":350,"height":200,"srcset":"https:\/\/i0.wp.com\/cepronda.com\/blog\/wp-content\/uploads\/2026\/02\/FORMACION-SOBRE-RIESGOS-Y-EMERGENCIAS-DE-PROTECCION-CIVIL.jpg?fit=1200%2C1200&ssl=1&resize=350%2C200 1x, https:\/\/i0.wp.com\/cepronda.com\/blog\/wp-content\/uploads\/2026\/02\/FORMACION-SOBRE-RIESGOS-Y-EMERGENCIAS-DE-PROTECCION-CIVIL.jpg?fit=1200%2C1200&ssl=1&resize=525%2C300 1.5x, https:\/\/i0.wp.com\/cepronda.com\/blog\/wp-content\/uploads\/2026\/02\/FORMACION-SOBRE-RIESGOS-Y-EMERGENCIAS-DE-PROTECCION-CIVIL.jpg?fit=1200%2C1200&ssl=1&resize=700%2C400 2x, https:\/\/i0.wp.com\/cepronda.com\/blog\/wp-content\/uploads\/2026\/02\/FORMACION-SOBRE-RIESGOS-Y-EMERGENCIAS-DE-PROTECCION-CIVIL.jpg?fit=1200%2C1200&ssl=1&resize=1050%2C600 3x"},"classes":[]},{"id":4860,"url":"https:\/\/cepronda.com\/blog\/yoga-aplicado-en-el-aula\/","url_meta":{"origin":5406,"position":3},"title":"YOGA APLICADO EN EL AULA","author":"V\u00edctor Caballero","date":"4 noviembre, 2021","format":false,"excerpt":"Buenas tardes compa\u00f1eras y compa\u00f1eros, Os informamos que est\u00e1 abierto el plazo de inscripci\u00f3n en la actividad \u00a0\"YOGA APLICADO EN EL AULA\" con c\u00f3digo 222924GE006. Es una actividad destinada s\u00f3lo al profesorado centros p\u00fablicos de la zona CEP de Ronda. Las fechas de la formaci\u00f3n son las siguientes: Inscripciones: del\u2026","rel":"","context":"En \u00abFormaciones\u00bb","block_context":{"text":"Formaciones","link":"https:\/\/cepronda.com\/blog\/category\/formaciones\/"},"img":{"alt_text":"","src":"https:\/\/i0.wp.com\/cepronda.com\/blog\/wp-content\/uploads\/2021\/11\/Captura-de-pantalla-2021-11-04-a-las-12.50.00.png?fit=640%2C907&ssl=1&resize=350%2C200","width":350,"height":200,"srcset":"https:\/\/i0.wp.com\/cepronda.com\/blog\/wp-content\/uploads\/2021\/11\/Captura-de-pantalla-2021-11-04-a-las-12.50.00.png?fit=640%2C907&ssl=1&resize=350%2C200 1x, https:\/\/i0.wp.com\/cepronda.com\/blog\/wp-content\/uploads\/2021\/11\/Captura-de-pantalla-2021-11-04-a-las-12.50.00.png?fit=640%2C907&ssl=1&resize=525%2C300 1.5x"},"classes":[]},{"id":4941,"url":"https:\/\/cepronda.com\/blog\/abn-en-primaria-desarrollo-de-la-competencia-matematica\/","url_meta":{"origin":5406,"position":4},"title":"ABN EN PRIMARIA: DESARROLLO DE LA COMPETENCIA MATEM\u00c1TICA","author":"V\u00edctor Caballero","date":"10 enero, 2022","format":false,"excerpt":"Buenas tardes compa\u00f1eros y compa\u00f1eras. Os informamos de la apertura de solicitudes para un curso muy interesante sobre: ABN EN PRIMARIA: DESARROLLO DE LA COMPETENCIA MATEM\u00c1TICA (222924GE044) Curso de 13 h totales 4 sesiones de 2,5 horas presenciales. Y 3 horas no presenciales con tareas SESIONES: M08\/02 (17 a 19:30h)\u2026","rel":"","context":"En \u00abFormaciones\u00bb","block_context":{"text":"Formaciones","link":"https:\/\/cepronda.com\/blog\/category\/formaciones\/"},"img":{"alt_text":"","src":"https:\/\/i0.wp.com\/cepronda.com\/blog\/wp-content\/uploads\/2022\/01\/20220208-Cartel-222924GE044-ABN-Primaria-724x1024.png?resize=350%2C200","width":350,"height":200,"srcset":"https:\/\/i0.wp.com\/cepronda.com\/blog\/wp-content\/uploads\/2022\/01\/20220208-Cartel-222924GE044-ABN-Primaria-724x1024.png?resize=350%2C200 1x, https:\/\/i0.wp.com\/cepronda.com\/blog\/wp-content\/uploads\/2022\/01\/20220208-Cartel-222924GE044-ABN-Primaria-724x1024.png?resize=525%2C300 1.5x, https:\/\/i0.wp.com\/cepronda.com\/blog\/wp-content\/uploads\/2022\/01\/20220208-Cartel-222924GE044-ABN-Primaria-724x1024.png?resize=700%2C400 2x"},"classes":[]},{"id":8050,"url":"https:\/\/cepronda.com\/blog\/neurocoaching-en-la-ensenanza-de-idiomas-con-codigo-252922ge100\/","url_meta":{"origin":5406,"position":5},"title":"NEUROCOACHING EN LA ENSE\u00d1ANZA DE IDIOMAS, con c\u00f3digo 252922GE100.","author":"Inmaculada Garc\u00eda","date":"20 enero, 2025","format":false,"excerpt":"Se encuentra abierto el plazo de inscripci\u00f3n al curso provincial: NEUROCOACHING EN LA ENSE\u00d1ANZA DE IDIOMAS (252922GE100). Duraci\u00f3n:15 HORAS presenciales. Fechas de inscripci\u00f3n 17\/1\/25 al 17\/2\/25. FECHAS SESIONES (Horario de ma\u00f1ana de 9:30h a 13:30h): 6,13,20 y 27 de MARZO. LUGAR: AULA 7 CEP M\u00c1LAGA. MODALIDAD: PRESENCIAL. \u00c1MBITO: provincial M\u00e1s\u2026","rel":"","context":"En \u00abFormaciones\u00bb","block_context":{"text":"Formaciones","link":"https:\/\/cepronda.com\/blog\/category\/formaciones\/"},"img":{"alt_text":"","src":"https:\/\/i0.wp.com\/cepronda.com\/blog\/wp-content\/uploads\/2025\/01\/WhatsApp-Image-2025-01-20-at-09.44.12.jpeg?fit=940%2C788&ssl=1&resize=350%2C200","width":350,"height":200,"srcset":"https:\/\/i0.wp.com\/cepronda.com\/blog\/wp-content\/uploads\/2025\/01\/WhatsApp-Image-2025-01-20-at-09.44.12.jpeg?fit=940%2C788&ssl=1&resize=350%2C200 1x, https:\/\/i0.wp.com\/cepronda.com\/blog\/wp-content\/uploads\/2025\/01\/WhatsApp-Image-2025-01-20-at-09.44.12.jpeg?fit=940%2C788&ssl=1&resize=525%2C300 1.5x, https:\/\/i0.wp.com\/cepronda.com\/blog\/wp-content\/uploads\/2025\/01\/WhatsApp-Image-2025-01-20-at-09.44.12.jpeg?fit=940%2C788&ssl=1&resize=700%2C400 2x"},"classes":[]}],"jetpack_sharing_enabled":true,"_links":{"self":[{"href":"https:\/\/cepronda.com\/blog\/wp-json\/wp\/v2\/posts\/5406","targetHints":{"allow":["GET"]}}],"collection":[{"href":"https:\/\/cepronda.com\/blog\/wp-json\/wp\/v2\/posts"}],"about":[{"href":"https:\/\/cepronda.com\/blog\/wp-json\/wp\/v2\/types\/post"}],"author":[{"embeddable":true,"href":"https:\/\/cepronda.com\/blog\/wp-json\/wp\/v2\/users\/9"}],"replies":[{"embeddable":true,"href":"https:\/\/cepronda.com\/blog\/wp-json\/wp\/v2\/comments?post=5406"}],"version-history":[{"count":1,"href":"https:\/\/cepronda.com\/blog\/wp-json\/wp\/v2\/posts\/5406\/revisions"}],"predecessor-version":[{"id":5408,"href":"https:\/\/cepronda.com\/blog\/wp-json\/wp\/v2\/posts\/5406\/revisions\/5408"}],"wp:featuredmedia":[{"embeddable":true,"href":"https:\/\/cepronda.com\/blog\/wp-json\/wp\/v2\/media\/5407"}],"wp:attachment":[{"href":"https:\/\/cepronda.com\/blog\/wp-json\/wp\/v2\/media?parent=5406"}],"wp:term":[{"taxonomy":"category","embeddable":true,"href":"https:\/\/cepronda.com\/blog\/wp-json\/wp\/v2\/categories?post=5406"},{"taxonomy":"post_tag","embeddable":true,"href":"https:\/\/cepronda.com\/blog\/wp-json\/wp\/v2\/tags?post=5406"}],"curies":[{"name":"wp","href":"https:\/\/api.w.org\/{rel}","templated":true}]}}