{"id":5399,"date":"2022-07-13T17:45:31","date_gmt":"2022-07-13T15:45:31","guid":{"rendered":"http:\/\/cepronda.com\/blog\/?p=5399"},"modified":"2025-04-28T12:02:05","modified_gmt":"2025-04-28T10:02:05","slug":"5399-2","status":"publish","type":"post","link":"https:\/\/cepronda.com\/blog\/5399-2\/","title":{"rendered":"ACUERDO SOBRE LA CERTIFICACI\u00d3N, ACREDITACI\u00d3N Y RECONOCIMIENTO DE LA COMPETENCIA DIGITAL DOCENTE."},"content":{"rendered":"<p>Buenas tardes.<\/p>\n<p>Informaros de que se ha publicado en el <a href=\"https:\/\/www.boe.es\/diario_boe\/txt.php?id=BOE-A-2022-11574\">\u00ab<abbr title=\"Bolet\u00edn Oficial del Estado\">BOE<\/abbr>\u00bb&nbsp;<abbr title=\"n\u00famero\">n\u00fam.<\/abbr> 166, de 12 de julio de 2022,<\/a> la Resoluci\u00f3n de 1 de julio de 2022, de la Direcci\u00f3n General de Evaluaci\u00f3n y Cooperaci\u00f3n Territorial, por la que se publica el Acuerdo de la Conferencia<br \/>\nSectorial de Educaci\u00f3n sobre la certificaci\u00f3n, acreditaci\u00f3n y reconocimiento de la competencia digital docente.<\/p>\n<p>&nbsp;<\/p>\n<p>Para m\u00e1s informaci\u00f3n os dejamos el enlace a la <a href=\"https:\/\/www.boe.es\/diario_boe\/txt.php?id=BOE-A-2022-11574\">Resoluci\u00f3n.<\/a><\/p>\n<p>Esperamos que sea de vuestro inter\u00e9s.<\/p>\n<p>&nbsp;<\/p>\n<p><img data-recalc-dims=\"1\" loading=\"lazy\" decoding=\"async\" class=\"size-medium wp-image-5400 aligncenter\" src=\"https:\/\/i0.wp.com\/cepronda.com\/blog\/wp-content\/uploads\/2022\/07\/Copia-de-ESTANCIAS-FORMATIVAS-EN-EMPRESAS-PARA-EL-PROFESORADO-DE-FORMACION-PROFESIONAL-300x300.png?resize=300%2C300\" alt=\"\" width=\"300\" height=\"300\" srcset=\"https:\/\/i0.wp.com\/cepronda.com\/blog\/wp-content\/uploads\/2022\/07\/Copia-de-ESTANCIAS-FORMATIVAS-EN-EMPRESAS-PARA-EL-PROFESORADO-DE-FORMACION-PROFESIONAL.png?resize=300%2C300&amp;ssl=1 300w, https:\/\/i0.wp.com\/cepronda.com\/blog\/wp-content\/uploads\/2022\/07\/Copia-de-ESTANCIAS-FORMATIVAS-EN-EMPRESAS-PARA-EL-PROFESORADO-DE-FORMACION-PROFESIONAL.png?resize=1024%2C1024&amp;ssl=1 1024w, https:\/\/i0.wp.com\/cepronda.com\/blog\/wp-content\/uploads\/2022\/07\/Copia-de-ESTANCIAS-FORMATIVAS-EN-EMPRESAS-PARA-EL-PROFESORADO-DE-FORMACION-PROFESIONAL.png?resize=150%2C150&amp;ssl=1 150w, https:\/\/i0.wp.com\/cepronda.com\/blog\/wp-content\/uploads\/2022\/07\/Copia-de-ESTANCIAS-FORMATIVAS-EN-EMPRESAS-PARA-EL-PROFESORADO-DE-FORMACION-PROFESIONAL.png?resize=768%2C768&amp;ssl=1 768w, https:\/\/i0.wp.com\/cepronda.com\/blog\/wp-content\/uploads\/2022\/07\/Copia-de-ESTANCIAS-FORMATIVAS-EN-EMPRESAS-PARA-EL-PROFESORADO-DE-FORMACION-PROFESIONAL.png?resize=50%2C50&amp;ssl=1 50w, https:\/\/i0.wp.com\/cepronda.com\/blog\/wp-content\/uploads\/2022\/07\/Copia-de-ESTANCIAS-FORMATIVAS-EN-EMPRESAS-PARA-EL-PROFESORADO-DE-FORMACION-PROFESIONAL.png?w=1080&amp;ssl=1 1080w\" sizes=\"auto, (max-width: 300px) 100vw, 300px\" \/><\/p>\n<p>&nbsp;<\/p>\n<p>&nbsp;<\/p>\n","protected":false},"excerpt":{"rendered":"<p>Buenas tardes. Informaros de que se ha publicado en el \u00abBOE\u00bb&nbsp;n\u00fam. 166, de 12 de julio de 2022, la Resoluci\u00f3n de 1 de julio de 2022, de la Direcci\u00f3n General de Evaluaci\u00f3n y Cooperaci\u00f3n Territorial, por la que se publica el Acuerdo de la Conferencia Sectorial de Educaci\u00f3n sobre la certificaci\u00f3n, acreditaci\u00f3n y reconocimiento de [&hellip;]<\/p>\n","protected":false},"author":9,"featured_media":5400,"comment_status":"closed","ping_status":"open","sticky":false,"template":"","format":"standard","meta":{"_crdt_document":"","advanced_seo_description":"","jetpack_seo_html_title":"","jetpack_seo_noindex":false,"jetpack_post_was_ever_published":false,"_jetpack_newsletter_access":"","_jetpack_dont_email_post_to_subs":false,"_jetpack_newsletter_tier_id":0,"_jetpack_memberships_contains_paywalled_content":false,"_jetpack_memberships_contains_paid_content":false,"footnotes":"","jetpack_publicize_message":"","jetpack_publicize_feature_enabled":true,"jetpack_social_post_already_shared":true,"jetpack_social_options":{"image_generator_settings":{"template":"highway","default_image_id":0,"font":"","enabled":false},"version":2}},"categories":[5],"tags":[406],"class_list":{"0":"post-5399","1":"post","2":"type-post","3":"status-publish","4":"format-standard","5":"has-post-thumbnail","7":"category-noticias","8":"tag-evaluacion-tde","9":"czr-hentry"},"jetpack_publicize_connections":[],"jetpack_featured_media_url":"https:\/\/i0.wp.com\/cepronda.com\/blog\/wp-content\/uploads\/2022\/07\/Copia-de-ESTANCIAS-FORMATIVAS-EN-EMPRESAS-PARA-EL-PROFESORADO-DE-FORMACION-PROFESIONAL.png?fit=1080%2C1080&ssl=1","jetpack_shortlink":"https:\/\/wp.me\/p8M4X7-1p5","jetpack-related-posts":[{"id":6072,"url":"https:\/\/cepronda.com\/blog\/resolucion-del-procedimiento-para-la-acreditacion-de-la-cdd\/","url_meta":{"origin":5399,"position":0},"title":"RESOLUCI\u00d3N DEL PROCEDIMIENTO PARA LA ACREDITACI\u00d3N DE LA CDD","author":"Mamen Moreno","date":"25 septiembre, 2023","format":false,"excerpt":"Publicada la Resoluci\u00f3n de 20 de septiembre de la Direcci\u00f3n General de Tecnolog\u00edas Avanzadas y Transformaci\u00f3n Educativa de la Consejer\u00eda de Desarrollo Educativo y Formaci\u00f3n Profesional por la que se convoca el procedimiento para la acreditaci\u00f3n de la competencia digital docente por la v\u00eda de la formaci\u00f3n en la comunidad\u2026","rel":"","context":"En \u00abFormaciones\u00bb","block_context":{"text":"Formaciones","link":"https:\/\/cepronda.com\/blog\/category\/formaciones\/"},"img":{"alt_text":"","src":"https:\/\/i0.wp.com\/cepronda.com\/blog\/wp-content\/uploads\/2023\/09\/PROCEDIMIENTO-PARA-LA-ACREDITACION-DE-LA-COMPENTECIA-DIGITAL-DOCENTE.jpg?fit=1080%2C1080&ssl=1&resize=350%2C200","width":350,"height":200,"srcset":"https:\/\/i0.wp.com\/cepronda.com\/blog\/wp-content\/uploads\/2023\/09\/PROCEDIMIENTO-PARA-LA-ACREDITACION-DE-LA-COMPENTECIA-DIGITAL-DOCENTE.jpg?fit=1080%2C1080&ssl=1&resize=350%2C200 1x, https:\/\/i0.wp.com\/cepronda.com\/blog\/wp-content\/uploads\/2023\/09\/PROCEDIMIENTO-PARA-LA-ACREDITACION-DE-LA-COMPENTECIA-DIGITAL-DOCENTE.jpg?fit=1080%2C1080&ssl=1&resize=525%2C300 1.5x, https:\/\/i0.wp.com\/cepronda.com\/blog\/wp-content\/uploads\/2023\/09\/PROCEDIMIENTO-PARA-LA-ACREDITACION-DE-LA-COMPENTECIA-DIGITAL-DOCENTE.jpg?fit=1080%2C1080&ssl=1&resize=700%2C400 2x, https:\/\/i0.wp.com\/cepronda.com\/blog\/wp-content\/uploads\/2023\/09\/PROCEDIMIENTO-PARA-LA-ACREDITACION-DE-LA-COMPENTECIA-DIGITAL-DOCENTE.jpg?fit=1080%2C1080&ssl=1&resize=1050%2C600 3x"},"classes":[]},{"id":5598,"url":"https:\/\/cepronda.com\/blog\/competencia-digital-docente-nivel-a1\/","url_meta":{"origin":5399,"position":1},"title":"COMPETENCIA DIGITAL DOCENTE NIVEL A1","author":"Inmaculada Garc\u00eda","date":"10 noviembre, 2022","format":false,"excerpt":"Os informamos que est\u00e1 abierto el plazo de inscripci\u00f3n en el curso COMPETENCIA DIGITAL DOCENTE NIVEL A1\u00a0con c\u00f3digo239924KPF420. Fechas de inscripci\u00f3n : 10\/11\/2022 hasta el 25\/11\/2022 Fecha de realizaci\u00f3n: 01\/12\/2022 hasta 15\/02\/2023 Horas: 40 horas no presenciales. Lugar de realizaci\u00f3n: Aula Virtual de Formaci\u00f3n del Profesorado. Para m\u00e1s informaci\u00f3n e\u2026","rel":"","context":"En \u00abNoticias\u00bb","block_context":{"text":"Noticias","link":"https:\/\/cepronda.com\/blog\/category\/noticias\/"},"img":{"alt_text":"","src":"https:\/\/i0.wp.com\/cepronda.com\/blog\/wp-content\/uploads\/2022\/11\/Copia-de-CDD-A1.jpg?fit=1000%2C1000&ssl=1&resize=350%2C200","width":350,"height":200,"srcset":"https:\/\/i0.wp.com\/cepronda.com\/blog\/wp-content\/uploads\/2022\/11\/Copia-de-CDD-A1.jpg?fit=1000%2C1000&ssl=1&resize=350%2C200 1x, https:\/\/i0.wp.com\/cepronda.com\/blog\/wp-content\/uploads\/2022\/11\/Copia-de-CDD-A1.jpg?fit=1000%2C1000&ssl=1&resize=525%2C300 1.5x, https:\/\/i0.wp.com\/cepronda.com\/blog\/wp-content\/uploads\/2022\/11\/Copia-de-CDD-A1.jpg?fit=1000%2C1000&ssl=1&resize=700%2C400 2x"},"classes":[]},{"id":1952,"url":"https:\/\/cepronda.com\/blog\/en-junio-evaluacion-y-certificacion-de-los-programas-educativos\/","url_meta":{"origin":5399,"position":2},"title":"En junio, Evaluaci\u00f3n y Certificaci\u00f3n de los Programas Educativos","author":"V\u00edctor Caballero","date":"28 mayo, 2018","format":false,"excerpt":"Muy buenas, comenzamos la semana compartiendo estas instrucciones sobre la evaluaci\u00f3n y certificaci\u00f3n de los programas educativos de este curso escolar. Para acceder a la informaci\u00f3n sigue este enlace \u00a0 \u00a0","rel":"","context":"En \u00abNoticias\u00bb","block_context":{"text":"Noticias","link":"https:\/\/cepronda.com\/blog\/category\/noticias\/"},"img":{"alt_text":"","src":"https:\/\/i0.wp.com\/cepronda.com\/blog\/wp-content\/uploads\/2017\/05\/logo_ja_ce_mejor.jpg?fit=732%2C600&ssl=1&resize=350%2C200","width":350,"height":200,"srcset":"https:\/\/i0.wp.com\/cepronda.com\/blog\/wp-content\/uploads\/2017\/05\/logo_ja_ce_mejor.jpg?fit=732%2C600&ssl=1&resize=350%2C200 1x, https:\/\/i0.wp.com\/cepronda.com\/blog\/wp-content\/uploads\/2017\/05\/logo_ja_ce_mejor.jpg?fit=732%2C600&ssl=1&resize=525%2C300 1.5x, https:\/\/i0.wp.com\/cepronda.com\/blog\/wp-content\/uploads\/2017\/05\/logo_ja_ce_mejor.jpg?fit=732%2C600&ssl=1&resize=700%2C400 2x"},"classes":[]},{"id":5683,"url":"https:\/\/cepronda.com\/blog\/cursos-de-competencia-digital-docente-niveles-a2-b1-y-b2\/","url_meta":{"origin":5399,"position":3},"title":"CURSOS DE COMPETENCIA DIGITAL DOCENTE. NIVELES A2, B1 Y B2.","author":"Inmaculada Garc\u00eda","date":"10 enero, 2023","format":false,"excerpt":"Est\u00e1 abierto el plazo para los siguientes cursos de Competencia Digital Docente: \u00a0 - COMPETENCIA DIGITAL DOCENTE NIVEL A2 (50 horas). Inscripciones: https:\/\/www.juntadeandalucia.es\/...\/actividad\/239923KPF426\/ \u00a0 - COMPETENCIA DIGITAL DOCENTE NIVEL B1 (60 horas). Inscripciones: https:\/\/www.juntadeandalucia.es\/...\/actividad\/239922KPF432\/ \u00a0 - COMPETENCIA DIGITAL DOCENTE NIVEL B2 (80 horas). Inscripciones: https:\/\/www.juntadeandalucia.es\/...\/actividad\/239926KPF429\/ \u00a0 Fecha actividad: 27\/01\/2023 hasta\u2026","rel":"","context":"En \u00abFormaciones\u00bb","block_context":{"text":"Formaciones","link":"https:\/\/cepronda.com\/blog\/category\/formaciones\/"},"img":{"alt_text":"","src":"https:\/\/i0.wp.com\/cepronda.com\/blog\/wp-content\/uploads\/2023\/01\/322102607_691638952677560_6394053168575758545_n.jpg?fit=960%2C540&ssl=1&resize=350%2C200","width":350,"height":200,"srcset":"https:\/\/i0.wp.com\/cepronda.com\/blog\/wp-content\/uploads\/2023\/01\/322102607_691638952677560_6394053168575758545_n.jpg?fit=960%2C540&ssl=1&resize=350%2C200 1x, https:\/\/i0.wp.com\/cepronda.com\/blog\/wp-content\/uploads\/2023\/01\/322102607_691638952677560_6394053168575758545_n.jpg?fit=960%2C540&ssl=1&resize=525%2C300 1.5x, https:\/\/i0.wp.com\/cepronda.com\/blog\/wp-content\/uploads\/2023\/01\/322102607_691638952677560_6394053168575758545_n.jpg?fit=960%2C540&ssl=1&resize=700%2C400 2x"},"classes":[]},{"id":6078,"url":"https:\/\/cepronda.com\/blog\/formaciones-en-competancia-digital-docente-niveles-a1-a2-y-b1\/","url_meta":{"origin":5399,"position":4},"title":"FORMACIONES EN COMPETENCIA DIGITAL DOCENTE. NIVELES A1, A2 Y B1","author":"Inmaculada Garc\u00eda","date":"29 septiembre, 2023","format":false,"excerpt":"Est\u00e1 abierto el plazo de inscripci\u00f3n en los siguientes cursos de Competencia Digital Docente: Nivel A1 de Competencia Digital Docente.\u00a0 Fecha actividad: 10\/10\/2023 hasta 01\/12\/2023. Nivel A1 de Competencia Digital Docente para Educaci\u00f3n infantil de 0 a 3 a\u00f1os.\u00a0 Fecha actividad: 10\/10\/2023 hasta 01\/12\/2023. Nivel A2 de Competencia Digital Docente.\u00a0\u2026","rel":"","context":"En \u00abFormaciones\u00bb","block_context":{"text":"Formaciones","link":"https:\/\/cepronda.com\/blog\/category\/formaciones\/"},"img":{"alt_text":"","src":"https:\/\/i0.wp.com\/cepronda.com\/blog\/wp-content\/uploads\/2023\/09\/Purple-and-Pink-Abstract-SEO-Marketing-Infographic-Instagram-Post-5.png?fit=1080%2C1080&ssl=1&resize=350%2C200","width":350,"height":200,"srcset":"https:\/\/i0.wp.com\/cepronda.com\/blog\/wp-content\/uploads\/2023\/09\/Purple-and-Pink-Abstract-SEO-Marketing-Infographic-Instagram-Post-5.png?fit=1080%2C1080&ssl=1&resize=350%2C200 1x, https:\/\/i0.wp.com\/cepronda.com\/blog\/wp-content\/uploads\/2023\/09\/Purple-and-Pink-Abstract-SEO-Marketing-Infographic-Instagram-Post-5.png?fit=1080%2C1080&ssl=1&resize=525%2C300 1.5x, https:\/\/i0.wp.com\/cepronda.com\/blog\/wp-content\/uploads\/2023\/09\/Purple-and-Pink-Abstract-SEO-Marketing-Infographic-Instagram-Post-5.png?fit=1080%2C1080&ssl=1&resize=700%2C400 2x, https:\/\/i0.wp.com\/cepronda.com\/blog\/wp-content\/uploads\/2023\/09\/Purple-and-Pink-Abstract-SEO-Marketing-Infographic-Instagram-Post-5.png?fit=1080%2C1080&ssl=1&resize=1050%2C600 3x"},"classes":[]},{"id":5366,"url":"https:\/\/cepronda.com\/blog\/campus-para-el-desarrollo-de-la-competencia-digital-docente\/","url_meta":{"origin":5399,"position":5},"title":"CAMPUS PARA EL DESARROLLO DE LA COMPETENCIA DIGITAL DOCENTE","author":"Maribel Mu\u00f1oz","date":"1 junio, 2022","format":false,"excerpt":"Buenas tardes compa\u00f1eras y compa\u00f1eros, Os recordamos que desde ayer 31 de mayo\u00a0 est\u00e1 abierto el plazo de inscripci\u00f3n en el CAMPUS PARA EL DESARROLLO DE LA COMPETENCIA DIGITAL DOCENTE de \u00e1mbito regional con c\u00f3digo 229901PF407.\u00a0 El plazo de inscripci\u00f3n finaliza el pr\u00f3ximo 7 de junio. El encuentro se realizar\u00e1\u2026","rel":"","context":"En \u00abFormaciones\u00bb","block_context":{"text":"Formaciones","link":"https:\/\/cepronda.com\/blog\/category\/formaciones\/"},"img":{"alt_text":"","src":"https:\/\/i0.wp.com\/cepronda.com\/blog\/wp-content\/uploads\/2020\/03\/S%C2%B0mbolo-gen%C3%87rico-RRSS-redondo-negativo.png?fit=1200%2C1200&ssl=1&resize=350%2C200","width":350,"height":200,"srcset":"https:\/\/i0.wp.com\/cepronda.com\/blog\/wp-content\/uploads\/2020\/03\/S%C2%B0mbolo-gen%C3%87rico-RRSS-redondo-negativo.png?fit=1200%2C1200&ssl=1&resize=350%2C200 1x, https:\/\/i0.wp.com\/cepronda.com\/blog\/wp-content\/uploads\/2020\/03\/S%C2%B0mbolo-gen%C3%87rico-RRSS-redondo-negativo.png?fit=1200%2C1200&ssl=1&resize=525%2C300 1.5x, https:\/\/i0.wp.com\/cepronda.com\/blog\/wp-content\/uploads\/2020\/03\/S%C2%B0mbolo-gen%C3%87rico-RRSS-redondo-negativo.png?fit=1200%2C1200&ssl=1&resize=700%2C400 2x, https:\/\/i0.wp.com\/cepronda.com\/blog\/wp-content\/uploads\/2020\/03\/S%C2%B0mbolo-gen%C3%87rico-RRSS-redondo-negativo.png?fit=1200%2C1200&ssl=1&resize=1050%2C600 3x"},"classes":[]}],"jetpack_sharing_enabled":true,"_links":{"self":[{"href":"https:\/\/cepronda.com\/blog\/wp-json\/wp\/v2\/posts\/5399","targetHints":{"allow":["GET"]}}],"collection":[{"href":"https:\/\/cepronda.com\/blog\/wp-json\/wp\/v2\/posts"}],"about":[{"href":"https:\/\/cepronda.com\/blog\/wp-json\/wp\/v2\/types\/post"}],"author":[{"embeddable":true,"href":"https:\/\/cepronda.com\/blog\/wp-json\/wp\/v2\/users\/9"}],"replies":[{"embeddable":true,"href":"https:\/\/cepronda.com\/blog\/wp-json\/wp\/v2\/comments?post=5399"}],"version-history":[{"count":4,"href":"https:\/\/cepronda.com\/blog\/wp-json\/wp\/v2\/posts\/5399\/revisions"}],"predecessor-version":[{"id":5404,"href":"https:\/\/cepronda.com\/blog\/wp-json\/wp\/v2\/posts\/5399\/revisions\/5404"}],"wp:featuredmedia":[{"embeddable":true,"href":"https:\/\/cepronda.com\/blog\/wp-json\/wp\/v2\/media\/5400"}],"wp:attachment":[{"href":"https:\/\/cepronda.com\/blog\/wp-json\/wp\/v2\/media?parent=5399"}],"wp:term":[{"taxonomy":"category","embeddable":true,"href":"https:\/\/cepronda.com\/blog\/wp-json\/wp\/v2\/categories?post=5399"},{"taxonomy":"post_tag","embeddable":true,"href":"https:\/\/cepronda.com\/blog\/wp-json\/wp\/v2\/tags?post=5399"}],"curies":[{"name":"wp","href":"https:\/\/api.w.org\/{rel}","templated":true}]}}