{"id":5394,"date":"2022-07-11T08:45:55","date_gmt":"2022-07-11T06:45:55","guid":{"rendered":"http:\/\/cepronda.com\/blog\/?p=5394"},"modified":"2025-04-28T12:16:02","modified_gmt":"2025-04-28T10:16:02","slug":"datos-curso-2021-22-servicio-de-ordenacion-educativa","status":"publish","type":"post","link":"https:\/\/cepronda.com\/blog\/datos-curso-2021-22-servicio-de-ordenacion-educativa\/","title":{"rendered":"DATOS CURSO 2021\/22.SERVICIO DE ORDENACI\u00d3N EDUCATIVA"},"content":{"rendered":"<p>Buenos d\u00edas compa\u00f1eras y compa\u00f1eros,<\/p>\n<p>Desde el Servicio de Ordenaci\u00f3n Educativa, de la Delegaci\u00f3n Territorial de Educaci\u00f3n y Deporte en M\u00e1laga,&nbsp; os hacemos llegar el siguiente v\u00eddeo con los datos obtenidos durante el curso 2021\/22.<\/p>\n<p><a href=\"https:\/\/www.youtube.com\/watch?v=n__EX2lu5Ns\">Enlace al v\u00eddeo<\/a><\/p>\n<p>Deseamos que sea de vuestro inter\u00e9s.<\/p>\n<p>Un saludo<\/p>\n<p><img data-recalc-dims=\"1\" loading=\"lazy\" decoding=\"async\" class=\"wp-image-3495 size-medium aligncenter\" src=\"https:\/\/i0.wp.com\/cepronda.com\/blog\/wp-content\/uploads\/2020\/03\/S%C2%B0mbolo-gen%C3%87rico-RRSS-redondo-negativo-300x300.png?resize=300%2C300\" alt=\"\" width=\"300\" height=\"300\" srcset=\"https:\/\/i0.wp.com\/cepronda.com\/blog\/wp-content\/uploads\/2020\/03\/S%C2%B0mbolo-gen%C3%87rico-RRSS-redondo-negativo.png?resize=300%2C300&amp;ssl=1 300w, https:\/\/i0.wp.com\/cepronda.com\/blog\/wp-content\/uploads\/2020\/03\/S%C2%B0mbolo-gen%C3%87rico-RRSS-redondo-negativo.png?resize=1024%2C1024&amp;ssl=1 1024w, https:\/\/i0.wp.com\/cepronda.com\/blog\/wp-content\/uploads\/2020\/03\/S%C2%B0mbolo-gen%C3%87rico-RRSS-redondo-negativo.png?resize=150%2C150&amp;ssl=1 150w, https:\/\/i0.wp.com\/cepronda.com\/blog\/wp-content\/uploads\/2020\/03\/S%C2%B0mbolo-gen%C3%87rico-RRSS-redondo-negativo.png?resize=768%2C768&amp;ssl=1 768w, https:\/\/i0.wp.com\/cepronda.com\/blog\/wp-content\/uploads\/2020\/03\/S%C2%B0mbolo-gen%C3%87rico-RRSS-redondo-negativo.png?resize=50%2C50&amp;ssl=1 50w, https:\/\/i0.wp.com\/cepronda.com\/blog\/wp-content\/uploads\/2020\/03\/S%C2%B0mbolo-gen%C3%87rico-RRSS-redondo-negativo.png?w=1500&amp;ssl=1 1500w\" sizes=\"auto, (max-width: 300px) 100vw, 300px\" \/><\/p>\n<p>&nbsp; &nbsp; &nbsp;<\/p>\n","protected":false},"excerpt":{"rendered":"<p>Buenos d\u00edas compa\u00f1eras y compa\u00f1eros, Desde el Servicio de Ordenaci\u00f3n Educativa, de la Delegaci\u00f3n Territorial de Educaci\u00f3n y Deporte en M\u00e1laga,&nbsp; os hacemos llegar el siguiente v\u00eddeo con los datos obtenidos durante el curso 2021\/22. Enlace al v\u00eddeo Deseamos que sea de vuestro inter\u00e9s. Un saludo &nbsp; &nbsp; &nbsp;<\/p>\n","protected":false},"author":10,"featured_media":3495,"comment_status":"closed","ping_status":"open","sticky":false,"template":"","format":"standard","meta":{"_crdt_document":"","advanced_seo_description":"","jetpack_seo_html_title":"","jetpack_seo_noindex":false,"jetpack_post_was_ever_published":false,"_jetpack_newsletter_access":"","_jetpack_dont_email_post_to_subs":false,"_jetpack_newsletter_tier_id":0,"_jetpack_memberships_contains_paywalled_content":false,"_jetpack_memberships_contains_paid_content":false,"footnotes":"","jetpack_publicize_message":"","jetpack_publicize_feature_enabled":true,"jetpack_social_post_already_shared":true,"jetpack_social_options":{"image_generator_settings":{"template":"highway","default_image_id":0,"font":"","enabled":false},"version":2}},"categories":[3,5],"tags":[309,308],"class_list":{"0":"post-5394","1":"post","2":"type-post","3":"status-publish","4":"format-standard","5":"has-post-thumbnail","7":"category-formaciones","8":"category-noticias","9":"tag-datos","10":"tag-servicio-ordenacion-educativa","11":"czr-hentry"},"jetpack_publicize_connections":[],"jetpack_featured_media_url":"https:\/\/i0.wp.com\/cepronda.com\/blog\/wp-content\/uploads\/2020\/03\/S%C2%B0mbolo-gen%C3%87rico-RRSS-redondo-negativo.png?fit=1500%2C1500&ssl=1","jetpack_shortlink":"https:\/\/wp.me\/p8M4X7-1p0","jetpack-related-posts":[{"id":3087,"url":"https:\/\/cepronda.com\/blog\/directorio-general-del-servicio-de-ordenacion-educativa\/","url_meta":{"origin":5394,"position":0},"title":"Directorio general del Servicio de Ordenaci\u00f3n Educativa","author":"V\u00edctor Caballero","date":"10 octubre, 2019","format":false,"excerpt":"Muy buenas, adjuntamos una infograf\u00eda informativa sobre el directorio general del servicio de ordenaci\u00f3n educativa de la Delegaci\u00f3n Territorial de Educaci\u00f3n en M\u00e1laga, por si es de vuestro inter\u00e9s y os sirve de ayuda.","rel":"","context":"En \u00abNoticias\u00bb","block_context":{"text":"Noticias","link":"https:\/\/cepronda.com\/blog\/category\/noticias\/"},"img":{"alt_text":"","src":"https:\/\/i0.wp.com\/cepronda.com\/blog\/wp-content\/uploads\/2019\/10\/DIRECTORIO-GENERALSERV.-ORDENACI%C3%93N-EDUCATIVA.png?fit=480%2C1200&ssl=1&resize=350%2C200","width":350,"height":200},"classes":[]},{"id":3605,"url":"https:\/\/cepronda.com\/blog\/nuevo-canal-de-youtube-del-servicio-de-ordenacion-educativa-malaga\/","url_meta":{"origin":5394,"position":1},"title":"Nuevo canal de Youtube del  Servicio de Ordenaci\u00f3n Educativa M\u00e1laga","author":"V\u00edctor Caballero","date":"2 junio, 2020","format":false,"excerpt":"https:\/\/www.youtube.com\/watch?v=Tn4aRe4zDXU","rel":"","context":"En \u00abNoticias\u00bb","block_context":{"text":"Noticias","link":"https:\/\/cepronda.com\/blog\/category\/noticias\/"},"img":{"alt_text":"","src":"https:\/\/i0.wp.com\/img.youtube.com\/vi\/Tn4aRe4zDXU\/0.jpg?resize=350%2C200","width":350,"height":200},"classes":[]},{"id":8809,"url":"https:\/\/cepronda.com\/blog\/jornadas-pct-para-equipos-directivos\/","url_meta":{"origin":5394,"position":2},"title":"JORNADAS PCT PARA EQUIPOS DIRECTIVOS.","author":"Inmaculada Garc\u00eda","date":"18 septiembre, 2025","format":false,"excerpt":"Hoy participamos en una jornada \u00fanica donde hemos abordado la mejora de las competencias matem\u00e1tica y lectora de la mano de expertos de primer nivel. \u00a0 En la mesa inaugural han participado D\u00aa. Almudena Garc\u00eda Rosado(D.G. de Participaci\u00f3n e Inclusi\u00f3n Educativa), D. Manuel Jes\u00fas S\u00e1nchez Hermosilla (D.G. de Ordenaci\u00f3n y\u2026","rel":"","context":"En \u00abNoticias\u00bb","block_context":{"text":"Noticias","link":"https:\/\/cepronda.com\/blog\/category\/noticias\/"},"img":{"alt_text":"","src":"https:\/\/i0.wp.com\/cepronda.com\/blog\/wp-content\/uploads\/2025\/09\/WhatsApp-Image-2025-09-18-at-10.40.02.jpeg?fit=1200%2C900&ssl=1&resize=350%2C200","width":350,"height":200,"srcset":"https:\/\/i0.wp.com\/cepronda.com\/blog\/wp-content\/uploads\/2025\/09\/WhatsApp-Image-2025-09-18-at-10.40.02.jpeg?fit=1200%2C900&ssl=1&resize=350%2C200 1x, https:\/\/i0.wp.com\/cepronda.com\/blog\/wp-content\/uploads\/2025\/09\/WhatsApp-Image-2025-09-18-at-10.40.02.jpeg?fit=1200%2C900&ssl=1&resize=525%2C300 1.5x, https:\/\/i0.wp.com\/cepronda.com\/blog\/wp-content\/uploads\/2025\/09\/WhatsApp-Image-2025-09-18-at-10.40.02.jpeg?fit=1200%2C900&ssl=1&resize=700%2C400 2x, https:\/\/i0.wp.com\/cepronda.com\/blog\/wp-content\/uploads\/2025\/09\/WhatsApp-Image-2025-09-18-at-10.40.02.jpeg?fit=1200%2C900&ssl=1&resize=1050%2C600 3x"},"classes":[]},{"id":3616,"url":"https:\/\/cepronda.com\/blog\/feria-virtual-de-formacion-profesional\/","url_meta":{"origin":5394,"position":3},"title":"Feria virtual de Formaci\u00f3n Profesional","author":"V\u00edctor Caballero","date":"4 junio, 2020","format":false,"excerpt":"En Junio se abre el procedimiento para solicitar ciclos formativos. Desde el \u00e1rea de Orientaci\u00f3n vocacional y profesional del Servicio de Ordenaci\u00f3n educativa de esta Delegaci\u00f3n Territorial se est\u00e1 organizando una Feria Virtual de Formaci\u00f3n Profesional de M\u00e1laga, con el apoyo de todo el Servicio. Este importante evento tiene dos\u2026","rel":"","context":"En \u00abNoticias\u00bb","block_context":{"text":"Noticias","link":"https:\/\/cepronda.com\/blog\/category\/noticias\/"},"img":{"alt_text":"","src":"https:\/\/i0.wp.com\/cepronda.com\/blog\/wp-content\/uploads\/2020\/06\/feria_virtaul_fp.png?fit=789%2C935&ssl=1&resize=350%2C200","width":350,"height":200,"srcset":"https:\/\/i0.wp.com\/cepronda.com\/blog\/wp-content\/uploads\/2020\/06\/feria_virtaul_fp.png?fit=789%2C935&ssl=1&resize=350%2C200 1x, https:\/\/i0.wp.com\/cepronda.com\/blog\/wp-content\/uploads\/2020\/06\/feria_virtaul_fp.png?fit=789%2C935&ssl=1&resize=525%2C300 1.5x, https:\/\/i0.wp.com\/cepronda.com\/blog\/wp-content\/uploads\/2020\/06\/feria_virtaul_fp.png?fit=789%2C935&ssl=1&resize=700%2C400 2x"},"classes":[]},{"id":3529,"url":"https:\/\/cepronda.com\/blog\/circular-relativa-a-los-procesos-de-ensenanza-aprendizaje\/","url_meta":{"origin":5394,"position":4},"title":"Circular relativa a los procesos de ense\u00f1anza aprendizaje","author":"V\u00edctor Caballero","date":"2 abril, 2020","format":false,"excerpt":"Adjuntamos CIRCULAR DE 2 DE ABRIL DE 2020 DE LA DIRECCI\u00d3N GENERAL DE ORDENACI\u00d3N YEVALUACI\u00d3N EDUCATIVA RELATIVA A LOS PROCESOS DE ENSE\u00d1ANZA-APRENDIZAJE YDE EVALUACI\u00d3N EN LOS CENTROS DOCENTES ANDALUCES COMO CONSECUENCIA DELA ORDEN DE 13 DE MARZO DE 2020 DE LA CONSEJER\u00cdA DE SALUD Y FAMILIAS. circular-DGOEEDescarga","rel":"","context":"En \u00abNoticias\u00bb","block_context":{"text":"Noticias","link":"https:\/\/cepronda.com\/blog\/category\/noticias\/"},"img":{"alt_text":"","src":"https:\/\/i0.wp.com\/cepronda.com\/blog\/wp-content\/uploads\/2020\/03\/S%C2%B0mbolo-gen%C3%87rico-RRSS-redondo-negativo.png?fit=1200%2C1200&ssl=1&resize=350%2C200","width":350,"height":200,"srcset":"https:\/\/i0.wp.com\/cepronda.com\/blog\/wp-content\/uploads\/2020\/03\/S%C2%B0mbolo-gen%C3%87rico-RRSS-redondo-negativo.png?fit=1200%2C1200&ssl=1&resize=350%2C200 1x, https:\/\/i0.wp.com\/cepronda.com\/blog\/wp-content\/uploads\/2020\/03\/S%C2%B0mbolo-gen%C3%87rico-RRSS-redondo-negativo.png?fit=1200%2C1200&ssl=1&resize=525%2C300 1.5x, https:\/\/i0.wp.com\/cepronda.com\/blog\/wp-content\/uploads\/2020\/03\/S%C2%B0mbolo-gen%C3%87rico-RRSS-redondo-negativo.png?fit=1200%2C1200&ssl=1&resize=700%2C400 2x, https:\/\/i0.wp.com\/cepronda.com\/blog\/wp-content\/uploads\/2020\/03\/S%C2%B0mbolo-gen%C3%87rico-RRSS-redondo-negativo.png?fit=1200%2C1200&ssl=1&resize=1050%2C600 3x"},"classes":[]},{"id":5425,"url":"https:\/\/cepronda.com\/blog\/programas-para-la-innovacion-educativa-2\/","url_meta":{"origin":5394,"position":5},"title":"PROGRAMAS PARA LA INNOVACI\u00d3N EDUCATIVA.","author":"Inmaculada Garc\u00eda","date":"7 septiembre, 2022","format":false,"excerpt":"Buenos d\u00edas compa\u00f1eras y compa\u00f1eros Os informamos que se ha publicado la convocatoria de Programas para la Innovaci\u00f3n Educativa, regulados por las Instrucciones de 30 de junio de 2014 de la Secretar\u00eda General de Educaci\u00f3n, para el curso acad\u00e9mico 2022\/2023, tal y como establece la 31 DE AGOSTO DE 2022.\u2026","rel":"","context":"En \u00abNoticias\u00bb","block_context":{"text":"Noticias","link":"https:\/\/cepronda.com\/blog\/category\/noticias\/"},"img":{"alt_text":"","src":"https:\/\/i0.wp.com\/cepronda.com\/blog\/wp-content\/uploads\/2022\/09\/Copia-de-ESTANCIAS-FORMATIVAS-EN-EMPRESAS-PARA-EL-PROFESORADO-DE-FORMACION-PROFESIONAL-3.png?fit=1080%2C1080&ssl=1&resize=350%2C200","width":350,"height":200,"srcset":"https:\/\/i0.wp.com\/cepronda.com\/blog\/wp-content\/uploads\/2022\/09\/Copia-de-ESTANCIAS-FORMATIVAS-EN-EMPRESAS-PARA-EL-PROFESORADO-DE-FORMACION-PROFESIONAL-3.png?fit=1080%2C1080&ssl=1&resize=350%2C200 1x, https:\/\/i0.wp.com\/cepronda.com\/blog\/wp-content\/uploads\/2022\/09\/Copia-de-ESTANCIAS-FORMATIVAS-EN-EMPRESAS-PARA-EL-PROFESORADO-DE-FORMACION-PROFESIONAL-3.png?fit=1080%2C1080&ssl=1&resize=525%2C300 1.5x, https:\/\/i0.wp.com\/cepronda.com\/blog\/wp-content\/uploads\/2022\/09\/Copia-de-ESTANCIAS-FORMATIVAS-EN-EMPRESAS-PARA-EL-PROFESORADO-DE-FORMACION-PROFESIONAL-3.png?fit=1080%2C1080&ssl=1&resize=700%2C400 2x, https:\/\/i0.wp.com\/cepronda.com\/blog\/wp-content\/uploads\/2022\/09\/Copia-de-ESTANCIAS-FORMATIVAS-EN-EMPRESAS-PARA-EL-PROFESORADO-DE-FORMACION-PROFESIONAL-3.png?fit=1080%2C1080&ssl=1&resize=1050%2C600 3x"},"classes":[]}],"jetpack_sharing_enabled":true,"_links":{"self":[{"href":"https:\/\/cepronda.com\/blog\/wp-json\/wp\/v2\/posts\/5394","targetHints":{"allow":["GET"]}}],"collection":[{"href":"https:\/\/cepronda.com\/blog\/wp-json\/wp\/v2\/posts"}],"about":[{"href":"https:\/\/cepronda.com\/blog\/wp-json\/wp\/v2\/types\/post"}],"author":[{"embeddable":true,"href":"https:\/\/cepronda.com\/blog\/wp-json\/wp\/v2\/users\/10"}],"replies":[{"embeddable":true,"href":"https:\/\/cepronda.com\/blog\/wp-json\/wp\/v2\/comments?post=5394"}],"version-history":[{"count":2,"href":"https:\/\/cepronda.com\/blog\/wp-json\/wp\/v2\/posts\/5394\/revisions"}],"predecessor-version":[{"id":5396,"href":"https:\/\/cepronda.com\/blog\/wp-json\/wp\/v2\/posts\/5394\/revisions\/5396"}],"wp:featuredmedia":[{"embeddable":true,"href":"https:\/\/cepronda.com\/blog\/wp-json\/wp\/v2\/media\/3495"}],"wp:attachment":[{"href":"https:\/\/cepronda.com\/blog\/wp-json\/wp\/v2\/media?parent=5394"}],"wp:term":[{"taxonomy":"category","embeddable":true,"href":"https:\/\/cepronda.com\/blog\/wp-json\/wp\/v2\/categories?post=5394"},{"taxonomy":"post_tag","embeddable":true,"href":"https:\/\/cepronda.com\/blog\/wp-json\/wp\/v2\/tags?post=5394"}],"curies":[{"name":"wp","href":"https:\/\/api.w.org\/{rel}","templated":true}]}}