{"id":5386,"date":"2022-06-29T13:42:04","date_gmt":"2022-06-29T11:42:04","guid":{"rendered":"http:\/\/cepronda.com\/blog\/?p=5386"},"modified":"2025-04-28T11:57:08","modified_gmt":"2025-04-28T09:57:08","slug":"fp-basica-ies-valle-del-genal","status":"publish","type":"post","link":"https:\/\/cepronda.com\/blog\/fp-basica-ies-valle-del-genal\/","title":{"rendered":"FP B\u00c1SICA IES VALLE DEL GENAL"},"content":{"rendered":"<p>Buenas tardes compa\u00f1eras y compa\u00f1eros,<\/p>\n<p>Os recordamos que desde el IES Valle del Genal se oferta, para el pr\u00f3ximo curso, el siguiente ciclo formativo:<\/p>\n<p>*FORMACI\u00d3N PROFESIONAL B\u00c1SICA EN REFORMA Y MANTENIMIENTOS DE EDIFICIOS.<\/p>\n<p>Para m\u00e1s informaci\u00f3n pod\u00e9is consultar el siguiente documento.<\/p>\n<p><a href=\"http:\/\/cepronda.com\/blog\/wp-content\/uploads\/2022\/06\/FP-Basica-en-reforma-y-mantenimientos-de-edificios-1.pdf\">FP B\u00e1sica en reforma y mantenimientos de edificios <\/a><\/p>\n<p>Deseamos que sea de vuestro inter\u00e9s.<\/p>\n<p>Un saludo<\/p>\n<p>&nbsp;<\/p>\n<p>&nbsp; &nbsp; &nbsp; <img data-recalc-dims=\"1\" loading=\"lazy\" decoding=\"async\" class=\"wp-image-5388 aligncenter\" src=\"https:\/\/i0.wp.com\/cepronda.com\/blog\/wp-content\/uploads\/2022\/06\/FCB-Valle-del-Genal-300x169.jpg?resize=346%2C195\" alt=\"\" width=\"346\" height=\"195\" srcset=\"https:\/\/i0.wp.com\/cepronda.com\/blog\/wp-content\/uploads\/2022\/06\/FCB-Valle-del-Genal.jpg?resize=300%2C169&amp;ssl=1 300w, https:\/\/i0.wp.com\/cepronda.com\/blog\/wp-content\/uploads\/2022\/06\/FCB-Valle-del-Genal.jpg?resize=768%2C432&amp;ssl=1 768w, https:\/\/i0.wp.com\/cepronda.com\/blog\/wp-content\/uploads\/2022\/06\/FCB-Valle-del-Genal.jpg?w=881&amp;ssl=1 881w\" sizes=\"auto, (max-width: 346px) 100vw, 346px\" \/><\/p>\n","protected":false},"excerpt":{"rendered":"<p>Buenas tardes compa\u00f1eras y compa\u00f1eros, Os recordamos que desde el IES Valle del Genal se oferta, para el pr\u00f3ximo curso, el siguiente ciclo formativo: *FORMACI\u00d3N PROFESIONAL B\u00c1SICA EN REFORMA Y MANTENIMIENTOS DE EDIFICIOS. Para m\u00e1s informaci\u00f3n pod\u00e9is consultar el siguiente documento. FP B\u00e1sica en reforma y mantenimientos de edificios Deseamos que sea de vuestro inter\u00e9s. [&hellip;]<\/p>\n","protected":false},"author":10,"featured_media":5389,"comment_status":"closed","ping_status":"open","sticky":false,"template":"","format":"standard","meta":{"_crdt_document":"","advanced_seo_description":"","jetpack_seo_html_title":"","jetpack_seo_noindex":false,"jetpack_post_was_ever_published":false,"_jetpack_newsletter_access":"","_jetpack_dont_email_post_to_subs":false,"_jetpack_newsletter_tier_id":0,"_jetpack_memberships_contains_paywalled_content":false,"_jetpack_memberships_contains_paid_content":false,"footnotes":"","jetpack_publicize_message":"","jetpack_publicize_feature_enabled":true,"jetpack_social_post_already_shared":true,"jetpack_social_options":{"image_generator_settings":{"template":"highway","default_image_id":0,"font":"","enabled":false},"version":2}},"categories":[3,5],"tags":[17,218],"class_list":{"0":"post-5386","1":"post","2":"type-post","3":"status-publish","4":"format-standard","5":"has-post-thumbnail","7":"category-formaciones","8":"category-noticias","9":"tag-convocatorias","10":"tag-fp","11":"czr-hentry"},"jetpack_publicize_connections":[],"jetpack_featured_media_url":"https:\/\/i0.wp.com\/cepronda.com\/blog\/wp-content\/uploads\/2022\/06\/FCB-Valle-del-Genal-1.jpg?fit=881%2C495&ssl=1","jetpack_shortlink":"https:\/\/wp.me\/p8M4X7-1oS","jetpack-related-posts":[{"id":5378,"url":"https:\/\/cepronda.com\/blog\/fp-agraria-ies-andres-perez-serrano\/","url_meta":{"origin":5386,"position":0},"title":"FP AGRARIA  IES ANDR\u00c9S P\u00c9REZ SERRANO","author":"Maribel Mu\u00f1oz","date":"27 junio, 2022","format":false,"excerpt":"Buenas tardes compa\u00f1eras y compa\u00f1eros, Os recordamos que desde el IES Andr\u00e9s P\u00e9rez Serrano se ofertan, para el pr\u00f3ximo curso, los siguientes ciclos formativos: *CICLO FORMATIVO DE GRADO MEDIO EN APROVECHAMIENTO Y CONSERVACI\u00d3N DEL MEDIO NATURAL *FP DUAL DUAL EN APROVECHAMIENTO Y CONSERVACI\u00d3N DEL MEDIO NATURAL *CICLO FORMATIVO DE GRADO\u2026","rel":"","context":"En \u00abFormaciones\u00bb","block_context":{"text":"Formaciones","link":"https:\/\/cepronda.com\/blog\/category\/formaciones\/"},"img":{"alt_text":"","src":"https:\/\/i0.wp.com\/cepronda.com\/blog\/wp-content\/uploads\/2020\/03\/S%C2%B0mbolo-gen%C3%87rico-RRSS-redondo-negativo.png?fit=1200%2C1200&ssl=1&resize=350%2C200","width":350,"height":200,"srcset":"https:\/\/i0.wp.com\/cepronda.com\/blog\/wp-content\/uploads\/2020\/03\/S%C2%B0mbolo-gen%C3%87rico-RRSS-redondo-negativo.png?fit=1200%2C1200&ssl=1&resize=350%2C200 1x, https:\/\/i0.wp.com\/cepronda.com\/blog\/wp-content\/uploads\/2020\/03\/S%C2%B0mbolo-gen%C3%87rico-RRSS-redondo-negativo.png?fit=1200%2C1200&ssl=1&resize=525%2C300 1.5x, https:\/\/i0.wp.com\/cepronda.com\/blog\/wp-content\/uploads\/2020\/03\/S%C2%B0mbolo-gen%C3%87rico-RRSS-redondo-negativo.png?fit=1200%2C1200&ssl=1&resize=700%2C400 2x, https:\/\/i0.wp.com\/cepronda.com\/blog\/wp-content\/uploads\/2020\/03\/S%C2%B0mbolo-gen%C3%87rico-RRSS-redondo-negativo.png?fit=1200%2C1200&ssl=1&resize=1050%2C600 3x"},"classes":[]},{"id":5848,"url":"https:\/\/cepronda.com\/blog\/ciclo-formativo-fp-tecnico-en-produccion-agroecologica\/","url_meta":{"origin":5386,"position":1},"title":"CICLO FORMATIVO FP \u00abT\u00c9CNICO EN PRODUCCI\u00d3N AGROECOL\u00d3GICA\u00bb","author":"Mamen Moreno","date":"20 marzo, 2023","format":false,"excerpt":"Conoce uno de nuestros\u00a0 Ciclo Formativos de FP\u00a0 \"T\u00e9cnico en Producci\u00f3n Agroecol\u00f3gica\",\u00a0 en el\u00a0 IES \"Andr\u00e9s P\u00e9rez Serrano\" de Cortes de la Frontera.\u00a0 Si quieres conocer lo que se imparte en este Ciclo Formativo de grado medio pincha en el siguiente enlace: https:\/\/drive.google.com\/file\/d\/1nO0T1SMuFKg0m5Zrc_k2Oo7ILI_cnVhR\/view?usp=drivesdk","rel":"","context":"En \u00abNoticias\u00bb","block_context":{"text":"Noticias","link":"https:\/\/cepronda.com\/blog\/category\/noticias\/"},"img":{"alt_text":"","src":"https:\/\/i0.wp.com\/cepronda.com\/blog\/wp-content\/uploads\/2023\/03\/CURSO-1.jpg?fit=1080%2C1080&ssl=1&resize=350%2C200","width":350,"height":200,"srcset":"https:\/\/i0.wp.com\/cepronda.com\/blog\/wp-content\/uploads\/2023\/03\/CURSO-1.jpg?fit=1080%2C1080&ssl=1&resize=350%2C200 1x, https:\/\/i0.wp.com\/cepronda.com\/blog\/wp-content\/uploads\/2023\/03\/CURSO-1.jpg?fit=1080%2C1080&ssl=1&resize=525%2C300 1.5x, https:\/\/i0.wp.com\/cepronda.com\/blog\/wp-content\/uploads\/2023\/03\/CURSO-1.jpg?fit=1080%2C1080&ssl=1&resize=700%2C400 2x, https:\/\/i0.wp.com\/cepronda.com\/blog\/wp-content\/uploads\/2023\/03\/CURSO-1.jpg?fit=1080%2C1080&ssl=1&resize=1050%2C600 3x"},"classes":[]},{"id":2178,"url":"https:\/\/cepronda.com\/blog\/2-microrrelatos-escolares-premiados-que-conmemoran-el-ano-europeo-del-patrimonio-cultural\/","url_meta":{"origin":5386,"position":2},"title":"2 Microrrelatos escolares premiados que conmemoran el A\u00f1o Europeo del Patrimonio Cultural","author":"V\u00edctor Caballero","date":"12 junio, 2018","format":false,"excerpt":"Muy buenas,\u00a0 Hoy estamos de enhorabuena ya que dos microrrelatos de centros de nuestra zona ha sido premiados en el concurso de microrrelatos educativos \"Cu\u00e9ntanos una historia\". M\u00e1s concretamente se trata de\u00a0\u201cNoche que alegra el alma\u201d de\u00a0Mar\u00eda Guerrero Garc\u00eda, del\u00a0IES Profesor Gonzalo Huesa de Ronda\u00a0y\u00a0\u00a0\u201cAdi\u00f3s\u201d de\u00a0Javier Aguilar M\u00e9ndez, del\u00a0IES Valle\u2026","rel":"","context":"En \u00abNoticias\u00bb","block_context":{"text":"Noticias","link":"https:\/\/cepronda.com\/blog\/category\/noticias\/"},"img":{"alt_text":"","src":"https:\/\/i0.wp.com\/cepronda.com\/blog\/wp-content\/uploads\/2018\/06\/premios.jpg?fit=1200%2C792&ssl=1&resize=350%2C200","width":350,"height":200,"srcset":"https:\/\/i0.wp.com\/cepronda.com\/blog\/wp-content\/uploads\/2018\/06\/premios.jpg?fit=1200%2C792&ssl=1&resize=350%2C200 1x, https:\/\/i0.wp.com\/cepronda.com\/blog\/wp-content\/uploads\/2018\/06\/premios.jpg?fit=1200%2C792&ssl=1&resize=525%2C300 1.5x, https:\/\/i0.wp.com\/cepronda.com\/blog\/wp-content\/uploads\/2018\/06\/premios.jpg?fit=1200%2C792&ssl=1&resize=700%2C400 2x, https:\/\/i0.wp.com\/cepronda.com\/blog\/wp-content\/uploads\/2018\/06\/premios.jpg?fit=1200%2C792&ssl=1&resize=1050%2C600 3x"},"classes":[]},{"id":5355,"url":"https:\/\/cepronda.com\/blog\/fpa-ies-perez-de-guzman\/","url_meta":{"origin":5386,"position":3},"title":"FPA IES P\u00c9REZ DE GUZM\u00c1N","author":"Maribel Mu\u00f1oz","date":"1 junio, 2022","format":false,"excerpt":"Buenas tardes compa\u00f1eras y compa\u00f1eros, Os informamos que desde el IES P\u00e9rez de Guzm\u00e1n se van a ofertar para el pr\u00f3ximo curso, entre otros, estos tres ciclos formativos: *T\u00c9CNICO SUPERIOR EN PROCESOS Y CALIDAD EN LA INDUSTRIA ALIMENTARIA *T\u00c9CNICO EN ATENCI\u00d3N A PERSONAS EN SITUACI\u00d3N DE DEPENDENCIA DUAL *T\u00c9CNICO EN\u2026","rel":"","context":"En \u00abFormaciones\u00bb","block_context":{"text":"Formaciones","link":"https:\/\/cepronda.com\/blog\/category\/formaciones\/"},"img":{"alt_text":"","src":"https:\/\/i0.wp.com\/cepronda.com\/blog\/wp-content\/uploads\/2020\/03\/S%C2%B0mbolo-gen%C3%87rico-RRSS-redondo-negativo.png?fit=1200%2C1200&ssl=1&resize=350%2C200","width":350,"height":200,"srcset":"https:\/\/i0.wp.com\/cepronda.com\/blog\/wp-content\/uploads\/2020\/03\/S%C2%B0mbolo-gen%C3%87rico-RRSS-redondo-negativo.png?fit=1200%2C1200&ssl=1&resize=350%2C200 1x, https:\/\/i0.wp.com\/cepronda.com\/blog\/wp-content\/uploads\/2020\/03\/S%C2%B0mbolo-gen%C3%87rico-RRSS-redondo-negativo.png?fit=1200%2C1200&ssl=1&resize=525%2C300 1.5x, https:\/\/i0.wp.com\/cepronda.com\/blog\/wp-content\/uploads\/2020\/03\/S%C2%B0mbolo-gen%C3%87rico-RRSS-redondo-negativo.png?fit=1200%2C1200&ssl=1&resize=700%2C400 2x, https:\/\/i0.wp.com\/cepronda.com\/blog\/wp-content\/uploads\/2020\/03\/S%C2%B0mbolo-gen%C3%87rico-RRSS-redondo-negativo.png?fit=1200%2C1200&ssl=1&resize=1050%2C600 3x"},"classes":[]},{"id":4139,"url":"https:\/\/cepronda.com\/blog\/taller-elaboracion-proyectos-fp-dual-curso-2021-2022\/","url_meta":{"origin":5386,"position":4},"title":"TALLER ELABORACI\u00d3N PROYECTOS FP DUAL.CURSO 2021\/2022","author":"Maribel Mu\u00f1oz","date":"1 febrero, 2021","format":false,"excerpt":"Buenas tardes compa\u00f1eras y compa\u00f1eros, Os informamos que est\u00e1 abierto el plazo de inscripci\u00f3n de la formaci\u00f3n TALLER ELABORACI\u00d3N PROYECTOS FP DUAL CURSO 2021\/2022 (211410FP006), que tendr\u00e1 lugar en el AVFP desde el d\u00eda 18-02-2021 al 26-03-2021. Las inscripciones se pueden hacer en S\u00e9neca desde el d\u00eda 01-02-2021 hasta el\u2026","rel":"","context":"En \u00abFormaciones\u00bb","block_context":{"text":"Formaciones","link":"https:\/\/cepronda.com\/blog\/category\/formaciones\/"},"img":{"alt_text":"","src":"https:\/\/i0.wp.com\/cepronda.com\/blog\/wp-content\/uploads\/2021\/02\/Formacion-DUAL-FP.jpg?fit=709%2C907&ssl=1&resize=350%2C200","width":350,"height":200,"srcset":"https:\/\/i0.wp.com\/cepronda.com\/blog\/wp-content\/uploads\/2021\/02\/Formacion-DUAL-FP.jpg?fit=709%2C907&ssl=1&resize=350%2C200 1x, https:\/\/i0.wp.com\/cepronda.com\/blog\/wp-content\/uploads\/2021\/02\/Formacion-DUAL-FP.jpg?fit=709%2C907&ssl=1&resize=525%2C300 1.5x, https:\/\/i0.wp.com\/cepronda.com\/blog\/wp-content\/uploads\/2021\/02\/Formacion-DUAL-FP.jpg?fit=709%2C907&ssl=1&resize=700%2C400 2x"},"classes":[]},{"id":2155,"url":"https:\/\/cepronda.com\/blog\/nuevas-titulaciones-en-el-ies-perez-de-guzman\/","url_meta":{"origin":5386,"position":5},"title":"Nuevas titulaciones en el IES P\u00e9rez de Guzm\u00e1n","author":"V\u00edctor Caballero","date":"11 junio, 2018","format":false,"excerpt":"\u00a1Hola de nuevo! Seguimos informando de novedades en nuestros centros, en este caso nos acercamos al IES P\u00e9rez de Guzm\u00e1n donde nos informan de nuevas titulaciones, de nuevos\u00a0Ciclos Formativos: CFGS Animaci\u00f3n Sociocultural y Tur\u00edstica. Formaci\u00f3n DUAL, formaci\u00f3n empresa-instituto. Formaci\u00f3n B\u00e1sica de Actividades Dom\u00e9sticas y Limpieza de Edificios. Formaci\u00f3n DUAL, formaci\u00f3n\u2026","rel":"","context":"En \u00abNoticias\u00bb","block_context":{"text":"Noticias","link":"https:\/\/cepronda.com\/blog\/category\/noticias\/"},"img":{"alt_text":"","src":"https:\/\/i0.wp.com\/cepronda.com\/blog\/wp-content\/uploads\/2018\/06\/IMG-20180611-WA0002.jpg?fit=849%2C1200&ssl=1&resize=350%2C200","width":350,"height":200,"srcset":"https:\/\/i0.wp.com\/cepronda.com\/blog\/wp-content\/uploads\/2018\/06\/IMG-20180611-WA0002.jpg?fit=849%2C1200&ssl=1&resize=350%2C200 1x, https:\/\/i0.wp.com\/cepronda.com\/blog\/wp-content\/uploads\/2018\/06\/IMG-20180611-WA0002.jpg?fit=849%2C1200&ssl=1&resize=525%2C300 1.5x, https:\/\/i0.wp.com\/cepronda.com\/blog\/wp-content\/uploads\/2018\/06\/IMG-20180611-WA0002.jpg?fit=849%2C1200&ssl=1&resize=700%2C400 2x"},"classes":[]}],"jetpack_sharing_enabled":true,"_links":{"self":[{"href":"https:\/\/cepronda.com\/blog\/wp-json\/wp\/v2\/posts\/5386","targetHints":{"allow":["GET"]}}],"collection":[{"href":"https:\/\/cepronda.com\/blog\/wp-json\/wp\/v2\/posts"}],"about":[{"href":"https:\/\/cepronda.com\/blog\/wp-json\/wp\/v2\/types\/post"}],"author":[{"embeddable":true,"href":"https:\/\/cepronda.com\/blog\/wp-json\/wp\/v2\/users\/10"}],"replies":[{"embeddable":true,"href":"https:\/\/cepronda.com\/blog\/wp-json\/wp\/v2\/comments?post=5386"}],"version-history":[{"count":2,"href":"https:\/\/cepronda.com\/blog\/wp-json\/wp\/v2\/posts\/5386\/revisions"}],"predecessor-version":[{"id":5391,"href":"https:\/\/cepronda.com\/blog\/wp-json\/wp\/v2\/posts\/5386\/revisions\/5391"}],"wp:featuredmedia":[{"embeddable":true,"href":"https:\/\/cepronda.com\/blog\/wp-json\/wp\/v2\/media\/5389"}],"wp:attachment":[{"href":"https:\/\/cepronda.com\/blog\/wp-json\/wp\/v2\/media?parent=5386"}],"wp:term":[{"taxonomy":"category","embeddable":true,"href":"https:\/\/cepronda.com\/blog\/wp-json\/wp\/v2\/categories?post=5386"},{"taxonomy":"post_tag","embeddable":true,"href":"https:\/\/cepronda.com\/blog\/wp-json\/wp\/v2\/tags?post=5386"}],"curies":[{"name":"wp","href":"https:\/\/api.w.org\/{rel}","templated":true}]}}