{"id":5370,"date":"2022-06-06T18:05:47","date_gmt":"2022-06-06T16:05:47","guid":{"rendered":"http:\/\/cepronda.com\/blog\/?p=5370"},"modified":"2022-06-06T18:05:47","modified_gmt":"2022-06-06T16:05:47","slug":"la-serrania-innova-tertulias-dialogicas","status":"publish","type":"post","link":"https:\/\/cepronda.com\/blog\/la-serrania-innova-tertulias-dialogicas\/","title":{"rendered":"LA SERRAN\u00cdA INNOVA. TERTULIAS DIAL\u00d3GICAS."},"content":{"rendered":"<p>Hola, hoy publicamos el \u00faltimo v\u00eddeo del curso dentro del proyecto LA SERRAN\u00cdA INNOVA.<\/p>\n<p>En esta ocasi\u00f3n nuestro compa\u00f1ero&nbsp; Juan Antonio Moreno nos habla de las TERTULIAS DIAL\u00d3GICAS, una estrategia metodol\u00f3gica utilizada en los Centros Comunidad de Aprendizaje y c\u00f3mo se puede utilizar como recurso en cualquier momento de la jornada escolar, fomentando en el alumnado la reflexi\u00f3n conjunta, la escucha activa y el respeto a la diversidad de opiniones.&nbsp;<\/p>\n<p>Esperamos que sea de vuestro inter\u00e9s.<\/p>\n<p><span class=\"embed-youtube\" style=\"text-align:center; display: block;\"><iframe loading=\"lazy\" class=\"youtube-player\" width=\"1170\" height=\"659\" src=\"https:\/\/www.youtube.com\/embed\/_6M8iJQuLn4?version=3&#038;rel=1&#038;showsearch=0&#038;showinfo=1&#038;iv_load_policy=1&#038;fs=1&#038;hl=es-ES&#038;autohide=2&#038;wmode=transparent\" allowfullscreen=\"true\" style=\"border:0;\" sandbox=\"allow-scripts allow-same-origin allow-popups allow-presentation allow-popups-to-escape-sandbox\"><\/iframe><\/span><\/p>\n<p>&nbsp;<\/p>\n","protected":false},"excerpt":{"rendered":"<p>Hola, hoy publicamos el \u00faltimo v\u00eddeo del curso dentro del proyecto LA SERRAN\u00cdA INNOVA. En esta ocasi\u00f3n nuestro compa\u00f1ero&nbsp; Juan Antonio Moreno nos habla de las TERTULIAS DIAL\u00d3GICAS, una estrategia metodol\u00f3gica utilizada en los Centros Comunidad de Aprendizaje y c\u00f3mo se puede utilizar como recurso en cualquier momento de la jornada escolar, fomentando en el [&hellip;]<\/p>\n","protected":false},"author":9,"featured_media":5371,"comment_status":"closed","ping_status":"open","sticky":false,"template":"","format":"standard","meta":{"_crdt_document":"","advanced_seo_description":"","jetpack_seo_html_title":"","jetpack_seo_noindex":false,"jetpack_post_was_ever_published":false,"_jetpack_newsletter_access":"","_jetpack_dont_email_post_to_subs":false,"_jetpack_newsletter_tier_id":0,"_jetpack_memberships_contains_paywalled_content":false,"_jetpack_memberships_contains_paid_content":false,"footnotes":"","jetpack_publicize_message":"","jetpack_publicize_feature_enabled":true,"jetpack_social_post_already_shared":true,"jetpack_social_options":{"image_generator_settings":{"template":"highway","default_image_id":0,"font":"","enabled":false},"version":2}},"categories":[5],"tags":[],"class_list":{"0":"post-5370","1":"post","2":"type-post","3":"status-publish","4":"format-standard","5":"has-post-thumbnail","7":"category-noticias","8":"czr-hentry"},"jetpack_publicize_connections":[],"jetpack_featured_media_url":"https:\/\/i0.wp.com\/cepronda.com\/blog\/wp-content\/uploads\/2022\/06\/Captura-de-pantalla-66.png?fit=1280%2C768&ssl=1","jetpack_shortlink":"https:\/\/wp.me\/p8M4X7-1oC","jetpack-related-posts":[{"id":5286,"url":"https:\/\/cepronda.com\/blog\/la-serrania-innova-gamificacion\/","url_meta":{"origin":5370,"position":0},"title":"LA SERRAN\u00cdA INNOVA. GAMIFICACI\u00d3N.","author":"Inmaculada Garc\u00eda","date":"9 mayo, 2022","format":false,"excerpt":"Hola compa\u00f1eros y compa\u00f1eras, un lunes m\u00e1s os traemos un nuevo v\u00eddeo del proyecto LA SERRAN\u00cdA INNOVA, donde podemos conocer diferentes Metodolog\u00edas Emergentes a trav\u00e9s de la experiencia pr\u00e1ctica de docentes de la comarca de la Serran\u00eda de Ronda. Esta vez, nuestra compa\u00f1era Maite Fajardo nos cuenta como pone en\u2026","rel":"","context":"En \u00abNoticias\u00bb","block_context":{"text":"Noticias","link":"https:\/\/cepronda.com\/blog\/category\/noticias\/"},"img":{"alt_text":"","src":"https:\/\/i0.wp.com\/cepronda.com\/blog\/wp-content\/uploads\/2022\/05\/ABP-1.png?fit=1080%2C1080&ssl=1&resize=350%2C200","width":350,"height":200,"srcset":"https:\/\/i0.wp.com\/cepronda.com\/blog\/wp-content\/uploads\/2022\/05\/ABP-1.png?fit=1080%2C1080&ssl=1&resize=350%2C200 1x, https:\/\/i0.wp.com\/cepronda.com\/blog\/wp-content\/uploads\/2022\/05\/ABP-1.png?fit=1080%2C1080&ssl=1&resize=525%2C300 1.5x, https:\/\/i0.wp.com\/cepronda.com\/blog\/wp-content\/uploads\/2022\/05\/ABP-1.png?fit=1080%2C1080&ssl=1&resize=700%2C400 2x, https:\/\/i0.wp.com\/cepronda.com\/blog\/wp-content\/uploads\/2022\/05\/ABP-1.png?fit=1080%2C1080&ssl=1&resize=1050%2C600 3x"},"classes":[]},{"id":5314,"url":"https:\/\/cepronda.com\/blog\/la-serrania-innova-aprendizaje-cooperativo-en-secundaria\/","url_meta":{"origin":5370,"position":1},"title":"LA SERRAN\u00cdA INNOVA. APRENDIZAJE COOPERATIVO EN SECUNDARIA.","author":"Inmaculada Garc\u00eda","date":"16 mayo, 2022","format":false,"excerpt":"Estimados compa\u00f1eros y compa\u00f1eras, volvemos un lunes m\u00e1s con nuestros v\u00eddeos de LA SERRAN\u00cdA INNOVA, Metodolog\u00edas Emergentes en la Serran\u00eda de Ronda.\u00a0 En esta ocasi\u00f3n, nuestro compa\u00f1ero Francisco Castillo del IES Escultor Mar\u00edn Higuero (Arriate) nos cuenta c\u00f3mo lleva a la pr\u00e1ctica el Aprendizaje Cooperativo en las aulas de secundaria.\u00a0\u2026","rel":"","context":"En \u00abNoticias\u00bb","block_context":{"text":"Noticias","link":"https:\/\/cepronda.com\/blog\/category\/noticias\/"},"img":{"alt_text":"","src":"https:\/\/i0.wp.com\/cepronda.com\/blog\/wp-content\/uploads\/2022\/05\/Captura-de-pantalla-108.png?fit=1200%2C677&ssl=1&resize=350%2C200","width":350,"height":200,"srcset":"https:\/\/i0.wp.com\/cepronda.com\/blog\/wp-content\/uploads\/2022\/05\/Captura-de-pantalla-108.png?fit=1200%2C677&ssl=1&resize=350%2C200 1x, https:\/\/i0.wp.com\/cepronda.com\/blog\/wp-content\/uploads\/2022\/05\/Captura-de-pantalla-108.png?fit=1200%2C677&ssl=1&resize=525%2C300 1.5x, https:\/\/i0.wp.com\/cepronda.com\/blog\/wp-content\/uploads\/2022\/05\/Captura-de-pantalla-108.png?fit=1200%2C677&ssl=1&resize=700%2C400 2x, https:\/\/i0.wp.com\/cepronda.com\/blog\/wp-content\/uploads\/2022\/05\/Captura-de-pantalla-108.png?fit=1200%2C677&ssl=1&resize=1050%2C600 3x"},"classes":[]},{"id":5332,"url":"https:\/\/cepronda.com\/blog\/la-serrania-innova-aprendizaje-servicio\/","url_meta":{"origin":5370,"position":2},"title":"LA SERRAN\u00cdA INNOVA. APRENDIZAJE-SERVICIO.","author":"Inmaculada Garc\u00eda","date":"23 mayo, 2022","format":false,"excerpt":"Hola! Seguimos con nuestros v\u00eddeos de LA SERRAN\u00cdA INNOVA, Metodolog\u00edas emergentes en la Serran\u00eda de Ronda. Esta semana tenemos la oportunidad de conocer una experiencia en APRENDIZAJE-SERVICIO que se est\u00e1 llevando a cabo en el CEIP San Jos\u00e9 Obrero en la localidad de Cuevas del Becerro. Su directora as\u00ed como\u2026","rel":"","context":"En \u00abNoticias\u00bb","block_context":{"text":"Noticias","link":"https:\/\/cepronda.com\/blog\/category\/noticias\/"},"img":{"alt_text":"","src":"https:\/\/i0.wp.com\/cepronda.com\/blog\/wp-content\/uploads\/2022\/05\/APRENDIZAJE-SERVICIO.png?fit=940%2C788&ssl=1&resize=350%2C200","width":350,"height":200,"srcset":"https:\/\/i0.wp.com\/cepronda.com\/blog\/wp-content\/uploads\/2022\/05\/APRENDIZAJE-SERVICIO.png?fit=940%2C788&ssl=1&resize=350%2C200 1x, https:\/\/i0.wp.com\/cepronda.com\/blog\/wp-content\/uploads\/2022\/05\/APRENDIZAJE-SERVICIO.png?fit=940%2C788&ssl=1&resize=525%2C300 1.5x, https:\/\/i0.wp.com\/cepronda.com\/blog\/wp-content\/uploads\/2022\/05\/APRENDIZAJE-SERVICIO.png?fit=940%2C788&ssl=1&resize=700%2C400 2x"},"classes":[]},{"id":5244,"url":"https:\/\/cepronda.com\/blog\/la-serrania-innova-metodologias-emergentes-2\/","url_meta":{"origin":5370,"position":3},"title":"LA SERRAN\u00cdA INNOVA. Metodolog\u00edas Emergentes.","author":"Inmaculada Garc\u00eda","date":"25 abril, 2022","format":false,"excerpt":"Estimados compa\u00f1eros y compa\u00f1eras, comenzamos la semana con un nuevo v\u00eddeo de LA SERRAN\u00cdA INNOVA del CEP de Ronda donde pretendemos conocer las metodolog\u00edas emergentes en la Serran\u00eda de Ronda de la mano de nuestros compa\u00f1eros y compa\u00f1eras.\u00a0 En esta ocasi\u00f3n nuestra compa\u00f1era Eli Barroso nos explica c\u00f3mo pone en\u2026","rel":"","context":"En \u00abNoticias\u00bb","block_context":{"text":"Noticias","link":"https:\/\/cepronda.com\/blog\/category\/noticias\/"},"img":{"alt_text":"","src":"https:\/\/i0.wp.com\/cepronda.com\/blog\/wp-content\/uploads\/2022\/04\/ABP-1.png?fit=1080%2C1080&ssl=1&resize=350%2C200","width":350,"height":200,"srcset":"https:\/\/i0.wp.com\/cepronda.com\/blog\/wp-content\/uploads\/2022\/04\/ABP-1.png?fit=1080%2C1080&ssl=1&resize=350%2C200 1x, https:\/\/i0.wp.com\/cepronda.com\/blog\/wp-content\/uploads\/2022\/04\/ABP-1.png?fit=1080%2C1080&ssl=1&resize=525%2C300 1.5x, https:\/\/i0.wp.com\/cepronda.com\/blog\/wp-content\/uploads\/2022\/04\/ABP-1.png?fit=1080%2C1080&ssl=1&resize=700%2C400 2x, https:\/\/i0.wp.com\/cepronda.com\/blog\/wp-content\/uploads\/2022\/04\/ABP-1.png?fit=1080%2C1080&ssl=1&resize=1050%2C600 3x"},"classes":[]},{"id":5722,"url":"https:\/\/cepronda.com\/blog\/la-serrania-innova-trabajo-por-rincones\/","url_meta":{"origin":5370,"position":4},"title":"LA SERRAN\u00cdA INNOVA: TRABAJO POR RINCONES","author":"Inmaculada Garc\u00eda","date":"20 enero, 2023","format":false,"excerpt":"Estimados compa\u00f1eros y compa\u00f1eras. Terminamos la semana con un nuevo v\u00eddeo de LA SERRAN\u00cdA INNOVA del CEP de Ronda donde pretendemos conocer las metodolog\u00edas emergentes en la Serran\u00eda de Ronda de la mano de nuestros compa\u00f1eros y compa\u00f1eras. En esta ocasi\u00f3n nuestra compa\u00f1era Eli Barroso nos explica c\u00f3mo pone en\u2026","rel":"","context":"En \u00abNoticias\u00bb","block_context":{"text":"Noticias","link":"https:\/\/cepronda.com\/blog\/category\/noticias\/"},"img":{"alt_text":"","src":"https:\/\/i0.wp.com\/cepronda.com\/blog\/wp-content\/uploads\/2023\/01\/MATEMATICAS-MANIPULATIVAS.png?fit=1080%2C1080&ssl=1&resize=350%2C200","width":350,"height":200,"srcset":"https:\/\/i0.wp.com\/cepronda.com\/blog\/wp-content\/uploads\/2023\/01\/MATEMATICAS-MANIPULATIVAS.png?fit=1080%2C1080&ssl=1&resize=350%2C200 1x, https:\/\/i0.wp.com\/cepronda.com\/blog\/wp-content\/uploads\/2023\/01\/MATEMATICAS-MANIPULATIVAS.png?fit=1080%2C1080&ssl=1&resize=525%2C300 1.5x, https:\/\/i0.wp.com\/cepronda.com\/blog\/wp-content\/uploads\/2023\/01\/MATEMATICAS-MANIPULATIVAS.png?fit=1080%2C1080&ssl=1&resize=700%2C400 2x, https:\/\/i0.wp.com\/cepronda.com\/blog\/wp-content\/uploads\/2023\/01\/MATEMATICAS-MANIPULATIVAS.png?fit=1080%2C1080&ssl=1&resize=1050%2C600 3x"},"classes":[]},{"id":5212,"url":"https:\/\/cepronda.com\/blog\/la-serrania-innova-abp\/","url_meta":{"origin":5370,"position":5},"title":"LA SERRAN\u00cdA INNOVA. ABP.","author":"Inmaculada Garc\u00eda","date":"4 abril, 2022","format":false,"excerpt":"Estimados compa\u00f1eros y compa\u00f1eras continuamos con el nuevo proyecto del CEP de Ronda: \u00a0\u201cLA SERRAN\u00cdA INNOVA\u201d. Metodolog\u00edas Emergentes. En esta ocasi\u00f3n vamos a conocer de la mano de nuestra compa\u00f1era Ester Valiente la metodolog\u00eda ABP (Aprendizaje Basado en Proyectos) y su puesta en pr\u00e1ctica con el alumnado de Secundaria integrando\u2026","rel":"","context":"En \u00abNoticias\u00bb","block_context":{"text":"Noticias","link":"https:\/\/cepronda.com\/blog\/category\/noticias\/"},"img":{"alt_text":"","src":"https:\/\/i0.wp.com\/cepronda.com\/blog\/wp-content\/uploads\/2022\/04\/ABP-1-1.png?fit=1080%2C1080&ssl=1&resize=350%2C200","width":350,"height":200,"srcset":"https:\/\/i0.wp.com\/cepronda.com\/blog\/wp-content\/uploads\/2022\/04\/ABP-1-1.png?fit=1080%2C1080&ssl=1&resize=350%2C200 1x, https:\/\/i0.wp.com\/cepronda.com\/blog\/wp-content\/uploads\/2022\/04\/ABP-1-1.png?fit=1080%2C1080&ssl=1&resize=525%2C300 1.5x, https:\/\/i0.wp.com\/cepronda.com\/blog\/wp-content\/uploads\/2022\/04\/ABP-1-1.png?fit=1080%2C1080&ssl=1&resize=700%2C400 2x, https:\/\/i0.wp.com\/cepronda.com\/blog\/wp-content\/uploads\/2022\/04\/ABP-1-1.png?fit=1080%2C1080&ssl=1&resize=1050%2C600 3x"},"classes":[]}],"jetpack_sharing_enabled":true,"_links":{"self":[{"href":"https:\/\/cepronda.com\/blog\/wp-json\/wp\/v2\/posts\/5370","targetHints":{"allow":["GET"]}}],"collection":[{"href":"https:\/\/cepronda.com\/blog\/wp-json\/wp\/v2\/posts"}],"about":[{"href":"https:\/\/cepronda.com\/blog\/wp-json\/wp\/v2\/types\/post"}],"author":[{"embeddable":true,"href":"https:\/\/cepronda.com\/blog\/wp-json\/wp\/v2\/users\/9"}],"replies":[{"embeddable":true,"href":"https:\/\/cepronda.com\/blog\/wp-json\/wp\/v2\/comments?post=5370"}],"version-history":[{"count":1,"href":"https:\/\/cepronda.com\/blog\/wp-json\/wp\/v2\/posts\/5370\/revisions"}],"predecessor-version":[{"id":5372,"href":"https:\/\/cepronda.com\/blog\/wp-json\/wp\/v2\/posts\/5370\/revisions\/5372"}],"wp:featuredmedia":[{"embeddable":true,"href":"https:\/\/cepronda.com\/blog\/wp-json\/wp\/v2\/media\/5371"}],"wp:attachment":[{"href":"https:\/\/cepronda.com\/blog\/wp-json\/wp\/v2\/media?parent=5370"}],"wp:term":[{"taxonomy":"category","embeddable":true,"href":"https:\/\/cepronda.com\/blog\/wp-json\/wp\/v2\/categories?post=5370"},{"taxonomy":"post_tag","embeddable":true,"href":"https:\/\/cepronda.com\/blog\/wp-json\/wp\/v2\/tags?post=5370"}],"curies":[{"name":"wp","href":"https:\/\/api.w.org\/{rel}","templated":true}]}}