{"id":5321,"date":"2022-05-19T14:52:04","date_gmt":"2022-05-19T12:52:04","guid":{"rendered":"http:\/\/cepronda.com\/blog\/?p=5321"},"modified":"2025-04-28T11:57:08","modified_gmt":"2025-04-28T09:57:08","slug":"convocatoria-de-cursos-sobre-el-curriculo-lomloe","status":"publish","type":"post","link":"https:\/\/cepronda.com\/blog\/convocatoria-de-cursos-sobre-el-curriculo-lomloe\/","title":{"rendered":"CONVOCATORIA DE CURSOS SOBRE EL CURR\u00cdCULO LOMLOE"},"content":{"rendered":"<p>Buenas tardes compa\u00f1eras y compa\u00f1eros<\/p>\n<p>Os informamos que est\u00e1 abierto el plazo de inscripci\u00f3n en los cursos tutorizados en l\u00ednea para la formaci\u00f3n del profesorado sobre el curr\u00edculo derivado de la LOMLOE. En el marco del Componente 21 del Plan de Recuperaci\u00f3n, Transformaci\u00f3n y Resiliencia, y &nbsp;financiadas con los fondos Next Generation EU, se convocan 4050 plazas distribuidas en tres ediciones que se desarrollar\u00e1n en junio-julio, septiembre-octubre y octubre-noviembre de 2022. En todas y cada una de las ediciones se ofertan tres cursos de 35 horas que ofrecen, de forma complementaria y conjunta, una visi\u00f3n panor\u00e1mica de los Reales Decretos de Ense\u00f1anzas M\u00ednimas del nuevo curr\u00edculo y orientaciones pr\u00e1cticas para el profesorado. Los cursos son:<\/p>\n<ul>\n<li style=\"font-weight: 400;\"><a href=\"https:\/\/www.educacionyfp.gob.es\/dam\/jcr:610b836f-fab1-4b5c-afcc-357ec35767df\/01-ficha-del-curriculo-a-la-practica-en-el-aula.pdf\" data-saferedirecturl=\"https:\/\/www.google.com\/url?q=https:\/\/www.educacionyfp.gob.es\/dam\/jcr:610b836f-fab1-4b5c-afcc-357ec35767df\/01-ficha-del-curriculo-a-la-practica-en-el-aula.pdf&amp;source=gmail&amp;ust=1653049423292000&amp;usg=AOvVaw0i789oVtgTvcnT3o93LjHV\">Del curr\u00edculo a la pr\u00e1ctica en el aula<\/a><\/li>\n<li style=\"font-weight: 400;\"><a href=\"https:\/\/www.educacionyfp.gob.es\/dam\/jcr:225aebbc-f87d-4f63-aa5f-f025973b7270\/02-ficha-intef-situaciones-aprendizaje.pdf\" data-saferedirecturl=\"https:\/\/www.google.com\/url?q=https:\/\/www.educacionyfp.gob.es\/dam\/jcr:225aebbc-f87d-4f63-aa5f-f025973b7270\/02-ficha-intef-situaciones-aprendizaje.pdf&amp;source=gmail&amp;ust=1653049423292000&amp;usg=AOvVaw0uPxZWqVF3e4Ptfym31tQ9\">Situaciones de aprendizaje para el desarrollo de competencias<\/a><\/li>\n<li style=\"font-weight: 400;\"><a href=\"https:\/\/www.educacionyfp.gob.es\/dam\/jcr:fcdd9b51-e6c6-4c68-af8d-b6329e664526\/03-ficha-evaluaci-n-de-competencias.pdf\" data-saferedirecturl=\"https:\/\/www.google.com\/url?q=https:\/\/www.educacionyfp.gob.es\/dam\/jcr:fcdd9b51-e6c6-4c68-af8d-b6329e664526\/03-ficha-evaluaci-n-de-competencias.pdf&amp;source=gmail&amp;ust=1653049423293000&amp;usg=AOvVaw3TRMqrkuhJrn7JN2IAs9iD\">Evaluaci\u00f3n de competencias a trav\u00e9s del desempe\u00f1o<\/a><\/li>\n<\/ul>\n<p style=\"font-weight: 400;\">&nbsp;<\/p>\n<p style=\"font-weight: 400;\">El plazo de inscripci\u00f3n es \u00fanico para todos los cursos y ediciones, finalizar\u00e1 el d\u00eda 31 de mayo de 2022. Se puede ampliar la informaci\u00f3n en el art\u00edculo correspondiente del&nbsp;<a href=\"https:\/\/intef.es\/Noticias\/convocatoria-de-cursos-tutorizados-en-linea-de-formacion-del-profesorado-sobre-el-curriculo-derivado-de-la-lomloe\/\" data-saferedirecturl=\"https:\/\/www.google.com\/url?q=https:\/\/intef.es\/Noticias\/convocatoria-de-cursos-tutorizados-en-linea-de-formacion-del-profesorado-sobre-el-curriculo-derivado-de-la-lomloe\/&amp;source=gmail&amp;ust=1653049423293000&amp;usg=AOvVaw1Ewu5xgUms1X84WUhwEZ4V\">Blog del INTEF<\/a>&nbsp;y realizar la inscripci\u00f3n en la&nbsp;<a href=\"https:\/\/www.educacionyfp.gob.es\/servicios-al-ciudadano\/catalogo\/profesorado\/profesorado-no-universitario\/cursos-y-jornadas\/formacion-curiculum-lomloe.html\" data-saferedirecturl=\"https:\/\/www.google.com\/url?q=https:\/\/www.educacionyfp.gob.es\/servicios-al-ciudadano\/catalogo\/profesorado\/profesorado-no-universitario\/cursos-y-jornadas\/formacion-curiculum-lomloe.html&amp;source=gmail&amp;ust=1653049423293000&amp;usg=AOvVaw0xhXte8k68BYlyKGY2zKrB\">Sede Electr\u00f3nica del Ministerio de Educaci\u00f3n y Formaci\u00f3n Profesional<\/a>. Las consultas se pueden dirigir a la cuenta de correo electr\u00f3nico&nbsp;<a href=\"mailto:formacionenred@educacion.gob.es\">formacionenred@educacion.gob.es<\/a>.<\/p>\n<p>Deseamos que sea de vuestro inter\u00e9s.<\/p>\n<p>Un saludo<\/p>\n<p>&nbsp;<\/p>\n<p><img data-recalc-dims=\"1\" loading=\"lazy\" decoding=\"async\" class=\"size-full wp-image-5322 aligncenter\" src=\"https:\/\/i0.wp.com\/cepronda.com\/blog\/wp-content\/uploads\/2022\/05\/Intef.jpg?resize=362%2C68\" alt=\"\" width=\"362\" height=\"68\" srcset=\"https:\/\/i0.wp.com\/cepronda.com\/blog\/wp-content\/uploads\/2022\/05\/Intef.jpg?w=362&amp;ssl=1 362w, https:\/\/i0.wp.com\/cepronda.com\/blog\/wp-content\/uploads\/2022\/05\/Intef.jpg?resize=300%2C56&amp;ssl=1 300w\" sizes=\"auto, (max-width: 362px) 100vw, 362px\" \/><\/p>\n","protected":false},"excerpt":{"rendered":"<p>Buenas tardes compa\u00f1eras y compa\u00f1eros Os informamos que est\u00e1 abierto el plazo de inscripci\u00f3n en los cursos tutorizados en l\u00ednea para la formaci\u00f3n del profesorado sobre el curr\u00edculo derivado de la LOMLOE. En el marco del Componente 21 del Plan de Recuperaci\u00f3n, Transformaci\u00f3n y Resiliencia, y &nbsp;financiadas con los fondos Next Generation EU, se convocan [&hellip;]<\/p>\n","protected":false},"author":10,"featured_media":5323,"comment_status":"closed","ping_status":"open","sticky":false,"template":"","format":"standard","meta":{"_crdt_document":"","advanced_seo_description":"","jetpack_seo_html_title":"","jetpack_seo_noindex":false,"jetpack_post_was_ever_published":false,"_jetpack_newsletter_access":"","_jetpack_dont_email_post_to_subs":false,"_jetpack_newsletter_tier_id":0,"_jetpack_memberships_contains_paywalled_content":false,"_jetpack_memberships_contains_paid_content":false,"footnotes":"","jetpack_publicize_message":"","jetpack_publicize_feature_enabled":true,"jetpack_social_post_already_shared":true,"jetpack_social_options":{"image_generator_settings":{"template":"highway","default_image_id":0,"font":"","enabled":false},"version":2}},"categories":[3,5],"tags":[304],"class_list":{"0":"post-5321","1":"post","2":"type-post","3":"status-publish","4":"format-standard","5":"has-post-thumbnail","7":"category-formaciones","8":"category-noticias","9":"tag-lomloe","10":"czr-hentry"},"jetpack_publicize_connections":[],"jetpack_featured_media_url":"https:\/\/i0.wp.com\/cepronda.com\/blog\/wp-content\/uploads\/2022\/05\/Intef-1.jpg?fit=362%2C68&ssl=1","jetpack_shortlink":"https:\/\/wp.me\/p8M4X7-1nP","jetpack-related-posts":[{"id":5282,"url":"https:\/\/cepronda.com\/blog\/cursos-aproximacion-al-marco-general-de-la-lomloe\/","url_meta":{"origin":5321,"position":0},"title":"CURSOS \u00abAPROXIMACI\u00d3N AL MARCO GENERAL DE LA LOMLOE\u00bb","author":"Inmaculada Garc\u00eda","date":"5 mayo, 2022","format":false,"excerpt":"Buenos d\u00edas compa\u00f1eras y compa\u00f1eros, Os hacemos llegar\u00a0la informaci\u00f3n sobre las actividades formativas \"APROXIMACI\u00d3N AL MARCO GENERAL DE LA LOMLOE\" de \u00e1mbito regional.\u00a0 Descripci\u00f3n: El nuevo marco normativo educativo que emana desde el Ministerio de Educaci\u00f3n y Formaci\u00f3n\u00a0Profesional\u00a0hace\u00a0necesario una formaci\u00f3n general para aproximarse a los cambios que est\u00e1 promoviendo en\u2026","rel":"","context":"En \u00abFormaciones\u00bb","block_context":{"text":"Formaciones","link":"https:\/\/cepronda.com\/blog\/category\/formaciones\/"},"img":{"alt_text":"","src":"https:\/\/i0.wp.com\/cepronda.com\/blog\/wp-content\/uploads\/2022\/05\/Copia-de-ESTANCIAS-FORMATIVAS-EN-EMPRESAS-PARA-EL-PROFESORADO-DE-FORMACION-PROFESIONAL.png?fit=1080%2C1080&ssl=1&resize=350%2C200","width":350,"height":200,"srcset":"https:\/\/i0.wp.com\/cepronda.com\/blog\/wp-content\/uploads\/2022\/05\/Copia-de-ESTANCIAS-FORMATIVAS-EN-EMPRESAS-PARA-EL-PROFESORADO-DE-FORMACION-PROFESIONAL.png?fit=1080%2C1080&ssl=1&resize=350%2C200 1x, https:\/\/i0.wp.com\/cepronda.com\/blog\/wp-content\/uploads\/2022\/05\/Copia-de-ESTANCIAS-FORMATIVAS-EN-EMPRESAS-PARA-EL-PROFESORADO-DE-FORMACION-PROFESIONAL.png?fit=1080%2C1080&ssl=1&resize=525%2C300 1.5x, https:\/\/i0.wp.com\/cepronda.com\/blog\/wp-content\/uploads\/2022\/05\/Copia-de-ESTANCIAS-FORMATIVAS-EN-EMPRESAS-PARA-EL-PROFESORADO-DE-FORMACION-PROFESIONAL.png?fit=1080%2C1080&ssl=1&resize=700%2C400 2x, https:\/\/i0.wp.com\/cepronda.com\/blog\/wp-content\/uploads\/2022\/05\/Copia-de-ESTANCIAS-FORMATIVAS-EN-EMPRESAS-PARA-EL-PROFESORADO-DE-FORMACION-PROFESIONAL.png?fit=1080%2C1080&ssl=1&resize=1050%2C600 3x"},"classes":[]},{"id":5339,"url":"https:\/\/cepronda.com\/blog\/aproximacion-al-marco-general-de-la-lomloe-educacion-primaria-229922kpf404\/","url_meta":{"origin":5321,"position":1},"title":"\u00a0APROXIMACI\u00d3N AL MARCO GENERAL DE LA LOMLOE. EDUCACI\u00d3N PRIMARIA (229922KPF404)","author":"Inmaculada Garc\u00eda","date":"26 mayo, 2022","format":false,"excerpt":"Se encuentra abierto el plazo de inscripci\u00f3n (del 26 al 30 de mayo) del curso a distancia: APROXIMACI\u00d3N AL MARCO GENERAL DE LA LOMLOE. EDUCACI\u00d3N PRIMARIA (229922KPF404) Duraci\u00f3n: 15 horas en el AVFP (desde el 01\/06\/2022 a 21\/06\/2022) Dirigido a: Profesorado de Educaci\u00f3n Primaria Para m\u00e1s informaci\u00f3n e inscripci\u00f3n: \u00a0\u2026","rel":"","context":"En \u00abFormaciones\u00bb","block_context":{"text":"Formaciones","link":"https:\/\/cepronda.com\/blog\/category\/formaciones\/"},"img":{"alt_text":"","src":"https:\/\/i0.wp.com\/cepronda.com\/blog\/wp-content\/uploads\/2022\/05\/WhatsApp-Image-2022-05-26-at-10.56.23-AM.jpeg?fit=1080%2C1080&ssl=1&resize=350%2C200","width":350,"height":200,"srcset":"https:\/\/i0.wp.com\/cepronda.com\/blog\/wp-content\/uploads\/2022\/05\/WhatsApp-Image-2022-05-26-at-10.56.23-AM.jpeg?fit=1080%2C1080&ssl=1&resize=350%2C200 1x, https:\/\/i0.wp.com\/cepronda.com\/blog\/wp-content\/uploads\/2022\/05\/WhatsApp-Image-2022-05-26-at-10.56.23-AM.jpeg?fit=1080%2C1080&ssl=1&resize=525%2C300 1.5x, https:\/\/i0.wp.com\/cepronda.com\/blog\/wp-content\/uploads\/2022\/05\/WhatsApp-Image-2022-05-26-at-10.56.23-AM.jpeg?fit=1080%2C1080&ssl=1&resize=700%2C400 2x, https:\/\/i0.wp.com\/cepronda.com\/blog\/wp-content\/uploads\/2022\/05\/WhatsApp-Image-2022-05-26-at-10.56.23-AM.jpeg?fit=1080%2C1080&ssl=1&resize=1050%2C600 3x"},"classes":[]},{"id":5343,"url":"https:\/\/cepronda.com\/blog\/aproximacion-al-marco-general-de-la-lomloe-educacion-secundaria-obligatoria-y-bachillerato-229922kpf405\/","url_meta":{"origin":5321,"position":2},"title":"APROXIMACI\u00d3N AL MARCO GENERAL DE LA LOMLOE. EDUCACI\u00d3N SECUNDARIA OBLIGATORIA Y BACHILLERATO (229922KPF405).","author":"Inmaculada Garc\u00eda","date":"26 mayo, 2022","format":false,"excerpt":"Se encuentra abierto el plazo de inscripci\u00f3n (del 26 al 30 de mayo) del curso a distancia: APROXIMACI\u00d3N AL MARCO GENERAL DE LA LOMLOE. EDUCACI\u00d3N SECUNDARIA OBLIGATORIA Y BACHILLERATO (229922KPF405). Duraci\u00f3n: 15 horas en el AVFP (desde el 01\/06\/2022 a 21\/06\/2022) Dirigido a: Profesorado de Educaci\u00f3n Secundaria Obligatoria y Bachillerato.\u2026","rel":"","context":"En \u00abFormaciones\u00bb","block_context":{"text":"Formaciones","link":"https:\/\/cepronda.com\/blog\/category\/formaciones\/"},"img":{"alt_text":"","src":"https:\/\/i0.wp.com\/cepronda.com\/blog\/wp-content\/uploads\/2022\/05\/WhatsApp-Image-2022-05-26-at-10.56.24-AM.jpeg?fit=1080%2C1080&ssl=1&resize=350%2C200","width":350,"height":200,"srcset":"https:\/\/i0.wp.com\/cepronda.com\/blog\/wp-content\/uploads\/2022\/05\/WhatsApp-Image-2022-05-26-at-10.56.24-AM.jpeg?fit=1080%2C1080&ssl=1&resize=350%2C200 1x, https:\/\/i0.wp.com\/cepronda.com\/blog\/wp-content\/uploads\/2022\/05\/WhatsApp-Image-2022-05-26-at-10.56.24-AM.jpeg?fit=1080%2C1080&ssl=1&resize=525%2C300 1.5x, https:\/\/i0.wp.com\/cepronda.com\/blog\/wp-content\/uploads\/2022\/05\/WhatsApp-Image-2022-05-26-at-10.56.24-AM.jpeg?fit=1080%2C1080&ssl=1&resize=700%2C400 2x, https:\/\/i0.wp.com\/cepronda.com\/blog\/wp-content\/uploads\/2022\/05\/WhatsApp-Image-2022-05-26-at-10.56.24-AM.jpeg?fit=1080%2C1080&ssl=1&resize=1050%2C600 3x"},"classes":[]},{"id":5468,"url":"https:\/\/cepronda.com\/blog\/aproximacion-al-marco-general-de-la-lomloe-educacion-infantil\/","url_meta":{"origin":5321,"position":3},"title":"APROXIMACI\u00d3N AL MARCO GENERAL DE LA LOMLOE.EDUCACI\u00d3N INFANTIL.","author":"Maribel Mu\u00f1oz","date":"16 septiembre, 2022","format":false,"excerpt":"Buenas tardes compa\u00f1eras y compa\u00f1eros, Os\u00a0 informamos que est\u00e1 abierto el plazo de inscripci\u00f3n en el curso a distancia APROXIMACI\u00d3N AL MARCO GENERAL DE LA LOMLOE. EDUCACI\u00d3N INFANTIL con c\u00f3digo 232924PF403. Fechas de inscripci\u00f3n : del 16\/09\/2022 al 03\/10\/2022 Fecha de inicio: 10\/10\/2022 Fecha finalizaci\u00f3n: 10\/11\/2022 Horas: 15\u00a0 ( online\u2026","rel":"","context":"En \u00abFormaciones\u00bb","block_context":{"text":"Formaciones","link":"https:\/\/cepronda.com\/blog\/category\/formaciones\/"},"img":{"alt_text":"","src":"https:\/\/i0.wp.com\/cepronda.com\/blog\/wp-content\/uploads\/2022\/09\/WhatsApp-Image-2022-09-16-at-11.24.09.jpeg?fit=1200%2C675&ssl=1&resize=350%2C200","width":350,"height":200,"srcset":"https:\/\/i0.wp.com\/cepronda.com\/blog\/wp-content\/uploads\/2022\/09\/WhatsApp-Image-2022-09-16-at-11.24.09.jpeg?fit=1200%2C675&ssl=1&resize=350%2C200 1x, https:\/\/i0.wp.com\/cepronda.com\/blog\/wp-content\/uploads\/2022\/09\/WhatsApp-Image-2022-09-16-at-11.24.09.jpeg?fit=1200%2C675&ssl=1&resize=525%2C300 1.5x, https:\/\/i0.wp.com\/cepronda.com\/blog\/wp-content\/uploads\/2022\/09\/WhatsApp-Image-2022-09-16-at-11.24.09.jpeg?fit=1200%2C675&ssl=1&resize=700%2C400 2x, https:\/\/i0.wp.com\/cepronda.com\/blog\/wp-content\/uploads\/2022\/09\/WhatsApp-Image-2022-09-16-at-11.24.09.jpeg?fit=1200%2C675&ssl=1&resize=1050%2C600 3x"},"classes":[]},{"id":5473,"url":"https:\/\/cepronda.com\/blog\/aproximacion-al-marco-general-de-la-lomloe-educacion-primaria\/","url_meta":{"origin":5321,"position":4},"title":"APROXIMACI\u00d3N AL MARCO GENERAL DE LA LOMLOE.EDUCACI\u00d3N PRIMARIA.","author":"Maribel Mu\u00f1oz","date":"16 septiembre, 2022","format":false,"excerpt":"Buenas tardes compa\u00f1eras y compa\u00f1eros, Os\u00a0 informamos que est\u00e1 abierto el plazo de inscripci\u00f3n en el curso a distancia APROXIMACI\u00d3N AL MARCO GENERAL DE LA LOMLOE. EDUCACI\u00d3N PRIMARIA con c\u00f3digo 232924PF404. Fechas de inscripci\u00f3n : del 16\/09\/2022 al 03\/10\/2022 Fecha de inicio: 10\/10\/2022 Fecha finalizaci\u00f3n: 10\/11\/2022 Horas: 15\u00a0 ( online\u2026","rel":"","context":"En \u00abFormaciones\u00bb","block_context":{"text":"Formaciones","link":"https:\/\/cepronda.com\/blog\/category\/formaciones\/"},"img":{"alt_text":"","src":"https:\/\/i0.wp.com\/cepronda.com\/blog\/wp-content\/uploads\/2022\/09\/WhatsApp-Image-2022-09-16-at-11.24.13.jpeg?fit=1200%2C675&ssl=1&resize=350%2C200","width":350,"height":200,"srcset":"https:\/\/i0.wp.com\/cepronda.com\/blog\/wp-content\/uploads\/2022\/09\/WhatsApp-Image-2022-09-16-at-11.24.13.jpeg?fit=1200%2C675&ssl=1&resize=350%2C200 1x, https:\/\/i0.wp.com\/cepronda.com\/blog\/wp-content\/uploads\/2022\/09\/WhatsApp-Image-2022-09-16-at-11.24.13.jpeg?fit=1200%2C675&ssl=1&resize=525%2C300 1.5x, https:\/\/i0.wp.com\/cepronda.com\/blog\/wp-content\/uploads\/2022\/09\/WhatsApp-Image-2022-09-16-at-11.24.13.jpeg?fit=1200%2C675&ssl=1&resize=700%2C400 2x, https:\/\/i0.wp.com\/cepronda.com\/blog\/wp-content\/uploads\/2022\/09\/WhatsApp-Image-2022-09-16-at-11.24.13.jpeg?fit=1200%2C675&ssl=1&resize=1050%2C600 3x"},"classes":[]},{"id":5464,"url":"https:\/\/cepronda.com\/blog\/aproximacion-al-marco-general-de-la-lomloe-educacion-secundaria-y-bachillerato\/","url_meta":{"origin":5321,"position":5},"title":"APROXIMACI\u00d3N AL MARCO GENERAL DE LA LOMLOE.EDUCACI\u00d3N SECUNDARIA Y BACHILLERATO.","author":"Maribel Mu\u00f1oz","date":"16 septiembre, 2022","format":false,"excerpt":"Buenas tardes compa\u00f1eras y compa\u00f1eros, Os\u00a0 informamos que est\u00e1 abierto el plazo de inscripci\u00f3n en el curso a distancia APROXIMACI\u00d3N AL MARCO GENERAL DE LA LOMLOE. EDUCACI\u00d3N SECUNDARIA Y BACHILLERATO con c\u00f3digo\u00a0232924PF405. Fechas de inscripci\u00f3n : del 16\/09\/2022 al 03\/10\/2022 Fecha de inicio: 10\/10\/2022 Fecha finalizaci\u00f3n: 10\/11\/2022 Horas: 15\u00a0 (\u2026","rel":"","context":"En \u00abFormaciones\u00bb","block_context":{"text":"Formaciones","link":"https:\/\/cepronda.com\/blog\/category\/formaciones\/"},"img":{"alt_text":"","src":"https:\/\/i0.wp.com\/cepronda.com\/blog\/wp-content\/uploads\/2022\/09\/WhatsApp-Image-2022-09-16-at-11.25.31.jpeg?fit=1200%2C675&ssl=1&resize=350%2C200","width":350,"height":200,"srcset":"https:\/\/i0.wp.com\/cepronda.com\/blog\/wp-content\/uploads\/2022\/09\/WhatsApp-Image-2022-09-16-at-11.25.31.jpeg?fit=1200%2C675&ssl=1&resize=350%2C200 1x, https:\/\/i0.wp.com\/cepronda.com\/blog\/wp-content\/uploads\/2022\/09\/WhatsApp-Image-2022-09-16-at-11.25.31.jpeg?fit=1200%2C675&ssl=1&resize=525%2C300 1.5x, https:\/\/i0.wp.com\/cepronda.com\/blog\/wp-content\/uploads\/2022\/09\/WhatsApp-Image-2022-09-16-at-11.25.31.jpeg?fit=1200%2C675&ssl=1&resize=700%2C400 2x, https:\/\/i0.wp.com\/cepronda.com\/blog\/wp-content\/uploads\/2022\/09\/WhatsApp-Image-2022-09-16-at-11.25.31.jpeg?fit=1200%2C675&ssl=1&resize=1050%2C600 3x"},"classes":[]}],"jetpack_sharing_enabled":true,"_links":{"self":[{"href":"https:\/\/cepronda.com\/blog\/wp-json\/wp\/v2\/posts\/5321","targetHints":{"allow":["GET"]}}],"collection":[{"href":"https:\/\/cepronda.com\/blog\/wp-json\/wp\/v2\/posts"}],"about":[{"href":"https:\/\/cepronda.com\/blog\/wp-json\/wp\/v2\/types\/post"}],"author":[{"embeddable":true,"href":"https:\/\/cepronda.com\/blog\/wp-json\/wp\/v2\/users\/10"}],"replies":[{"embeddable":true,"href":"https:\/\/cepronda.com\/blog\/wp-json\/wp\/v2\/comments?post=5321"}],"version-history":[{"count":1,"href":"https:\/\/cepronda.com\/blog\/wp-json\/wp\/v2\/posts\/5321\/revisions"}],"predecessor-version":[{"id":5324,"href":"https:\/\/cepronda.com\/blog\/wp-json\/wp\/v2\/posts\/5321\/revisions\/5324"}],"wp:featuredmedia":[{"embeddable":true,"href":"https:\/\/cepronda.com\/blog\/wp-json\/wp\/v2\/media\/5323"}],"wp:attachment":[{"href":"https:\/\/cepronda.com\/blog\/wp-json\/wp\/v2\/media?parent=5321"}],"wp:term":[{"taxonomy":"category","embeddable":true,"href":"https:\/\/cepronda.com\/blog\/wp-json\/wp\/v2\/categories?post=5321"},{"taxonomy":"post_tag","embeddable":true,"href":"https:\/\/cepronda.com\/blog\/wp-json\/wp\/v2\/tags?post=5321"}],"curies":[{"name":"wp","href":"https:\/\/api.w.org\/{rel}","templated":true}]}}