{"id":5295,"date":"2022-05-11T12:15:10","date_gmt":"2022-05-11T10:15:10","guid":{"rendered":"http:\/\/cepronda.com\/blog\/?p=5295"},"modified":"2025-04-28T12:00:26","modified_gmt":"2025-04-28T10:00:26","slug":"psicomotricidad-y-danza-en-infantil","status":"publish","type":"post","link":"https:\/\/cepronda.com\/blog\/psicomotricidad-y-danza-en-infantil\/","title":{"rendered":"PSICOMOTRICIDAD Y DANZA EN INFANTIL"},"content":{"rendered":"<p>Buenos d\u00edas.<\/p>\n<p>Os informamos que est\u00e1 abierto el plazo de solicitudes para&nbsp; el curso <span style=\"color: #339966;\">PSICOMOTRICIDAD Y DANZA EN INFANTIL<\/span> con c\u00f3digo <strong>222924GE048. <\/strong>En el que trabajaremos contenidos relacionados con:<\/p>\n<ol>\n<li style=\"font-weight: 400;\" aria-level=\"1\"><span style=\"font-weight: 400;\">Bailes de canciones psicomotrices y gestuadas.<\/span><\/li>\n<li style=\"font-weight: 400;\" aria-level=\"1\"><span style=\"font-weight: 400;\">Juegos psicomotrices y de expresi\u00f3n corporal para: conocimiento del espacio y de los compa\u00f1eros y de su propio cuerpo.<\/span><\/li>\n<li style=\"font-weight: 400;\" aria-level=\"1\"><span style=\"font-weight: 400;\">Danzas&nbsp; del mundo, de cine, modernas, etc.<\/span><\/li>\n<li style=\"font-weight: 400;\" aria-level=\"1\"><span style=\"font-weight: 400;\">Relajaci\u00f3n y respiraci\u00f3n a trav\u00e9s de juegos.<\/span><\/li>\n<li style=\"font-weight: 400;\" aria-level=\"1\"><span style=\"font-weight: 400;\">Nociones espaciales y temporales.<\/span><\/li>\n<li style=\"font-weight: 400;\" aria-level=\"1\"><span style=\"font-weight: 400;\">Juegos de coordinaci\u00f3n y equilibrio.<\/span><\/li>\n<li style=\"font-weight: 400;\" aria-level=\"1\"><span style=\"font-weight: 400;\">Danzas con instrumentos.<\/span><\/li>\n<li style=\"font-weight: 400;\" aria-level=\"1\"><span style=\"font-weight: 400;\">Cuentos con&nbsp; movimiento psicomotriz.<\/span><\/li>\n<li style=\"font-weight: 400;\" aria-level=\"1\"><span style=\"font-weight: 400;\">Juegos de relajaci\u00f3n, estiramiento&#8230;<\/span><\/li>\n<\/ol>\n<p><strong>Fechas de inscripci\u00f3n<\/strong> : del&nbsp; 11\/05\/2022 al 17\/05\/2022<\/p>\n<p><strong>Fecha de las sesiones: <span style=\"color: #993366;\">18\/05\/2022<\/span><\/strong><\/p>\n<p><span style=\"color: #993366;\"><strong>&nbsp; &nbsp; &nbsp; &nbsp; &nbsp; &nbsp; &nbsp; &nbsp; &nbsp; &nbsp; &nbsp; &nbsp; &nbsp; &nbsp; &nbsp; &nbsp; &nbsp; &nbsp; &nbsp; &nbsp; &nbsp; &nbsp; &nbsp; &nbsp;01\/06\/2022<\/strong><\/span><\/p>\n<p><span style=\"color: #993366;\"><strong>&nbsp; &nbsp; &nbsp; &nbsp; &nbsp; &nbsp; &nbsp; &nbsp; &nbsp; &nbsp; &nbsp; &nbsp; &nbsp; &nbsp; &nbsp; &nbsp; &nbsp; &nbsp; &nbsp; &nbsp; &nbsp; &nbsp; &nbsp; &nbsp;08\/06\/2022<\/strong><\/span><\/p>\n<p><strong>Horas<\/strong><span style=\"font-weight: inherit;\">: 10&nbsp; ( 9 horas presenciales en el CEP de Ronda y 1 hora no presencial )<\/span><\/p>\n<p>Para m\u00e1s informaci\u00f3n e inscripci\u00f3n, consulta el siguiente <a href=\"https:\/\/www.juntadeandalucia.es\/educacion\/secretariavirtual\/consultaCEP\/actividad\/222924GE048\/\">enlace<\/a>&nbsp;<\/p>\n<p><span style=\"font-weight: inherit;\"><br \/>\n<\/span>Deseamos que sea de vuestro inter\u00e9s.&nbsp; &nbsp; &nbsp; &nbsp; &nbsp; &nbsp; &nbsp; &nbsp; &nbsp; &nbsp; &nbsp; &nbsp; &nbsp; &nbsp; &nbsp; &nbsp; &nbsp; &nbsp; &nbsp; &nbsp; &nbsp; &nbsp; &nbsp; &nbsp; &nbsp; &nbsp; &nbsp; &nbsp; &nbsp; &nbsp; &nbsp; &nbsp; &nbsp; &nbsp; &nbsp; &nbsp; &nbsp; &nbsp; &nbsp; &nbsp; &nbsp; &nbsp; &nbsp; &nbsp; &nbsp; &nbsp; &nbsp; &nbsp; &nbsp; &nbsp; &nbsp; &nbsp; &nbsp; &nbsp; &nbsp; &nbsp; &nbsp; &nbsp; &nbsp; &nbsp; &nbsp; &nbsp; &nbsp; &nbsp; &nbsp; &nbsp; &nbsp; &nbsp; &nbsp; &nbsp; &nbsp; &nbsp; &nbsp; &nbsp; &nbsp; &nbsp; &nbsp; &nbsp; &nbsp; &nbsp; &nbsp; &nbsp; &nbsp; &nbsp; &nbsp; &nbsp; &nbsp; &nbsp; &nbsp; &nbsp; &nbsp; &nbsp; &nbsp; &nbsp; &nbsp; &nbsp;<a href=\"http:\/\/cepronda.com\/blog\/wp-content\/uploads\/2022\/05\/CEP-DE-RONDA.pdf\">CEP DE RONDA<\/a><\/p>\n<p><img data-recalc-dims=\"1\" loading=\"lazy\" decoding=\"async\" class=\" wp-image-5304 aligncenter\" src=\"https:\/\/i0.wp.com\/cepronda.com\/blog\/wp-content\/uploads\/2022\/05\/CEP-DE-RONDA-1-212x300.png?resize=384%2C543\" alt=\"\" width=\"384\" height=\"543\" srcset=\"https:\/\/i0.wp.com\/cepronda.com\/blog\/wp-content\/uploads\/2022\/05\/CEP-DE-RONDA-1.png?resize=212%2C300&amp;ssl=1 212w, https:\/\/i0.wp.com\/cepronda.com\/blog\/wp-content\/uploads\/2022\/05\/CEP-DE-RONDA-1.png?resize=724%2C1024&amp;ssl=1 724w, https:\/\/i0.wp.com\/cepronda.com\/blog\/wp-content\/uploads\/2022\/05\/CEP-DE-RONDA-1.png?resize=768%2C1086&amp;ssl=1 768w, https:\/\/i0.wp.com\/cepronda.com\/blog\/wp-content\/uploads\/2022\/05\/CEP-DE-RONDA-1.png?resize=1086%2C1536&amp;ssl=1 1086w, https:\/\/i0.wp.com\/cepronda.com\/blog\/wp-content\/uploads\/2022\/05\/CEP-DE-RONDA-1.png?resize=1448%2C2048&amp;ssl=1 1448w, https:\/\/i0.wp.com\/cepronda.com\/blog\/wp-content\/uploads\/2022\/05\/CEP-DE-RONDA-1.png?w=1587&amp;ssl=1 1587w\" sizes=\"auto, (max-width: 384px) 100vw, 384px\" \/><\/p>\n<p>&nbsp;<\/p>\n","protected":false},"excerpt":{"rendered":"<p>Buenos d\u00edas. Os informamos que est\u00e1 abierto el plazo de solicitudes para&nbsp; el curso PSICOMOTRICIDAD Y DANZA EN INFANTIL con c\u00f3digo 222924GE048. En el que trabajaremos contenidos relacionados con: Bailes de canciones psicomotrices y gestuadas. Juegos psicomotrices y de expresi\u00f3n corporal para: conocimiento del espacio y de los compa\u00f1eros y de su propio cuerpo. Danzas&nbsp; [&hellip;]<\/p>\n","protected":false},"author":9,"featured_media":0,"comment_status":"closed","ping_status":"open","sticky":false,"template":"","format":"standard","meta":{"_crdt_document":"","advanced_seo_description":"","jetpack_seo_html_title":"","jetpack_seo_noindex":false,"jetpack_post_was_ever_published":false,"_jetpack_newsletter_access":"","_jetpack_dont_email_post_to_subs":false,"_jetpack_newsletter_tier_id":0,"_jetpack_memberships_contains_paywalled_content":false,"_jetpack_memberships_contains_paid_content":false,"footnotes":"","jetpack_publicize_message":"","jetpack_publicize_feature_enabled":true,"jetpack_social_post_already_shared":true,"jetpack_social_options":{"image_generator_settings":{"template":"highway","default_image_id":0,"font":"","enabled":false},"version":2}},"categories":[3,5],"tags":[],"class_list":{"0":"post-5295","1":"post","2":"type-post","3":"status-publish","4":"format-standard","6":"category-formaciones","7":"category-noticias","8":"czr-hentry"},"jetpack_publicize_connections":[],"jetpack_featured_media_url":"","jetpack_shortlink":"https:\/\/wp.me\/p8M4X7-1np","jetpack-related-posts":[{"id":9529,"url":"https:\/\/cepronda.com\/blog\/psicomotricidad-e-inclusion-en-la-etapa-de-educacion-infantil\/","url_meta":{"origin":5295,"position":0},"title":"PSICOMOTRICIDAD E INCLUSI\u00d3N EN LA ETAPA DE EDUCACI\u00d3N INFANTIL","author":"V\u00edctor Caballero","date":"27 abril, 2026","format":false,"excerpt":"\u27a1\ufe0fSe convoca la actividad PSICOMOTRICIDAD E INCLUSI\u00d3N EN LA ETAPA DE EDUCACI\u00d3N INFANTIL con c\u00f3digo 262924GE106 dirigida al profesorado de educaci\u00f3n f\u00edsica y educaci\u00f3n infantil de centros p\u00fablicos y conveniados. \ud83d\udea8 IMPORTANTE leer el detalle de la actividad al completo. \u23f3 PLAZO DE INSCRIPCI\u00d3N: desde el 27 de abril al\u2026","rel":"","context":"En \u00abFormaciones\u00bb","block_context":{"text":"Formaciones","link":"https:\/\/cepronda.com\/blog\/category\/formaciones\/"},"img":{"alt_text":"","src":"https:\/\/i0.wp.com\/cepronda.com\/blog\/wp-content\/uploads\/2026\/04\/262924GE106-Cartel-curso-Psicomotricidad.png?fit=960%2C1200&ssl=1&resize=350%2C200","width":350,"height":200,"srcset":"https:\/\/i0.wp.com\/cepronda.com\/blog\/wp-content\/uploads\/2026\/04\/262924GE106-Cartel-curso-Psicomotricidad.png?fit=960%2C1200&ssl=1&resize=350%2C200 1x, https:\/\/i0.wp.com\/cepronda.com\/blog\/wp-content\/uploads\/2026\/04\/262924GE106-Cartel-curso-Psicomotricidad.png?fit=960%2C1200&ssl=1&resize=525%2C300 1.5x, https:\/\/i0.wp.com\/cepronda.com\/blog\/wp-content\/uploads\/2026\/04\/262924GE106-Cartel-curso-Psicomotricidad.png?fit=960%2C1200&ssl=1&resize=700%2C400 2x"},"classes":[]},{"id":8961,"url":"https:\/\/cepronda.com\/blog\/jornadas-de-investigacion-en-danza-del-conservatorio-superior-angel-pericet\/","url_meta":{"origin":5295,"position":1},"title":"JORNADAS DE INVESTIGACI\u00d3N EN DANZA DEL CONSERVATORIO SUPERIOR \u00c1NGEL PERICET","author":"Mamen Moreno","date":"23 octubre, 2025","format":false,"excerpt":"Se abre el plazo de inscripciones a las IV JORNADAS DE INVESTIGACI\u00d3N EN DANZA DEL CONSERVATORIO SUPERIOR \u00c1NGEL PERICET \u270f\ufe0f Inscripci\u00f3n: 23\/10\/2025 a 16\/11\/2025 Actividad: 26\/11\/2025 - 27\/11\/2025 \u27a1\ufe0f Duraci\u00f3n: 2 sesiones. Lugar: D\u00eda 26 en el Conservatorio Superior de Danza \u00c1ngel Pericet, d\u00eda 27 presencial online en WEBEX. M\u00e1s\u2026","rel":"","context":"En \u00abFormaciones\u00bb","block_context":{"text":"Formaciones","link":"https:\/\/cepronda.com\/blog\/category\/formaciones\/"},"img":{"alt_text":"","src":"https:\/\/i0.wp.com\/cepronda.com\/blog\/wp-content\/uploads\/2025\/10\/WhatsApp-Image-2025-10-23-at-12.48.58.jpeg?fit=1080%2C1080&ssl=1&resize=350%2C200","width":350,"height":200,"srcset":"https:\/\/i0.wp.com\/cepronda.com\/blog\/wp-content\/uploads\/2025\/10\/WhatsApp-Image-2025-10-23-at-12.48.58.jpeg?fit=1080%2C1080&ssl=1&resize=350%2C200 1x, https:\/\/i0.wp.com\/cepronda.com\/blog\/wp-content\/uploads\/2025\/10\/WhatsApp-Image-2025-10-23-at-12.48.58.jpeg?fit=1080%2C1080&ssl=1&resize=525%2C300 1.5x, https:\/\/i0.wp.com\/cepronda.com\/blog\/wp-content\/uploads\/2025\/10\/WhatsApp-Image-2025-10-23-at-12.48.58.jpeg?fit=1080%2C1080&ssl=1&resize=700%2C400 2x, https:\/\/i0.wp.com\/cepronda.com\/blog\/wp-content\/uploads\/2025\/10\/WhatsApp-Image-2025-10-23-at-12.48.58.jpeg?fit=1080%2C1080&ssl=1&resize=1050%2C600 3x"},"classes":[]},{"id":4136,"url":"https:\/\/cepronda.com\/blog\/formacion-introduccion-al-metodo-adapt-para-el-profesorado-de-danza\/","url_meta":{"origin":5295,"position":2},"title":"Formaci\u00f3n: INTRODUCCI\u00d3N AL M\u00c9TODO ADAPT PARA EL PROFESORADO DE DANZA","author":"Maribel Mu\u00f1oz","date":"1 febrero, 2021","format":false,"excerpt":"Buenas tardes compa\u00f1eras y compa\u00f1eros, Os informamos que est\u00e1 abierto el plazo de inscripci\u00f3n de la formaci\u00f3n regional \"INTRODUCCI\u00d3N AL M\u00c9TODO ADAPT PARA EL PROFESORADO DE DANZA\" con c\u00f3digo 211104FEDAP026 dirigida al profesorado de Danza de Conservatorio. El plazo de inscripci\u00f3n finaliza el 22 de febrero. Adjuntamos enlace : https:\/\/www.juntadeandalucia.es\/educacion\/secretariavirtual\/consultaCEP\/actividad\/211104FEDAP026\/\u2026","rel":"","context":"En \u00abFormaciones\u00bb","block_context":{"text":"Formaciones","link":"https:\/\/cepronda.com\/blog\/category\/formaciones\/"},"img":{"alt_text":"","src":"https:\/\/i0.wp.com\/cepronda.com\/blog\/wp-content\/uploads\/2021\/02\/Cartel-formacion-de-danza.jpg?fit=683%2C955&ssl=1&resize=350%2C200","width":350,"height":200,"srcset":"https:\/\/i0.wp.com\/cepronda.com\/blog\/wp-content\/uploads\/2021\/02\/Cartel-formacion-de-danza.jpg?fit=683%2C955&ssl=1&resize=350%2C200 1x, https:\/\/i0.wp.com\/cepronda.com\/blog\/wp-content\/uploads\/2021\/02\/Cartel-formacion-de-danza.jpg?fit=683%2C955&ssl=1&resize=525%2C300 1.5x"},"classes":[]},{"id":1503,"url":"https:\/\/cepronda.com\/blog\/curso-musica-y-danza-como-metodo-de-resolucion-de-conflictos\/","url_meta":{"origin":5295,"position":3},"title":"Curso \u00abM\u00fasica y danza como m\u00e9todo de resoluci\u00f3n de conflictos\u00bb","author":"V\u00edctor Caballero","date":"18 diciembre, 2017","format":false,"excerpt":"\u00a1Hola!\u00a0 En esta \u00faltima semana antes de las merecid\u00edsimas vacaciones de Navidad seguimos ofertando cursos que pueden resultar de vuestro inter\u00e9s. En este caso se trata de un curso que ha salido como respuesta a un Grupo de Trabajo del IES P\u00e9rez de Guzm\u00e1n, aunque hemos pensado abrirlo al resto\u2026","rel":"","context":"En \u00abFormaciones\u00bb","block_context":{"text":"Formaciones","link":"https:\/\/cepronda.com\/blog\/category\/formaciones\/"},"img":{"alt_text":"","src":"https:\/\/i0.wp.com\/cepronda.com\/blog\/wp-content\/uploads\/2017\/12\/freedom-307791_640.png?resize=350%2C200","width":350,"height":200,"srcset":"https:\/\/i0.wp.com\/cepronda.com\/blog\/wp-content\/uploads\/2017\/12\/freedom-307791_640.png?resize=350%2C200 1x, https:\/\/i0.wp.com\/cepronda.com\/blog\/wp-content\/uploads\/2017\/12\/freedom-307791_640.png?resize=525%2C300 1.5x"},"classes":[]},{"id":7851,"url":"https:\/\/cepronda.com\/blog\/formaciones-para-ensenanzas-artisticas-danza\/","url_meta":{"origin":5295,"position":4},"title":"FORMACIONES PARA ENSE\u00d1ANZAS ART\u00cdSTICAS. DANZA.","author":"Mamen Moreno","date":"6 noviembre, 2024","format":false,"excerpt":"\u00a0III JORNADAS DE INVESTIGACI\u00d3N EN DANZA DEL CONSERVATORIO SUPERIOR \u00c1NGEL PERICET \u00a0Inscripci\u00f3n: hasta el 14\/11\/2024 \u00a0Actividad: 27\/11\/2024 - 28\/11\/2024 \u00a0Duraci\u00f3n: 10 horas presenciales \u00a0M\u00e1s informaci\u00f3n:\u00a0https:\/\/www.juntadeandalucia.es\/educacion\/secretariavirtual\/consultaCEP\/actividad\/252922GE080\/ \u00a0RECOPILACI\u00d3N DEL REPERTORIO DE LA DANZA ESPA\u00d1OLA \u00a0Inscripci\u00f3n: hasta el 11\/11\/2024 \u00a0Actividad: 19\/11\/2024 - 22\/11\/2024 \u00a0Duraci\u00f3n: 12 Presenciales \u00a0M\u00e1s informaci\u00f3n:\u00a0https:\/\/www.juntadeandalucia.es\/educacion\/secretariavirtual\/consultaCEP\/actividad\/252922GE081\/ \u00a0 \u00a0METODOLOG\u00cdA DE LA DANZA\u2026","rel":"","context":"En \u00abFormaciones\u00bb","block_context":{"text":"Formaciones","link":"https:\/\/cepronda.com\/blog\/category\/formaciones\/"},"img":{"alt_text":"","src":"https:\/\/i0.wp.com\/cepronda.com\/blog\/wp-content\/uploads\/2024\/11\/WhatsApp-Image-2024-10-31-at-12.46.27.jpeg?fit=1080%2C1080&ssl=1&resize=350%2C200","width":350,"height":200,"srcset":"https:\/\/i0.wp.com\/cepronda.com\/blog\/wp-content\/uploads\/2024\/11\/WhatsApp-Image-2024-10-31-at-12.46.27.jpeg?fit=1080%2C1080&ssl=1&resize=350%2C200 1x, https:\/\/i0.wp.com\/cepronda.com\/blog\/wp-content\/uploads\/2024\/11\/WhatsApp-Image-2024-10-31-at-12.46.27.jpeg?fit=1080%2C1080&ssl=1&resize=525%2C300 1.5x, https:\/\/i0.wp.com\/cepronda.com\/blog\/wp-content\/uploads\/2024\/11\/WhatsApp-Image-2024-10-31-at-12.46.27.jpeg?fit=1080%2C1080&ssl=1&resize=700%2C400 2x, https:\/\/i0.wp.com\/cepronda.com\/blog\/wp-content\/uploads\/2024\/11\/WhatsApp-Image-2024-10-31-at-12.46.27.jpeg?fit=1080%2C1080&ssl=1&resize=1050%2C600 3x"},"classes":[]},{"id":3378,"url":"https:\/\/cepronda.com\/blog\/rutinas-en-educacion-infantil-una-perspectiva-innovadora\/","url_meta":{"origin":5295,"position":5},"title":"RUTINAS EN EDUCACI\u00d3N INFANTIL: UNA PERSPECTIVA INNOVADORA.","author":"V\u00edctor Caballero","date":"31 enero, 2020","format":false,"excerpt":"Muy buenas familia de Infantil, Abrimos el plazo de inscripci\u00f3n para esta actividad dirigida a todo el profesorado de Educaci\u00f3n Infantil. Para ver los detalles, las fechas e inscribiros s\u00f3lo ten\u00e9is que seguir este enlace. Os animamos a participar, seguro que seguimos aprendiendo un mont\u00f3n.","rel":"","context":"En \u00abFormaciones\u00bb","block_context":{"text":"Formaciones","link":"https:\/\/cepronda.com\/blog\/category\/formaciones\/"},"img":{"alt_text":"","src":"https:\/\/i0.wp.com\/cepronda.com\/blog\/wp-content\/uploads\/2020\/01\/Ed._Infantil.png?fit=657%2C929&ssl=1&resize=350%2C200","width":350,"height":200,"srcset":"https:\/\/i0.wp.com\/cepronda.com\/blog\/wp-content\/uploads\/2020\/01\/Ed._Infantil.png?fit=657%2C929&ssl=1&resize=350%2C200 1x, https:\/\/i0.wp.com\/cepronda.com\/blog\/wp-content\/uploads\/2020\/01\/Ed._Infantil.png?fit=657%2C929&ssl=1&resize=525%2C300 1.5x"},"classes":[]}],"jetpack_sharing_enabled":true,"_links":{"self":[{"href":"https:\/\/cepronda.com\/blog\/wp-json\/wp\/v2\/posts\/5295","targetHints":{"allow":["GET"]}}],"collection":[{"href":"https:\/\/cepronda.com\/blog\/wp-json\/wp\/v2\/posts"}],"about":[{"href":"https:\/\/cepronda.com\/blog\/wp-json\/wp\/v2\/types\/post"}],"author":[{"embeddable":true,"href":"https:\/\/cepronda.com\/blog\/wp-json\/wp\/v2\/users\/9"}],"replies":[{"embeddable":true,"href":"https:\/\/cepronda.com\/blog\/wp-json\/wp\/v2\/comments?post=5295"}],"version-history":[{"count":5,"href":"https:\/\/cepronda.com\/blog\/wp-json\/wp\/v2\/posts\/5295\/revisions"}],"predecessor-version":[{"id":5302,"href":"https:\/\/cepronda.com\/blog\/wp-json\/wp\/v2\/posts\/5295\/revisions\/5302"}],"wp:attachment":[{"href":"https:\/\/cepronda.com\/blog\/wp-json\/wp\/v2\/media?parent=5295"}],"wp:term":[{"taxonomy":"category","embeddable":true,"href":"https:\/\/cepronda.com\/blog\/wp-json\/wp\/v2\/categories?post=5295"},{"taxonomy":"post_tag","embeddable":true,"href":"https:\/\/cepronda.com\/blog\/wp-json\/wp\/v2\/tags?post=5295"}],"curies":[{"name":"wp","href":"https:\/\/api.w.org\/{rel}","templated":true}]}}