{"id":5272,"date":"2022-05-05T11:46:32","date_gmt":"2022-05-05T09:46:32","guid":{"rendered":"http:\/\/cepronda.com\/blog\/?p=5272"},"modified":"2022-05-05T11:46:32","modified_gmt":"2022-05-05T09:46:32","slug":"xxxii-edicion-del-concurso-para-el-fomento-de-la-investigacion-e-innovacion-educativa-joaquin-guichot-y-antonio-dominguez-ortiz","status":"publish","type":"post","link":"https:\/\/cepronda.com\/blog\/xxxii-edicion-del-concurso-para-el-fomento-de-la-investigacion-e-innovacion-educativa-joaquin-guichot-y-antonio-dominguez-ortiz\/","title":{"rendered":"XXXII edici\u00f3n del concurso para el fomento de la investigaci\u00f3n e innovaci\u00f3n educativa \u00abJoaqu\u00edn Guichot\u00bb Y \u00abAntonio Dom\u00ednguez Ortiz\u00bb"},"content":{"rendered":"<p>Convocados los premios \u00abJoaqu\u00edn Guichot\u00bb y \u00abAntonio Dom\u00ednguez Ortiz\u00bb.<\/p>\n<p><a href=\"https:\/\/www.juntadeandalucia.es\/boja\/2022\/83\/1\">Resoluci\u00f3n de 1 de abril de 2022, de la Direcci\u00f3n General de Formaci\u00f3n del Profesorado e Innovaci\u00f3n Educativa, por la que se convoca la XXXII edici\u00f3n del concurso para el fomento de la investigaci\u00f3n e innovaci\u00f3n educativa en sus dos modalidades, premio&nbsp; en centros p\u00fablicos de titularidad de la Consejer\u00eda competente en materia de educaci\u00f3n de la Junta de Andaluc\u00eda, correspondiente al curso 2021\/2022.<\/a><\/p>\n<p>La investigaci\u00f3n y la innovaci\u00f3n son elementos esenciales en la mejora de la calidad de la ense\u00f1anza. La investigaci\u00f3n, por un lado, permite avanzar en el conocimiento y la comprensi\u00f3n de los procesos educativos y en la construcci\u00f3n del conocimiento educativo; y la innovaci\u00f3n, por otro, supone la introducci\u00f3n de cambios y nuevas formas de proceder del profesorado en su pr\u00e1ctica docente en los centros.<\/p>\n<p>Con el fin de promover y distinguir aquellas experiencias y trabajos de investigaci\u00f3n y\/o de innovaci\u00f3n que contribuyan al tratamiento educativo de los valores propios de nuestra identidad andaluza y a modificar y mejorar, en general, la pr\u00e1ctica docente en los centros y en las aulas, la Consejer\u00eda competente en materia de educaci\u00f3n convoca anualmente el concurso para el fomento de la investigaci\u00f3n e innovaci\u00f3n educativa, en sus dos modalidades, premio \u00abJoaqu\u00edn Guichot\u00bb y premio \u00abAntonio Dom\u00ednguez Ortiz\u00bb.&nbsp;<\/p>\n<p>En sus sucesivas ediciones, el concurso para el fomento de la investigaci\u00f3n y de la innovaci\u00f3n educativa se ha consolidado como una importante referencia y un instrumento eficaz de fomento y de reconocimiento de la formaci\u00f3n y actualizaci\u00f3n permanentes del profesorado y de su labor investigadora e innovadora en el \u00e1mbito del sistema educativo andaluz.<\/p>\n","protected":false},"excerpt":{"rendered":"<p>Convocados los premios \u00abJoaqu\u00edn Guichot\u00bb y \u00abAntonio Dom\u00ednguez Ortiz\u00bb. Resoluci\u00f3n de 1 de abril de 2022, de la Direcci\u00f3n General de Formaci\u00f3n del Profesorado e Innovaci\u00f3n Educativa, por la que se convoca la XXXII edici\u00f3n del concurso para el fomento de la investigaci\u00f3n e innovaci\u00f3n educativa en sus dos modalidades, premio&nbsp; en centros p\u00fablicos de [&hellip;]<\/p>\n","protected":false},"author":9,"featured_media":5273,"comment_status":"closed","ping_status":"open","sticky":false,"template":"","format":"standard","meta":{"_crdt_document":"","advanced_seo_description":"","jetpack_seo_html_title":"","jetpack_seo_noindex":false,"jetpack_post_was_ever_published":false,"_jetpack_newsletter_access":"","_jetpack_dont_email_post_to_subs":false,"_jetpack_newsletter_tier_id":0,"_jetpack_memberships_contains_paywalled_content":false,"_jetpack_memberships_contains_paid_content":false,"footnotes":"","jetpack_publicize_message":"","jetpack_publicize_feature_enabled":true,"jetpack_social_post_already_shared":true,"jetpack_social_options":{"image_generator_settings":{"template":"highway","default_image_id":0,"font":"","enabled":false},"version":2}},"categories":[5],"tags":[],"class_list":{"0":"post-5272","1":"post","2":"type-post","3":"status-publish","4":"format-standard","5":"has-post-thumbnail","7":"category-noticias","8":"czr-hentry"},"jetpack_publicize_connections":[],"jetpack_featured_media_url":"https:\/\/i0.wp.com\/cepronda.com\/blog\/wp-content\/uploads\/2022\/05\/ESTANCIAS-FORMATIVAS-EN-EMPRESAS-PARA-EL-PROFESORADO-DE-FORMACION-PROFESIONAL.png?fit=1080%2C1080&ssl=1","jetpack_shortlink":"https:\/\/wp.me\/p8M4X7-1n2","jetpack-related-posts":[{"id":1744,"url":"https:\/\/cepronda.com\/blog\/xxx-edicion-del-concurso-para-el-fomento-de-la-investigacion-e-innovacion-educativa-en-sus-dos-modalidades-premio-joaquin-guichot-y-premio-antonio-dominguez-ortiz\/","url_meta":{"origin":5272,"position":0},"title":"XXX edici\u00f3n del concurso para el fomento de la investigaci\u00f3n e innovaci\u00f3n educativa en sus dos modalidades, premio \u00abJoaqu\u00edn Guichot\u00bb y premio \u00abAntonio Dom\u00ednguez Ortiz\u00bb","author":"V\u00edctor Caballero","date":"25 abril, 2018","format":false,"excerpt":"Muy buenas,\u00a0 Ponemos en conocimiento de todo el profesorado que se ha lanzado la convocatoria de la XXX edici\u00f3n del concurso para el fomento de la investigaci\u00f3n e innovaci\u00f3n educativa en sus dos modalidades \"Joaqu\u00edn Guichot\" y premio \"Antonio Dom\u00ednguez Ort\u00edz\".\u00a0 Para acceder a la informaci\u00f3n, s\u00f3lo ten\u00e9is seguir este\u2026","rel":"","context":"En \u00abNoticias\u00bb","block_context":{"text":"Noticias","link":"https:\/\/cepronda.com\/blog\/category\/noticias\/"},"img":{"alt_text":"","src":"https:\/\/i0.wp.com\/cepronda.com\/blog\/wp-content\/uploads\/2017\/05\/logo_ja_ce_mejor.jpg?fit=732%2C600&ssl=1&resize=350%2C200","width":350,"height":200,"srcset":"https:\/\/i0.wp.com\/cepronda.com\/blog\/wp-content\/uploads\/2017\/05\/logo_ja_ce_mejor.jpg?fit=732%2C600&ssl=1&resize=350%2C200 1x, https:\/\/i0.wp.com\/cepronda.com\/blog\/wp-content\/uploads\/2017\/05\/logo_ja_ce_mejor.jpg?fit=732%2C600&ssl=1&resize=525%2C300 1.5x, https:\/\/i0.wp.com\/cepronda.com\/blog\/wp-content\/uploads\/2017\/05\/logo_ja_ce_mejor.jpg?fit=732%2C600&ssl=1&resize=700%2C400 2x"},"classes":[]},{"id":780,"url":"https:\/\/cepronda.com\/blog\/convocatoria-de-la-xxix-edicion-del-concurso-de-los-premios-joaquin-guichot-y-antonio-dominguez-ortiz\/","url_meta":{"origin":5272,"position":1},"title":"Convocatoria de la XXIX edici\u00f3n del concurso de los Premios Joaqu\u00edn Guichot y Antonio Dom\u00ednguez Ortiz.","author":"V\u00edctor Caballero","date":"18 abril, 2017","format":false,"excerpt":"Muy buenas, Compartimos con todas y todos vosotros esta informaci\u00f3n relativa al concurso de los premios Joaqu\u00edn Guichot y Antonio Dom\u00ednguez Ort\u00edz. Se convoca la XXIX edici\u00f3n del concurso para el fomento de la investigaci\u00f3n e innovaci\u00f3n educativa en sus dos modalidades, Premio \u00abJoaqu\u00edn Guichot\u00bb y Premio \u00abAntonio Dom\u00ednguez Ortiz\u00bb\u2026","rel":"","context":"En \u00abNoticias\u00bb","block_context":{"text":"Noticias","link":"https:\/\/cepronda.com\/blog\/category\/noticias\/"},"img":{"alt_text":"","src":"https:\/\/i0.wp.com\/cepronda.com\/blog\/wp-content\/uploads\/2017\/05\/logo_ja_ce_mejor.jpg?fit=732%2C600&ssl=1&resize=350%2C200","width":350,"height":200,"srcset":"https:\/\/i0.wp.com\/cepronda.com\/blog\/wp-content\/uploads\/2017\/05\/logo_ja_ce_mejor.jpg?fit=732%2C600&ssl=1&resize=350%2C200 1x, https:\/\/i0.wp.com\/cepronda.com\/blog\/wp-content\/uploads\/2017\/05\/logo_ja_ce_mejor.jpg?fit=732%2C600&ssl=1&resize=525%2C300 1.5x, https:\/\/i0.wp.com\/cepronda.com\/blog\/wp-content\/uploads\/2017\/05\/logo_ja_ce_mejor.jpg?fit=732%2C600&ssl=1&resize=700%2C400 2x"},"classes":[]},{"id":2876,"url":"https:\/\/cepronda.com\/blog\/convocatoria-xxxi-edicion-de-los-premios-joaquin-guichot-y-antonio-dominguez-ortiz\/","url_meta":{"origin":5272,"position":2},"title":"Convocatoria XXXI Edici\u00f3n de los Premios Joaqu\u00edn Guichot y Antonio Dom\u00ednguez Ortiz","author":"V\u00edctor Caballero","date":"12 junio, 2019","format":false,"excerpt":"Convocada la XXXI edici\u00f3n del concurso para el fomento de la investigaci\u00f3n e innovaci\u00f3n educativa en sus dos modalidades, Premio \u00abJoaqu\u00edn Guichot\u00bb y Premio \u00abAntonio Dom\u00ednguez Ortiz\u00bb en centros p\u00fablicos correspondiente al curso 2018\/2019 por la RESOLUCI\u00d3N de 23 de mayo de 2019, de la Direcci\u00f3n General de Formaci\u00f3n del\u2026","rel":"","context":"En \u00abFormaciones\u00bb","block_context":{"text":"Formaciones","link":"https:\/\/cepronda.com\/blog\/category\/formaciones\/"},"img":{"alt_text":"","src":"https:\/\/i0.wp.com\/cepronda.com\/blog\/wp-content\/uploads\/2019\/05\/logo-nuevo.jpg?fit=531%2C342&ssl=1&resize=350%2C200","width":350,"height":200,"srcset":"https:\/\/i0.wp.com\/cepronda.com\/blog\/wp-content\/uploads\/2019\/05\/logo-nuevo.jpg?fit=531%2C342&ssl=1&resize=350%2C200 1x, https:\/\/i0.wp.com\/cepronda.com\/blog\/wp-content\/uploads\/2019\/05\/logo-nuevo.jpg?fit=531%2C342&ssl=1&resize=525%2C300 1.5x"},"classes":[]},{"id":9210,"url":"https:\/\/cepronda.com\/blog\/9210-2\/","url_meta":{"origin":5272,"position":3},"title":"NOS CONCEDEN EL 3\u00ba PREMIO \u00abJOAQU\u00cdN GUICHOT\u00bb A LA INNOVACI\u00d3N EDUCATIVA.","author":"Encarni Jim\u00e9nez Rosado","date":"15 enero, 2026","format":false,"excerpt":"\u00a1ESTAMOS DE ENHORABUENA! Nos llena de orgullo anunciar que el Show de Inventos y Talentos de Ronda. IT\u00b4s RONDA ha sido galardonado con el 3\u00ba Premio en la modalidad \"Joaqu\u00edn Guichot\". Este reconocimiento llega en el marco de la XXXIV edici\u00f3n del concurso para el fomento de la investigaci\u00f3n e\u2026","rel":"","context":"En \u00abNoticias\u00bb","block_context":{"text":"Noticias","link":"https:\/\/cepronda.com\/blog\/category\/noticias\/"},"img":{"alt_text":"","src":"https:\/\/i0.wp.com\/cepronda.com\/blog\/wp-content\/uploads\/2026\/01\/premio.jpg?fit=960%2C1200&ssl=1&resize=350%2C200","width":350,"height":200,"srcset":"https:\/\/i0.wp.com\/cepronda.com\/blog\/wp-content\/uploads\/2026\/01\/premio.jpg?fit=960%2C1200&ssl=1&resize=350%2C200 1x, https:\/\/i0.wp.com\/cepronda.com\/blog\/wp-content\/uploads\/2026\/01\/premio.jpg?fit=960%2C1200&ssl=1&resize=525%2C300 1.5x, https:\/\/i0.wp.com\/cepronda.com\/blog\/wp-content\/uploads\/2026\/01\/premio.jpg?fit=960%2C1200&ssl=1&resize=700%2C400 2x"},"classes":[]},{"id":4943,"url":"https:\/\/cepronda.com\/blog\/proyectos-de-investigacion-innovacion-y-materiales\/","url_meta":{"origin":5272,"position":4},"title":"PROYECTOS DE INVESTIGACI\u00d3N, INNOVACI\u00d3N Y MATERIALES","author":"Maribel Mu\u00f1oz","date":"11 enero, 2022","format":false,"excerpt":"Buenos d\u00edas compa\u00f1eras y compa\u00f1eros Os informamos que est\u00e1 abierto el plazo para solicitar proyectos de investigaci\u00f3n educativa, innovaci\u00f3n educativa y desarrollo curricular y elaboraci\u00f3n de materiales, tal y como establece la\u00a0Orden de 14 de enero de 2009. Las solicitudes recibidas se bareman de acuerdo a los criterios indicados en\u2026","rel":"","context":"En \u00abFormaciones\u00bb","block_context":{"text":"Formaciones","link":"https:\/\/cepronda.com\/blog\/category\/formaciones\/"},"img":{"alt_text":"","src":"https:\/\/i0.wp.com\/cepronda.com\/blog\/wp-content\/uploads\/2020\/03\/S%C2%B0mbolo-gen%C3%87rico-RRSS-redondo-negativo.png?fit=1200%2C1200&ssl=1&resize=350%2C200","width":350,"height":200,"srcset":"https:\/\/i0.wp.com\/cepronda.com\/blog\/wp-content\/uploads\/2020\/03\/S%C2%B0mbolo-gen%C3%87rico-RRSS-redondo-negativo.png?fit=1200%2C1200&ssl=1&resize=350%2C200 1x, https:\/\/i0.wp.com\/cepronda.com\/blog\/wp-content\/uploads\/2020\/03\/S%C2%B0mbolo-gen%C3%87rico-RRSS-redondo-negativo.png?fit=1200%2C1200&ssl=1&resize=525%2C300 1.5x, https:\/\/i0.wp.com\/cepronda.com\/blog\/wp-content\/uploads\/2020\/03\/S%C2%B0mbolo-gen%C3%87rico-RRSS-redondo-negativo.png?fit=1200%2C1200&ssl=1&resize=700%2C400 2x, https:\/\/i0.wp.com\/cepronda.com\/blog\/wp-content\/uploads\/2020\/03\/S%C2%B0mbolo-gen%C3%87rico-RRSS-redondo-negativo.png?fit=1200%2C1200&ssl=1&resize=1050%2C600 3x"},"classes":[]},{"id":3283,"url":"https:\/\/cepronda.com\/blog\/convocatoria-de-medidas-de-apoyo-aprobacion-y-reconocimiento-al-profesorado-para-la-realizacion-de-proyectos-de-investigacion-e-innovacion-educativa-y-de-elaboracion-de-materiales-para-el-curso-acad\/","url_meta":{"origin":5272,"position":5},"title":"Convocatoria de medidas de apoyo, aprobaci\u00f3n y reconocimiento al profesorado para la realizaci\u00f3n de proyectos de investigaci\u00f3n, e innovaci\u00f3n educativa y de elaboraci\u00f3n de materiales para el curso acad\u00e9mico 2020\/2021","author":"V\u00edctor Caballero","date":"7 enero, 2020","format":false,"excerpt":"Compartimos con todas aquellas personas interesadas esta convocatoria. Para acceder a toda la informaci\u00f3n s\u00f3lo ten\u00e9is que seguir este enlace.","rel":"","context":"En \u00abFormaciones\u00bb","block_context":{"text":"Formaciones","link":"https:\/\/cepronda.com\/blog\/category\/formaciones\/"},"img":{"alt_text":"","src":"https:\/\/i0.wp.com\/cepronda.com\/blog\/wp-content\/uploads\/2019\/05\/logo-nuevo.jpg?fit=531%2C342&ssl=1&resize=350%2C200","width":350,"height":200,"srcset":"https:\/\/i0.wp.com\/cepronda.com\/blog\/wp-content\/uploads\/2019\/05\/logo-nuevo.jpg?fit=531%2C342&ssl=1&resize=350%2C200 1x, https:\/\/i0.wp.com\/cepronda.com\/blog\/wp-content\/uploads\/2019\/05\/logo-nuevo.jpg?fit=531%2C342&ssl=1&resize=525%2C300 1.5x"},"classes":[]}],"jetpack_sharing_enabled":true,"_links":{"self":[{"href":"https:\/\/cepronda.com\/blog\/wp-json\/wp\/v2\/posts\/5272","targetHints":{"allow":["GET"]}}],"collection":[{"href":"https:\/\/cepronda.com\/blog\/wp-json\/wp\/v2\/posts"}],"about":[{"href":"https:\/\/cepronda.com\/blog\/wp-json\/wp\/v2\/types\/post"}],"author":[{"embeddable":true,"href":"https:\/\/cepronda.com\/blog\/wp-json\/wp\/v2\/users\/9"}],"replies":[{"embeddable":true,"href":"https:\/\/cepronda.com\/blog\/wp-json\/wp\/v2\/comments?post=5272"}],"version-history":[{"count":2,"href":"https:\/\/cepronda.com\/blog\/wp-json\/wp\/v2\/posts\/5272\/revisions"}],"predecessor-version":[{"id":5275,"href":"https:\/\/cepronda.com\/blog\/wp-json\/wp\/v2\/posts\/5272\/revisions\/5275"}],"wp:featuredmedia":[{"embeddable":true,"href":"https:\/\/cepronda.com\/blog\/wp-json\/wp\/v2\/media\/5273"}],"wp:attachment":[{"href":"https:\/\/cepronda.com\/blog\/wp-json\/wp\/v2\/media?parent=5272"}],"wp:term":[{"taxonomy":"category","embeddable":true,"href":"https:\/\/cepronda.com\/blog\/wp-json\/wp\/v2\/categories?post=5272"},{"taxonomy":"post_tag","embeddable":true,"href":"https:\/\/cepronda.com\/blog\/wp-json\/wp\/v2\/tags?post=5272"}],"curies":[{"name":"wp","href":"https:\/\/api.w.org\/{rel}","templated":true}]}}