{"id":5250,"date":"2022-04-25T13:46:35","date_gmt":"2022-04-25T11:46:35","guid":{"rendered":"http:\/\/cepronda.com\/blog\/?p=5250"},"modified":"2025-04-28T11:57:08","modified_gmt":"2025-04-28T09:57:08","slug":"ayudas-destinadas-a-promover-agrupaciones-de-centros-educativos-para-proyectos-comunes","status":"publish","type":"post","link":"https:\/\/cepronda.com\/blog\/ayudas-destinadas-a-promover-agrupaciones-de-centros-educativos-para-proyectos-comunes\/","title":{"rendered":"AYUDAS DESTINADAS A PROMOVER AGRUPACIONES DE CENTROS EDUCATIVOS PARA PROYECTOS COMUNES"},"content":{"rendered":"<p>Buenas tardes compa\u00f1eras y compa\u00f1eros<\/p>\n<p>Os informamos que est\u00e1&nbsp; publicada la <em>Resoluci\u00f3n de 1 de abril de 2022, de la Secretar\u00eda de Estado de Educaci\u00f3n, por la que se convocan ayudas destinadas a promover agrupaciones de centros educativos para la realizaci\u00f3n y puesta en pr\u00e1ctica de proyectos comunes que favorezcan la educaci\u00f3n inclusiva y la innovaci\u00f3n educativa. Convocatoria 2022. <\/em>Pod\u00e9is consultar&nbsp; toda la informaci\u00f3n en el siguiente <a href=\"https:\/\/www.infosubvenciones.es\/bdnstrans\/GE\/es\/convocatoria\/619623\">enlace<\/a> o en el extracto de la publicaci\u00f3n en BOE, que se adjunta.<\/p>\n<p><a href=\"http:\/\/cepronda.com\/blog\/wp-content\/uploads\/2022\/04\/BOE-B-2022-10974_ayudas-proyectos.pdf\">BOE-B-2022-10974_ayudas proyectos<\/a><\/p>\n<p>Deseamos que sea de vuestro inter\u00e9s.<\/p>\n<p>Un saludo<\/p>\n<p><img data-recalc-dims=\"1\" loading=\"lazy\" decoding=\"async\" class=\"size-full wp-image-5252 aligncenter\" src=\"https:\/\/i0.wp.com\/cepronda.com\/blog\/wp-content\/uploads\/2022\/04\/resolucion-BOE.jpg?resize=799%2C303\" alt=\"\" width=\"799\" height=\"303\" srcset=\"https:\/\/i0.wp.com\/cepronda.com\/blog\/wp-content\/uploads\/2022\/04\/resolucion-BOE.jpg?w=799&amp;ssl=1 799w, https:\/\/i0.wp.com\/cepronda.com\/blog\/wp-content\/uploads\/2022\/04\/resolucion-BOE.jpg?resize=300%2C114&amp;ssl=1 300w, https:\/\/i0.wp.com\/cepronda.com\/blog\/wp-content\/uploads\/2022\/04\/resolucion-BOE.jpg?resize=768%2C291&amp;ssl=1 768w\" sizes=\"auto, (max-width: 799px) 100vw, 799px\" \/><\/p>\n<p>&nbsp;<\/p>\n","protected":false},"excerpt":{"rendered":"<p>Buenas tardes compa\u00f1eras y compa\u00f1eros Os informamos que est\u00e1&nbsp; publicada la Resoluci\u00f3n de 1 de abril de 2022, de la Secretar\u00eda de Estado de Educaci\u00f3n, por la que se convocan ayudas destinadas a promover agrupaciones de centros educativos para la realizaci\u00f3n y puesta en pr\u00e1ctica de proyectos comunes que favorezcan la educaci\u00f3n inclusiva y la [&hellip;]<\/p>\n","protected":false},"author":10,"featured_media":5262,"comment_status":"closed","ping_status":"open","sticky":false,"template":"","format":"standard","meta":{"_crdt_document":"","advanced_seo_description":"","jetpack_seo_html_title":"","jetpack_seo_noindex":false,"jetpack_post_was_ever_published":false,"_jetpack_newsletter_access":"","_jetpack_dont_email_post_to_subs":false,"_jetpack_newsletter_tier_id":0,"_jetpack_memberships_contains_paywalled_content":false,"_jetpack_memberships_contains_paid_content":false,"footnotes":"","jetpack_publicize_message":"","jetpack_publicize_feature_enabled":true,"jetpack_social_post_already_shared":false,"jetpack_social_options":{"image_generator_settings":{"template":"highway","default_image_id":0,"font":"","enabled":false},"version":2}},"categories":[3,5],"tags":[301,300,270,222],"class_list":{"0":"post-5250","1":"post","2":"type-post","3":"status-publish","4":"format-standard","5":"has-post-thumbnail","7":"category-formaciones","8":"category-noticias","9":"tag-agrupaciones-de-centros","10":"tag-ayudas","11":"tag-interdisciplinar","12":"tag-internivelar","13":"czr-hentry"},"jetpack_publicize_connections":[],"jetpack_featured_media_url":"https:\/\/i0.wp.com\/cepronda.com\/blog\/wp-content\/uploads\/2022\/04\/ESTANCIAS-FORMATIVAS-EN-EMPRESAS-PARA-EL-PROFESORADO-DE-FORMACION-PROFESIONAL.png?fit=1080%2C1080&ssl=1","jetpack_shortlink":"https:\/\/wp.me\/p8M4X7-1mG","jetpack-related-posts":[{"id":4355,"url":"https:\/\/cepronda.com\/blog\/convocatoria-estancia-profesional-en-europa\/","url_meta":{"origin":5250,"position":0},"title":"CONVOCATORIA ESTANCIA PROFESIONAL EN EUROPA","author":"Maribel Mu\u00f1oz","date":"24 marzo, 2021","format":false,"excerpt":"\u00a0Buenas tardes compa\u00f1eras y compa\u00f1eros,\u00a0 Os informamos que se ha abierto el plazo de solicitudes para la participaci\u00f3n en la convocatoria de 117 plazas para aquellos docentes que deseen realizar una Estancia Profesional en un centro educativo europeo para el curso acad\u00e9mico 2021\/2022. Al tratarse de una convocatoria con a\u00f1os\u2026","rel":"","context":"En \u00abFormaciones\u00bb","block_context":{"text":"Formaciones","link":"https:\/\/cepronda.com\/blog\/category\/formaciones\/"},"img":{"alt_text":"","src":"https:\/\/i0.wp.com\/cepronda.com\/blog\/wp-content\/uploads\/2021\/03\/bandera-europea.jpg?resize=350%2C200","width":350,"height":200},"classes":[]},{"id":7694,"url":"https:\/\/cepronda.com\/blog\/jornadas-para-responsables-de-formacion-y-equipos-directivos-de-los-centros-educativos-12h-codigo-252924ge001\/","url_meta":{"origin":5250,"position":1},"title":"JORNADAS PARA RESPONSABLES DE FORMACI\u00d3N Y EQUIPOS DIRECTIVOS DE LOS CENTROS EDUCATIVOS (12h), c\u00f3digo 252924GE001.","author":"Inmaculada Garc\u00eda","date":"11 septiembre, 2024","format":false,"excerpt":"Os informamos que se encuentra abierta la inscripci\u00f3n en el curso provincial: JORNADAS PARA RESPONSABLES DE FORMACI\u00d3N Y EQUIPOS DIRECTIVOS DE LOS CENTROS EDUCATIVOS (12h), con c\u00f3digo 252924GE001. Esta actividad est\u00e1 dirigida a equipos directivos de los diferentes niveles educativos, responsables de formaci\u00f3n de centros educativos de infantil, primaria y\u2026","rel":"","context":"En \u00abNoticias\u00bb","block_context":{"text":"Noticias","link":"https:\/\/cepronda.com\/blog\/category\/noticias\/"},"img":{"alt_text":"","src":"https:\/\/i0.wp.com\/cepronda.com\/blog\/wp-content\/uploads\/2024\/09\/CARTEL-FEIE.jpg?fit=1080%2C1080&ssl=1&resize=350%2C200","width":350,"height":200,"srcset":"https:\/\/i0.wp.com\/cepronda.com\/blog\/wp-content\/uploads\/2024\/09\/CARTEL-FEIE.jpg?fit=1080%2C1080&ssl=1&resize=350%2C200 1x, https:\/\/i0.wp.com\/cepronda.com\/blog\/wp-content\/uploads\/2024\/09\/CARTEL-FEIE.jpg?fit=1080%2C1080&ssl=1&resize=525%2C300 1.5x, https:\/\/i0.wp.com\/cepronda.com\/blog\/wp-content\/uploads\/2024\/09\/CARTEL-FEIE.jpg?fit=1080%2C1080&ssl=1&resize=700%2C400 2x, https:\/\/i0.wp.com\/cepronda.com\/blog\/wp-content\/uploads\/2024\/09\/CARTEL-FEIE.jpg?fit=1080%2C1080&ssl=1&resize=1050%2C600 3x"},"classes":[]},{"id":7394,"url":"https:\/\/cepronda.com\/blog\/aprendizaje-basado-en-proyectos-en-centros-rurales\/","url_meta":{"origin":5250,"position":2},"title":"APRENDIZAJE BASADO EN PROYECTOS EN CENTROS RURALES","author":"Mamen Moreno","date":"19 enero, 2024","format":false,"excerpt":"Abierto el plazo de inscripci\u00f3n al curso correspondiente al IV Itinerario Formativo para Centros Rurales a nivel Provincial \"APRENDIZAJE BASADO EN PROYECTOS EN CENTROS RURALES\", organizado por el CEP de Ronda con c\u00f3digo 242924GE025. Ponente:\u00a0 Ra\u00fal Bermejo Cabezas. Fecha de inscripci\u00f3n: 19\/01\/2024 al 23\/2\/2024 Duraci\u00f3n de la actividad 12 horas:\u00a0\u2026","rel":"","context":"En \u00abFormaciones\u00bb","block_context":{"text":"Formaciones","link":"https:\/\/cepronda.com\/blog\/category\/formaciones\/"},"img":{"alt_text":"","src":"https:\/\/i0.wp.com\/cepronda.com\/blog\/wp-content\/uploads\/2024\/01\/2o-TRIMESTRE-RURAL-1-1.png?fit=848%2C1200&ssl=1&resize=350%2C200","width":350,"height":200,"srcset":"https:\/\/i0.wp.com\/cepronda.com\/blog\/wp-content\/uploads\/2024\/01\/2o-TRIMESTRE-RURAL-1-1.png?fit=848%2C1200&ssl=1&resize=350%2C200 1x, https:\/\/i0.wp.com\/cepronda.com\/blog\/wp-content\/uploads\/2024\/01\/2o-TRIMESTRE-RURAL-1-1.png?fit=848%2C1200&ssl=1&resize=525%2C300 1.5x, https:\/\/i0.wp.com\/cepronda.com\/blog\/wp-content\/uploads\/2024\/01\/2o-TRIMESTRE-RURAL-1-1.png?fit=848%2C1200&ssl=1&resize=700%2C400 2x"},"classes":[]},{"id":5233,"url":"https:\/\/cepronda.com\/blog\/prevencion-del-suicidio-en-la-adolescencia-desde-los-centros-educativos\/","url_meta":{"origin":5250,"position":3},"title":"PREVENCI\u00d3N DEL SUICIDIO EN LA ADOLESCENCIA DESDE LOS CENTROS EDUCATIVOS","author":"Maribel Mu\u00f1oz","date":"18 abril, 2022","format":false,"excerpt":"Buenas tardes compa\u00f1eras y compa\u00f1eros, Os informamos que est\u00e1 abierto el plazo de solicitudes para\u00a0 el curso PREVENCI\u00d3N DEL SUICIDIO EN LA ADOLESCENCIA DESDE LOS CENTROS EDUCATIVOS con c\u00f3digo 222924GE064. Fechas de inscripci\u00f3n : del\u00a0 18\/04\/2022 al 27\/04\/2022 Fecha de inicio: 28\/04\/2022 Fecha finalizaci\u00f3n: 12\/05\/2022 Horas: 10\u00a0 ( 8 horas\u2026","rel":"","context":"En \u00abFormaciones\u00bb","block_context":{"text":"Formaciones","link":"https:\/\/cepronda.com\/blog\/category\/formaciones\/"},"img":{"alt_text":"","src":"https:\/\/i0.wp.com\/cepronda.com\/blog\/wp-content\/uploads\/2022\/04\/New-Prevencion-del-suicidio-222924GE064-1.jpg?fit=848%2C1200&ssl=1&resize=350%2C200","width":350,"height":200,"srcset":"https:\/\/i0.wp.com\/cepronda.com\/blog\/wp-content\/uploads\/2022\/04\/New-Prevencion-del-suicidio-222924GE064-1.jpg?fit=848%2C1200&ssl=1&resize=350%2C200 1x, https:\/\/i0.wp.com\/cepronda.com\/blog\/wp-content\/uploads\/2022\/04\/New-Prevencion-del-suicidio-222924GE064-1.jpg?fit=848%2C1200&ssl=1&resize=525%2C300 1.5x, https:\/\/i0.wp.com\/cepronda.com\/blog\/wp-content\/uploads\/2022\/04\/New-Prevencion-del-suicidio-222924GE064-1.jpg?fit=848%2C1200&ssl=1&resize=700%2C400 2x"},"classes":[]},{"id":7603,"url":"https:\/\/cepronda.com\/blog\/curso-objetos-digitales-educativos-en-las-aavv-moodle-centros-integra-motiva-y-enriquece-tus-clases-249923kpf490\/","url_meta":{"origin":5250,"position":4},"title":"CURSO \u00abObjetos Digitales Educativos en las AAVV Moodle Centros: Integra, motiva y enriquece tus clases\u00bb (249923KPF490)","author":"Inmaculada Garc\u00eda","date":"7 mayo, 2024","format":false,"excerpt":"Se encuentra abierto el plazo para solicitar el curso de formaci\u00f3n para el profesorado \"Objetos Digitales Educativos en las AAVV Moodle Centros: Integra, motiva y enriquece tus clases\", con c\u00f3digo: 249923KPF490. A trav\u00e9s del AVFP con una duraci\u00f3n de 40 horas. \u00a0 Esta actividad formativa est\u00e1 destinada al profesorado de\u2026","rel":"","context":"En \u00abFormaciones\u00bb","block_context":{"text":"Formaciones","link":"https:\/\/cepronda.com\/blog\/category\/formaciones\/"},"img":{"alt_text":"","src":"https:\/\/i0.wp.com\/cepronda.com\/blog\/wp-content\/uploads\/2024\/05\/ODE.jpg?fit=680%2C383&ssl=1&resize=350%2C200","width":350,"height":200,"srcset":"https:\/\/i0.wp.com\/cepronda.com\/blog\/wp-content\/uploads\/2024\/05\/ODE.jpg?fit=680%2C383&ssl=1&resize=350%2C200 1x, https:\/\/i0.wp.com\/cepronda.com\/blog\/wp-content\/uploads\/2024\/05\/ODE.jpg?fit=680%2C383&ssl=1&resize=525%2C300 1.5x"},"classes":[]},{"id":7811,"url":"https:\/\/cepronda.com\/blog\/celebracion-del-erasmus-day-un-agradecimiento-a-todos-los-centros-participantes\/","url_meta":{"origin":5250,"position":5},"title":"CELEBRACI\u00d3N DEL ERASMUS DAY. UN AGRADECIMIENTO A TODOS LOS CENTROS PARTICIPANTES.","author":"Maribel Mu\u00f1oz","date":"24 octubre, 2024","format":false,"excerpt":"En el marco del Erasmus Day, queremos dedicar este espacio para agradecer a todos los centros que han participado activamente en las movilidades docentes durante el curso 2023\/2024 dentro del Consorcio MEPRural del CEP de Ronda. El programa Erasmus+ sigue siendo una oportunidad \u00fanica para el intercambio de experiencias, conocimientos\u2026","rel":"","context":"En \u00abFormaciones\u00bb","block_context":{"text":"Formaciones","link":"https:\/\/cepronda.com\/blog\/category\/formaciones\/"},"img":{"alt_text":"","src":"https:\/\/i0.wp.com\/cepronda.com\/blog\/wp-content\/uploads\/2024\/10\/Erasmus-day-video-portada.jpg?fit=446%2C787&ssl=1&resize=350%2C200","width":350,"height":200},"classes":[]}],"jetpack_sharing_enabled":true,"_links":{"self":[{"href":"https:\/\/cepronda.com\/blog\/wp-json\/wp\/v2\/posts\/5250","targetHints":{"allow":["GET"]}}],"collection":[{"href":"https:\/\/cepronda.com\/blog\/wp-json\/wp\/v2\/posts"}],"about":[{"href":"https:\/\/cepronda.com\/blog\/wp-json\/wp\/v2\/types\/post"}],"author":[{"embeddable":true,"href":"https:\/\/cepronda.com\/blog\/wp-json\/wp\/v2\/users\/10"}],"replies":[{"embeddable":true,"href":"https:\/\/cepronda.com\/blog\/wp-json\/wp\/v2\/comments?post=5250"}],"version-history":[{"count":2,"href":"https:\/\/cepronda.com\/blog\/wp-json\/wp\/v2\/posts\/5250\/revisions"}],"predecessor-version":[{"id":5254,"href":"https:\/\/cepronda.com\/blog\/wp-json\/wp\/v2\/posts\/5250\/revisions\/5254"}],"wp:featuredmedia":[{"embeddable":true,"href":"https:\/\/cepronda.com\/blog\/wp-json\/wp\/v2\/media\/5262"}],"wp:attachment":[{"href":"https:\/\/cepronda.com\/blog\/wp-json\/wp\/v2\/media?parent=5250"}],"wp:term":[{"taxonomy":"category","embeddable":true,"href":"https:\/\/cepronda.com\/blog\/wp-json\/wp\/v2\/categories?post=5250"},{"taxonomy":"post_tag","embeddable":true,"href":"https:\/\/cepronda.com\/blog\/wp-json\/wp\/v2\/tags?post=5250"}],"curies":[{"name":"wp","href":"https:\/\/api.w.org\/{rel}","templated":true}]}}