{"id":5239,"date":"2022-04-20T15:49:16","date_gmt":"2022-04-20T13:49:16","guid":{"rendered":"http:\/\/cepronda.com\/blog\/?p=5239"},"modified":"2022-04-20T15:49:16","modified_gmt":"2022-04-20T13:49:16","slug":"actividades-formativas-de-transito-educativo","status":"publish","type":"post","link":"https:\/\/cepronda.com\/blog\/actividades-formativas-de-transito-educativo\/","title":{"rendered":"ACTIVIDADES FORMATIVAS DE TR\u00c1NSITO EDUCATIVO."},"content":{"rendered":"<p>Estimados compa\u00f1eros y compa\u00f1eras os presentamos dos nuevas actividades formativas, esta vez relacionadas con el TR\u00c1NSITO EDUCATIVO:<\/p>\n<p>\u00abEL TR\u00c1NSITO EDUCATIVO EN INFANTIL Y PRIMARIA\u00bb, donde conoceremos estrategias, recursos y experiencias en Tr\u00e1nsito entre las etapas de Educaci\u00f3n Infantil 0-3 y 3-6, as\u00ed como el paso del alumnado a Educaci\u00f3n Primaria y la importancia del mismo para el desarrollo de nuestros ni\u00f1os y ni\u00f1as y su actitud hacia la escuela y el aprendizaje. Esta actividad est\u00e1 destinada a docentes de las Escuelas Infantiles de primer ciclo (0-3), a docentes del segundo ciclo de Educaci\u00f3n Infantil, as\u00ed como a docentes de primer ciclo de Educaci\u00f3n Primaria.<\/p>\n<p>\u00abEL TR\u00c1NSITO DE PRIMARIA A SECUNDARIA: UN RETO\u00bb, orientada a conocer estrategias y recursos para el tr\u00e1nsito entre estas etapas y destinada a docentes del tercer ciclo de Educaci\u00f3n Primaria y profesorado de Educaci\u00f3n Secundaria.<\/p>\n<p>Adem\u00e1s conoceremos experiencias inspiradoras que se est\u00e1n llevando a cabo en los centros educativos de la Serran\u00eda de Ronda.<\/p>\n<p>&nbsp; &nbsp; &nbsp; &nbsp; &nbsp; &nbsp; &nbsp; &nbsp; &nbsp; &nbsp; &nbsp; &nbsp; &nbsp; &nbsp; &nbsp; &nbsp; &nbsp; &nbsp; &nbsp; &nbsp; &nbsp; &nbsp; &nbsp; &nbsp; &nbsp; &nbsp; &nbsp; &nbsp; &nbsp; &nbsp; &nbsp; &nbsp; &nbsp; &nbsp; &nbsp; &nbsp; &nbsp; &nbsp; &nbsp; &nbsp; &nbsp; &nbsp; &nbsp; &nbsp; &nbsp; &nbsp; &nbsp; &nbsp; <span style=\"font-weight: inherit;\">&nbsp; &nbsp; &nbsp; <img data-recalc-dims=\"1\" loading=\"lazy\" decoding=\"async\" class=\"alignnone  wp-image-5241\" src=\"https:\/\/i0.wp.com\/cepronda.com\/blog\/wp-content\/uploads\/2022\/04\/El-transito-en-infantil-y-primaria-212x300.png?resize=278%2C394\" alt=\"\" width=\"278\" height=\"394\" srcset=\"https:\/\/i0.wp.com\/cepronda.com\/blog\/wp-content\/uploads\/2022\/04\/El-transito-en-infantil-y-primaria.png?resize=212%2C300&amp;ssl=1 212w, https:\/\/i0.wp.com\/cepronda.com\/blog\/wp-content\/uploads\/2022\/04\/El-transito-en-infantil-y-primaria.png?resize=724%2C1024&amp;ssl=1 724w, https:\/\/i0.wp.com\/cepronda.com\/blog\/wp-content\/uploads\/2022\/04\/El-transito-en-infantil-y-primaria.png?resize=768%2C1086&amp;ssl=1 768w, https:\/\/i0.wp.com\/cepronda.com\/blog\/wp-content\/uploads\/2022\/04\/El-transito-en-infantil-y-primaria.png?resize=1086%2C1536&amp;ssl=1 1086w, https:\/\/i0.wp.com\/cepronda.com\/blog\/wp-content\/uploads\/2022\/04\/El-transito-en-infantil-y-primaria.png?resize=1448%2C2048&amp;ssl=1 1448w, https:\/\/i0.wp.com\/cepronda.com\/blog\/wp-content\/uploads\/2022\/04\/El-transito-en-infantil-y-primaria.png?w=1587&amp;ssl=1 1587w\" sizes=\"auto, (max-width: 278px) 100vw, 278px\" \/>&nbsp; &nbsp; &nbsp; &nbsp; &nbsp; &nbsp; &nbsp; &nbsp; &nbsp; &nbsp; &nbsp; &nbsp; &nbsp;&nbsp; <img data-recalc-dims=\"1\" loading=\"lazy\" decoding=\"async\" class=\"alignnone  wp-image-5240\" src=\"https:\/\/i0.wp.com\/cepronda.com\/blog\/wp-content\/uploads\/2022\/04\/El-transito-en-infantil-y-primaria-1-212x300.png?resize=278%2C393\" alt=\"\" width=\"278\" height=\"393\" srcset=\"https:\/\/i0.wp.com\/cepronda.com\/blog\/wp-content\/uploads\/2022\/04\/El-transito-en-infantil-y-primaria-1.png?resize=212%2C300&amp;ssl=1 212w, https:\/\/i0.wp.com\/cepronda.com\/blog\/wp-content\/uploads\/2022\/04\/El-transito-en-infantil-y-primaria-1.png?resize=724%2C1024&amp;ssl=1 724w, https:\/\/i0.wp.com\/cepronda.com\/blog\/wp-content\/uploads\/2022\/04\/El-transito-en-infantil-y-primaria-1.png?resize=768%2C1086&amp;ssl=1 768w, https:\/\/i0.wp.com\/cepronda.com\/blog\/wp-content\/uploads\/2022\/04\/El-transito-en-infantil-y-primaria-1.png?resize=1086%2C1536&amp;ssl=1 1086w, https:\/\/i0.wp.com\/cepronda.com\/blog\/wp-content\/uploads\/2022\/04\/El-transito-en-infantil-y-primaria-1.png?resize=1448%2C2048&amp;ssl=1 1448w, https:\/\/i0.wp.com\/cepronda.com\/blog\/wp-content\/uploads\/2022\/04\/El-transito-en-infantil-y-primaria-1.png?w=1587&amp;ssl=1 1587w\" sizes=\"auto, (max-width: 278px) 100vw, 278px\" \/><\/span><\/p>\n<p>&nbsp; &nbsp; &nbsp; &nbsp; &nbsp; &nbsp; &nbsp; &nbsp; &nbsp; &nbsp; &nbsp; &nbsp; &nbsp; &nbsp; &nbsp; &nbsp; &nbsp; &nbsp; &nbsp; &nbsp; <a href=\"https:\/\/www.juntadeandalucia.es\/educacion\/secretariavirtual\/consultaCEP\/actividad\/222924GE011\/\">PINCHA AQU\u00cd PARA REALIZAR TU INSCRIPCI\u00d3N (INFANTIL Y PRIMARIA).<\/a>&nbsp; &nbsp; &nbsp; &nbsp; &nbsp; &nbsp; &nbsp; &nbsp; &nbsp; &nbsp; &nbsp; &nbsp;<a href=\"https:\/\/www.juntadeandalucia.es\/educacion\/secretariavirtual\/consultaCEP\/actividad\/222924GE062\/\"> PINCHA AQU\u00cd PARA REALIZAR TU INSCRIPCI\u00d3N (PRIMARIA-SECUNDARIA).<\/a><\/p>\n<p>Esperamos que sean de vuestro inter\u00e9s.<\/p>\n<p>&nbsp;<\/p>\n","protected":false},"excerpt":{"rendered":"<p>Estimados compa\u00f1eros y compa\u00f1eras os presentamos dos nuevas actividades formativas, esta vez relacionadas con el TR\u00c1NSITO EDUCATIVO: \u00abEL TR\u00c1NSITO EDUCATIVO EN INFANTIL Y PRIMARIA\u00bb, donde conoceremos estrategias, recursos y experiencias en Tr\u00e1nsito entre las etapas de Educaci\u00f3n Infantil 0-3 y 3-6, as\u00ed como el paso del alumnado a Educaci\u00f3n Primaria y la importancia del mismo [&hellip;]<\/p>\n","protected":false},"author":9,"featured_media":5242,"comment_status":"closed","ping_status":"open","sticky":false,"template":"","format":"standard","meta":{"_crdt_document":"","advanced_seo_description":"","jetpack_seo_html_title":"","jetpack_seo_noindex":false,"jetpack_post_was_ever_published":false,"_jetpack_newsletter_access":"","_jetpack_dont_email_post_to_subs":false,"_jetpack_newsletter_tier_id":0,"_jetpack_memberships_contains_paywalled_content":false,"_jetpack_memberships_contains_paid_content":false,"footnotes":"","jetpack_publicize_message":"","jetpack_publicize_feature_enabled":true,"jetpack_social_post_already_shared":false,"jetpack_social_options":{"image_generator_settings":{"template":"highway","default_image_id":0,"font":"","enabled":false},"version":2}},"categories":[5],"tags":[],"class_list":{"0":"post-5239","1":"post","2":"type-post","3":"status-publish","4":"format-standard","5":"has-post-thumbnail","7":"category-noticias","8":"czr-hentry"},"jetpack_publicize_connections":[],"jetpack_featured_media_url":"https:\/\/i0.wp.com\/cepronda.com\/blog\/wp-content\/uploads\/2022\/04\/El-transito-en-infantil-y-primaria-4.jpg?fit=1587%2C1724&ssl=1","jetpack_shortlink":"https:\/\/wp.me\/p8M4X7-1mv","jetpack-related-posts":[{"id":3098,"url":"https:\/\/cepronda.com\/blog\/el-transito-de-primaria-a-secundaria-un-reto\/","url_meta":{"origin":5239,"position":0},"title":"EL TR\u00c1NSITO DE PRIMARIA A SECUNDARIA: UN RETO","author":"V\u00edctor Caballero","date":"17 octubre, 2019","format":false,"excerpt":"Muy buenas familia, Ya parece ser que llega el fr\u00edo, pero eso no nos detiene, y seguimos con nuestras propuestas de actividades formativas. En este caso se trata de una actividad dirigida a los equipos directivos y docentes del \u00faltimo ciclo de primaria, y de primer ciclo de secundaria. Y\u2026","rel":"","context":"En \u00abFormaciones\u00bb","block_context":{"text":"Formaciones","link":"https:\/\/cepronda.com\/blog\/category\/formaciones\/"},"img":{"alt_text":"","src":"https:\/\/i0.wp.com\/cepronda.com\/blog\/wp-content\/uploads\/2019\/10\/bridge-1385938_1920.jpg?fit=1200%2C800&ssl=1&resize=350%2C200","width":350,"height":200,"srcset":"https:\/\/i0.wp.com\/cepronda.com\/blog\/wp-content\/uploads\/2019\/10\/bridge-1385938_1920.jpg?fit=1200%2C800&ssl=1&resize=350%2C200 1x, https:\/\/i0.wp.com\/cepronda.com\/blog\/wp-content\/uploads\/2019\/10\/bridge-1385938_1920.jpg?fit=1200%2C800&ssl=1&resize=525%2C300 1.5x, https:\/\/i0.wp.com\/cepronda.com\/blog\/wp-content\/uploads\/2019\/10\/bridge-1385938_1920.jpg?fit=1200%2C800&ssl=1&resize=700%2C400 2x, https:\/\/i0.wp.com\/cepronda.com\/blog\/wp-content\/uploads\/2019\/10\/bridge-1385938_1920.jpg?fit=1200%2C800&ssl=1&resize=1050%2C600 3x"},"classes":[]},{"id":4186,"url":"https:\/\/cepronda.com\/blog\/recursos-digitales-on-line-para-educacion-primaria-nivel-ii\/","url_meta":{"origin":5239,"position":1},"title":"RECURSOS DIGITALES ON-LINE PARA EDUCACI\u00d3N PRIMARIA. NIVEL II","author":"V\u00edctor Caballero","date":"11 febrero, 2021","format":false,"excerpt":"Muy buenas, compa\u00f1eros y compa\u00f1eras. Se abre el plazo para participar en la actividad formativa dirigida especialmente a docentes de Primaria:\u00a0 \" RECURSOS DIGITALES ON-LINE PARA EDUCACI\u00d3N PRIMARIA. NIVEL II\", con Jos\u00e9 Antonio Gelo como ponente. Esperamos que sea de vuestro inter\u00e9s. Un saludo. Fecha actividad:\u00a002\/03\/2021 hasta 30\/03\/2021 Fecha inscripci\u00f3n:\u00a011\/02\/2021\u2026","rel":"","context":"En \u00abFormaciones\u00bb","block_context":{"text":"Formaciones","link":"https:\/\/cepronda.com\/blog\/category\/formaciones\/"},"img":{"alt_text":"","src":"https:\/\/i0.wp.com\/cepronda.com\/blog\/wp-content\/uploads\/2021\/02\/212924GE012-Recursos-digitales-Primaria-II.png?fit=848%2C1200&ssl=1&resize=350%2C200","width":350,"height":200,"srcset":"https:\/\/i0.wp.com\/cepronda.com\/blog\/wp-content\/uploads\/2021\/02\/212924GE012-Recursos-digitales-Primaria-II.png?fit=848%2C1200&ssl=1&resize=350%2C200 1x, https:\/\/i0.wp.com\/cepronda.com\/blog\/wp-content\/uploads\/2021\/02\/212924GE012-Recursos-digitales-Primaria-II.png?fit=848%2C1200&ssl=1&resize=525%2C300 1.5x, https:\/\/i0.wp.com\/cepronda.com\/blog\/wp-content\/uploads\/2021\/02\/212924GE012-Recursos-digitales-Primaria-II.png?fit=848%2C1200&ssl=1&resize=700%2C400 2x"},"classes":[]},{"id":5443,"url":"https:\/\/cepronda.com\/blog\/convocatoria-regional-infantil-primer-ciclo-0-3-anos\/","url_meta":{"origin":5239,"position":2},"title":"CONVOCATORIA REGIONAL INFANTIL (Primer Ciclo 0-3 a\u00f1os)","author":"Mamen Moreno","date":"20 septiembre, 2022","format":false,"excerpt":"Os informamos de que el pr\u00f3ximo viernes 23 de septiembre se abrir\u00e1 el plazo para solicitar la inscripci\u00f3n en las formaciones ofertadas en la Convocatoria Regional Infantil (Primer Ciclo 0-3 a\u00f1os), del Servicio de Planes de Formaci\u00f3n de la\u00a0D.G. de Tecnolog\u00edas Avanzadas y Transformaci\u00f3n Educativa de la\u00a0Consejer\u00eda de Desarrollo Educativo\u2026","rel":"","context":"En \u00abFormaciones\u00bb","block_context":{"text":"Formaciones","link":"https:\/\/cepronda.com\/blog\/category\/formaciones\/"},"img":{"alt_text":"","src":"https:\/\/i0.wp.com\/cepronda.com\/blog\/wp-content\/uploads\/2022\/09\/CONVOCATORIA-REGIONAL-0-3.jpg?fit=1200%2C675&ssl=1&resize=350%2C200","width":350,"height":200,"srcset":"https:\/\/i0.wp.com\/cepronda.com\/blog\/wp-content\/uploads\/2022\/09\/CONVOCATORIA-REGIONAL-0-3.jpg?fit=1200%2C675&ssl=1&resize=350%2C200 1x, https:\/\/i0.wp.com\/cepronda.com\/blog\/wp-content\/uploads\/2022\/09\/CONVOCATORIA-REGIONAL-0-3.jpg?fit=1200%2C675&ssl=1&resize=525%2C300 1.5x, https:\/\/i0.wp.com\/cepronda.com\/blog\/wp-content\/uploads\/2022\/09\/CONVOCATORIA-REGIONAL-0-3.jpg?fit=1200%2C675&ssl=1&resize=700%2C400 2x, https:\/\/i0.wp.com\/cepronda.com\/blog\/wp-content\/uploads\/2022\/09\/CONVOCATORIA-REGIONAL-0-3.jpg?fit=1200%2C675&ssl=1&resize=1050%2C600 3x"},"classes":[]},{"id":1667,"url":"https:\/\/cepronda.com\/blog\/nuevos-manuales-de-seneca\/","url_meta":{"origin":5239,"position":3},"title":"Nuevos manuales de S\u00e9neca","author":"V\u00edctor Caballero","date":"5 abril, 2018","format":false,"excerpt":"Muy buenas de nuevo, Queremos compartir con todas y todos vosotros dos nuevos manuales de S\u00e9neca, destinados a aclarar dudas y conceptos relacionados con la Evaluaci\u00f3n por competencias. Est\u00e1n bastante claros y muy bien explicados para poder seguir correctamente todo el proceso. Uno de los manuales est\u00e1 destinado a los\u2026","rel":"","context":"En \u00abNoticias\u00bb","block_context":{"text":"Noticias","link":"https:\/\/cepronda.com\/blog\/category\/noticias\/"},"img":{"alt_text":"","src":"https:\/\/i0.wp.com\/cepronda.com\/blog\/wp-content\/uploads\/2017\/05\/logo_ja_ce_mejor.jpg?fit=732%2C600&ssl=1&resize=350%2C200","width":350,"height":200,"srcset":"https:\/\/i0.wp.com\/cepronda.com\/blog\/wp-content\/uploads\/2017\/05\/logo_ja_ce_mejor.jpg?fit=732%2C600&ssl=1&resize=350%2C200 1x, https:\/\/i0.wp.com\/cepronda.com\/blog\/wp-content\/uploads\/2017\/05\/logo_ja_ce_mejor.jpg?fit=732%2C600&ssl=1&resize=525%2C300 1.5x, https:\/\/i0.wp.com\/cepronda.com\/blog\/wp-content\/uploads\/2017\/05\/logo_ja_ce_mejor.jpg?fit=732%2C600&ssl=1&resize=700%2C400 2x"},"classes":[]},{"id":2667,"url":"https:\/\/cepronda.com\/blog\/ii-premios-para-el-reconocimiento-a-centros-publicos-de-andalucia-con-buenas-practicas-docentes-en-bibliotecas-escolares-y-en-el-fomento-de-la-lectura\/","url_meta":{"origin":5239,"position":4},"title":"II Premios para el reconocimiento a centros p\u00fablicos de Andaluc\u00eda con buenas pr\u00e1cticas docentes en Bibliotecas Escolares y en el fomento de la lectura","author":"V\u00edctor Caballero","date":"13 marzo, 2019","format":false,"excerpt":"Muy buenas familia, queremos compartir con todos y todas vosotras la convocatoria de estos premios, ya que sabemos que muchas de las bibliotecas de los centros de nuestra zona est\u00e1n haciendo un gran trabajo, y creemos sinceramente que pod\u00e9is optar a estos premios. Os dejamos con la informaci\u00f3n sobre la\u2026","rel":"","context":"En \u00abNoticias\u00bb","block_context":{"text":"Noticias","link":"https:\/\/cepronda.com\/blog\/category\/noticias\/"},"img":{"alt_text":"","src":"","width":0,"height":0},"classes":[]},{"id":1508,"url":"https:\/\/cepronda.com\/blog\/jornadas-provinciales-de-directores-y-directoras-hacia-la-innovacion-pedagogica-y-la-coordinacion-del-transito-escolar-en-los-centros-docentes\/","url_meta":{"origin":5239,"position":5},"title":"JORNADAS PROVINCIALES DE DIRECTORES Y DIRECTORAS: \u00abHACIA LA INNOVACI\u00d3N PEDAG\u00d3GICA Y LA COORDINACI\u00d3N DEL TR\u00c1NSITO ESCOLAR EN LOS CENTROS DOCENTES\u00bb","author":"V\u00edctor Caballero","date":"22 diciembre, 2017","format":false,"excerpt":"\u00a1Hola! Terminamos este primer trimestre informando a las directoras y directores de los centros de nuestra zona sobre las pr\u00f3ximas\u00a0JORNADAS PROVINCIALES DE DIRECTORES Y DIRECTORAS: \"HACIA LA INNOVACI\u00d3N PEDAG\u00d3GICA Y LA COORDINACI\u00d3N DEL TR\u00c1NSITO ESCOLAR EN LOS CENTROS DOCENTES\" que se van a llevar a cabo en el CEULAJ de\u2026","rel":"","context":"En \u00abFormaciones\u00bb","block_context":{"text":"Formaciones","link":"https:\/\/cepronda.com\/blog\/category\/formaciones\/"},"img":{"alt_text":"","src":"https:\/\/i0.wp.com\/cepronda.com\/blog\/wp-content\/uploads\/2017\/12\/dandelion-2817950_640.jpg?resize=350%2C200","width":350,"height":200,"srcset":"https:\/\/i0.wp.com\/cepronda.com\/blog\/wp-content\/uploads\/2017\/12\/dandelion-2817950_640.jpg?resize=350%2C200 1x, https:\/\/i0.wp.com\/cepronda.com\/blog\/wp-content\/uploads\/2017\/12\/dandelion-2817950_640.jpg?resize=525%2C300 1.5x"},"classes":[]}],"jetpack_sharing_enabled":true,"_links":{"self":[{"href":"https:\/\/cepronda.com\/blog\/wp-json\/wp\/v2\/posts\/5239","targetHints":{"allow":["GET"]}}],"collection":[{"href":"https:\/\/cepronda.com\/blog\/wp-json\/wp\/v2\/posts"}],"about":[{"href":"https:\/\/cepronda.com\/blog\/wp-json\/wp\/v2\/types\/post"}],"author":[{"embeddable":true,"href":"https:\/\/cepronda.com\/blog\/wp-json\/wp\/v2\/users\/9"}],"replies":[{"embeddable":true,"href":"https:\/\/cepronda.com\/blog\/wp-json\/wp\/v2\/comments?post=5239"}],"version-history":[{"count":1,"href":"https:\/\/cepronda.com\/blog\/wp-json\/wp\/v2\/posts\/5239\/revisions"}],"predecessor-version":[{"id":5243,"href":"https:\/\/cepronda.com\/blog\/wp-json\/wp\/v2\/posts\/5239\/revisions\/5243"}],"wp:featuredmedia":[{"embeddable":true,"href":"https:\/\/cepronda.com\/blog\/wp-json\/wp\/v2\/media\/5242"}],"wp:attachment":[{"href":"https:\/\/cepronda.com\/blog\/wp-json\/wp\/v2\/media?parent=5239"}],"wp:term":[{"taxonomy":"category","embeddable":true,"href":"https:\/\/cepronda.com\/blog\/wp-json\/wp\/v2\/categories?post=5239"},{"taxonomy":"post_tag","embeddable":true,"href":"https:\/\/cepronda.com\/blog\/wp-json\/wp\/v2\/tags?post=5239"}],"curies":[{"name":"wp","href":"https:\/\/api.w.org\/{rel}","templated":true}]}}