{"id":5224,"date":"2022-04-07T12:48:37","date_gmt":"2022-04-07T10:48:37","guid":{"rendered":"http:\/\/cepronda.com\/blog\/?p=5224"},"modified":"2025-04-28T11:57:08","modified_gmt":"2025-04-28T09:57:08","slug":"xx-jornadas-de-innovacion-pedagogica-de-antequera-jipa","status":"publish","type":"post","link":"https:\/\/cepronda.com\/blog\/xx-jornadas-de-innovacion-pedagogica-de-antequera-jipa\/","title":{"rendered":"XX Jornadas de Innovaci\u00f3n Pedag\u00f3gica de Antequera JIPA"},"content":{"rendered":"<p>Buenas tardes compa\u00f1eras y compa\u00f1eros<\/p>\n<p>Os informamos que <strong>hoy, jueves 7 a las 16:00 horas<\/strong> se abrir\u00e1 el plazo de inscripci\u00f3n a las XX Jornadas de Innovaci\u00f3n Pedag\u00f3gica de Antequera , con c\u00f3digo:222925GE222. Est\u00e1n&nbsp; dirigidas al profesorado de centros p\u00fablicos de la provincia de M\u00e1laga.<\/p>\n<div>Las jornadas se realizar\u00e1n los d\u00edas <strong>6 de mayo en Antequera y el 7 de mayo en el CEULAJ de Mollin<\/strong>a.<\/div>\n<div>&nbsp;<\/div>\n<div>El d\u00eda 25 de abril a las 10:00 de la ma\u00f1ana finalizar\u00e1 el plazo de solicitudes.<\/div>\n<div>&nbsp;<\/div>\n<div>M\u00e1s informaci\u00f3n e inscripci\u00f3n en el siguiente <a href=\"https:\/\/www.juntadeandalucia.es\/educacion\/secretariavirtual\/consultaCEP\/actividad\/222925GE222\/\">enlace<\/a> .<\/div>\n<p>Deseamos que sea de vuestro inter\u00e9s.<\/p>\n<p>Un saludo<\/p>\n<p><img data-recalc-dims=\"1\" loading=\"lazy\" decoding=\"async\" class=\"wp-image-5225 size-medium aligncenter\" src=\"https:\/\/i0.wp.com\/cepronda.com\/blog\/wp-content\/uploads\/2022\/04\/Cartel-JIPA-211x300.png?resize=211%2C300\" alt=\"\" width=\"211\" height=\"300\" srcset=\"https:\/\/i0.wp.com\/cepronda.com\/blog\/wp-content\/uploads\/2022\/04\/Cartel-JIPA.png?resize=211%2C300&amp;ssl=1 211w, https:\/\/i0.wp.com\/cepronda.com\/blog\/wp-content\/uploads\/2022\/04\/Cartel-JIPA.png?resize=721%2C1024&amp;ssl=1 721w, https:\/\/i0.wp.com\/cepronda.com\/blog\/wp-content\/uploads\/2022\/04\/Cartel-JIPA.png?resize=768%2C1090&amp;ssl=1 768w, https:\/\/i0.wp.com\/cepronda.com\/blog\/wp-content\/uploads\/2022\/04\/Cartel-JIPA.png?w=829&amp;ssl=1 829w\" sizes=\"auto, (max-width: 211px) 100vw, 211px\" \/><\/p>\n<p>&nbsp;<\/p>\n","protected":false},"excerpt":{"rendered":"<p>Buenas tardes compa\u00f1eras y compa\u00f1eros Os informamos que hoy, jueves 7 a las 16:00 horas se abrir\u00e1 el plazo de inscripci\u00f3n a las XX Jornadas de Innovaci\u00f3n Pedag\u00f3gica de Antequera , con c\u00f3digo:222925GE222. Est\u00e1n&nbsp; dirigidas al profesorado de centros p\u00fablicos de la provincia de M\u00e1laga. Las jornadas se realizar\u00e1n los d\u00edas 6 de mayo en [&hellip;]<\/p>\n","protected":false},"author":10,"featured_media":5226,"comment_status":"closed","ping_status":"open","sticky":false,"template":"","format":"standard","meta":{"_crdt_document":"","advanced_seo_description":"","jetpack_seo_html_title":"","jetpack_seo_noindex":false,"jetpack_post_was_ever_published":false,"_jetpack_newsletter_access":"","_jetpack_dont_email_post_to_subs":false,"_jetpack_newsletter_tier_id":0,"_jetpack_memberships_contains_paywalled_content":false,"_jetpack_memberships_contains_paid_content":false,"footnotes":"","jetpack_publicize_message":"","jetpack_publicize_feature_enabled":true,"jetpack_social_post_already_shared":false,"jetpack_social_options":{"image_generator_settings":{"template":"highway","default_image_id":0,"font":"","enabled":false},"version":2}},"categories":[3,5],"tags":[297,270,222],"class_list":{"0":"post-5224","1":"post","2":"type-post","3":"status-publish","4":"format-standard","5":"has-post-thumbnail","7":"category-formaciones","8":"category-noticias","9":"tag-innovacion-pedagogica","10":"tag-interdisciplinar","11":"tag-internivelar","12":"czr-hentry"},"jetpack_publicize_connections":[],"jetpack_featured_media_url":"https:\/\/i0.wp.com\/cepronda.com\/blog\/wp-content\/uploads\/2022\/04\/Cartel-JIPA-1.png?fit=829%2C1177&ssl=1","jetpack_shortlink":"https:\/\/wp.me\/p8M4X7-1mg","jetpack-related-posts":[{"id":4430,"url":"https:\/\/cepronda.com\/blog\/jornadas-de-musica\/","url_meta":{"origin":5224,"position":0},"title":"JORNADAS DE M\u00daSICA","author":"Maribel Mu\u00f1oz","date":"16 abril, 2021","format":false,"excerpt":"Buenas tardes\u00a0 compa\u00f1eras y compa\u00f1eros, Os informamos que est\u00e1 abierto el plazo de inscripci\u00f3n de las JORNADAS DE M\u00daSICA.\u00a0 C\u00f3digo: 212925GE303.\u00a0 Es una formaci\u00f3n\u00a0 gestionada por el CEP de Antequera. Las fechas de la formaci\u00f3n son las siguientes:\u00a0 *Fecha actividad: 12\/05\/2021 y 13\/05\/2021 *Fecha inscripci\u00f3n: \u00a0hasta el 5 de mayo.\u2026","rel":"","context":"En \u00abFormaciones\u00bb","block_context":{"text":"Formaciones","link":"https:\/\/cepronda.com\/blog\/category\/formaciones\/"},"img":{"alt_text":"","src":"https:\/\/i0.wp.com\/cepronda.com\/blog\/wp-content\/uploads\/2021\/04\/photo_2021-04-16_13-09-15.jpg?fit=848%2C1200&ssl=1&resize=350%2C200","width":350,"height":200,"srcset":"https:\/\/i0.wp.com\/cepronda.com\/blog\/wp-content\/uploads\/2021\/04\/photo_2021-04-16_13-09-15.jpg?fit=848%2C1200&ssl=1&resize=350%2C200 1x, https:\/\/i0.wp.com\/cepronda.com\/blog\/wp-content\/uploads\/2021\/04\/photo_2021-04-16_13-09-15.jpg?fit=848%2C1200&ssl=1&resize=525%2C300 1.5x, https:\/\/i0.wp.com\/cepronda.com\/blog\/wp-content\/uploads\/2021\/04\/photo_2021-04-16_13-09-15.jpg?fit=848%2C1200&ssl=1&resize=700%2C400 2x"},"classes":[]},{"id":1508,"url":"https:\/\/cepronda.com\/blog\/jornadas-provinciales-de-directores-y-directoras-hacia-la-innovacion-pedagogica-y-la-coordinacion-del-transito-escolar-en-los-centros-docentes\/","url_meta":{"origin":5224,"position":1},"title":"JORNADAS PROVINCIALES DE DIRECTORES Y DIRECTORAS: \u00abHACIA LA INNOVACI\u00d3N PEDAG\u00d3GICA Y LA COORDINACI\u00d3N DEL TR\u00c1NSITO ESCOLAR EN LOS CENTROS DOCENTES\u00bb","author":"V\u00edctor Caballero","date":"22 diciembre, 2017","format":false,"excerpt":"\u00a1Hola! Terminamos este primer trimestre informando a las directoras y directores de los centros de nuestra zona sobre las pr\u00f3ximas\u00a0JORNADAS PROVINCIALES DE DIRECTORES Y DIRECTORAS: \"HACIA LA INNOVACI\u00d3N PEDAG\u00d3GICA Y LA COORDINACI\u00d3N DEL TR\u00c1NSITO ESCOLAR EN LOS CENTROS DOCENTES\" que se van a llevar a cabo en el CEULAJ de\u2026","rel":"","context":"En \u00abFormaciones\u00bb","block_context":{"text":"Formaciones","link":"https:\/\/cepronda.com\/blog\/category\/formaciones\/"},"img":{"alt_text":"","src":"https:\/\/i0.wp.com\/cepronda.com\/blog\/wp-content\/uploads\/2017\/12\/dandelion-2817950_640.jpg?resize=350%2C200","width":350,"height":200,"srcset":"https:\/\/i0.wp.com\/cepronda.com\/blog\/wp-content\/uploads\/2017\/12\/dandelion-2817950_640.jpg?resize=350%2C200 1x, https:\/\/i0.wp.com\/cepronda.com\/blog\/wp-content\/uploads\/2017\/12\/dandelion-2817950_640.jpg?resize=525%2C300 1.5x"},"classes":[]},{"id":5668,"url":"https:\/\/cepronda.com\/blog\/5668-2\/","url_meta":{"origin":5224,"position":2},"title":"XXI JORNADAS DE INNOVACI\u00d3N PEDAG\u00d3GICA, #JIPAtq23: AULA DEL FUTURO","author":"Inmaculada Garc\u00eda","date":"21 diciembre, 2022","format":false,"excerpt":"Desde hoy 20 de diciembre a las 11:30 se abrir\u00e1 plazo de inscripci\u00f3n para las JIPAtq23, que permanecer\u00e1 abierto hasta el 20 de enero. Se desarrollar\u00e1 los d\u00edas 8 de febrero en formato online (1 hora) y los d\u00edas 17 y 18 de febrero en formato presencial en el CEULAJ\u2026","rel":"","context":"En \u00abFormaciones\u00bb","block_context":{"text":"Formaciones","link":"https:\/\/cepronda.com\/blog\/category\/formaciones\/"},"img":{"alt_text":"","src":"https:\/\/i0.wp.com\/cepronda.com\/blog\/wp-content\/uploads\/2022\/12\/jiapt.jpg?fit=864%2C1200&ssl=1&resize=350%2C200","width":350,"height":200,"srcset":"https:\/\/i0.wp.com\/cepronda.com\/blog\/wp-content\/uploads\/2022\/12\/jiapt.jpg?fit=864%2C1200&ssl=1&resize=350%2C200 1x, https:\/\/i0.wp.com\/cepronda.com\/blog\/wp-content\/uploads\/2022\/12\/jiapt.jpg?fit=864%2C1200&ssl=1&resize=525%2C300 1.5x, https:\/\/i0.wp.com\/cepronda.com\/blog\/wp-content\/uploads\/2022\/12\/jiapt.jpg?fit=864%2C1200&ssl=1&resize=700%2C400 2x"},"classes":[]},{"id":8879,"url":"https:\/\/cepronda.com\/blog\/documental-jornadas-de-educacion-fisica-2025\/","url_meta":{"origin":5224,"position":3},"title":"DOCUMENTAL JORNADAS DE EDUCACI\u00d3N F\u00cdSICA 2025","author":"Mamen Moreno","date":"3 octubre, 2025","format":false,"excerpt":"Compartimos el v\u00eddeo resumen de las Jornadas celebradas los d\u00edas 14 y 15 de mayo de 2025 en CEULAJ, Mollina (CEP de Antequera), organizadas por el Equipo Provincial del \u00e1mbito de Educaci\u00f3n F\u00edsica de la provincia de M\u00e1laga. Estas jornadas incluyeron talleres pr\u00e1cticos, retos f\u00edsicos cooperativos, experiencias con modelos pedag\u00f3gicos\u2026","rel":"","context":"En \u00abNoticias\u00bb","block_context":{"text":"Noticias","link":"https:\/\/cepronda.com\/blog\/category\/noticias\/"},"img":{"alt_text":"","src":"https:\/\/i0.wp.com\/cepronda.com\/blog\/wp-content\/uploads\/2025\/10\/Z60XprHTf5nIO0ge.jpg?fit=675%2C1200&ssl=1&resize=350%2C200","width":350,"height":200,"srcset":"https:\/\/i0.wp.com\/cepronda.com\/blog\/wp-content\/uploads\/2025\/10\/Z60XprHTf5nIO0ge.jpg?fit=675%2C1200&ssl=1&resize=350%2C200 1x, https:\/\/i0.wp.com\/cepronda.com\/blog\/wp-content\/uploads\/2025\/10\/Z60XprHTf5nIO0ge.jpg?fit=675%2C1200&ssl=1&resize=525%2C300 1.5x"},"classes":[]},{"id":8165,"url":"https:\/\/cepronda.com\/blog\/educacion-innovacion-e-infancia-3-6-red-neuroeduca-y-cerebro-infantil\/","url_meta":{"origin":5224,"position":4},"title":"EDUCACI\u00d3N, INNOVACI\u00d3N E INFANCIA 3-6: RED NEUROEDUCA Y CEREBRO INFANTIL","author":"Mamen Moreno","date":"17 febrero, 2025","format":false,"excerpt":"Abierto plazo solicitudes Jornadas Provinciales: \"EDUCACI\u00d3N, INNOVACI\u00d3N E INFANCIA 3-6: RED NEUROEDUCA Y CEREBRO INFANTIL\". Dirigidas al profesorado de Educaci\u00f3n Infantil 3-6. Realizaci\u00f3n y horario: 28 de marzo: de 9:00h a 14:00h y de 16:00h a 19:30h 29 de marzo: de 9:00h a 13:30h Lugar: CEP MARBELLA-CO\u00cdN \u00a0Inscripciones: 17\/02\/2025 -\u2026","rel":"","context":"En \u00abFormaciones\u00bb","block_context":{"text":"Formaciones","link":"https:\/\/cepronda.com\/blog\/category\/formaciones\/"},"img":{"alt_text":"","src":"https:\/\/i0.wp.com\/cepronda.com\/blog\/wp-content\/uploads\/2025\/02\/WhatsApp-Image-2025-02-17-at-08.30.34.jpeg?fit=1011%2C639&ssl=1&resize=350%2C200","width":350,"height":200,"srcset":"https:\/\/i0.wp.com\/cepronda.com\/blog\/wp-content\/uploads\/2025\/02\/WhatsApp-Image-2025-02-17-at-08.30.34.jpeg?fit=1011%2C639&ssl=1&resize=350%2C200 1x, https:\/\/i0.wp.com\/cepronda.com\/blog\/wp-content\/uploads\/2025\/02\/WhatsApp-Image-2025-02-17-at-08.30.34.jpeg?fit=1011%2C639&ssl=1&resize=525%2C300 1.5x, https:\/\/i0.wp.com\/cepronda.com\/blog\/wp-content\/uploads\/2025\/02\/WhatsApp-Image-2025-02-17-at-08.30.34.jpeg?fit=1011%2C639&ssl=1&resize=700%2C400 2x"},"classes":[]},{"id":5954,"url":"https:\/\/cepronda.com\/blog\/jornadas-provinciales-nuevos-retos-y-enfoques-para-una-direccion-de-exito\/","url_meta":{"origin":5224,"position":5},"title":"JORNADAS PROVINCIALES \u00abNUEVOS RETOS Y ENFOQUES PARA UNA DIRECCI\u00d3N DE \u00c9XITO\u00bb","author":"Mamen Moreno","date":"21 abril, 2023","format":false,"excerpt":"Se encuentra abierto el plazo de inscripci\u00f3n para las Jornadas Provinciales de Directores y Directoras \"NUEVOS RETOS Y ENFOQUES PARA UNA DIRECCI\u00d3N DE \u00c9XITO\" Inscripci\u00f3n: desde 20 de abril a 19 de mayo Fecha: 1 de junio Lugar: Facultad de Ciencias de la Educaci\u00f3n (UMA) Duraci\u00f3n: 8 horas M\u00e1s informaci\u00f3n\u2026","rel":"","context":"En \u00abNoticias\u00bb","block_context":{"text":"Noticias","link":"https:\/\/cepronda.com\/blog\/category\/noticias\/"},"img":{"alt_text":"","src":"https:\/\/i0.wp.com\/cepronda.com\/blog\/wp-content\/uploads\/2023\/04\/WhatsApp-Image-2023-04-20-at-17.21.58.jpeg?fit=1080%2C1080&ssl=1&resize=350%2C200","width":350,"height":200,"srcset":"https:\/\/i0.wp.com\/cepronda.com\/blog\/wp-content\/uploads\/2023\/04\/WhatsApp-Image-2023-04-20-at-17.21.58.jpeg?fit=1080%2C1080&ssl=1&resize=350%2C200 1x, https:\/\/i0.wp.com\/cepronda.com\/blog\/wp-content\/uploads\/2023\/04\/WhatsApp-Image-2023-04-20-at-17.21.58.jpeg?fit=1080%2C1080&ssl=1&resize=525%2C300 1.5x, https:\/\/i0.wp.com\/cepronda.com\/blog\/wp-content\/uploads\/2023\/04\/WhatsApp-Image-2023-04-20-at-17.21.58.jpeg?fit=1080%2C1080&ssl=1&resize=700%2C400 2x, https:\/\/i0.wp.com\/cepronda.com\/blog\/wp-content\/uploads\/2023\/04\/WhatsApp-Image-2023-04-20-at-17.21.58.jpeg?fit=1080%2C1080&ssl=1&resize=1050%2C600 3x"},"classes":[]}],"jetpack_sharing_enabled":true,"_links":{"self":[{"href":"https:\/\/cepronda.com\/blog\/wp-json\/wp\/v2\/posts\/5224","targetHints":{"allow":["GET"]}}],"collection":[{"href":"https:\/\/cepronda.com\/blog\/wp-json\/wp\/v2\/posts"}],"about":[{"href":"https:\/\/cepronda.com\/blog\/wp-json\/wp\/v2\/types\/post"}],"author":[{"embeddable":true,"href":"https:\/\/cepronda.com\/blog\/wp-json\/wp\/v2\/users\/10"}],"replies":[{"embeddable":true,"href":"https:\/\/cepronda.com\/blog\/wp-json\/wp\/v2\/comments?post=5224"}],"version-history":[{"count":2,"href":"https:\/\/cepronda.com\/blog\/wp-json\/wp\/v2\/posts\/5224\/revisions"}],"predecessor-version":[{"id":5228,"href":"https:\/\/cepronda.com\/blog\/wp-json\/wp\/v2\/posts\/5224\/revisions\/5228"}],"wp:featuredmedia":[{"embeddable":true,"href":"https:\/\/cepronda.com\/blog\/wp-json\/wp\/v2\/media\/5226"}],"wp:attachment":[{"href":"https:\/\/cepronda.com\/blog\/wp-json\/wp\/v2\/media?parent=5224"}],"wp:term":[{"taxonomy":"category","embeddable":true,"href":"https:\/\/cepronda.com\/blog\/wp-json\/wp\/v2\/categories?post=5224"},{"taxonomy":"post_tag","embeddable":true,"href":"https:\/\/cepronda.com\/blog\/wp-json\/wp\/v2\/tags?post=5224"}],"curies":[{"name":"wp","href":"https:\/\/api.w.org\/{rel}","templated":true}]}}