{"id":5200,"date":"2022-03-29T12:19:41","date_gmt":"2022-03-29T10:19:41","guid":{"rendered":"http:\/\/cepronda.com\/blog\/?p=5200"},"modified":"2025-04-25T12:01:17","modified_gmt":"2025-04-25T10:01:17","slug":"reunion-informativa-v-premios-bibliotecas-escolares-y-fomento-de-la-lectura-2","status":"publish","type":"post","link":"https:\/\/cepronda.com\/blog\/reunion-informativa-v-premios-bibliotecas-escolares-y-fomento-de-la-lectura-2\/","title":{"rendered":"JORNADAS REDES PROVINCIALES DE BIBLIOTECAS ESCOLARES"},"content":{"rendered":"<p>Buenas tardes compa\u00f1eras y compa\u00f1eros<\/p>\n<p>Os informamos que est\u00e1 abierto el plazo de inscripci\u00f3n en las JORNADAS REDES PROVINCIALES DE BIBLIOTECAS ESCOLARES, con c\u00f3digo 229922BE001. Estas jornadas est\u00e1n dirigidas al profesorado de los centros docentes p\u00fablicos que imparten Educaci\u00f3n Infantil, Educaci\u00f3n Primaria y Educaci\u00f3n Secundaria. Las fechas son las siguientes:<\/p>\n<p><strong>Fecha inscripci\u00f3n<\/strong>: 28\/03\/2022 hasta 13\/04\/2022<\/p>\n<p><strong>Fecha actividad:<\/strong> 19\/03\/2022 hasta 20\/03\/2022<br \/>\n<strong>Horario:<\/strong> 16:00 a 20:00 h<br \/>\n<strong>Lugar de realizaci\u00f3n:<\/strong> Instituto Andaluz del Deporte (IAD)<\/p>\n<p>Criterios de adjudicaci\u00f3n:<br \/>\n1. Personas responsables de la Organizaci\u00f3n y funcionamiento de las bibliotecas escolares en la provincia.<br \/>\n2. Miembros de equipos de apoyo de bibliotecas escolares.<br \/>\n3. Resto del profesorado que lo solicite.<\/p>\n<p>M\u00e1s informaci\u00f3n e inscripciones accede al siguiente <a href=\"https:\/\/www.juntadeandalucia.es\/educacion\/secretariavirtual\/consultaCEP\/actividad\/229922BE001\/\">enlace<\/a><\/p>\n<p>Deseamos que sea de vuestro inter\u00e9s.<\/p>\n<p>Un saludo<\/p>\n<p><img data-recalc-dims=\"1\" loading=\"lazy\" decoding=\"async\" class=\"wp-image-5203 size-medium aligncenter\" src=\"https:\/\/i0.wp.com\/cepronda.com\/blog\/wp-content\/uploads\/2022\/03\/Jornadas-provinciales-BBEE-19-20-de-abril-210x300.jpg?resize=210%2C300\" alt=\"\" width=\"210\" height=\"300\" srcset=\"https:\/\/i0.wp.com\/cepronda.com\/blog\/wp-content\/uploads\/2022\/03\/Jornadas-provinciales-BBEE-19-20-de-abril.jpg?resize=210%2C300&amp;ssl=1 210w, https:\/\/i0.wp.com\/cepronda.com\/blog\/wp-content\/uploads\/2022\/03\/Jornadas-provinciales-BBEE-19-20-de-abril.jpg?w=577&amp;ssl=1 577w\" sizes=\"auto, (max-width: 210px) 100vw, 210px\" \/><\/p>\n<p>&nbsp;<\/p>\n","protected":false},"excerpt":{"rendered":"<p>Buenas tardes compa\u00f1eras y compa\u00f1eros Os informamos que est\u00e1 abierto el plazo de inscripci\u00f3n en las JORNADAS REDES PROVINCIALES DE BIBLIOTECAS ESCOLARES, con c\u00f3digo 229922BE001. Estas jornadas est\u00e1n dirigidas al profesorado de los centros docentes p\u00fablicos que imparten Educaci\u00f3n Infantil, Educaci\u00f3n Primaria y Educaci\u00f3n Secundaria. Las fechas son las siguientes: Fecha inscripci\u00f3n: 28\/03\/2022 hasta 13\/04\/2022 [&hellip;]<\/p>\n","protected":false},"author":10,"featured_media":5203,"comment_status":"closed","ping_status":"open","sticky":false,"template":"","format":"standard","meta":{"_crdt_document":"","advanced_seo_description":"","jetpack_seo_html_title":"","jetpack_seo_noindex":false,"jetpack_post_was_ever_published":false,"_jetpack_newsletter_access":"","_jetpack_dont_email_post_to_subs":false,"_jetpack_newsletter_tier_id":0,"_jetpack_memberships_contains_paywalled_content":false,"_jetpack_memberships_contains_paid_content":false,"footnotes":"","jetpack_publicize_message":"","jetpack_publicize_feature_enabled":true,"jetpack_social_post_already_shared":false,"jetpack_social_options":{"image_generator_settings":{"template":"highway","default_image_id":0,"font":"","enabled":false},"version":2}},"categories":[5],"tags":[184,270,222],"class_list":{"0":"post-5200","1":"post","2":"type-post","3":"status-publish","4":"format-standard","5":"has-post-thumbnail","7":"category-noticias","8":"tag-competencia-linguistica","9":"tag-interdisciplinar","10":"tag-internivelar","11":"czr-hentry"},"jetpack_publicize_connections":[],"jetpack_featured_media_url":"https:\/\/i0.wp.com\/cepronda.com\/blog\/wp-content\/uploads\/2022\/03\/Jornadas-provinciales-BBEE-19-20-de-abril.jpg?fit=577%2C824&ssl=1","jetpack_shortlink":"https:\/\/wp.me\/p8M4X7-1lS","jetpack-related-posts":[{"id":4323,"url":"https:\/\/cepronda.com\/blog\/jornadas-redes-provinciales-de-bibliotecas-escolares-3\/","url_meta":{"origin":5200,"position":0},"title":"JORNADAS REDES PROVINCIALES DE BIBLIOTECAS ESCOLARES","author":"Maribel Mu\u00f1oz","date":"16 marzo, 2021","format":false,"excerpt":"Buenas tardes\u00a0 compa\u00f1eras y compa\u00f1eros, Os informamos que est\u00e1 abierto el plazo de inscripci\u00f3n de las JORNADAS REDES PROVINCIALES DE BIBLIOTECAS ESCOLARES \u00a0219922BE001,\u00a0\u00a0 que comenzar\u00e1n a desarrollarse el pr\u00f3ximo\u00a0 12\/04\/2021.\u00a0 Adjuntamos\u00a0enlace : https:\/\/www.juntadeandalucia.es\/educacion\/secretariavirtual\/consultaCEP\/actividad\/219922BE001\/ El plazo de inscripci\u00f3n finaliza el pr\u00f3ximo 05\/04\/2021. \u00a0 Deseamos que sea de vuestro inter\u00e9s.\u00a0 Saludos.","rel":"","context":"En \u00abFormaciones\u00bb","block_context":{"text":"Formaciones","link":"https:\/\/cepronda.com\/blog\/category\/formaciones\/"},"img":{"alt_text":"","src":"https:\/\/i0.wp.com\/cepronda.com\/blog\/wp-content\/uploads\/2021\/03\/WhatsApp-Image-2021-03-16-at-12.47.02.jpeg?fit=481%2C674&ssl=1&resize=350%2C200","width":350,"height":200},"classes":[]},{"id":9516,"url":"https:\/\/cepronda.com\/blog\/jornadas-provinciales-de-la-red-profesional-de-bibliotecas-escolares-becrea-malaga\/","url_meta":{"origin":5200,"position":1},"title":"JORNADAS PROVINCIALES DE LA RED PROFESIONAL DE BIBLIOTECAS ESCOLARES- BECREA M\u00c1LAGA","author":"Maribel Mu\u00f1oz","date":"21 abril, 2026","format":false,"excerpt":"Se encuentra abierto el plazo inscripci\u00f3n para las\u00a0 Jornadas Provinciales de la Red Profesional de Bibliotecas Escolares BECREA M\u00c1LAGA. Inscripciones hasta el 24 de abril: https:\/\/lajunta.es\/6dwpw Descarga el programa aqu\u00ed: https:\/\/drive.google.com\/file\/d\/1incEKdE9Ca-EZlq0oPWMsHIyQElE0Ov0\/view?usp=sharing Dirigido a: Internivelar \u00a0 \u00a0 \u00a0 \u00a0","rel":"","context":"En \u00abFormaciones\u00bb","block_context":{"text":"Formaciones","link":"https:\/\/cepronda.com\/blog\/category\/formaciones\/"},"img":{"alt_text":"","src":"https:\/\/i0.wp.com\/cepronda.com\/blog\/wp-content\/uploads\/2026\/04\/WhatsApp-Image-2026-04-20-at-13.25.19-185x300.jpeg?resize=350%2C200&ssl=1","width":350,"height":200},"classes":[]},{"id":687,"url":"https:\/\/cepronda.com\/blog\/jornadas-de-redes-provinciales-de-bibliotecas-escolares\/","url_meta":{"origin":5200,"position":2},"title":"Jornadas de redes provinciales de Bibliotecas Escolares","author":"V\u00edctor Caballero","date":"21 febrero, 2017","format":false,"excerpt":"Hola \u00bfqu\u00e9 tal? Aunque estamos en v\u00edsperas de la Semana Blanca, seguimos poniendo en marcha distintas actividades. En este caso se trata de las Jornadas de redes provinciales de bibliotecas escolares, a celebrar en el CEP de M\u00e1laga el pr\u00f3ximo 23 de marzo, de 16 a 20 horas. Os adjunto\u2026","rel":"","context":"En \u00abNoticias\u00bb","block_context":{"text":"Noticias","link":"https:\/\/cepronda.com\/blog\/category\/noticias\/"},"img":{"alt_text":"","src":"","width":0,"height":0},"classes":[]},{"id":7591,"url":"https:\/\/cepronda.com\/blog\/i-jornadas-provinciales-profesorado-de-educacion-plastica-visual-y-audiovisual\/","url_meta":{"origin":5200,"position":3},"title":"I JORNADAS PROVINCIALES PROFESORADO DE EDUCACI\u00d3N PL\u00c1STICA, VISUAL Y AUDIOVISUAL.","author":"Mamen Moreno","date":"22 abril, 2024","format":false,"excerpt":"Abierto el plazo de solicitudes de las I JORNADAS PROVINCIALES PROFESORADO DE EDUCACI\u00d3N PL\u00c1STICA, VISUAL Y AUDIOVISUAL. 8 horas presenciales (Lugar: Colecci\u00f3n del Museo Ruso de M\u00e1laga). Fecha inscripci\u00f3n: 22\/04\/2024 hasta 06\/05\/2024. Fecha actividad: 16\/05\/2024. M\u00e1s informaci\u00f3n e inscripci\u00f3n: https:\/\/www.juntadeandalucia.es\/educacion\/secretariavirtual\/consultaCEP\/actividad\/242922GE257\/","rel":"","context":"En \u00abNoticias\u00bb","block_context":{"text":"Noticias","link":"https:\/\/cepronda.com\/blog\/category\/noticias\/"},"img":{"alt_text":"","src":"https:\/\/i0.wp.com\/cepronda.com\/blog\/wp-content\/uploads\/2024\/04\/WhatsApp-Image-2024-04-20-at-11.09.52.jpeg?fit=942%2C787&ssl=1&resize=350%2C200","width":350,"height":200,"srcset":"https:\/\/i0.wp.com\/cepronda.com\/blog\/wp-content\/uploads\/2024\/04\/WhatsApp-Image-2024-04-20-at-11.09.52.jpeg?fit=942%2C787&ssl=1&resize=350%2C200 1x, https:\/\/i0.wp.com\/cepronda.com\/blog\/wp-content\/uploads\/2024\/04\/WhatsApp-Image-2024-04-20-at-11.09.52.jpeg?fit=942%2C787&ssl=1&resize=525%2C300 1.5x, https:\/\/i0.wp.com\/cepronda.com\/blog\/wp-content\/uploads\/2024\/04\/WhatsApp-Image-2024-04-20-at-11.09.52.jpeg?fit=942%2C787&ssl=1&resize=700%2C400 2x"},"classes":[]},{"id":4785,"url":"https:\/\/cepronda.com\/blog\/gestionando-nuestras-bibliotecas-escolares-con-biblioweb-seneca\/","url_meta":{"origin":5200,"position":4},"title":"GESTIONANDO NUESTRAS BIBLIOTECAS ESCOLARES CON BIBLIOWEB-S\u00c9NECA","author":"Maribel Mu\u00f1oz","date":"18 octubre, 2021","format":false,"excerpt":"Buenas tardes compa\u00f1eras y compa\u00f1eros, Os informamos que est\u00e1 abierto el plazo de inscripci\u00f3n en la actividad GESTIONANDO NUESTRAS BIBLIOTECAS ESCOLARES CON BIBLIOWEB-S\u00c9NECA. Es una actividad PROVINCIAL, gestionada por el\u00a0 CEP de M\u00e1laga,\u00a0 con c\u00f3digo 222922GE063.\u00a0 Se desarrollar\u00e1 en el Aula Virtual de Formaci\u00f3n del Profesorado. Las fechas de la\u2026","rel":"","context":"En \u00abFormaciones\u00bb","block_context":{"text":"Formaciones","link":"https:\/\/cepronda.com\/blog\/category\/formaciones\/"},"img":{"alt_text":"","src":"https:\/\/i0.wp.com\/cepronda.com\/blog\/wp-content\/uploads\/2020\/10\/bibliotecas-escolares-300x70.jpg?resize=350%2C200","width":350,"height":200},"classes":[]},{"id":5187,"url":"https:\/\/cepronda.com\/blog\/reunion-informativa-v-premios-bibliotecas-escolares-y-fomento-de-la-lectura\/","url_meta":{"origin":5200,"position":5},"title":"REUNI\u00d3N INFORMATIVA V PREMIOS BIBLIOTECAS ESCOLARES Y FOMENTO DE LA LECTURA.","author":"Maribel Mu\u00f1oz","date":"28 marzo, 2022","format":false,"excerpt":"Buenas tardes compa\u00f1eras y compa\u00f1eros Os informamos que el pr\u00f3ximo 6 de abril de 2022 se va a desarrollar una REUNI\u00d3N INFORMATIVA V PREMIOS BIBLIOTECAS ESCOLARES Y FOMENTO DE LA LECTURA.\u00a0 Est\u00e1 dirigida al profesorado responsable de BE y direcciones de centros de Educaci\u00f3n Infantil de 2\u00ba ciclo, Educaci\u00f3n Primaria\u2026","rel":"","context":"En \u00abNoticias\u00bb","block_context":{"text":"Noticias","link":"https:\/\/cepronda.com\/blog\/category\/noticias\/"},"img":{"alt_text":"","src":"https:\/\/i0.wp.com\/cepronda.com\/blog\/wp-content\/uploads\/2022\/03\/BBEE-cartel-reunion-1.jpg?fit=580%2C820&ssl=1&resize=350%2C200","width":350,"height":200,"srcset":"https:\/\/i0.wp.com\/cepronda.com\/blog\/wp-content\/uploads\/2022\/03\/BBEE-cartel-reunion-1.jpg?fit=580%2C820&ssl=1&resize=350%2C200 1x, https:\/\/i0.wp.com\/cepronda.com\/blog\/wp-content\/uploads\/2022\/03\/BBEE-cartel-reunion-1.jpg?fit=580%2C820&ssl=1&resize=525%2C300 1.5x"},"classes":[]}],"jetpack_sharing_enabled":true,"_links":{"self":[{"href":"https:\/\/cepronda.com\/blog\/wp-json\/wp\/v2\/posts\/5200","targetHints":{"allow":["GET"]}}],"collection":[{"href":"https:\/\/cepronda.com\/blog\/wp-json\/wp\/v2\/posts"}],"about":[{"href":"https:\/\/cepronda.com\/blog\/wp-json\/wp\/v2\/types\/post"}],"author":[{"embeddable":true,"href":"https:\/\/cepronda.com\/blog\/wp-json\/wp\/v2\/users\/10"}],"replies":[{"embeddable":true,"href":"https:\/\/cepronda.com\/blog\/wp-json\/wp\/v2\/comments?post=5200"}],"version-history":[{"count":3,"href":"https:\/\/cepronda.com\/blog\/wp-json\/wp\/v2\/posts\/5200\/revisions"}],"predecessor-version":[{"id":5206,"href":"https:\/\/cepronda.com\/blog\/wp-json\/wp\/v2\/posts\/5200\/revisions\/5206"}],"wp:featuredmedia":[{"embeddable":true,"href":"https:\/\/cepronda.com\/blog\/wp-json\/wp\/v2\/media\/5203"}],"wp:attachment":[{"href":"https:\/\/cepronda.com\/blog\/wp-json\/wp\/v2\/media?parent=5200"}],"wp:term":[{"taxonomy":"category","embeddable":true,"href":"https:\/\/cepronda.com\/blog\/wp-json\/wp\/v2\/categories?post=5200"},{"taxonomy":"post_tag","embeddable":true,"href":"https:\/\/cepronda.com\/blog\/wp-json\/wp\/v2\/tags?post=5200"}],"curies":[{"name":"wp","href":"https:\/\/api.w.org\/{rel}","templated":true}]}}