{"id":5198,"date":"2022-03-29T12:09:42","date_gmt":"2022-03-29T10:09:42","guid":{"rendered":"http:\/\/cepronda.com\/blog\/?p=5198"},"modified":"2025-04-28T12:16:03","modified_gmt":"2025-04-28T10:16:03","slug":"la-comunidad-educativa-en-la-escuela-rural-cooperacion-y-convivencia","status":"publish","type":"post","link":"https:\/\/cepronda.com\/blog\/la-comunidad-educativa-en-la-escuela-rural-cooperacion-y-convivencia\/","title":{"rendered":"LA COMUNIDAD EDUCATIVA EN LA ESCUELA RURAL. COOPERACI\u00d3N Y CONVIVENCIA."},"content":{"rendered":"<p>Estimados compa\u00f1eros y compa\u00f1eras, os informamos de que sigue abierto el plazo de inscripci\u00f3n para la actividad formativa LA COMUNIDAD EDUCATIVA EN LA ESCUELA RURAL. COOPERACI\u00d3N Y CONVIVENCIA, una formaci\u00f3n espec\u00edfica para el profesorado que ejerce su labor docente en Centros P\u00fablicos Rurales de la provincia de M\u00e1laga que comenzar\u00e1 el pr\u00f3ximo 20 de abril en formato online. Esperamos que sea de vuestro inter\u00e9s. Os dejamos el enlace para m\u00e1s informaci\u00f3n e inscripciones, as\u00ed como nuestro <a href=\"https:\/\/view.genial.ly\/6092837ee6fcdf0d281fcfa6\/horizontal-infographic-lists-ii-itinerario-formativo-para-la-escuela-rural\">ITINERARIO FORMATIVO PARA LA ESCUELA RURAL DE LA PROVINCIA DE M\u00c1LAGA.<\/a><\/p>\n<p><img data-recalc-dims=\"1\" loading=\"lazy\" decoding=\"async\" class=\"alignnone size-medium wp-image-5199 aligncenter\" src=\"https:\/\/i0.wp.com\/cepronda.com\/blog\/wp-content\/uploads\/2022\/03\/estrategias-para-la-convivencia-en-el-centro-rural-5-212x300.png?resize=212%2C300\" alt=\"\" width=\"212\" height=\"300\" srcset=\"https:\/\/i0.wp.com\/cepronda.com\/blog\/wp-content\/uploads\/2022\/03\/estrategias-para-la-convivencia-en-el-centro-rural-5.png?resize=212%2C300&amp;ssl=1 212w, https:\/\/i0.wp.com\/cepronda.com\/blog\/wp-content\/uploads\/2022\/03\/estrategias-para-la-convivencia-en-el-centro-rural-5.png?resize=724%2C1024&amp;ssl=1 724w, https:\/\/i0.wp.com\/cepronda.com\/blog\/wp-content\/uploads\/2022\/03\/estrategias-para-la-convivencia-en-el-centro-rural-5.png?resize=768%2C1086&amp;ssl=1 768w, https:\/\/i0.wp.com\/cepronda.com\/blog\/wp-content\/uploads\/2022\/03\/estrategias-para-la-convivencia-en-el-centro-rural-5.png?resize=1086%2C1536&amp;ssl=1 1086w, https:\/\/i0.wp.com\/cepronda.com\/blog\/wp-content\/uploads\/2022\/03\/estrategias-para-la-convivencia-en-el-centro-rural-5.png?resize=1448%2C2048&amp;ssl=1 1448w, https:\/\/i0.wp.com\/cepronda.com\/blog\/wp-content\/uploads\/2022\/03\/estrategias-para-la-convivencia-en-el-centro-rural-5.png?w=1587&amp;ssl=1 1587w\" sizes=\"auto, (max-width: 212px) 100vw, 212px\" \/><\/p>\n<p style=\"text-align: center;\"><a href=\"https:\/\/www.juntadeandalucia.es\/educacion\/secretariavirtual\/consultaCEP\/actividad\/222924GE009\/\">PINCHA AQU\u00cd PARA M\u00c1S INFORMACI\u00d3N E INSCRIPCIONES.<\/a><\/p>\n<p>Si te interesa esta actividad formativa pero no perteneces a la zona para la que esta&nbsp; dirigido este curso no dudes en ponerte en contacto con la asesor\u00eda responsable.<\/p>\n","protected":false},"excerpt":{"rendered":"<p>Estimados compa\u00f1eros y compa\u00f1eras, os informamos de que sigue abierto el plazo de inscripci\u00f3n para la actividad formativa LA COMUNIDAD EDUCATIVA EN LA ESCUELA RURAL. COOPERACI\u00d3N Y CONVIVENCIA, una formaci\u00f3n espec\u00edfica para el profesorado que ejerce su labor docente en Centros P\u00fablicos Rurales de la provincia de M\u00e1laga que comenzar\u00e1 el pr\u00f3ximo 20 de abril [&hellip;]<\/p>\n","protected":false},"author":9,"featured_media":5199,"comment_status":"closed","ping_status":"open","sticky":false,"template":"","format":"standard","meta":{"_crdt_document":"","advanced_seo_description":"","jetpack_seo_html_title":"","jetpack_seo_noindex":false,"jetpack_post_was_ever_published":false,"_jetpack_newsletter_access":"","_jetpack_dont_email_post_to_subs":false,"_jetpack_newsletter_tier_id":0,"_jetpack_memberships_contains_paywalled_content":false,"_jetpack_memberships_contains_paid_content":false,"footnotes":"","jetpack_publicize_message":"","jetpack_publicize_feature_enabled":true,"jetpack_social_post_already_shared":false,"jetpack_social_options":{"image_generator_settings":{"template":"highway","default_image_id":0,"font":"","enabled":false},"version":2}},"categories":[3,5],"tags":[],"class_list":{"0":"post-5198","1":"post","2":"type-post","3":"status-publish","4":"format-standard","5":"has-post-thumbnail","7":"category-formaciones","8":"category-noticias","9":"czr-hentry"},"jetpack_publicize_connections":[],"jetpack_featured_media_url":"https:\/\/i0.wp.com\/cepronda.com\/blog\/wp-content\/uploads\/2022\/03\/estrategias-para-la-convivencia-en-el-centro-rural-5.png?fit=1587%2C2245&ssl=1","jetpack_shortlink":"https:\/\/wp.me\/p8M4X7-1lQ","jetpack-related-posts":[{"id":4612,"url":"https:\/\/cepronda.com\/blog\/ii-itinerario-formativo-para-la-escuela-rural-de-la-provincia-de-malaga\/","url_meta":{"origin":5198,"position":0},"title":"II ITINERARIO FORMATIVO PARA LA ESCUELA RURAL DE LA PROVINCIA DE M\u00c1LAGA.","author":"Inmaculada Garc\u00eda","date":"15 septiembre, 2021","format":false,"excerpt":"Buenas tardes compa\u00f1eros y compa\u00f1eras, hoy se publica nuestro II ITINERARIO FORMATIVO PARA LA ESCUELA RURAL, esta vez se llevar\u00e1 a cabo a nivel provincial por lo que si est\u00e1s trabajando en un CPR o un centro que cuente con aulas multinivel dentro de la provincia de M\u00e1laga, seguro que\u2026","rel":"","context":"En \u00abNoticias\u00bb","block_context":{"text":"Noticias","link":"https:\/\/cepronda.com\/blog\/category\/noticias\/"},"img":{"alt_text":"","src":"https:\/\/i0.wp.com\/cepronda.com\/blog\/wp-content\/uploads\/2021\/09\/Captura-de-pantalla-65.png?fit=1200%2C668&ssl=1&resize=350%2C200","width":350,"height":200,"srcset":"https:\/\/i0.wp.com\/cepronda.com\/blog\/wp-content\/uploads\/2021\/09\/Captura-de-pantalla-65.png?fit=1200%2C668&ssl=1&resize=350%2C200 1x, https:\/\/i0.wp.com\/cepronda.com\/blog\/wp-content\/uploads\/2021\/09\/Captura-de-pantalla-65.png?fit=1200%2C668&ssl=1&resize=525%2C300 1.5x, https:\/\/i0.wp.com\/cepronda.com\/blog\/wp-content\/uploads\/2021\/09\/Captura-de-pantalla-65.png?fit=1200%2C668&ssl=1&resize=700%2C400 2x, https:\/\/i0.wp.com\/cepronda.com\/blog\/wp-content\/uploads\/2021\/09\/Captura-de-pantalla-65.png?fit=1200%2C668&ssl=1&resize=1050%2C600 3x"},"classes":[]},{"id":3930,"url":"https:\/\/cepronda.com\/blog\/3930-2\/","url_meta":{"origin":5198,"position":1},"title":"COMUNIDAD DIGITAL DE METODOLOG\u00cdA PARA LA ESCUELA RURAL.","author":"Inmaculada Garc\u00eda","date":"28 octubre, 2020","format":false,"excerpt":"Hola compa\u00f1eros y compa\u00f1eras, os informamos que son los \u00faltimos d\u00edas para realizar vuestra inscripci\u00f3n en la actividad formativa COMUNIDAD DIGITAL DE METODOLOG\u00cdA PARA LA ESCUELA RURAL, curso que pertenece a nuestro ITINERARIO FORMATIVO PARA LA ESCUELA RURAL. Esperamos que sea de vuestro inter\u00e9s. Un saludo. ENLACE A LA INSCRIPCI\u00d3N","rel":"","context":"En \u00abNoticias\u00bb","block_context":{"text":"Noticias","link":"https:\/\/cepronda.com\/blog\/category\/noticias\/"},"img":{"alt_text":"","src":"https:\/\/i0.wp.com\/cepronda.com\/blog\/wp-content\/uploads\/2020\/10\/comunidad-digital-de-metodologia-tic-para-la-escuela-rural..png?fit=848%2C1200&ssl=1&resize=350%2C200","width":350,"height":200,"srcset":"https:\/\/i0.wp.com\/cepronda.com\/blog\/wp-content\/uploads\/2020\/10\/comunidad-digital-de-metodologia-tic-para-la-escuela-rural..png?fit=848%2C1200&ssl=1&resize=350%2C200 1x, https:\/\/i0.wp.com\/cepronda.com\/blog\/wp-content\/uploads\/2020\/10\/comunidad-digital-de-metodologia-tic-para-la-escuela-rural..png?fit=848%2C1200&ssl=1&resize=525%2C300 1.5x, https:\/\/i0.wp.com\/cepronda.com\/blog\/wp-content\/uploads\/2020\/10\/comunidad-digital-de-metodologia-tic-para-la-escuela-rural..png?fit=848%2C1200&ssl=1&resize=700%2C400 2x"},"classes":[]},{"id":4358,"url":"https:\/\/cepronda.com\/blog\/la-escuela-rural-otra-escuela-posible\/","url_meta":{"origin":5198,"position":2},"title":"LA ESCUELA RURAL, OTRA ESCUELA POSIBLE.","author":"Inmaculada Garc\u00eda","date":"26 marzo, 2021","format":false,"excerpt":"Hola compa\u00f1eros y compa\u00f1eras, os informamos de que contin\u00faa abierto el plazo de inscripci\u00f3n para la actividad formativa \"LA ESCUELA RURAL, OTRA ESCUELA POSIBLE\", curso orientado al profesorado de las escuelas rurales y aulas multinivel. Si no perteneces a nuestra zona CEP ponte en contacto con la asesor\u00eda responsable. Esperamos\u2026","rel":"","context":"En \u00abNoticias\u00bb","block_context":{"text":"Noticias","link":"https:\/\/cepronda.com\/blog\/category\/noticias\/"},"img":{"alt_text":"","src":"https:\/\/i0.wp.com\/cepronda.com\/blog\/wp-content\/uploads\/2021\/03\/LA-ESCUELA-RURAL-OTRA-ESCUELA-POSIBLE-1.jpg?fit=848%2C1200&ssl=1&resize=350%2C200","width":350,"height":200,"srcset":"https:\/\/i0.wp.com\/cepronda.com\/blog\/wp-content\/uploads\/2021\/03\/LA-ESCUELA-RURAL-OTRA-ESCUELA-POSIBLE-1.jpg?fit=848%2C1200&ssl=1&resize=350%2C200 1x, https:\/\/i0.wp.com\/cepronda.com\/blog\/wp-content\/uploads\/2021\/03\/LA-ESCUELA-RURAL-OTRA-ESCUELA-POSIBLE-1.jpg?fit=848%2C1200&ssl=1&resize=525%2C300 1.5x, https:\/\/i0.wp.com\/cepronda.com\/blog\/wp-content\/uploads\/2021\/03\/LA-ESCUELA-RURAL-OTRA-ESCUELA-POSIBLE-1.jpg?fit=848%2C1200&ssl=1&resize=700%2C400 2x"},"classes":[]},{"id":2522,"url":"https:\/\/cepronda.com\/blog\/el-ies-perez-de-guzman-reconocido-como-centro-promotor-convivencia\/","url_meta":{"origin":5198,"position":3},"title":"El IES P\u00e9rez de Guzm\u00e1n reconocido como centro promotor Convivencia+","author":"V\u00edctor Caballero","date":"5 diciembre, 2018","format":false,"excerpt":"\u00a1Hola de nuevo! Compartimos con todas y todos vosotros, la noticia de que el IES P\u00e9rez de Guzm\u00e1n ha sido reconocido como centro promotor Convivencia + dentro de la\u00a0Resoluci\u00f3n de 28 de noviembre de 2018, de la Direcci\u00f3n General de Participaci\u00f3n y Equidad, por la que se reconocen centros docentes\u2026","rel":"","context":"En \u00abNoticias\u00bb","block_context":{"text":"Noticias","link":"https:\/\/cepronda.com\/blog\/category\/noticias\/"},"img":{"alt_text":"","src":"https:\/\/i0.wp.com\/cepronda.com\/blog\/wp-content\/uploads\/2018\/12\/convivencia.jpg?fit=531%2C471&ssl=1&resize=350%2C200","width":350,"height":200,"srcset":"https:\/\/i0.wp.com\/cepronda.com\/blog\/wp-content\/uploads\/2018\/12\/convivencia.jpg?fit=531%2C471&ssl=1&resize=350%2C200 1x, https:\/\/i0.wp.com\/cepronda.com\/blog\/wp-content\/uploads\/2018\/12\/convivencia.jpg?fit=531%2C471&ssl=1&resize=525%2C300 1.5x"},"classes":[]},{"id":3077,"url":"https:\/\/cepronda.com\/blog\/la-escuela-del-siglo-xxi-en-entornos-rurales\/","url_meta":{"origin":5198,"position":4},"title":"LA ESCUELA DEL SIGLO XXI EN ENTORNOS RURALES","author":"V\u00edctor Caballero","date":"3 octubre, 2019","format":false,"excerpt":"Muy buenas de nuevo, Y seguimos con otro de los cl\u00e1sicos de los pasados cursos y son las jornadas de los CPR, que no s\u00f3lo va dedicada a los CPR sino que estamos invitando a todos los centros de entornos rurales que est\u00e1 trabajando con caracter\u00edsticas muy similares. Creemos que\u2026","rel":"","context":"En \u00abNoticias\u00bb","block_context":{"text":"Noticias","link":"https:\/\/cepronda.com\/blog\/category\/noticias\/"},"img":{"alt_text":"","src":"https:\/\/i0.wp.com\/cepronda.com\/blog\/wp-content\/uploads\/2019\/10\/LA-ESCUELA-DEL-S.XXI-EN-EL-ENTORNO-RURAL.-1.png?fit=848%2C1200&ssl=1&resize=350%2C200","width":350,"height":200,"srcset":"https:\/\/i0.wp.com\/cepronda.com\/blog\/wp-content\/uploads\/2019\/10\/LA-ESCUELA-DEL-S.XXI-EN-EL-ENTORNO-RURAL.-1.png?fit=848%2C1200&ssl=1&resize=350%2C200 1x, https:\/\/i0.wp.com\/cepronda.com\/blog\/wp-content\/uploads\/2019\/10\/LA-ESCUELA-DEL-S.XXI-EN-EL-ENTORNO-RURAL.-1.png?fit=848%2C1200&ssl=1&resize=525%2C300 1.5x, https:\/\/i0.wp.com\/cepronda.com\/blog\/wp-content\/uploads\/2019\/10\/LA-ESCUELA-DEL-S.XXI-EN-EL-ENTORNO-RURAL.-1.png?fit=848%2C1200&ssl=1&resize=700%2C400 2x"},"classes":[]},{"id":5989,"url":"https:\/\/cepronda.com\/blog\/encuentro-de-la-red-de-orientacion-de-la-provincia-de-malaga-ies-eoe-cdp\/","url_meta":{"origin":5198,"position":5},"title":"ENCUENTRO DE LA RED DE ORIENTACI\u00d3N DE LA PROVINCIA DE M\u00c1LAGA: IES-EOE-CDP","author":"Inmaculada Garc\u00eda","date":"23 mayo, 2023","format":false,"excerpt":"Estimado\/a compa\u00f1ero\/a, Te informo que se encuentra abierta la inscripci\u00f3n al ENCUENTRO DE LA RED DE ORIENTACI\u00d3N DE LA PROVINCIA DE M\u00c1LAGA: IES-EOE-CDP, organizado por el ETPOEP y el CEP de M\u00e1laga. (3\u00aa Reuni\u00f3n de Coordinaci\u00f3n Zonal). C\u00f3digo: 232922GE152 Inscripciones: desde el 23\/05\/2023 hasta 28\/05\/2023 D\u00eda del Encuentro: 02\/06\/2023 Lugar\u2026","rel":"","context":"En \u00abFormaciones\u00bb","block_context":{"text":"Formaciones","link":"https:\/\/cepronda.com\/blog\/category\/formaciones\/"},"img":{"alt_text":"","src":"https:\/\/i0.wp.com\/cepronda.com\/blog\/wp-content\/uploads\/2023\/05\/CARTEL-3a-REUNION-COORDINACION-ZONAL-23_page-0001-scaled.jpg?fit=848%2C1200&ssl=1&resize=350%2C200","width":350,"height":200,"srcset":"https:\/\/i0.wp.com\/cepronda.com\/blog\/wp-content\/uploads\/2023\/05\/CARTEL-3a-REUNION-COORDINACION-ZONAL-23_page-0001-scaled.jpg?fit=848%2C1200&ssl=1&resize=350%2C200 1x, https:\/\/i0.wp.com\/cepronda.com\/blog\/wp-content\/uploads\/2023\/05\/CARTEL-3a-REUNION-COORDINACION-ZONAL-23_page-0001-scaled.jpg?fit=848%2C1200&ssl=1&resize=525%2C300 1.5x, https:\/\/i0.wp.com\/cepronda.com\/blog\/wp-content\/uploads\/2023\/05\/CARTEL-3a-REUNION-COORDINACION-ZONAL-23_page-0001-scaled.jpg?fit=848%2C1200&ssl=1&resize=700%2C400 2x"},"classes":[]}],"jetpack_sharing_enabled":true,"_links":{"self":[{"href":"https:\/\/cepronda.com\/blog\/wp-json\/wp\/v2\/posts\/5198","targetHints":{"allow":["GET"]}}],"collection":[{"href":"https:\/\/cepronda.com\/blog\/wp-json\/wp\/v2\/posts"}],"about":[{"href":"https:\/\/cepronda.com\/blog\/wp-json\/wp\/v2\/types\/post"}],"author":[{"embeddable":true,"href":"https:\/\/cepronda.com\/blog\/wp-json\/wp\/v2\/users\/9"}],"replies":[{"embeddable":true,"href":"https:\/\/cepronda.com\/blog\/wp-json\/wp\/v2\/comments?post=5198"}],"version-history":[{"count":1,"href":"https:\/\/cepronda.com\/blog\/wp-json\/wp\/v2\/posts\/5198\/revisions"}],"predecessor-version":[{"id":5201,"href":"https:\/\/cepronda.com\/blog\/wp-json\/wp\/v2\/posts\/5198\/revisions\/5201"}],"wp:featuredmedia":[{"embeddable":true,"href":"https:\/\/cepronda.com\/blog\/wp-json\/wp\/v2\/media\/5199"}],"wp:attachment":[{"href":"https:\/\/cepronda.com\/blog\/wp-json\/wp\/v2\/media?parent=5198"}],"wp:term":[{"taxonomy":"category","embeddable":true,"href":"https:\/\/cepronda.com\/blog\/wp-json\/wp\/v2\/categories?post=5198"},{"taxonomy":"post_tag","embeddable":true,"href":"https:\/\/cepronda.com\/blog\/wp-json\/wp\/v2\/tags?post=5198"}],"curies":[{"name":"wp","href":"https:\/\/api.w.org\/{rel}","templated":true}]}}